{"id":294268,"date":"2026-01-23T15:30:00","date_gmt":"2026-01-23T12:30:00","guid":{"rendered":"https:\/\/www.tgrthaber.com\/mavikadin\/?p=294268"},"modified":"2026-01-23T15:30:44","modified_gmt":"2026-01-23T12:30:44","slug":"cocuklarinizin-zeka-seviyesini-artirmak-isteyenler-dikkat-5-besinden-uzak-durun","status":"publish","type":"post","link":"https:\/\/www.tgrthaber.com\/mavikadin\/cocuklarinizin-zeka-seviyesini-artirmak-isteyenler-dikkat-5-besinden-uzak-durun\/","title":{"rendered":"\u00c7ocuklar\u0131n\u0131z\u0131n zek\u00e2 seviyesini art\u0131rmak isteyenler dikkat! 5 besinden uzak durun"},"content":{"rendered":"<p>Fark\u0131nda olmadan \u00e7ocuklar\u0131n\u0131z\u0131n <a href=\"https:\/\/www.tgrthaber.com\/mavikadin\/cocuklarinizin-beyin-gelisimini-destekliyor-beslenme-cantasina-eklenmesi-gereken-besin\/\">zek\u00e2 seviyesini<\/a> geriletiyor olabilirsiniz! Evinize soktu\u011funuz besinleri g\u00f6zden ge\u00e7irmenin tam zaman\u0131! Sizde \u00e7ocuklar\u0131n\u0131z\u0131n zek\u00e2 seviyesini art\u0131rmak istiyorsan\u0131z, do\u011fru yerdesiniz. Diyetisyen B\u00fc\u015fra \u00c7al\u0131\u015fkan, \u00e7ocuklar\u0131n zek\u00e2 seviyesini art\u0131rmak isteyen ebeveynleri uyar\u0131yor! \u00c7ocuklar\u0131n\u0131z\u0131n zek\u00e2 seviyesini art\u0131rmak istiyorsan\u0131z, bu 5 besinden mutlaka uzak durmal\u0131s\u0131n\u0131z. \u0130\u015fte \u00e7ocuklar\u0131n\u0131z\u0131n zek\u00e2 seviyesini art\u0131rmak isteyenlerin mutlaka uzak durmas\u0131 gereken 5 besin\u2026<\/p>\n<h3>\u00c7OCUKLARINIZIN ZEK\u00c2 SEV\u0130YES\u0130N\u0130 ARTIRMAK \u0130STEYENLER D\u0130KKAT!<\/h3>\n<p>\u00c7ocuklar\u0131n\u0131z\u0131n <a href=\"https:\/\/www.tgrthaber.com\/mavikadin\/cocuk-yasta-bozuk-davranis-sinyalleri-veriliyor-aman-dikkat\/\">zek\u00e2 seviyesini<\/a> art\u0131rmak istiyorsan\u0131z, mutlaka t\u00fcketti\u011fi besinleri g\u00f6zden ge\u00e7irmelisiniz. \u00c7ocu\u011funuzun zek\u00e2 geli\u015fimi i\u00e7in uzak durmas\u0131 gereken besinlerin ne oldu\u011funu biliyor musunuz? Fark\u0131na varmadan \u00e7ocuklar\u0131n\u0131za s\u0131kl\u0131kla t\u00fcketti\u011finiz besinler, zek\u00e2 seviyesinin gerilemesine yol a\u00e7abiliyor.<\/p>\n<p><img loading=\"lazy\" decoding=\"async\" class=\"size-full wp-image-294278\" src=\"https:\/\/www.tgrthaber.com\/mavikadin\/wp-content\/uploads\/2026\/01\/cocuklarda-zeka-11.jpg\" alt=\"\u00c7ocuklar\u0131n\u0131z\u0131n zek\u00e2 seviyesini art\u0131rmak isteyenler dikkat! 5 besinden uzak durun\" width=\"1208\" height=\"680\" title=\"\" srcset=\"https:\/\/www.tgrthaber.com\/mavikadin\/wp-content\/uploads\/2026\/01\/cocuklarda-zeka-11.jpg 1208w, https:\/\/www.tgrthaber.com\/mavikadin\/wp-content\/uploads\/2026\/01\/cocuklarda-zeka-11-300x169.jpg 300w, https:\/\/www.tgrthaber.com\/mavikadin\/wp-content\/uploads\/2026\/01\/cocuklarda-zeka-11-1024x576.jpg 1024w, https:\/\/www.tgrthaber.com\/mavikadin\/wp-content\/uploads\/2026\/01\/cocuklarda-zeka-11-768x432.jpg 768w\" sizes=\"(max-width: 1208px) 100vw, 1208px\" \/><\/p>\n<hr \/>\n<p>Bu noktada zek\u00e2 seviyesinin gerilemesine neden olan besinler; \u00f6zellikle \u00e7ocuklarda dikkat da\u011f\u0131n\u0131kl\u0131\u011f\u0131, \u00f6\u011frenme g\u00fc\u00e7l\u00fc\u011f\u00fc ve zihinsel geli\u015fim sorunlar\u0131na yol a\u00e7abiliyor. \u00c7ocuklar\u0131n sa\u011fl\u0131kl\u0131 beyin geli\u015fimi i\u00e7in do\u011fal, katk\u0131s\u0131z ve besleyici yiyecekleri tercih etmeyi \u00f6zen g\u00f6stermek gerekiyor.<\/p>\n<p><img loading=\"lazy\" decoding=\"async\" class=\"size-full wp-image-294279\" src=\"https:\/\/www.tgrthaber.com\/mavikadin\/wp-content\/uploads\/2026\/01\/cocuklarda-zeka-1.jpg\" alt=\"\u00c7ocuklar\u0131n\u0131z\u0131n zek\u00e2 seviyesini art\u0131rmak isteyenler dikkat! 5 besinden uzak durun\" width=\"1208\" height=\"680\" title=\"\" srcset=\"https:\/\/www.tgrthaber.com\/mavikadin\/wp-content\/uploads\/2026\/01\/cocuklarda-zeka-1.jpg 1208w, https:\/\/www.tgrthaber.com\/mavikadin\/wp-content\/uploads\/2026\/01\/cocuklarda-zeka-1-300x169.jpg 300w, https:\/\/www.tgrthaber.com\/mavikadin\/wp-content\/uploads\/2026\/01\/cocuklarda-zeka-1-1024x576.jpg 1024w, https:\/\/www.tgrthaber.com\/mavikadin\/wp-content\/uploads\/2026\/01\/cocuklarda-zeka-1-768x432.jpg 768w\" sizes=\"(max-width: 1208px) 100vw, 1208px\" \/><\/p>\n<hr \/>\n<p>Sizde \u00e7ocuklar\u0131n\u0131z\u0131n zek\u00e2 seviyesini art\u0131rmak istiyorsan\u0131z, dikkat! V\u00fccudumuza giren her bir besinin farkl\u0131 etkileri bulunmaktad\u0131r. \u00d6zellikle sa\u011fl\u0131ks\u0131z ve katk\u0131 maddeli bir\u00e7ok besin \u00e7ocuklar\u0131n zek\u00e2 seviyesinde gerilemelere yol a\u00e7abilir. Bu noktada geli\u015fim d\u00f6nemindeki \u00e7ocuklar\u0131n t\u00fckettikleri besinlere daha \u00e7ok dikkat etmek gerekmektedir.<\/p>\n<p><img loading=\"lazy\" decoding=\"async\" class=\"size-full wp-image-294276\" src=\"https:\/\/www.tgrthaber.com\/mavikadin\/wp-content\/uploads\/2026\/01\/cocuklarda-zeka-9.jpg\" alt=\"\u00c7ocuklar\u0131n\u0131z\u0131n zek\u00e2 seviyesini art\u0131rmak isteyenler dikkat! 5 besinden uzak durun\" width=\"1208\" height=\"680\" title=\"\" srcset=\"https:\/\/www.tgrthaber.com\/mavikadin\/wp-content\/uploads\/2026\/01\/cocuklarda-zeka-9.jpg 1208w, https:\/\/www.tgrthaber.com\/mavikadin\/wp-content\/uploads\/2026\/01\/cocuklarda-zeka-9-300x169.jpg 300w, https:\/\/www.tgrthaber.com\/mavikadin\/wp-content\/uploads\/2026\/01\/cocuklarda-zeka-9-1024x576.jpg 1024w, https:\/\/www.tgrthaber.com\/mavikadin\/wp-content\/uploads\/2026\/01\/cocuklarda-zeka-9-768x432.jpg 768w\" sizes=\"(max-width: 1208px) 100vw, 1208px\" \/><\/p>\n<hr \/>\n<p>Ebeveynlerin, \u00e7ocuklar\u0131n zek\u00e2 seviyesini art\u0131rmada \u00f6nemli \u00f6l\u00e7\u00fcde katk\u0131lar\u0131 vard\u0131r. Sa\u011fl\u0131\u011fa zararl\u0131 ve \u00e7ocuklar\u0131n geli\u015fimini olumsuz y\u00f6nde etkileyecek yiyecek ve i\u00e7ecekler kesinlikle t\u00fcketilmemelidir. \u00d6zellikle anne ve babalar\u0131n \u00e7ocuklar\u0131n zek\u00e2 seviyesine katk\u0131da bulunacak besinleri \u00f6n planda tutmalar\u0131 gerekmektedir.<\/p>\n<p><img loading=\"lazy\" decoding=\"async\" class=\"size-full wp-image-294275\" src=\"https:\/\/www.tgrthaber.com\/mavikadin\/wp-content\/uploads\/2026\/01\/cocuklarda-zeka-8.jpg\" alt=\"\u00c7ocuklar\u0131n\u0131z\u0131n zek\u00e2 seviyesini art\u0131rmak isteyenler dikkat! 5 besinden uzak durun\" width=\"1208\" height=\"680\" title=\"\" srcset=\"https:\/\/www.tgrthaber.com\/mavikadin\/wp-content\/uploads\/2026\/01\/cocuklarda-zeka-8.jpg 1208w, https:\/\/www.tgrthaber.com\/mavikadin\/wp-content\/uploads\/2026\/01\/cocuklarda-zeka-8-300x169.jpg 300w, https:\/\/www.tgrthaber.com\/mavikadin\/wp-content\/uploads\/2026\/01\/cocuklarda-zeka-8-1024x576.jpg 1024w, https:\/\/www.tgrthaber.com\/mavikadin\/wp-content\/uploads\/2026\/01\/cocuklarda-zeka-8-768x432.jpg 768w\" sizes=\"(max-width: 1208px) 100vw, 1208px\" \/><\/p>\n<hr \/>\n<p>Zek\u00e2 seviyesi geli\u015fiminin devam etti\u011fi ilkokul d\u00f6neminde \u00e7ocuklar\u0131n hangi besinleri t\u00fcketti\u011fine son derece \u00f6nem g\u00f6stermek \u00f6nemlidir. Bu d\u00f6nemlerde sizde \u00e7ocuklar\u0131n\u0131z\u0131n zek\u00e2 seviyesini art\u0131rmak istiyorsan\u0131z, beslenme s\u00fcre\u00e7lerini yak\u0131ndan takip etmeli ve dikkat etmelisiniz. \u00c7ocuklar\u0131n baz\u0131 zek\u00e2 ve dikkat geli\u015ftirici besinleri t\u00fcketmesi, geli\u015fme s\u00fcrecine etki eden en b\u00fcy\u00fck fakt\u00f6rlerdendir.<\/p>\n<p><img loading=\"lazy\" decoding=\"async\" class=\"size-full wp-image-294273\" src=\"https:\/\/www.tgrthaber.com\/mavikadin\/wp-content\/uploads\/2026\/01\/cocuklarda-zeka-6.jpg\" alt=\"\u00c7ocuklar\u0131n\u0131z\u0131n zek\u00e2 seviyesini art\u0131rmak isteyenler dikkat! 5 besinden uzak durun\" width=\"1208\" height=\"680\" title=\"\" srcset=\"https:\/\/www.tgrthaber.com\/mavikadin\/wp-content\/uploads\/2026\/01\/cocuklarda-zeka-6.jpg 1208w, https:\/\/www.tgrthaber.com\/mavikadin\/wp-content\/uploads\/2026\/01\/cocuklarda-zeka-6-300x169.jpg 300w, https:\/\/www.tgrthaber.com\/mavikadin\/wp-content\/uploads\/2026\/01\/cocuklarda-zeka-6-1024x576.jpg 1024w, https:\/\/www.tgrthaber.com\/mavikadin\/wp-content\/uploads\/2026\/01\/cocuklarda-zeka-6-768x432.jpg 768w\" sizes=\"(max-width: 1208px) 100vw, 1208px\" \/><\/p>\n<hr \/>\n<p>Bu noktada \u00e7ocuklar\u0131n\u0131z\u0131n zek\u00e2 seviyesini art\u0131rmak, alg\u0131 yeteneklerini, h\u0131zl\u0131 d\u00fc\u015f\u00fcnme-h\u0131zl\u0131 karar verme becerilerini, haf\u0131za ve dikkatini g\u00fc\u00e7lendirmek i\u00e7in sa\u011fl\u0131kl\u0131 ve katk\u0131s\u0131z besinler t\u00fcketmesine dikkat etmelisiniz.<\/p>\n<h3>\u00c7OCUKLARINIZIN ZEK\u00c2 SEV\u0130YES\u0130N\u0130 ARTIRMAK \u0130ST\u0130YORSANIZ BU 5 BES\u0130NDEN UZAK DURUN!<\/h3>\n<p>Diyetisyen B\u00fc\u015fra \u00c7al\u0131\u015fkan, \u00e7ocuklar\u0131n <a href=\"https:\/\/www.tgrthaber.com\/mavikadin\/cocuklarin-zihnini-acan-karisim-soguk-havalarda-icirin\/\">zek\u00e2 seviyesini<\/a> art\u0131rmak isteyen ebeveynleri uyar\u0131yor. \u00c7ocuklar\u0131n zek\u00e2 seviyesini art\u0131rmak isteyenlerin bu 5 besinden mutlaka uzak durmas\u0131 gerekiyor.<\/p>\n<p><img loading=\"lazy\" decoding=\"async\" class=\"size-full wp-image-294277\" src=\"https:\/\/www.tgrthaber.com\/mavikadin\/wp-content\/uploads\/2026\/01\/cocuklarda-zeka-10.jpg\" alt=\"\u00c7ocuklar\u0131n\u0131z\u0131n zek\u00e2 seviyesini art\u0131rmak isteyenler dikkat! 5 besinden uzak durun\" width=\"1208\" height=\"680\" title=\"\" srcset=\"https:\/\/www.tgrthaber.com\/mavikadin\/wp-content\/uploads\/2026\/01\/cocuklarda-zeka-10.jpg 1208w, https:\/\/www.tgrthaber.com\/mavikadin\/wp-content\/uploads\/2026\/01\/cocuklarda-zeka-10-300x169.jpg 300w, https:\/\/www.tgrthaber.com\/mavikadin\/wp-content\/uploads\/2026\/01\/cocuklarda-zeka-10-1024x576.jpg 1024w, https:\/\/www.tgrthaber.com\/mavikadin\/wp-content\/uploads\/2026\/01\/cocuklarda-zeka-10-768x432.jpg 768w\" sizes=\"(max-width: 1208px) 100vw, 1208px\" \/><\/p>\n<hr \/>\n<p>Bebek bisk\u00fcvisi, nugget, haz\u0131r noodle, kola ve cips gibi zararl\u0131 besinler, \u00e7ocuklar\u0131n zek\u00e2 seviyesini geriletmeye yol a\u00e7\u0131yor. Bunun yan\u0131 s\u0131ra 5 di\u011fer besinde \u00e7ocuklar\u0131n zihinsel geli\u015fimini olumsuz y\u00f6nde etkiliyor.<\/p>\n<p><img loading=\"lazy\" decoding=\"async\" class=\"size-full wp-image-294272\" src=\"https:\/\/www.tgrthaber.com\/mavikadin\/wp-content\/uploads\/2026\/01\/cocuklarda-zeka-5.jpg\" alt=\"\u00c7ocuklar\u0131n\u0131z\u0131n zek\u00e2 seviyesini art\u0131rmak isteyenler dikkat! 5 besinden uzak durun\" width=\"1208\" height=\"680\" title=\"\" srcset=\"https:\/\/www.tgrthaber.com\/mavikadin\/wp-content\/uploads\/2026\/01\/cocuklarda-zeka-5.jpg 1208w, https:\/\/www.tgrthaber.com\/mavikadin\/wp-content\/uploads\/2026\/01\/cocuklarda-zeka-5-300x169.jpg 300w, https:\/\/www.tgrthaber.com\/mavikadin\/wp-content\/uploads\/2026\/01\/cocuklarda-zeka-5-1024x576.jpg 1024w, https:\/\/www.tgrthaber.com\/mavikadin\/wp-content\/uploads\/2026\/01\/cocuklarda-zeka-5-768x432.jpg 768w\" sizes=\"(max-width: 1208px) 100vw, 1208px\" \/><\/p>\n<hr \/>\n<p>\u00c7ocuklar\u0131n zek\u00e2 geli\u015fimini sessizce baltalayan bu 5 besin, hemen hemen her evde kolayl\u0131kla bulunabiliyor. Sizde \u00e7ocuklar\u0131n\u0131z\u0131n zek\u00e2 seviyesini art\u0131rmak istiyorsan\u0131z, bu 5 besinden mutlaka uzak durmal\u0131s\u0131n\u0131z. \u0130\u015fte \u00e7ocuklar\u0131n\u0131z\u0131n zek\u00e2 seviyesini art\u0131rmak isteyenlerin mutlaka uzak durmas\u0131 gereken 5 besin\u2026<\/p>\n<ol>\n<li>Aromal\u0131 s\u00fctler (\u00e7ikolatal\u0131, \u00e7ilekli veya muzlu)<\/li>\n<li>Kola ve gazl\u0131 i\u00e7ecekler<\/li>\n<li>Haz\u0131r meyve sular\u0131<\/li>\n<li>So\u011fuk \u00e7ay (katk\u0131 maddeli ice tea gibi)<\/li>\n<li>Enerji i\u00e7ecekleri<\/li>\n<\/ol>\n","protected":false},"excerpt":{"rendered":"<p>\u00c7ocuklar\u0131n\u0131z\u0131n zek\u00e2 seviyesini art\u0131rmak istiyorsan\u0131z, bu 5 besinden mutlaka uzak durmal\u0131s\u0131n\u0131z. Diyetisyen B\u00fc\u015fra \u00c7al\u0131\u015fkan, \u00e7ocuklar\u0131n zek\u00e2 seviyesini art\u0131rmak isteyen ebeveynleri uyar\u0131yor! \u0130\u015fte detaylar\u2026<\/p>\n","protected":false},"author":26,"featured_media":294269,"comment_status":"closed","ping_status":"closed","sticky":false,"template":"","format":"standard","meta":{"rank_math_lock_modified_date":false,"footnotes":""},"categories":[111],"tags":[2946,18350,71321,71322,71323],"class_list":["post-294268","post","type-post","status-publish","format-standard","has-post-thumbnail","hentry","category-anne-cocuk","tag-anne-cocuk","tag-anne-cocuk-haberleri","tag-cocuklarda-zeka-seviyesi","tag-cocuklarda-zeka-seviyesini-artirma","tag-zeka-seviyesini-gerileten-besinler"],"_links":{"self":[{"href":"https:\/\/www.tgrthaber.com\/mavikadin\/wp-json\/wp\/v2\/posts\/294268"}],"collection":[{"href":"https:\/\/www.tgrthaber.com\/mavikadin\/wp-json\/wp\/v2\/posts"}],"about":[{"href":"https:\/\/www.tgrthaber.com\/mavikadin\/wp-json\/wp\/v2\/types\/post"}],"author":[{"embeddable":true,"href":"https:\/\/www.tgrthaber.com\/mavikadin\/wp-json\/wp\/v2\/users\/26"}],"replies":[{"embeddable":true,"href":"https:\/\/www.tgrthaber.com\/mavikadin\/wp-json\/wp\/v2\/comments?post=294268"}],"version-history":[{"count":2,"href":"https:\/\/www.tgrthaber.com\/mavikadin\/wp-json\/wp\/v2\/posts\/294268\/revisions"}],"predecessor-version":[{"id":294281,"href":"https:\/\/www.tgrthaber.com\/mavikadin\/wp-json\/wp\/v2\/posts\/294268\/revisions\/294281"}],"wp:featuredmedia":[{"embeddable":true,"href":"https:\/\/www.tgrthaber.com\/mavikadin\/wp-json\/wp\/v2\/media\/294269"}],"wp:attachment":[{"href":"https:\/\/www.tgrthaber.com\/mavikadin\/wp-json\/wp\/v2\/media?parent=294268"}],"wp:term":[{"taxonomy":"category","embeddable":true,"href":"https:\/\/www.tgrthaber.com\/mavikadin\/wp-json\/wp\/v2\/categories?post=294268"},{"taxonomy":"post_tag","embeddable":true,"href":"https:\/\/www.tgrthaber.com\/mavikadin\/wp-json\/wp\/v2\/tags?post=294268"}],"curies":[{"name":"wp","href":"https:\/\/api.w.org\/{rel}","templated":true}]}}