{"id":294292,"date":"2026-01-23T16:04:08","date_gmt":"2026-01-23T13:04:08","guid":{"rendered":"https:\/\/www.tgrthaber.com\/mavikadin\/?p=294292"},"modified":"2026-01-23T16:34:00","modified_gmt":"2026-01-23T13:34:00","slug":"bu-gece-gokyuzu-nasil-gulecek-gokyuzu-gulumsemesi-nedir","status":"publish","type":"post","link":"https:\/\/www.tgrthaber.com\/mavikadin\/bu-gece-gokyuzu-nasil-gulecek-gokyuzu-gulumsemesi-nedir\/","title":{"rendered":"Bu gece g\u00f6ky\u00fcz\u00fc nas\u0131l g\u00fclecek? G\u00f6ky\u00fcz\u00fc g\u00fcl\u00fcmsemesi nedir?"},"content":{"rendered":"<p>Bu gece g\u00f6ky\u00fcz\u00fcnde g\u00fcl\u00fcmseyen bir y\u00fcz meydana gelecek. <a href=\"https:\/\/www.tgrthaber.com\/mavikadin\/gokyuzu-sabir-testinde-mars-saturn-gerilimi-hayatin-her-alaninda-donusum-getiriyor\/\">G\u00f6ky\u00fcz\u00fc<\/a> merakl\u0131lar\u0131n\u0131n heyecanla bekledi\u011fi \u00fc\u00e7l\u00fc kavu\u015fma 23 Ocak Cuma ak\u015fam\u0131 ger\u00e7ekle\u015fecek. Peki, bu gece g\u00f6ky\u00fcz\u00fc nas\u0131l g\u00fclecek? G\u00f6ky\u00fcz\u00fc g\u00fcl\u00fcmsemesi nedir? sorular\u0131n\u0131 sizin i\u00e7in ara\u015ft\u0131rd\u0131k. \u0130\u015fte detaylar\u2026<\/p>\n<h3>BU GECE G\u00d6KY\u00dcZ\u00dc NASIL G\u00dcLECEK?<\/h3>\n<p>Nadir g\u00f6ky\u00fcz\u00fc olaylar\u0131ndan biri olan <a href=\"https:\/\/www.tgrthaber.com\/mavikadin\/avrupa-uzay-ajansi-vanli-gencin-cektigi-gokyuzu-fotograflarini-paylasti\/\">g\u00f6ky\u00fcz\u00fc<\/a> g\u00fcl\u00fcmsemesi bu gece meydana gelecek. 23 Ocak Cuma ak\u015fam\u0131 meydana gelen g\u00f6ky\u00fcz\u00fc g\u00fcl\u00fcmsemesi, g\u00f6ky\u00fcz\u00fc merakl\u0131lar\u0131n\u0131 \u015fimdiden heyecanland\u0131rm\u0131\u015f gibi g\u00f6r\u00fcn\u00fcyor.<\/p>\n<p><img loading=\"lazy\" decoding=\"async\" class=\"alignnone size-full wp-image-294293\" src=\"https:\/\/www.tgrthaber.com\/mavikadin\/wp-content\/uploads\/2026\/01\/gokyuzu-gulumsemesi-4.jpg\" alt=\"Bu gece g\u00f6ky\u00fcz\u00fc nas\u0131l g\u00fclecek? G\u00f6ky\u00fcz\u00fc g\u00fcl\u00fcmsemesi nedir?\" width=\"1208\" height=\"680\" title=\"\" srcset=\"https:\/\/www.tgrthaber.com\/mavikadin\/wp-content\/uploads\/2026\/01\/gokyuzu-gulumsemesi-4.jpg 1208w, https:\/\/www.tgrthaber.com\/mavikadin\/wp-content\/uploads\/2026\/01\/gokyuzu-gulumsemesi-4-300x169.jpg 300w, https:\/\/www.tgrthaber.com\/mavikadin\/wp-content\/uploads\/2026\/01\/gokyuzu-gulumsemesi-4-1024x576.jpg 1024w, https:\/\/www.tgrthaber.com\/mavikadin\/wp-content\/uploads\/2026\/01\/gokyuzu-gulumsemesi-4-768x432.jpg 768w\" sizes=\"(max-width: 1208px) 100vw, 1208px\" \/><\/p>\n<hr \/>\n<p>Kuzey \u0131\u015f\u0131klar\u0131 kadar nadir g\u00f6r\u00fclen bu olay, astroloji de \u2018\u00fc\u00e7l\u00fc kavu\u015fma\u2019 olarak yer al\u0131yor. Ak\u015fam saatlerinde meydana gelecek g\u00f6ky\u00fcz\u00fc g\u00fcl\u00fcmsemesi arama motorlar\u0131n da en \u00e7ok merak edilerek ara\u015ft\u0131r\u0131lan konulardan biri oldu.<\/p>\n<p><img loading=\"lazy\" decoding=\"async\" class=\"alignnone size-full wp-image-294294\" src=\"https:\/\/www.tgrthaber.com\/mavikadin\/wp-content\/uploads\/2026\/01\/gokyuzu-gulumsemesi-5.jpg\" alt=\"Bu gece g\u00f6ky\u00fcz\u00fc nas\u0131l g\u00fclecek? G\u00f6ky\u00fcz\u00fc g\u00fcl\u00fcmsemesi nedir?\" width=\"1208\" height=\"680\" title=\"\" srcset=\"https:\/\/www.tgrthaber.com\/mavikadin\/wp-content\/uploads\/2026\/01\/gokyuzu-gulumsemesi-5.jpg 1208w, https:\/\/www.tgrthaber.com\/mavikadin\/wp-content\/uploads\/2026\/01\/gokyuzu-gulumsemesi-5-300x169.jpg 300w, https:\/\/www.tgrthaber.com\/mavikadin\/wp-content\/uploads\/2026\/01\/gokyuzu-gulumsemesi-5-1024x576.jpg 1024w, https:\/\/www.tgrthaber.com\/mavikadin\/wp-content\/uploads\/2026\/01\/gokyuzu-gulumsemesi-5-768x432.jpg 768w\" sizes=\"(max-width: 1208px) 100vw, 1208px\" \/><\/p>\n<hr \/>\n<p>Ay, Sat\u00fcrn ve Nept\u00fcn\u2019\u00fcn g\u00f6ky\u00fcz\u00fcnde bir araya gelerek nadir oylardan biri olan \u00fc\u00e7l\u00fc kavu\u015fmas\u0131n\u0131 ger\u00e7ekle\u015ftirecek. Bu kavu\u015fma yery\u00fcz\u00fcnden g\u00f6ky\u00fcz\u00fcne bak\u0131ld\u0131\u011f\u0131 zaman adeta bir g\u00fcl\u00fcmseme gibi g\u00f6r\u00fclecek. Ay\u2019\u0131n geni\u015fleyen hilal evresinde olaca\u011f\u0131 23 Ocak Cuma ak\u015fam\u0131, g\u00f6ky\u00fcz\u00fcnde adeta \u2018g\u00fclen y\u00fcz\u2019 \u015feklinde yer alacak.<\/p>\n<p><img loading=\"lazy\" decoding=\"async\" class=\"alignnone size-full wp-image-294296\" src=\"https:\/\/www.tgrthaber.com\/mavikadin\/wp-content\/uploads\/2026\/01\/gokyuzu-gulumsemesi-7.jpg\" alt=\"Bu gece g\u00f6ky\u00fcz\u00fc nas\u0131l g\u00fclecek? G\u00f6ky\u00fcz\u00fc g\u00fcl\u00fcmsemesi nedir?\" width=\"1208\" height=\"680\" title=\"\" srcset=\"https:\/\/www.tgrthaber.com\/mavikadin\/wp-content\/uploads\/2026\/01\/gokyuzu-gulumsemesi-7.jpg 1208w, https:\/\/www.tgrthaber.com\/mavikadin\/wp-content\/uploads\/2026\/01\/gokyuzu-gulumsemesi-7-300x169.jpg 300w, https:\/\/www.tgrthaber.com\/mavikadin\/wp-content\/uploads\/2026\/01\/gokyuzu-gulumsemesi-7-1024x576.jpg 1024w, https:\/\/www.tgrthaber.com\/mavikadin\/wp-content\/uploads\/2026\/01\/gokyuzu-gulumsemesi-7-768x432.jpg 768w\" sizes=\"(max-width: 1208px) 100vw, 1208px\" \/><\/p>\n<hr \/>\n<p>Hilal \u015feklinde olan Ay bir a\u011f\u0131z, Sat\u00fcrn ve Nept\u00fcn ise g\u00fcl\u00fcmsemenin \u00fczerinde iki g\u00f6z gibi duracak. \u00c7\u0131plak g\u00f6zle de g\u00f6r\u00fclebilecek bu olay, havan\u0131n kararmas\u0131yla ba\u015flayacak. Bat\u0131 konumunda olan yerlerde olduk\u00e7a rahat bir \u015fekilde g\u00f6zlemlenebilecek.<\/p>\n<div style=\"width: 640px;\" class=\"wp-video\"><!--[if lt IE 9]><script>document.createElement('video');<\/script><![endif]-->\n<video class=\"wp-video-shortcode\" id=\"video-294292-1\" width=\"640\" height=\"640\" preload=\"metadata\" controls=\"controls\"><source type=\"video\/mp4\" src=\"https:\/\/www.tgrthaber.com\/mavikadin\/wp-content\/uploads\/2026\/01\/video-birlestirme-5.mp4?_=1\" \/><a href=\"https:\/\/www.tgrthaber.com\/mavikadin\/wp-content\/uploads\/2026\/01\/video-birlestirme-5.mp4\">https:\/\/www.tgrthaber.com\/mavikadin\/wp-content\/uploads\/2026\/01\/video-birlestirme-5.mp4<\/a><\/video><\/div>\n<hr \/>\n<h3>G\u00d6KY\u00dcZ\u00dc G\u00dcL\u00dcMSEMES\u0130 NED\u0130R?<\/h3>\n<p>Bu gece meydana gelecek olan g\u00f6ky\u00fcz\u00fc g\u00fcl\u00fcmsemesi, arama motorlar\u0131nda da merakla ara\u015ft\u0131r\u0131lmaya devam ediyor. Nadir g\u00f6ky\u00fcz\u00fc olay\u0131 olan bu g\u00f6ky\u00fcz\u00fc g\u00fcl\u00fcmsemesi, adeta gezegenlerin yery\u00fcz\u00fcnden bak\u0131ld\u0131\u011f\u0131nda g\u00fcld\u00fc\u011f\u00fc g\u00f6r\u00fcl\u00fcyor.<\/p>\n<p><img loading=\"lazy\" decoding=\"async\" class=\"alignnone size-full wp-image-294298\" src=\"https:\/\/www.tgrthaber.com\/mavikadin\/wp-content\/uploads\/2026\/01\/gokyuzu-gulumsemesi-2.jpg\" alt=\"Bu gece g\u00f6ky\u00fcz\u00fc nas\u0131l g\u00fclecek? G\u00f6ky\u00fcz\u00fc g\u00fcl\u00fcmsemesi nedir?\" width=\"1208\" height=\"680\" title=\"\" srcset=\"https:\/\/www.tgrthaber.com\/mavikadin\/wp-content\/uploads\/2026\/01\/gokyuzu-gulumsemesi-2.jpg 1208w, https:\/\/www.tgrthaber.com\/mavikadin\/wp-content\/uploads\/2026\/01\/gokyuzu-gulumsemesi-2-300x169.jpg 300w, https:\/\/www.tgrthaber.com\/mavikadin\/wp-content\/uploads\/2026\/01\/gokyuzu-gulumsemesi-2-1024x576.jpg 1024w, https:\/\/www.tgrthaber.com\/mavikadin\/wp-content\/uploads\/2026\/01\/gokyuzu-gulumsemesi-2-768x432.jpg 768w\" sizes=\"(max-width: 1208px) 100vw, 1208px\" \/><\/p>\n<hr \/>\n<p>\u0130ncecik bir hilal, yumu\u015fak bir g\u00fcl\u00fcmseme gibi g\u00f6ky\u00fcz\u00fcnde yer alacak. Sat\u00fcrn ve Nept\u00fcn\u2019de parlak bir \u015fekilde iki g\u00f6z gibi Ay\u2019\u0131n \u00fczerinde yer alacak. Hepsine birlikte bak\u0131ld\u0131\u011f\u0131 zaman g\u00f6ky\u00fcz\u00fcnde g\u00fclen bir y\u00fcz olu\u015fmu\u015f gibi g\u00f6r\u00fclecek.<\/p>\n<p><img loading=\"lazy\" decoding=\"async\" class=\"alignnone size-full wp-image-294299\" src=\"https:\/\/www.tgrthaber.com\/mavikadin\/wp-content\/uploads\/2026\/01\/gokyuzu-gulumsemesi-3.jpg\" alt=\"Bu gece g\u00f6ky\u00fcz\u00fc nas\u0131l g\u00fclecek? G\u00f6ky\u00fcz\u00fc g\u00fcl\u00fcmsemesi nedir?\" width=\"1208\" height=\"680\" title=\"\" srcset=\"https:\/\/www.tgrthaber.com\/mavikadin\/wp-content\/uploads\/2026\/01\/gokyuzu-gulumsemesi-3.jpg 1208w, https:\/\/www.tgrthaber.com\/mavikadin\/wp-content\/uploads\/2026\/01\/gokyuzu-gulumsemesi-3-300x169.jpg 300w, https:\/\/www.tgrthaber.com\/mavikadin\/wp-content\/uploads\/2026\/01\/gokyuzu-gulumsemesi-3-1024x576.jpg 1024w, https:\/\/www.tgrthaber.com\/mavikadin\/wp-content\/uploads\/2026\/01\/gokyuzu-gulumsemesi-3-768x432.jpg 768w\" sizes=\"(max-width: 1208px) 100vw, 1208px\" \/><\/p>\n<hr \/>\n<p>Uzakl\u0131\u011f\u0131 ile bilinen Nept\u00fcn gezegeni, Ay ve Sat\u00fcrn\u2019le yan yana gibi g\u00f6r\u00fcnmesiyle birbirlerine \u00e7ok yak\u0131nm\u0131\u015flar gibi olacaklar. \u0130nsanlar i\u00e7in tan\u0131d\u0131k bir \u015fekil al\u00e7ak olan olay, y\u00fcz olarak yery\u00fcz\u00fcnden g\u00f6ky\u00fcz\u00fc merakl\u0131lar\u0131 i\u00e7in g\u00f6r\u00fclecek.<\/p>\n<p><img loading=\"lazy\" decoding=\"async\" class=\"alignnone size-full wp-image-294295\" src=\"https:\/\/www.tgrthaber.com\/mavikadin\/wp-content\/uploads\/2026\/01\/gokyuzu-gulumsemesi-6.jpg\" alt=\"Bu gece g\u00f6ky\u00fcz\u00fc nas\u0131l g\u00fclecek? G\u00f6ky\u00fcz\u00fc g\u00fcl\u00fcmsemesi nedir?\" width=\"1208\" height=\"680\" title=\"\" srcset=\"https:\/\/www.tgrthaber.com\/mavikadin\/wp-content\/uploads\/2026\/01\/gokyuzu-gulumsemesi-6.jpg 1208w, https:\/\/www.tgrthaber.com\/mavikadin\/wp-content\/uploads\/2026\/01\/gokyuzu-gulumsemesi-6-300x169.jpg 300w, https:\/\/www.tgrthaber.com\/mavikadin\/wp-content\/uploads\/2026\/01\/gokyuzu-gulumsemesi-6-1024x576.jpg 1024w, https:\/\/www.tgrthaber.com\/mavikadin\/wp-content\/uploads\/2026\/01\/gokyuzu-gulumsemesi-6-768x432.jpg 768w\" sizes=\"(max-width: 1208px) 100vw, 1208px\" \/><\/p>\n<hr \/>\n<p>\u00dc\u00e7l\u00fc kavu\u015fma olarak adland\u0131r\u0131lan olay, g\u00fcne\u015f batt\u0131ktan sonra ger\u00e7ekle\u015fecek. G\u00f6k cisimleri bat\u0131 ufkunda olduk\u00e7a al\u00e7ak bir konumda as\u0131l\u0131 kalacaklar. Havan\u0131n kararmas\u0131yla ortaya \u00e7\u0131kacak olan Ay, Sat\u00fcrn ve Nept\u00fcn \u00e7\u0131plak g\u00f6zler ile g\u00f6r\u00fclebilecek. Ancak \u00fc\u00e7l\u00fc kavu\u015fmay\u0131 g\u00f6rmek isteyenler mutlaka bir d\u00fcrb\u00fcn yan\u0131nda bulundurmalar\u0131 gerekiyor.<\/p>\n","protected":false},"excerpt":{"rendered":"<p>Bu gece g\u00f6ky\u00fcz\u00fc merakl\u0131lar\u0131 i\u00e7in heyecan verici bir olay bekleniyor. Bu gece g\u00f6ky\u00fcz\u00fc g\u00fclerken Ay, Sat\u00fcrn ve uzak gezegen olarak bilinen Nept\u00fcn ayn\u0131 hizada bulu\u015facak. Peki, bu gece g\u00f6ky\u00fcz\u00fc nas\u0131l g\u00fclecek? G\u00f6ky\u00fcz\u00fc g\u00fcl\u00fcmsemesi nedir? \u0130\u015fte detaylar\u2026<\/p>\n","protected":false},"author":34,"featured_media":294295,"comment_status":"closed","ping_status":"closed","sticky":false,"template":"","format":"standard","meta":{"rank_math_lock_modified_date":false,"footnotes":""},"categories":[2150],"tags":[71326,67597,7036,71327,44068,71328],"class_list":["post-294292","post","type-post","status-publish","format-standard","has-post-thumbnail","hentry","category-astroloji","tag-astoroloji-haberleri","tag-ay","tag-gokyuzu","tag-gokyuzu-gulumsemesi","tag-neptun","tag-saturn"],"_links":{"self":[{"href":"https:\/\/www.tgrthaber.com\/mavikadin\/wp-json\/wp\/v2\/posts\/294292"}],"collection":[{"href":"https:\/\/www.tgrthaber.com\/mavikadin\/wp-json\/wp\/v2\/posts"}],"about":[{"href":"https:\/\/www.tgrthaber.com\/mavikadin\/wp-json\/wp\/v2\/types\/post"}],"author":[{"embeddable":true,"href":"https:\/\/www.tgrthaber.com\/mavikadin\/wp-json\/wp\/v2\/users\/34"}],"replies":[{"embeddable":true,"href":"https:\/\/www.tgrthaber.com\/mavikadin\/wp-json\/wp\/v2\/comments?post=294292"}],"version-history":[{"count":4,"href":"https:\/\/www.tgrthaber.com\/mavikadin\/wp-json\/wp\/v2\/posts\/294292\/revisions"}],"predecessor-version":[{"id":294339,"href":"https:\/\/www.tgrthaber.com\/mavikadin\/wp-json\/wp\/v2\/posts\/294292\/revisions\/294339"}],"wp:featuredmedia":[{"embeddable":true,"href":"https:\/\/www.tgrthaber.com\/mavikadin\/wp-json\/wp\/v2\/media\/294295"}],"wp:attachment":[{"href":"https:\/\/www.tgrthaber.com\/mavikadin\/wp-json\/wp\/v2\/media?parent=294292"}],"wp:term":[{"taxonomy":"category","embeddable":true,"href":"https:\/\/www.tgrthaber.com\/mavikadin\/wp-json\/wp\/v2\/categories?post=294292"},{"taxonomy":"post_tag","embeddable":true,"href":"https:\/\/www.tgrthaber.com\/mavikadin\/wp-json\/wp\/v2\/tags?post=294292"}],"curies":[{"name":"wp","href":"https:\/\/api.w.org\/{rel}","templated":true}]}}