{"id":294389,"date":"2026-01-23T17:53:01","date_gmt":"2026-01-23T14:53:01","guid":{"rendered":"https:\/\/www.tgrthaber.com\/mavikadin\/?p=294389"},"modified":"2026-01-23T17:53:02","modified_gmt":"2026-01-23T14:53:02","slug":"gelinim-mutfaktada-buyuk-patlama-gelinler-kriz-gecirdi-kayinvalideler-bayildi","status":"publish","type":"post","link":"https:\/\/www.tgrthaber.com\/mavikadin\/gelinim-mutfaktada-buyuk-patlama-gelinler-kriz-gecirdi-kayinvalideler-bayildi\/","title":{"rendered":"Gelinim Mutfakta&#8217;da b\u00fcy\u00fck patlama! Gelinler kriz ge\u00e7irdi kay\u0131nvalideler bay\u0131ld\u0131"},"content":{"rendered":"<p>Kanal D&#8217;nin fenomen yar\u0131\u015fma program\u0131 <a href=\"https:\/\/www.tgrthaber.com\/mavikadin\/gelinim-mutfakta-23-ocak-2026-cuma-kim-elendi-birinci-kim-oldu-gelinim-mutfakta-10-altin-bilezigi-kim-aldi\/?p=2\">Gelinim Mutfakt<\/a>a&#8217;da final g\u00fcn\u00fc ya\u015fananlar herkesin a\u011fz\u0131n\u0131 y\u00fcre\u011fine getirdi. Haftan\u0131n en kritik g\u00fcn\u00fcnde ya\u015fanan olay, puan dengeleriyle beraber, yar\u0131\u015fmac\u0131lar\u0131n psikolojilerini de sarst\u0131. Mutfaktan gelen \u015fiddetli patlama hem gelinleri, hem kay\u0131nvalideleri hem de t\u00fcm ekibi yerinden z\u0131platmaya yetti. \u0130\u015fte 23 Ocak Cuma Gelinim Mutfakta&#8217;da ya\u015fanan korku dolu anlar&#8230;<\/p>\n<h3>GEL\u0130N\u0130M MUTFAKTA&#8217;DA B\u00dcY\u00dcK PATLAMA! GEL\u0130NLER KR\u0130Z GE\u00c7\u0130RD\u0130, KAYINVAL\u0130DELER BAYILDI<\/h3>\n<p>Asl\u0131 H\u00fcnel&#8217;in e\u011flenceli sunumyla ekranlara gelen <a href=\"https:\/\/www.tgrthaber.com\/mavikadin\/gelinim-mutfaktada-tugba-ve-gozde-arasinda-sinirler-gerildi-sen-yeni-gelinden-bile-kotusun\/\">Gelinim Mutfakt<\/a>a&#8217;da t\u00fcm gelinler haftan\u0131n en y\u00fcksek puan\u0131n\u0131 almak ve 10 alt\u0131n bilezi\u011fi kapmak i\u00e7in tezgah ba\u015f\u0131na ge\u00e7ti.<\/p>\n<p><img loading=\"lazy\" decoding=\"async\" class=\"alignnone wp-image-294397 size-full\" src=\"https:\/\/www.tgrthaber.com\/mavikadin\/wp-content\/uploads\/2026\/01\/Ekran-goruntusu-2026-01-23-174308.png\" alt=\"\" width=\"1382\" height=\"813\" title=\"\" srcset=\"https:\/\/www.tgrthaber.com\/mavikadin\/wp-content\/uploads\/2026\/01\/Ekran-goruntusu-2026-01-23-174308.png 1382w, https:\/\/www.tgrthaber.com\/mavikadin\/wp-content\/uploads\/2026\/01\/Ekran-goruntusu-2026-01-23-174308-300x176.png 300w, https:\/\/www.tgrthaber.com\/mavikadin\/wp-content\/uploads\/2026\/01\/Ekran-goruntusu-2026-01-23-174308-1024x602.png 1024w, https:\/\/www.tgrthaber.com\/mavikadin\/wp-content\/uploads\/2026\/01\/Ekran-goruntusu-2026-01-23-174308-768x452.png 768w\" sizes=\"(max-width: 1382px) 100vw, 1382px\" \/><\/p>\n<hr \/>\n<p>Ancak mutfakta ya\u015fanan korkun\u00e7 bir olay t\u00fcm dengeleri alt\u00fcst etti. Her \u015fey yolunda giderken, f\u0131r\u0131ndan gelen y\u00fcksek sesli patlama b\u00fcy\u00fck korkuya neden oldu. Patlamayla beraber st\u00fcdyo da adeta deprem etkisi ya\u015fand\u0131.<\/p>\n<p><img loading=\"lazy\" decoding=\"async\" class=\"alignnone wp-image-294406 \" src=\"https:\/\/www.tgrthaber.com\/mavikadin\/wp-content\/uploads\/2026\/01\/Ekran-goruntusu-2026-01-23-174244.png\" alt=\"\" width=\"1289\" height=\"811\" title=\"\" srcset=\"https:\/\/www.tgrthaber.com\/mavikadin\/wp-content\/uploads\/2026\/01\/Ekran-goruntusu-2026-01-23-174244.png 866w, https:\/\/www.tgrthaber.com\/mavikadin\/wp-content\/uploads\/2026\/01\/Ekran-goruntusu-2026-01-23-174244-300x189.png 300w, https:\/\/www.tgrthaber.com\/mavikadin\/wp-content\/uploads\/2026\/01\/Ekran-goruntusu-2026-01-23-174244-768x483.png 768w\" sizes=\"(max-width: 1289px) 100vw, 1289px\" \/><\/p>\n<hr \/>\n<p>Patlama sonras\u0131 gelinler k\u0131sa s\u00fcreli \u015foka girerken, a\u011flama krizleri de beraberinde geldi. Kay\u0131nvalideler ise olduklar\u0131 yerden f\u0131rlayarak st\u00fcdyoya girdi ve bayg\u0131nl\u0131k ge\u00e7irdi. O anlar sosyal kameralara saniye saniye yans\u0131d\u0131.<\/p>\n<p><img loading=\"lazy\" decoding=\"async\" class=\"alignnone wp-image-294403 size-full\" src=\"https:\/\/www.tgrthaber.com\/mavikadin\/wp-content\/uploads\/2026\/01\/Ekran-goruntusu-2026-01-23-174410.png\" alt=\"\" width=\"1529\" height=\"805\" title=\"\" srcset=\"https:\/\/www.tgrthaber.com\/mavikadin\/wp-content\/uploads\/2026\/01\/Ekran-goruntusu-2026-01-23-174410.png 1529w, https:\/\/www.tgrthaber.com\/mavikadin\/wp-content\/uploads\/2026\/01\/Ekran-goruntusu-2026-01-23-174410-300x158.png 300w, https:\/\/www.tgrthaber.com\/mavikadin\/wp-content\/uploads\/2026\/01\/Ekran-goruntusu-2026-01-23-174410-1024x539.png 1024w, https:\/\/www.tgrthaber.com\/mavikadin\/wp-content\/uploads\/2026\/01\/Ekran-goruntusu-2026-01-23-174410-768x404.png 768w\" sizes=\"(max-width: 1529px) 100vw, 1529px\" \/><\/p>\n<hr \/>\n<p>Gelin Tu\u011fba&#8217;n\u0131n tam arkas\u0131nda patlayan f\u0131r\u0131n Tu\u011fba&#8217;n\u0131n an\u0131nda yere y\u0131\u011f\u0131lmas\u0131na neden oldu. Kay\u0131nvalide Tijen ise bayg\u0131nl\u0131k ge\u00e7irdi. Gelinim Mutfakta 23 Ocak 2026 Cuma g\u00fcn\u00fc ya\u015fanan bu olay sosyal medyada da geni\u015f yank\u0131 uyand\u0131rd\u0131. Program\u0131n takip\u00e7ileri t\u00fcm gelinlere ge\u00e7mi\u015f olsun mesajlar\u0131n\u0131 pe\u015f pe\u015fe s\u0131ralad\u0131. \u0130\u015fte Gelinim Mutfakta&#8217;da ya\u015fanan korku dolu o anlar&#8230;.<\/p>\n<div style=\"width: 640px;\" class=\"wp-video\"><!--[if lt IE 9]><script>document.createElement('video');<\/script><![endif]-->\n<video class=\"wp-video-shortcode\" id=\"video-294389-1\" width=\"640\" height=\"1138\" preload=\"metadata\" controls=\"controls\"><source type=\"video\/mp4\" src=\"https:\/\/www.tgrthaber.com\/mavikadin\/wp-content\/uploads\/2026\/01\/Tugbanin-firini-neden-patladi-@aslihunel-@kanald-@kargafilm.production-GelinimMutfakta-yemek.mp4?_=1\" \/><a href=\"https:\/\/www.tgrthaber.com\/mavikadin\/wp-content\/uploads\/2026\/01\/Tugbanin-firini-neden-patladi-@aslihunel-@kanald-@kargafilm.production-GelinimMutfakta-yemek.mp4\">https:\/\/www.tgrthaber.com\/mavikadin\/wp-content\/uploads\/2026\/01\/Tugbanin-firini-neden-patladi-@aslihunel-@kanald-@kargafilm.production-GelinimMutfakta-yemek.mp4<\/a><\/video><\/div>\n<hr \/>\n<h3>GEL\u0130N\u0130M MUTFAKTA&#8217;DA 23 OCAK K\u0130M ELEND\u0130, K\u0130M 10 ALTIN B\u0130LEZ\u0130K SAH\u0130B\u0130 OLDU?<\/h3>\n<p><a href=\"https:\/\/www.tgrthaber.com\/mavikadin\/gelinim-mutfaktada-soke-eden-kaza-asli-hunel-fenalasti-gelin-tugba-panik-atak-gecirdi\/\">Gelinim Mutfakta<\/a>&#8216;da haftan\u0131n son g\u00fcn\u00fc ya\u015fanan bu olay sonras\u0131 g\u00f6zler yeniden b\u00fcy\u00fck \u00f6d\u00fcle \u00e7evrildi. Gelinim Mutfakta&#8217;ya veda eden isim ve 10 alt\u0131n bilezi\u011fi koluna takan gelin belli oldu.<\/p>\n<p><img loading=\"lazy\" decoding=\"async\" class=\"alignnone wp-image-294402 size-full\" src=\"https:\/\/www.tgrthaber.com\/mavikadin\/wp-content\/uploads\/2026\/01\/Ekran-goruntusu-2026-01-23-174322.png\" alt=\"\" width=\"1521\" height=\"821\" title=\"\" srcset=\"https:\/\/www.tgrthaber.com\/mavikadin\/wp-content\/uploads\/2026\/01\/Ekran-goruntusu-2026-01-23-174322.png 1521w, https:\/\/www.tgrthaber.com\/mavikadin\/wp-content\/uploads\/2026\/01\/Ekran-goruntusu-2026-01-23-174322-300x162.png 300w, https:\/\/www.tgrthaber.com\/mavikadin\/wp-content\/uploads\/2026\/01\/Ekran-goruntusu-2026-01-23-174322-1024x553.png 1024w, https:\/\/www.tgrthaber.com\/mavikadin\/wp-content\/uploads\/2026\/01\/Ekran-goruntusu-2026-01-23-174322-768x415.png 768w\" sizes=\"(max-width: 1521px) 100vw, 1521px\" \/><\/p>\n<hr \/>\n<p>Gelinim Mutfakta&#8217;da Cuma g\u00fcn\u00fc toplanan puanlar sonucu 10 alt\u0131n bilezi\u011fi alan gelin Miyase olurken, yar\u0131\u015fmaya veda eden yar\u0131\u015fmac\u0131 bu hafta olmad\u0131. 23 Ocak Cuma olu\u015fan puan tablosu ise \u015fu \u015fekilde;<\/p>\n<p><img loading=\"lazy\" decoding=\"async\" class=\"alignnone wp-image-294408 size-full\" src=\"https:\/\/www.tgrthaber.com\/mavikadin\/wp-content\/uploads\/2026\/01\/Ekran-goruntusu-2026-01-23-174302.png\" alt=\"\" width=\"1515\" height=\"832\" title=\"\" srcset=\"https:\/\/www.tgrthaber.com\/mavikadin\/wp-content\/uploads\/2026\/01\/Ekran-goruntusu-2026-01-23-174302.png 1515w, https:\/\/www.tgrthaber.com\/mavikadin\/wp-content\/uploads\/2026\/01\/Ekran-goruntusu-2026-01-23-174302-300x165.png 300w, https:\/\/www.tgrthaber.com\/mavikadin\/wp-content\/uploads\/2026\/01\/Ekran-goruntusu-2026-01-23-174302-1024x562.png 1024w, https:\/\/www.tgrthaber.com\/mavikadin\/wp-content\/uploads\/2026\/01\/Ekran-goruntusu-2026-01-23-174302-768x422.png 768w\" sizes=\"(max-width: 1515px) 100vw, 1515px\" \/><\/p>\n<hr \/>\n<p>Miyase: 81<\/p>\n<p>Tu\u011fba: 63<\/p>\n<p>G\u00f6zde: 63<\/p>\n<p>Alime: 63<\/p>\n<p><img loading=\"lazy\" decoding=\"async\" class=\"alignnone wp-image-294414 size-full\" src=\"https:\/\/www.tgrthaber.com\/mavikadin\/wp-content\/uploads\/2026\/01\/Ekran-goruntusu-2026-01-23-174329.png\" alt=\"\" width=\"1407\" height=\"615\" title=\"\" srcset=\"https:\/\/www.tgrthaber.com\/mavikadin\/wp-content\/uploads\/2026\/01\/Ekran-goruntusu-2026-01-23-174329.png 1407w, https:\/\/www.tgrthaber.com\/mavikadin\/wp-content\/uploads\/2026\/01\/Ekran-goruntusu-2026-01-23-174329-300x131.png 300w, https:\/\/www.tgrthaber.com\/mavikadin\/wp-content\/uploads\/2026\/01\/Ekran-goruntusu-2026-01-23-174329-1024x448.png 1024w, https:\/\/www.tgrthaber.com\/mavikadin\/wp-content\/uploads\/2026\/01\/Ekran-goruntusu-2026-01-23-174329-768x336.png 768w\" sizes=\"(max-width: 1407px) 100vw, 1407px\" \/><\/p>\n<hr \/>\n<h3>GEL\u0130N\u0130M MUTFAKTA&#8217;DA 16 OCAK K\u0130M ELEND\u0130, 10 ALTIN B\u0130LEZ\u0130\u011e\u0130 K\u0130M ALDI?<\/h3>\n<p>Gelinim Mutfakta&#8217;da ge\u00e7en hafta elenen isim haftan\u0131n en d\u00fc\u015f\u00fck puan\u0131n\u0131 alan Kader oldu. G\u00fcn\u00fcn birincisi Tu\u011fba olup \u00e7eyrek alt\u0131n\u0131 al\u0131rken, 10 alt\u0131n bilezi\u011fi alan yar\u0131\u015fmac\u0131 ise G\u00f6zde oldu. G\u00f6zde ve Miyase toplam 69 puan ald\u0131. Yap\u0131lan kura sonucu 10 alt\u0131n bilezik G\u00f6zde&#8217;ye gitti.<\/p>\n","protected":false},"excerpt":{"rendered":"<p>Gelinim Mutfakta&#8217;da final g\u00fcn\u00fc heyecan\u0131 ya\u015fand\u0131\u011f\u0131 s\u0131rada hem izleyenleri hem de yar\u0131\u015fmac\u0131 gelinleri yerinden z\u0131platan korku dolu anlar ya\u015fand\u0131. Gelinim Mutfakta st\u00fcdyosunda ya\u015fanan b\u00fcy\u00fck patlama sonucu gelinler a\u011flama krizine girdi, kay\u0131nvalideler ise resmen bayg\u0131nl\u0131k ge\u00e7irdi. \u0130\u015fte Gelinim Mutfakta&#8217;da ya\u015fanan b\u00fcy\u00fck patlaman\u0131n deh\u015fete d\u00fc\u015f\u00fcren anlar\u0131&#8230;<\/p>\n","protected":false},"author":35,"featured_media":294394,"comment_status":"closed","ping_status":"closed","sticky":false,"template":"","format":"standard","meta":{"rank_math_lock_modified_date":false,"footnotes":""},"categories":[76],"tags":[7578,71344,71343,133,2218],"class_list":["post-294389","post","type-post","status-publish","format-standard","has-post-thumbnail","hentry","category-magazin","tag-gelinim-mutfakta","tag-gelinim-mutfakta-23-ocak-cuma","tag-gelinim-mutfakta-firin-patladi","tag-magazin","tag-magazin-haberleri"],"_links":{"self":[{"href":"https:\/\/www.tgrthaber.com\/mavikadin\/wp-json\/wp\/v2\/posts\/294389"}],"collection":[{"href":"https:\/\/www.tgrthaber.com\/mavikadin\/wp-json\/wp\/v2\/posts"}],"about":[{"href":"https:\/\/www.tgrthaber.com\/mavikadin\/wp-json\/wp\/v2\/types\/post"}],"author":[{"embeddable":true,"href":"https:\/\/www.tgrthaber.com\/mavikadin\/wp-json\/wp\/v2\/users\/35"}],"replies":[{"embeddable":true,"href":"https:\/\/www.tgrthaber.com\/mavikadin\/wp-json\/wp\/v2\/comments?post=294389"}],"version-history":[{"count":2,"href":"https:\/\/www.tgrthaber.com\/mavikadin\/wp-json\/wp\/v2\/posts\/294389\/revisions"}],"predecessor-version":[{"id":294418,"href":"https:\/\/www.tgrthaber.com\/mavikadin\/wp-json\/wp\/v2\/posts\/294389\/revisions\/294418"}],"wp:featuredmedia":[{"embeddable":true,"href":"https:\/\/www.tgrthaber.com\/mavikadin\/wp-json\/wp\/v2\/media\/294394"}],"wp:attachment":[{"href":"https:\/\/www.tgrthaber.com\/mavikadin\/wp-json\/wp\/v2\/media?parent=294389"}],"wp:term":[{"taxonomy":"category","embeddable":true,"href":"https:\/\/www.tgrthaber.com\/mavikadin\/wp-json\/wp\/v2\/categories?post=294389"},{"taxonomy":"post_tag","embeddable":true,"href":"https:\/\/www.tgrthaber.com\/mavikadin\/wp-json\/wp\/v2\/tags?post=294389"}],"curies":[{"name":"wp","href":"https:\/\/api.w.org\/{rel}","templated":true}]}}