{"id":294419,"date":"2026-01-23T18:42:11","date_gmt":"2026-01-23T15:42:11","guid":{"rendered":"https:\/\/www.tgrthaber.com\/mavikadin\/?p=294419"},"modified":"2026-01-23T18:42:12","modified_gmt":"2026-01-23T15:42:12","slug":"tasacak-bu-deniz-15-bolum-iso-ve-fadime-dugunu-ekranlara-damga-vurdu-adil-furtuna-kapisina-dayaniyor","status":"publish","type":"post","link":"https:\/\/www.tgrthaber.com\/mavikadin\/tasacak-bu-deniz-15-bolum-iso-ve-fadime-dugunu-ekranlara-damga-vurdu-adil-furtuna-kapisina-dayaniyor\/","title":{"rendered":"Ta\u015facak Bu Deniz 15. b\u00f6l\u00fcm \u0130so ve Fadime d\u00fc\u011f\u00fcn\u00fc ekranlara damga vurdu! Adil Furtuna kap\u0131s\u0131na dayan\u0131yor"},"content":{"rendered":"<p>TRT 1 ekranlar\u0131n\u0131n reytingleri adeta u\u00e7uran dizisi <a href=\"https:\/\/www.tgrthaber.com\/mavikadin\/tasacak-bu-deniz-15-bolum-2-fragmanda-bomba-gelisme-oruc-itirafiyla-tum-dengeyi-degistirecek-adil-eleniyi-mi-ogrenecek\/\">Ta\u015facak Bu Deniz<\/a>, yeni b\u00f6l\u00fcm\u00fcu-yle adeta nefesleri kesecek. Uzun zamand\u0131r beklenen \u0130so ve Fadime d\u00fc\u011f\u00fcn\u00fc yeni b\u00f6l\u00fcmde ekranlarda yerini alacak. T\u00fcm engellere kar\u015f\u0131, bar\u0131\u015f yapmak ad\u0131na evlenen \u0130so ve Fadime&#8217;nin evlilik karar\u0131, Ko\u00e7ari ve Furtuna ailelerinde \u015fok etkisi olu\u015fturmu\u015ftu. Peki Ta\u015facak Bu Deniz 15. b\u00f6l\u00fcmde neler olacak? \u0130\u015fte detaylar&#8230;<\/p>\n<h3>TA\u015eACAK BU DEN\u0130Z 15. B\u00d6L\u00dcM \u0130SO VE FAD\u0130ME D\u00dc\u011e\u00dcN\u00dc EKRANLARA DAMGA VURDU!<\/h3>\n<p>TRT 1&#8217;in her Cuma ak\u015fam\u0131 soluksuz izlenen dizisi <a href=\"https:\/\/www.tgrthaber.com\/mavikadin\/tasacak-bu-deniz-son-bolum-nereden-izlenir-tasacak-bu-deniz-14-bolumde-neler-oldu\/\">Ta\u015facak Bu Deniz<\/a>, yeni b\u00f6l\u00fcm\u00fcyle bu ak\u015fam ekralarda yer alacak. Yeni b\u00f6l\u00fcmde hikayenin merkezine ise bu defa uzun zamand\u0131r beklenen \u0130so ve Fadime d\u00fc\u011f\u00fcn\u00fc yerle\u015fti.<\/p>\n<p><img loading=\"lazy\" decoding=\"async\" class=\"alignnone wp-image-294422 size-full\" src=\"https:\/\/www.tgrthaber.com\/mavikadin\/wp-content\/uploads\/2026\/01\/Adsiz-tasarim-66-1-scaled.jpg\" alt=\"\" width=\"2560\" height=\"1440\" title=\"\" srcset=\"https:\/\/www.tgrthaber.com\/mavikadin\/wp-content\/uploads\/2026\/01\/Adsiz-tasarim-66-1-scaled.jpg 2560w, https:\/\/www.tgrthaber.com\/mavikadin\/wp-content\/uploads\/2026\/01\/Adsiz-tasarim-66-1-300x169.jpg 300w, https:\/\/www.tgrthaber.com\/mavikadin\/wp-content\/uploads\/2026\/01\/Adsiz-tasarim-66-1-1024x576.jpg 1024w, https:\/\/www.tgrthaber.com\/mavikadin\/wp-content\/uploads\/2026\/01\/Adsiz-tasarim-66-1-768x432.jpg 768w, https:\/\/www.tgrthaber.com\/mavikadin\/wp-content\/uploads\/2026\/01\/Adsiz-tasarim-66-1-1536x864.jpg 1536w, https:\/\/www.tgrthaber.com\/mavikadin\/wp-content\/uploads\/2026\/01\/Adsiz-tasarim-66-1-2048x1152.jpg 2048w\" sizes=\"(max-width: 2560px) 100vw, 2560px\" \/><\/p>\n<hr \/>\n<p>Fadime istemese bile ailesi i\u00e7in \u0130so Furtuna ile evlenmeye karar verir. Fadime ve \u0130so aras\u0131nda k\u0131y\u0131lan nikah, iki ailenin t\u00fcm gelece\u011fini etkileyecek bir anlam ta\u015f\u0131makta. Peki Furtunalar ve Ko\u00e7ariler aras\u0131nda sava\u015f ger\u00e7ekten bitecek mi, yoksa yap\u0131lan bu d\u00fc\u011f\u00fcn i\u015fleri daha m\u0131 \u00e7\u0131kmaza sokacak? Ancak bu evlilikten \u015eerif pek memnun olmayacak. G\u00f6khan&#8217;a &#8216;Ko\u00e7ariyi ihbar et&#8217; demesi, yeni bir sava\u015f\u0131n fitilini ate\u015fleyecek gibi duruyor.<\/p>\n<p><img loading=\"lazy\" decoding=\"async\" class=\"alignnone wp-image-294428 size-full\" src=\"https:\/\/www.tgrthaber.com\/mavikadin\/wp-content\/uploads\/2026\/01\/Adsiz-tasarim-60-1-scaled.jpg\" alt=\"\" width=\"2560\" height=\"1440\" title=\"\" srcset=\"https:\/\/www.tgrthaber.com\/mavikadin\/wp-content\/uploads\/2026\/01\/Adsiz-tasarim-60-1-scaled.jpg 2560w, https:\/\/www.tgrthaber.com\/mavikadin\/wp-content\/uploads\/2026\/01\/Adsiz-tasarim-60-1-300x169.jpg 300w, https:\/\/www.tgrthaber.com\/mavikadin\/wp-content\/uploads\/2026\/01\/Adsiz-tasarim-60-1-1024x576.jpg 1024w, https:\/\/www.tgrthaber.com\/mavikadin\/wp-content\/uploads\/2026\/01\/Adsiz-tasarim-60-1-768x432.jpg 768w, https:\/\/www.tgrthaber.com\/mavikadin\/wp-content\/uploads\/2026\/01\/Adsiz-tasarim-60-1-1536x864.jpg 1536w, https:\/\/www.tgrthaber.com\/mavikadin\/wp-content\/uploads\/2026\/01\/Adsiz-tasarim-60-1-2048x1152.jpg 2048w\" sizes=\"(max-width: 2560px) 100vw, 2560px\" \/><\/p>\n<hr \/>\n<h3>AD\u0130L FURTUNALAR KONA\u011eININ KAPISINA DAYANIYOR<\/h3>\n<p>Karde\u015fi Fadime&#8217;nin \u0130so&#8217;yla evlenmesini bir t\u00fcrl\u00fc sindiremeyen Adil ise geri ad\u0131m atm\u0131yor. Esme&#8217;nin elini tutmas\u0131yla ba\u015flayan geli\u015fmeler, \u015eerif&#8217;i daha da tehlikeli bir hale getiriyor. \u015eerif, Esme&#8217;yi adeta kona\u011fa kilitlemek i\u00e7in her yolu deniyor.<\/p>\n<p><img loading=\"lazy\" decoding=\"async\" class=\"alignnone wp-image-294424 size-full\" src=\"https:\/\/www.tgrthaber.com\/mavikadin\/wp-content\/uploads\/2026\/01\/Adsiz-tasarim-64-1-scaled.jpg\" alt=\"\" width=\"2560\" height=\"1440\" title=\"\" srcset=\"https:\/\/www.tgrthaber.com\/mavikadin\/wp-content\/uploads\/2026\/01\/Adsiz-tasarim-64-1-scaled.jpg 2560w, https:\/\/www.tgrthaber.com\/mavikadin\/wp-content\/uploads\/2026\/01\/Adsiz-tasarim-64-1-300x169.jpg 300w, https:\/\/www.tgrthaber.com\/mavikadin\/wp-content\/uploads\/2026\/01\/Adsiz-tasarim-64-1-1024x576.jpg 1024w, https:\/\/www.tgrthaber.com\/mavikadin\/wp-content\/uploads\/2026\/01\/Adsiz-tasarim-64-1-768x432.jpg 768w, https:\/\/www.tgrthaber.com\/mavikadin\/wp-content\/uploads\/2026\/01\/Adsiz-tasarim-64-1-1536x864.jpg 1536w, https:\/\/www.tgrthaber.com\/mavikadin\/wp-content\/uploads\/2026\/01\/Adsiz-tasarim-64-1-2048x1152.jpg 2048w\" sizes=\"(max-width: 2560px) 100vw, 2560px\" \/><\/p>\n<hr \/>\n<p>TRT 1&#8217;in sevilen dizisi <a href=\"https:\/\/www.tgrthaber.com\/mavikadin\/esref-ruya-tasacak-bu-deniz-ve-uzak-sehir-dizilerinde-dibe-vurus-oyuncular-ayriliyor-reytingleri-dusuyor\/\">Ta\u015facak Bu Deniz<\/a> 15. b\u00f6l\u00fcmde ta\u015flar yine yerinden oynuyor. Adil, Fadime ve Oru\u00e7 evlense dahi karde\u015fini konakta b\u0131rakmamaya kararl\u0131. Bu nedenle Furtuna kona\u011f\u0131n\u0131n kap\u0131s\u0131na dayan\u0131yor. &#8216;Biz gelin vermeyiz, kap\u0131y\u0131 k\u0131rar damad\u0131 al\u0131r\u0131z&#8217; diyen Adil, \u0130so ve Fadime&#8217;yi Ko\u00e7ari kona\u011f\u0131na geri getirebilecek mi? Ta\u015facak Bu Deniz bu ak\u015fam yeni b\u00f6l\u00fcm\u00fcyle TRT 1 ekranlar\u0131nda yine milyonlar\u0131 ekrana kilitleyecek sahnelerle izleyici kar\u015f\u0131s\u0131nda olacak.<\/p>\n<p><img loading=\"lazy\" decoding=\"async\" class=\"alignnone wp-image-294423 size-full\" src=\"https:\/\/www.tgrthaber.com\/mavikadin\/wp-content\/uploads\/2026\/01\/Adsiz-tasarim-65-1-scaled.jpg\" alt=\"\" width=\"2560\" height=\"1440\" title=\"\" srcset=\"https:\/\/www.tgrthaber.com\/mavikadin\/wp-content\/uploads\/2026\/01\/Adsiz-tasarim-65-1-scaled.jpg 2560w, https:\/\/www.tgrthaber.com\/mavikadin\/wp-content\/uploads\/2026\/01\/Adsiz-tasarim-65-1-300x169.jpg 300w, https:\/\/www.tgrthaber.com\/mavikadin\/wp-content\/uploads\/2026\/01\/Adsiz-tasarim-65-1-1024x576.jpg 1024w, https:\/\/www.tgrthaber.com\/mavikadin\/wp-content\/uploads\/2026\/01\/Adsiz-tasarim-65-1-768x432.jpg 768w, https:\/\/www.tgrthaber.com\/mavikadin\/wp-content\/uploads\/2026\/01\/Adsiz-tasarim-65-1-1536x864.jpg 1536w, https:\/\/www.tgrthaber.com\/mavikadin\/wp-content\/uploads\/2026\/01\/Adsiz-tasarim-65-1-2048x1152.jpg 2048w\" sizes=\"(max-width: 2560px) 100vw, 2560px\" \/><\/p>\n<hr \/>\n<h3>TA\u015eACAK BU DEN\u0130Z OYUNCULARI K\u0130MLER?<\/h3>\n<p>Adil Ko\u00e7ari \u2014 Ula\u015f Tuna Astepe<\/p>\n<p>Esme Furtuna \u2014 Deniz Baysal<\/p>\n<p>Oru\u00e7 Furtuna \u2014 Burak Y\u00f6r\u00fck<\/p>\n<p>Eleni Miryano \u2014 Ava Yaman<\/p>\n<p>Zarife Furtuna \u2014 Ye\u015fim Ceren Bozo\u011flu<\/p>\n<p><img loading=\"lazy\" decoding=\"async\" class=\"alignnone wp-image-294426 size-full\" src=\"https:\/\/www.tgrthaber.com\/mavikadin\/wp-content\/uploads\/2026\/01\/Adsiz-tasarim-62-2-scaled.jpg\" alt=\"\" width=\"2560\" height=\"1440\" title=\"\" srcset=\"https:\/\/www.tgrthaber.com\/mavikadin\/wp-content\/uploads\/2026\/01\/Adsiz-tasarim-62-2-scaled.jpg 2560w, https:\/\/www.tgrthaber.com\/mavikadin\/wp-content\/uploads\/2026\/01\/Adsiz-tasarim-62-2-300x169.jpg 300w, https:\/\/www.tgrthaber.com\/mavikadin\/wp-content\/uploads\/2026\/01\/Adsiz-tasarim-62-2-1024x576.jpg 1024w, https:\/\/www.tgrthaber.com\/mavikadin\/wp-content\/uploads\/2026\/01\/Adsiz-tasarim-62-2-768x432.jpg 768w, https:\/\/www.tgrthaber.com\/mavikadin\/wp-content\/uploads\/2026\/01\/Adsiz-tasarim-62-2-1536x864.jpg 1536w, https:\/\/www.tgrthaber.com\/mavikadin\/wp-content\/uploads\/2026\/01\/Adsiz-tasarim-62-2-2048x1152.jpg 2048w\" sizes=\"(max-width: 2560px) 100vw, 2560px\" \/><\/p>\n<hr \/>\n<p>\u015eerif Furtuna \u2014 Aytek \u015eayan<\/p>\n<p>Hicran Cezbeli \u2014 Burcu Cavrar<\/p>\n<p>Gezep\u00a0 \u2014 Onur Dilber<\/p>\n<p>\u0130so Furtuna \u2014 Erdem \u015eanl\u0131<\/p>\n<p>Amirum Day\u0131 \u2014 Hakan Sal\u0131nm\u0131\u015f<\/p>\n<p>Sevcan Er \u2014 Hande Nur Tekin<\/p>\n<p>Fadime Ko\u00e7ari \u2014 Zeynep At\u0131lgan<\/p>\n<p>Ey\u00fcphan \u2014 Batuhan Bayar<\/p>\n<p>\u015e\u00fckriye \u2014 Ulviye Karaca<\/p>\n<p>Emine \u2014 Seda Soysal<\/p>\n<p><img loading=\"lazy\" decoding=\"async\" class=\"alignnone wp-image-294425 size-full\" src=\"https:\/\/www.tgrthaber.com\/mavikadin\/wp-content\/uploads\/2026\/01\/Adsiz-tasarim-63-2-scaled.jpg\" alt=\"\" width=\"2560\" height=\"1440\" title=\"\" srcset=\"https:\/\/www.tgrthaber.com\/mavikadin\/wp-content\/uploads\/2026\/01\/Adsiz-tasarim-63-2-scaled.jpg 2560w, https:\/\/www.tgrthaber.com\/mavikadin\/wp-content\/uploads\/2026\/01\/Adsiz-tasarim-63-2-300x169.jpg 300w, https:\/\/www.tgrthaber.com\/mavikadin\/wp-content\/uploads\/2026\/01\/Adsiz-tasarim-63-2-1024x576.jpg 1024w, https:\/\/www.tgrthaber.com\/mavikadin\/wp-content\/uploads\/2026\/01\/Adsiz-tasarim-63-2-768x432.jpg 768w, https:\/\/www.tgrthaber.com\/mavikadin\/wp-content\/uploads\/2026\/01\/Adsiz-tasarim-63-2-1536x864.jpg 1536w, https:\/\/www.tgrthaber.com\/mavikadin\/wp-content\/uploads\/2026\/01\/Adsiz-tasarim-63-2-2048x1152.jpg 2048w\" sizes=\"(max-width: 2560px) 100vw, 2560px\" \/><\/p>\n<hr \/>\n<p>H\u0131d\u0131r \u2014 Erkan Y\u00fcce<\/p>\n<p>G\u00f6khan \u2014 Ali \u00d6ner<\/p>\n<p>Beh\u00e7et \u2014 Emir \u00c7ubuk\u00e7u<\/p>\n<p>\u00c7etin \u2014 Adil \u015eahin<\/p>\n<p>Muhsine \u2014 Nasmina \u00c7okla\u015f<\/p>\n<p>Melina Miryano \u2014 Ger\u00e7ek Aln\u0131a\u00e7\u0131k<\/p>\n<p>Temel Kaptan \u2014 Ali Kemal Y\u0131lmaz<\/p>\n<p>\u00c7ak\u0131r U\u015fak \u2014 Ali Abd\u00fcsselam Y\u0131lmaz<\/p>\n<p>Mikael \u2014 Rami Narin<\/p>\n<p>Ak\u00e7a \u2014 Naz G\u00fcnay<\/p>\n<p><img loading=\"lazy\" decoding=\"async\" class=\"alignnone wp-image-294427 size-full\" src=\"https:\/\/www.tgrthaber.com\/mavikadin\/wp-content\/uploads\/2026\/01\/Adsiz-tasarim-61-1-scaled.jpg\" alt=\"\" width=\"2560\" height=\"1440\" title=\"\" srcset=\"https:\/\/www.tgrthaber.com\/mavikadin\/wp-content\/uploads\/2026\/01\/Adsiz-tasarim-61-1-scaled.jpg 2560w, https:\/\/www.tgrthaber.com\/mavikadin\/wp-content\/uploads\/2026\/01\/Adsiz-tasarim-61-1-300x169.jpg 300w, https:\/\/www.tgrthaber.com\/mavikadin\/wp-content\/uploads\/2026\/01\/Adsiz-tasarim-61-1-1024x576.jpg 1024w, https:\/\/www.tgrthaber.com\/mavikadin\/wp-content\/uploads\/2026\/01\/Adsiz-tasarim-61-1-768x432.jpg 768w, https:\/\/www.tgrthaber.com\/mavikadin\/wp-content\/uploads\/2026\/01\/Adsiz-tasarim-61-1-1536x864.jpg 1536w, https:\/\/www.tgrthaber.com\/mavikadin\/wp-content\/uploads\/2026\/01\/Adsiz-tasarim-61-1-2048x1152.jpg 2048w\" sizes=\"(max-width: 2560px) 100vw, 2560px\" \/><\/p>\n<hr \/>\n<p>\u0130lve Varo\u011flu \u2014 Berna Koralt\u00fcrk<\/p>\n<p>Atakan Varo\u011flu \u2014 Ahmet \u00c7\u0131nar Ayd\u0131n<\/p>\n<p>Savc\u0131 Feride Cengiz \u2014 Naz \u00c7a\u011fla Irmak<\/p>\n<p>Gen\u00e7 Adil Ko\u00e7ari \u2014 Arda Anarat<\/p>\n<p>Gen\u00e7 Esme Furtuna \u2014 Naz Say\u0131ner<\/p>\n<p>\u015eirin Furtuna \u2014 Gamze S\u00fcner Atay<\/p>\n<p><img loading=\"lazy\" decoding=\"async\" class=\"alignnone wp-image-294429 size-full\" src=\"https:\/\/www.tgrthaber.com\/mavikadin\/wp-content\/uploads\/2026\/01\/maxresdefault-7-2.jpg\" alt=\"\" width=\"1280\" height=\"720\" title=\"\" srcset=\"https:\/\/www.tgrthaber.com\/mavikadin\/wp-content\/uploads\/2026\/01\/maxresdefault-7-2.jpg 1280w, https:\/\/www.tgrthaber.com\/mavikadin\/wp-content\/uploads\/2026\/01\/maxresdefault-7-2-300x169.jpg 300w, https:\/\/www.tgrthaber.com\/mavikadin\/wp-content\/uploads\/2026\/01\/maxresdefault-7-2-1024x576.jpg 1024w, https:\/\/www.tgrthaber.com\/mavikadin\/wp-content\/uploads\/2026\/01\/maxresdefault-7-2-768x432.jpg 768w\" sizes=\"(max-width: 1280px) 100vw, 1280px\" \/><\/p>\n<hr \/>\n<p>Gen\u00e7 Hicran Cezbeli \u2014 Zehra Co\u015fkun<\/p>\n<p>Gen\u00e7 \u015eerif Furtuna \u2014 Haktan Akar\u00e7e\u015fme<\/p>\n<p>Gen\u00e7 Gezep \u2014 Emirhan Parlak<\/p>\n<p>Gen\u00e7 \u0130lve Varo\u011flu \u2014 Sudem Tiryakigil<\/p>\n","protected":false},"excerpt":{"rendered":"<p>Ta\u015facak Bu Deniiz 15. b\u00f6l\u00fcmle bu ak\u015fam ekranlarda olacak. Yay\u0131nlanan fragmanlarda tansiyonun bir an bile d\u00fc\u015fmedi\u011fi g\u00f6r\u00fcl\u00fcrken, yeni b\u00f6l\u00fcme dair en \u00e7ok merak edilen \u0130so ve Fadime d\u00fc\u011f\u00fcn\u00fc oldu. Adil ise Furtunalar kona\u011f\u0131na dayan\u0131yor. Adil&#8217;in hamlesi ne olacak? \u0130\u015fte Ta\u015facak Bu Deniz 15. b\u00f6l\u00fcme dair merak edilen detaylar&#8230;<\/p>\n","protected":false},"author":35,"featured_media":294420,"comment_status":"closed","ping_status":"closed","sticky":false,"template":"","format":"standard","meta":{"rank_math_lock_modified_date":false,"footnotes":""},"categories":[602],"tags":[3602,61052,71346,71345,64677],"class_list":["post-294419","post","type-post","status-publish","format-standard","has-post-thumbnail","hentry","category-diziler","tag-diziler","tag-tasacak-bu-deniz","tag-tasacak-bu-deniz-15-bolum","tag-tasacak-bu-deniz-iso-fadime-dugunu","tag-tasacak-bu-deniz-yeni-bolum"],"_links":{"self":[{"href":"https:\/\/www.tgrthaber.com\/mavikadin\/wp-json\/wp\/v2\/posts\/294419"}],"collection":[{"href":"https:\/\/www.tgrthaber.com\/mavikadin\/wp-json\/wp\/v2\/posts"}],"about":[{"href":"https:\/\/www.tgrthaber.com\/mavikadin\/wp-json\/wp\/v2\/types\/post"}],"author":[{"embeddable":true,"href":"https:\/\/www.tgrthaber.com\/mavikadin\/wp-json\/wp\/v2\/users\/35"}],"replies":[{"embeddable":true,"href":"https:\/\/www.tgrthaber.com\/mavikadin\/wp-json\/wp\/v2\/comments?post=294419"}],"version-history":[{"count":2,"href":"https:\/\/www.tgrthaber.com\/mavikadin\/wp-json\/wp\/v2\/posts\/294419\/revisions"}],"predecessor-version":[{"id":294432,"href":"https:\/\/www.tgrthaber.com\/mavikadin\/wp-json\/wp\/v2\/posts\/294419\/revisions\/294432"}],"wp:featuredmedia":[{"embeddable":true,"href":"https:\/\/www.tgrthaber.com\/mavikadin\/wp-json\/wp\/v2\/media\/294420"}],"wp:attachment":[{"href":"https:\/\/www.tgrthaber.com\/mavikadin\/wp-json\/wp\/v2\/media?parent=294419"}],"wp:term":[{"taxonomy":"category","embeddable":true,"href":"https:\/\/www.tgrthaber.com\/mavikadin\/wp-json\/wp\/v2\/categories?post=294419"},{"taxonomy":"post_tag","embeddable":true,"href":"https:\/\/www.tgrthaber.com\/mavikadin\/wp-json\/wp\/v2\/tags?post=294419"}],"curies":[{"name":"wp","href":"https:\/\/api.w.org\/{rel}","templated":true}]}}