{"id":294421,"date":"2026-01-23T18:47:47","date_gmt":"2026-01-23T15:47:47","guid":{"rendered":"https:\/\/www.tgrthaber.com\/mavikadin\/?p=294421"},"modified":"2026-01-23T18:47:48","modified_gmt":"2026-01-23T15:47:48","slug":"survivor-2026-seda-cingoz-kim-kac-yasinda-survivor-2026-seda-cingoz-aslen-nereli-meslegi-ne","status":"publish","type":"post","link":"https:\/\/www.tgrthaber.com\/mavikadin\/survivor-2026-seda-cingoz-kim-kac-yasinda-survivor-2026-seda-cingoz-aslen-nereli-meslegi-ne\/","title":{"rendered":"Survivor 2026 Seda Cing\u00f6z kim ka\u00e7 ya\u015f\u0131nda? Survivor 2026 Seda Cing\u00f6z aslen nereli mesle\u011fi ne?"},"content":{"rendered":"<p>Survivor 2026 \u00dcnl\u00fcler G\u00f6n\u00fcll\u00fcler yar\u0131\u015fmas\u0131na yeni isimler dahil olmaya ba\u015fland\u0131. Sosyal medyada kadroya dahil olacak isimlerin g\u00fcndeme gelmesiyle Survivor 2026\u2019ya yedeklerden gelecek yeni yar\u0131\u015fmac\u0131larda de\u015fifre olmaya ba\u015flad\u0131. Survivor 2026 kadrosunda yer alaca\u011f\u0131 d\u00fc\u015f\u00fcn\u00fclen Seda Cing\u00f6z\u2019\u00fcn sosyal medya hesaplar\u0131 ve hayat\u0131na dair detaylar ara\u015ft\u0131r\u0131l\u0131yor. Peki, Survivor 2026 Seda Cing\u00f6z kimdir? Survivor 2026 Seda Cing\u00f6z aslen nereli mesle\u011fi ne?<\/p>\n<h3>SURV\u0130VOR 2026 SEDA C\u0130NG\u00d6Z K\u0130M KA\u00c7 YA\u015eINDA?<\/h3>\n<p>Survivor 2026 Seda Cing\u00f6z\u2019\u00fcn ad\u0131 sosyal medyada konu\u015fulmaya ba\u015fland\u0131. Yedeklerden adaya girece\u011fi d\u00fc\u015f\u00fcn\u00fclen Seda Cing\u00f6z\u2019\u00fcn 27 ya\u015f\u0131ndad\u0131r. Sosyal medyadaki payla\u015f\u0131mlar\u0131na bak\u0131ld\u0131\u011f\u0131nda spor ile i\u00e7 i\u00e7e biri oldu\u011fu g\u00f6r\u00fcl\u00fcyor. Instagramda herkese a\u00e7\u0131k olan profilinde Lifestyle | Travel | Wellness ifadelerine yer veren Seda Cing\u00f6z, sa\u011fl\u0131k ya\u015fam tarz\u0131n\u0131 benimsiyor.<\/p>\n<p><img loading=\"lazy\" decoding=\"async\" class=\"alignnone wp-image-294436 size-full\" src=\"https:\/\/www.tgrthaber.com\/mavikadin\/wp-content\/uploads\/2026\/01\/survivor-seda-cingoz-kimdir.jpg\" alt=\"\" width=\"1208\" height=\"680\" title=\"\" srcset=\"https:\/\/www.tgrthaber.com\/mavikadin\/wp-content\/uploads\/2026\/01\/survivor-seda-cingoz-kimdir.jpg 1208w, https:\/\/www.tgrthaber.com\/mavikadin\/wp-content\/uploads\/2026\/01\/survivor-seda-cingoz-kimdir-300x169.jpg 300w, https:\/\/www.tgrthaber.com\/mavikadin\/wp-content\/uploads\/2026\/01\/survivor-seda-cingoz-kimdir-1024x576.jpg 1024w, https:\/\/www.tgrthaber.com\/mavikadin\/wp-content\/uploads\/2026\/01\/survivor-seda-cingoz-kimdir-768x432.jpg 768w\" sizes=\"(max-width: 1208px) 100vw, 1208px\" \/><\/p>\n<hr \/>\n<p>Profilinde yer alan bilgiye g\u00f6re Bah\u00e7e\u015fehir \u00dcniversitesi\u2019nde e\u011fitim ald\u0131\u011f\u0131 ya da mezun oldu\u011fu tahmin ediliyor. Biyografi k\u0131sm\u0131ndaki ileti\u015fim bilgilerine bak\u0131ld\u0131\u011f\u0131nda bir e-posta adresi de bulunmaktad\u0131r.<\/p>\n<p><img loading=\"lazy\" decoding=\"async\" class=\"alignnone wp-image-294433 size-full\" src=\"https:\/\/www.tgrthaber.com\/mavikadin\/wp-content\/uploads\/2026\/01\/survivor-seda-cingoz-kac-yasinda.jpg\" alt=\"\" width=\"1208\" height=\"680\" title=\"\" srcset=\"https:\/\/www.tgrthaber.com\/mavikadin\/wp-content\/uploads\/2026\/01\/survivor-seda-cingoz-kac-yasinda.jpg 1208w, https:\/\/www.tgrthaber.com\/mavikadin\/wp-content\/uploads\/2026\/01\/survivor-seda-cingoz-kac-yasinda-300x169.jpg 300w, https:\/\/www.tgrthaber.com\/mavikadin\/wp-content\/uploads\/2026\/01\/survivor-seda-cingoz-kac-yasinda-1024x576.jpg 1024w, https:\/\/www.tgrthaber.com\/mavikadin\/wp-content\/uploads\/2026\/01\/survivor-seda-cingoz-kac-yasinda-768x432.jpg 768w\" sizes=\"(max-width: 1208px) 100vw, 1208px\" \/><\/p>\n<hr \/>\n<h3>SURV\u0130VOR 2026 SEDA C\u0130NG\u00d6Z ASLEN NEREL\u0130 MESLE\u011e\u0130 NE?<\/h3>\n<p>Seda Cing\u00f6z\u2019\u00fcn sosyal mecrada yer alan hesaplar\u0131na bak\u0131ld\u0131\u011f\u0131nda memleketine dair herhangi bir bilgi mevcut de\u011fildir. Cing\u00f6z\u2019\u00fcn mesle\u011fi\u2019nin spor alan\u0131nda oldu\u011fu tahmin edilmektedir. Sosyal medyada yapt\u0131\u011f\u0131 payla\u015f\u0131mlarda deniz sporlar\u0131n\u0131 yapmay\u0131 sevdi\u011fi de g\u00f6r\u00fcl\u00fcyor. Seda Cing\u00f6z\u2019\u00fcn sosyal medyaya spor alan\u0131nda i\u00e7erik \u00fcretti\u011fi de g\u00f6r\u00fcl\u00fcyor.<\/p>\n<p><img loading=\"lazy\" decoding=\"async\" class=\"alignnone wp-image-294435 size-full\" src=\"https:\/\/www.tgrthaber.com\/mavikadin\/wp-content\/uploads\/2026\/01\/survivor-seda-cingoz-meslegi-ne.jpg\" alt=\"\" width=\"1208\" height=\"680\" title=\"\" srcset=\"https:\/\/www.tgrthaber.com\/mavikadin\/wp-content\/uploads\/2026\/01\/survivor-seda-cingoz-meslegi-ne.jpg 1208w, https:\/\/www.tgrthaber.com\/mavikadin\/wp-content\/uploads\/2026\/01\/survivor-seda-cingoz-meslegi-ne-300x169.jpg 300w, https:\/\/www.tgrthaber.com\/mavikadin\/wp-content\/uploads\/2026\/01\/survivor-seda-cingoz-meslegi-ne-1024x576.jpg 1024w, https:\/\/www.tgrthaber.com\/mavikadin\/wp-content\/uploads\/2026\/01\/survivor-seda-cingoz-meslegi-ne-768x432.jpg 768w\" sizes=\"(max-width: 1208px) 100vw, 1208px\" \/><\/p>\n<hr \/>\n<h3>SURV\u0130VOR 2026 \u00dcNL\u00dcLER VE G\u00d6N\u00dcLL\u00dcLER KADROSU<\/h3>\n<p><strong>\u00dcnl\u00fcler Tak\u0131m\u0131 kadrosu<\/strong><\/p>\n<ul>\n<li>Bayhan G\u00fcrhan<\/li>\n<li>Deniz \u00c7atalba\u015f<\/li>\n<li>Dilan \u00c7\u0131tak (elendi)<\/li>\n<li>Keremcem D\u00fcr\u00fck ( elendi)<\/li>\n<li>Mert Nobre<\/li>\n<li>Meryem Boz<\/li>\n<li>Murat Ark\u0131n<\/li>\n<li>Selen G\u00f6rg\u00fczel (elendi)<\/li>\n<li>Seren Ay \u00c7etin<\/li>\n<li>Serhan Onat<\/li>\n<\/ul>\n<p><img loading=\"lazy\" decoding=\"async\" class=\"alignnone wp-image-294392 size-full\" src=\"https:\/\/www.tgrthaber.com\/mavikadin\/wp-content\/uploads\/2026\/01\/Adsiz-tasarim-8-15.jpg\" alt=\"\" width=\"1208\" height=\"680\" title=\"\" srcset=\"https:\/\/www.tgrthaber.com\/mavikadin\/wp-content\/uploads\/2026\/01\/Adsiz-tasarim-8-15.jpg 1208w, https:\/\/www.tgrthaber.com\/mavikadin\/wp-content\/uploads\/2026\/01\/Adsiz-tasarim-8-15-300x169.jpg 300w, https:\/\/www.tgrthaber.com\/mavikadin\/wp-content\/uploads\/2026\/01\/Adsiz-tasarim-8-15-1024x576.jpg 1024w, https:\/\/www.tgrthaber.com\/mavikadin\/wp-content\/uploads\/2026\/01\/Adsiz-tasarim-8-15-768x432.jpg 768w\" sizes=\"(max-width: 1208px) 100vw, 1208px\" \/><\/p>\n<hr \/>\n<p><strong>\u00dcnl\u00fcler tak\u0131m\u0131na yedeklerden gelen adaylar<\/strong><\/p>\n<p>Can Berkay Ertemiz<\/p>\n<p>Seda Albayrak<\/p>\n<p><img loading=\"lazy\" decoding=\"async\" class=\"alignnone wp-image-294393 size-full\" src=\"https:\/\/www.tgrthaber.com\/mavikadin\/wp-content\/uploads\/2026\/01\/SURVIVOR-2026-UNLULER-VE-GONULLULER-KADROSU-4.jpg\" alt=\"\" width=\"1208\" height=\"680\" title=\"\" srcset=\"https:\/\/www.tgrthaber.com\/mavikadin\/wp-content\/uploads\/2026\/01\/SURVIVOR-2026-UNLULER-VE-GONULLULER-KADROSU-4.jpg 1208w, https:\/\/www.tgrthaber.com\/mavikadin\/wp-content\/uploads\/2026\/01\/SURVIVOR-2026-UNLULER-VE-GONULLULER-KADROSU-4-300x169.jpg 300w, https:\/\/www.tgrthaber.com\/mavikadin\/wp-content\/uploads\/2026\/01\/SURVIVOR-2026-UNLULER-VE-GONULLULER-KADROSU-4-1024x576.jpg 1024w, https:\/\/www.tgrthaber.com\/mavikadin\/wp-content\/uploads\/2026\/01\/SURVIVOR-2026-UNLULER-VE-GONULLULER-KADROSU-4-768x432.jpg 768w\" sizes=\"(max-width: 1208px) 100vw, 1208px\" \/><\/p>\n<hr \/>\n<p><strong>G\u00f6n\u00fcll\u00fcler tak\u0131m\u0131 kadrosu<\/strong><\/p>\n<p>Ramazan Sar\u0131<\/p>\n<p>Beyza Gemici<\/p>\n<p>Engincan Tura<\/p>\n<p>Eren Semerci<\/p>\n<p>Erkan Bilben (elendi)<\/p>\n<p>G\u00f6zde Bozkurt<\/p>\n<p>Lina Hourieh<\/p>\n<p>Nisanur G\u00fcler<\/p>\n<p>Onur Alp \u00c7am<\/p>\n<p><img loading=\"lazy\" decoding=\"async\" class=\"alignnone wp-image-294388 size-full\" src=\"https:\/\/www.tgrthaber.com\/mavikadin\/wp-content\/uploads\/2026\/01\/Survivor-Unluler-Gonulluler.jpg\" alt=\"\" width=\"1208\" height=\"680\" title=\"\" srcset=\"https:\/\/www.tgrthaber.com\/mavikadin\/wp-content\/uploads\/2026\/01\/Survivor-Unluler-Gonulluler.jpg 1208w, https:\/\/www.tgrthaber.com\/mavikadin\/wp-content\/uploads\/2026\/01\/Survivor-Unluler-Gonulluler-300x169.jpg 300w, https:\/\/www.tgrthaber.com\/mavikadin\/wp-content\/uploads\/2026\/01\/Survivor-Unluler-Gonulluler-1024x576.jpg 1024w, https:\/\/www.tgrthaber.com\/mavikadin\/wp-content\/uploads\/2026\/01\/Survivor-Unluler-Gonulluler-768x432.jpg 768w\" sizes=\"(max-width: 1208px) 100vw, 1208px\" \/><\/p>\n<hr \/>\n<h3>SURV\u0130VOR 2026\u2019YA VEDE EDEN YARI\u015eMACILAR<\/h3>\n<ul>\n<li>Dilan \u00c7\u0131tak<\/li>\n<li>Keremcem D\u00fcr\u00fck<\/li>\n<li>Selen G\u00f6rg\u00fczel<\/li>\n<li>Erkan Bilben<\/li>\n<\/ul>\n","protected":false},"excerpt":{"rendered":"<p>Survivor 2026 yar\u0131\u015fmas\u0131na yedeklerden gelecek olan yeni yar\u0131\u015fmac\u0131lar merak edilmeye ba\u015fland\u0131. Survivor 2026\u2019ya gelece\u011fi konu\u015fulan Seda Cing\u00f6z\u2019\u00fcn hayat\u0131 ve mesle\u011fi ara\u015ft\u0131r\u0131l\u0131yor. Peki, Survivor 2026 Seda Cing\u00f6z kimdir? Survivor 2026 Seda Cing\u00f6z aslen nereli mesle\u011fi ne? <\/p>\n","protected":false},"author":10,"featured_media":294437,"comment_status":"closed","ping_status":"closed","sticky":false,"template":"","format":"standard","meta":{"rank_math_lock_modified_date":false,"footnotes":""},"categories":[491],"tags":[3374,71351,71348,71350,71349,2366,63785,71347],"class_list":["post-294421","post","type-post","status-publish","format-standard","has-post-thumbnail","hentry","category-biyografi","tag-biyografi","tag-seda-cingoz","tag-seda-cingoz-kim","tag-seda-cingoz-meslegi","tag-seda-cinogz-kac-yasinda","tag-survivor","tag-survivor-2026","tag-survivor-2026-seda-cingoz"],"_links":{"self":[{"href":"https:\/\/www.tgrthaber.com\/mavikadin\/wp-json\/wp\/v2\/posts\/294421"}],"collection":[{"href":"https:\/\/www.tgrthaber.com\/mavikadin\/wp-json\/wp\/v2\/posts"}],"about":[{"href":"https:\/\/www.tgrthaber.com\/mavikadin\/wp-json\/wp\/v2\/types\/post"}],"author":[{"embeddable":true,"href":"https:\/\/www.tgrthaber.com\/mavikadin\/wp-json\/wp\/v2\/users\/10"}],"replies":[{"embeddable":true,"href":"https:\/\/www.tgrthaber.com\/mavikadin\/wp-json\/wp\/v2\/comments?post=294421"}],"version-history":[{"count":2,"href":"https:\/\/www.tgrthaber.com\/mavikadin\/wp-json\/wp\/v2\/posts\/294421\/revisions"}],"predecessor-version":[{"id":294439,"href":"https:\/\/www.tgrthaber.com\/mavikadin\/wp-json\/wp\/v2\/posts\/294421\/revisions\/294439"}],"wp:featuredmedia":[{"embeddable":true,"href":"https:\/\/www.tgrthaber.com\/mavikadin\/wp-json\/wp\/v2\/media\/294437"}],"wp:attachment":[{"href":"https:\/\/www.tgrthaber.com\/mavikadin\/wp-json\/wp\/v2\/media?parent=294421"}],"wp:term":[{"taxonomy":"category","embeddable":true,"href":"https:\/\/www.tgrthaber.com\/mavikadin\/wp-json\/wp\/v2\/categories?post=294421"},{"taxonomy":"post_tag","embeddable":true,"href":"https:\/\/www.tgrthaber.com\/mavikadin\/wp-json\/wp\/v2\/tags?post=294421"}],"curies":[{"name":"wp","href":"https:\/\/api.w.org\/{rel}","templated":true}]}}