{"id":294434,"date":"2026-01-23T19:18:44","date_gmt":"2026-01-23T16:18:44","guid":{"rendered":"https:\/\/www.tgrthaber.com\/mavikadin\/?p=294434"},"modified":"2026-01-23T19:18:45","modified_gmt":"2026-01-23T16:18:45","slug":"tasacak-bu-denizin-adili-ulas-tuna-astepeden-volkan-konakin-kabrinde-duygulandiran-vefa-sozleri-yurek-burktu","status":"publish","type":"post","link":"https:\/\/www.tgrthaber.com\/mavikadin\/tasacak-bu-denizin-adili-ulas-tuna-astepeden-volkan-konakin-kabrinde-duygulandiran-vefa-sozleri-yurek-burktu\/","title":{"rendered":"Ta\u015facak Bu Deniz\u2019in Adil\u2019i Ula\u015f Tuna Astepe\u2019den Volkan Konak\u2019\u0131n kabrinde duyguland\u0131ran vefa! S\u00f6zleri y\u00fcrek burktu"},"content":{"rendered":"<p>TRT 1 ekranlar\u0131nda f\u0131rt\u0131nalar estiren Ta\u015facak Bu Deniz ekibi, setten k\u0131sa bir mola verip Volkan Konak i\u00e7in Ma\u00e7ka\u2019n\u0131n yolunu tuttu. Dizide Adil Ko\u00e7ari\u2019yi oynayan <a href=\"https:\/\/www.tgrthaber.com\/mavikadin\/deniz-baysaldan-ulas-tuna-astepeyle-olay-paylasim-partner-in-crime-notu-sosyal-medyayi-salladi\/\">Ula\u015f Tuna Astepe<\/a> ile Amirum Day\u0131 karakteriyle izleyicinin g\u00f6nl\u00fcnde yer edinen Hakan Sal\u0131nm\u0131\u015f, merhum Volkan Konak\u2019\u0131n mezar\u0131 ba\u015f\u0131nda ailesine taziyelerini iletti. \u0130\u015fte Ta\u015facak Bu Deniz&#8217;in Adil&#8217;i Ula\u015f Tuna Astepe&#8217;den Volkan Konak&#8217;a y\u00f6nelik duyguland\u0131ran vefa&#8230;<\/p>\n<h3>TA\u015eACAK BU DEN\u0130Z&#8217;\u0130N AD\u0130L&#8217;\u0130 ULA\u015e TUNA ASTEPE&#8217;DEN VOLKAN KONAK KABR\u0130NDE DUYGULANDIRAN VEFA!<\/h3>\n<p>\u00c7ekimleri Trabzon\u2019da devam eden ve yay\u0131nland\u0131\u011f\u0131 ilk b\u00f6l\u00fcmden itibaren milyonlar\u0131 ekran ba\u015f\u0131na kilitleyen Ta\u015facak Bu Deniz dizisinin oyuncular\u0131, Volkan Konak&#8217;\u0131n Ma\u00e7ka\u2019da bulunan kabrini ziyaret etti.<\/p>\n<p><img loading=\"lazy\" decoding=\"async\" class=\"alignnone wp-image-294442 size-full\" src=\"https:\/\/www.tgrthaber.com\/mavikadin\/wp-content\/uploads\/2026\/01\/2688-tasacak-bu-deniz-15-bolumde-neler-olacak-ihbar-et-kocariyi.webp\" alt=\"\" width=\"1280\" height=\"720\" title=\"\" srcset=\"https:\/\/www.tgrthaber.com\/mavikadin\/wp-content\/uploads\/2026\/01\/2688-tasacak-bu-deniz-15-bolumde-neler-olacak-ihbar-et-kocariyi.webp 1280w, https:\/\/www.tgrthaber.com\/mavikadin\/wp-content\/uploads\/2026\/01\/2688-tasacak-bu-deniz-15-bolumde-neler-olacak-ihbar-et-kocariyi-300x169.webp 300w, https:\/\/www.tgrthaber.com\/mavikadin\/wp-content\/uploads\/2026\/01\/2688-tasacak-bu-deniz-15-bolumde-neler-olacak-ihbar-et-kocariyi-1024x576.webp 1024w, https:\/\/www.tgrthaber.com\/mavikadin\/wp-content\/uploads\/2026\/01\/2688-tasacak-bu-deniz-15-bolumde-neler-olacak-ihbar-et-kocariyi-768x432.webp 768w\" sizes=\"(max-width: 1280px) 100vw, 1280px\" \/><\/p>\n<hr \/>\n<p><a href=\"https:\/\/www.tgrthaber.com\/mavikadin\/tasacak-bu-denizin-adil-kocarisi-ulas-tuna-astepe-sette-namaz-mi-kiliyor-sosyal-medyada-gundem-oldu\/\">Ula\u015f Tuna Astepe<\/a>, dizide oynad\u0131\u011f\u0131 Adil Ko\u00e7ari karakteriyle herkesi kendine hayran b\u0131rak\u0131rken, Volkan Konak\u2019\u0131n kabrine gelerek, Konak mezar\u0131 ba\u015f\u0131nda uzun s\u00fcre durdu.<\/p>\n<p><img loading=\"lazy\" decoding=\"async\" class=\"alignnone wp-image-294445 size-full\" src=\"https:\/\/www.tgrthaber.com\/mavikadin\/wp-content\/uploads\/2026\/01\/Adsiz-tasarim-70-1-scaled.jpg\" alt=\"\" width=\"2560\" height=\"1440\" title=\"\" srcset=\"https:\/\/www.tgrthaber.com\/mavikadin\/wp-content\/uploads\/2026\/01\/Adsiz-tasarim-70-1-scaled.jpg 2560w, https:\/\/www.tgrthaber.com\/mavikadin\/wp-content\/uploads\/2026\/01\/Adsiz-tasarim-70-1-300x169.jpg 300w, https:\/\/www.tgrthaber.com\/mavikadin\/wp-content\/uploads\/2026\/01\/Adsiz-tasarim-70-1-1024x576.jpg 1024w, https:\/\/www.tgrthaber.com\/mavikadin\/wp-content\/uploads\/2026\/01\/Adsiz-tasarim-70-1-768x432.jpg 768w, https:\/\/www.tgrthaber.com\/mavikadin\/wp-content\/uploads\/2026\/01\/Adsiz-tasarim-70-1-1536x864.jpg 1536w, https:\/\/www.tgrthaber.com\/mavikadin\/wp-content\/uploads\/2026\/01\/Adsiz-tasarim-70-1-2048x1152.jpg 2048w\" sizes=\"(max-width: 2560px) 100vw, 2560px\" \/><\/p>\n<hr \/>\n<h3>S\u00d6ZLER\u0130 Y\u00dcREK BURKTU<\/h3>\n<p>Ziyaret s\u0131ras\u0131nda Hakan Sal\u0131nm\u0131\u015f ve Ula\u015f Tuna Astepe, Volkan Konak\u2019\u0131n ablas\u0131 Saadet Konak&#8217;la bir araya geldi. Ma\u00e7ka\u2019da d\u00fczenlenen gastronomi etkinli\u011finde ger\u00e7ekle\u015fen bu bulu\u015fmada, usta sanat\u00e7\u0131n\u0131n ani kayb\u0131 sonras\u0131nda aileye ba\u015fsa\u011fl\u0131\u011f\u0131 dilekleri iletildi.<\/p>\n<p><img loading=\"lazy\" decoding=\"async\" class=\"alignnone wp-image-294444 size-full\" src=\"https:\/\/www.tgrthaber.com\/mavikadin\/wp-content\/uploads\/2026\/01\/Adsiz-tasarim-71-1-scaled.jpg\" alt=\"\" width=\"2560\" height=\"1440\" title=\"\" srcset=\"https:\/\/www.tgrthaber.com\/mavikadin\/wp-content\/uploads\/2026\/01\/Adsiz-tasarim-71-1-scaled.jpg 2560w, https:\/\/www.tgrthaber.com\/mavikadin\/wp-content\/uploads\/2026\/01\/Adsiz-tasarim-71-1-300x169.jpg 300w, https:\/\/www.tgrthaber.com\/mavikadin\/wp-content\/uploads\/2026\/01\/Adsiz-tasarim-71-1-1024x576.jpg 1024w, https:\/\/www.tgrthaber.com\/mavikadin\/wp-content\/uploads\/2026\/01\/Adsiz-tasarim-71-1-768x432.jpg 768w, https:\/\/www.tgrthaber.com\/mavikadin\/wp-content\/uploads\/2026\/01\/Adsiz-tasarim-71-1-1536x864.jpg 1536w, https:\/\/www.tgrthaber.com\/mavikadin\/wp-content\/uploads\/2026\/01\/Adsiz-tasarim-71-1-2048x1152.jpg 2048w\" sizes=\"(max-width: 2560px) 100vw, 2560px\" \/><\/p>\n<hr \/>\n<p>Hat\u0131rlanaca\u011f\u0131 \u00fczere Volkan Konak, 31 Mart 2025\u2019te Kuzey K\u0131br\u0131s T\u00fcrk Cumhuriyeti\u2019nde verdi\u011fi konser s\u0131ras\u0131nda ge\u00e7irdi\u011fi kalp krizi sonucu hayat\u0131n\u0131 kaybetmi\u015fti. <a href=\"https:\/\/www.tgrthaber.com\/mavikadin\/tasacak-bu-deniz-dizisinde-pes-dedirtti-benzerlik-arda-anaratin-ulas-tuna-astepe-aciklamasi-sasirtti\/\">Ta\u015facak Bu Deniz<\/a>&#8216;in Adil&#8217;i Ula\u015f Tuna Astepe, Volkan Konak i\u00e7in Haber Trabzon&#8217;a konu\u015ftu ve \u015fu ifadelere yer verdi;<\/p>\n<p><img loading=\"lazy\" decoding=\"async\" class=\"alignnone wp-image-294443 size-full\" src=\"https:\/\/www.tgrthaber.com\/mavikadin\/wp-content\/uploads\/2026\/01\/Adsiz-tasarim-72-1-scaled.jpg\" alt=\"\" width=\"2560\" height=\"1440\" title=\"\" srcset=\"https:\/\/www.tgrthaber.com\/mavikadin\/wp-content\/uploads\/2026\/01\/Adsiz-tasarim-72-1-scaled.jpg 2560w, https:\/\/www.tgrthaber.com\/mavikadin\/wp-content\/uploads\/2026\/01\/Adsiz-tasarim-72-1-300x169.jpg 300w, https:\/\/www.tgrthaber.com\/mavikadin\/wp-content\/uploads\/2026\/01\/Adsiz-tasarim-72-1-1024x576.jpg 1024w, https:\/\/www.tgrthaber.com\/mavikadin\/wp-content\/uploads\/2026\/01\/Adsiz-tasarim-72-1-768x432.jpg 768w, https:\/\/www.tgrthaber.com\/mavikadin\/wp-content\/uploads\/2026\/01\/Adsiz-tasarim-72-1-1536x864.jpg 1536w, https:\/\/www.tgrthaber.com\/mavikadin\/wp-content\/uploads\/2026\/01\/Adsiz-tasarim-72-1-2048x1152.jpg 2048w\" sizes=\"(max-width: 2560px) 100vw, 2560px\" \/><\/p>\n<hr \/>\n<p>&#8216;\u00c7ok y\u00fcksek duygular hissediyor insan burada. Volkan Konak Karadeniz&#8217;in kalbi gibi&#8230;Ruhu \u015fad olsun, topra\u011f\u0131 bol olsun. Yatt\u0131\u011f\u0131 yer incitmesin onu.&#8217;<\/p>\n<div style=\"width: 640px;\" class=\"wp-video\"><!--[if lt IE 9]><script>document.createElement('video');<\/script><![endif]-->\n<video class=\"wp-video-shortcode\" id=\"video-294434-1\" width=\"640\" height=\"1138\" preload=\"metadata\" controls=\"controls\"><source type=\"video\/mp4\" src=\"https:\/\/www.tgrthaber.com\/mavikadin\/wp-content\/uploads\/2026\/01\/9LFK4adgOaRJQp6.mp4?_=1\" \/><a href=\"https:\/\/www.tgrthaber.com\/mavikadin\/wp-content\/uploads\/2026\/01\/9LFK4adgOaRJQp6.mp4\">https:\/\/www.tgrthaber.com\/mavikadin\/wp-content\/uploads\/2026\/01\/9LFK4adgOaRJQp6.mp4<\/a><\/video><\/div>\n<hr \/>\n<h3>ULA\u015e TUNA ASTEPE K\u0130MD\u0130R, KA\u00c7 YA\u015eINDA?<\/h3>\n<p>Ula\u015f Tuna Astepe 5 May\u0131s 1988 do\u011fumludur ve \u0130zmit&#8217;te d\u00fcnyaya gelmi\u015ftir. Mimar Sinan \u00dcniversitesi Devlet Konservatuar\u0131 Tiyatro B\u00f6l\u00fcm\u00fc&#8217;nde okuyan Ula\u015f Tuna Astepe&#8217;nin yer ald\u0131\u011f\u0131 ba\u015fl\u0131ca diziler ise \u015fu \u015fekilde;<\/p>\n<p><img loading=\"lazy\" decoding=\"async\" class=\"alignnone wp-image-294446 size-full\" src=\"https:\/\/www.tgrthaber.com\/mavikadin\/wp-content\/uploads\/2026\/01\/Adsiz-tasarim-69-1-scaled.jpg\" alt=\"\" width=\"2560\" height=\"1440\" title=\"\" srcset=\"https:\/\/www.tgrthaber.com\/mavikadin\/wp-content\/uploads\/2026\/01\/Adsiz-tasarim-69-1-scaled.jpg 2560w, https:\/\/www.tgrthaber.com\/mavikadin\/wp-content\/uploads\/2026\/01\/Adsiz-tasarim-69-1-300x169.jpg 300w, https:\/\/www.tgrthaber.com\/mavikadin\/wp-content\/uploads\/2026\/01\/Adsiz-tasarim-69-1-1024x576.jpg 1024w, https:\/\/www.tgrthaber.com\/mavikadin\/wp-content\/uploads\/2026\/01\/Adsiz-tasarim-69-1-768x432.jpg 768w, https:\/\/www.tgrthaber.com\/mavikadin\/wp-content\/uploads\/2026\/01\/Adsiz-tasarim-69-1-1536x864.jpg 1536w, https:\/\/www.tgrthaber.com\/mavikadin\/wp-content\/uploads\/2026\/01\/Adsiz-tasarim-69-1-2048x1152.jpg 2048w\" sizes=\"(max-width: 2560px) 100vw, 2560px\" \/><\/p>\n<hr \/>\n<p>Ta\u015facak Bu Deniz &#8211; Adil Ko\u00e7ari<\/p>\n<p>\u00c7ift Ki\u015filik Oda &#8211; Kaan Tunca<\/p>\n<p>\u0130lk ve Son &#8211; Cihan Alaca<\/p>\n<p>Hayat Bug\u00fcn &#8211; Ba\u015fhekim Do\u00e7. Dr. Bar\u0131\u015f G\u00fcvener<\/p>\n<p>Barbaroslar Akdeniz&#8217;in K\u0131l\u0131c\u0131 &#8211; H\u0131z\u0131r Reis<\/p>\n<p><img loading=\"lazy\" decoding=\"async\" class=\"alignnone wp-image-294447 size-full\" src=\"https:\/\/www.tgrthaber.com\/mavikadin\/wp-content\/uploads\/2026\/01\/Adsiz-tasarim-68-1-scaled.jpg\" alt=\"\" width=\"2560\" height=\"1440\" title=\"\" srcset=\"https:\/\/www.tgrthaber.com\/mavikadin\/wp-content\/uploads\/2026\/01\/Adsiz-tasarim-68-1-scaled.jpg 2560w, https:\/\/www.tgrthaber.com\/mavikadin\/wp-content\/uploads\/2026\/01\/Adsiz-tasarim-68-1-300x169.jpg 300w, https:\/\/www.tgrthaber.com\/mavikadin\/wp-content\/uploads\/2026\/01\/Adsiz-tasarim-68-1-1024x576.jpg 1024w, https:\/\/www.tgrthaber.com\/mavikadin\/wp-content\/uploads\/2026\/01\/Adsiz-tasarim-68-1-768x432.jpg 768w, https:\/\/www.tgrthaber.com\/mavikadin\/wp-content\/uploads\/2026\/01\/Adsiz-tasarim-68-1-1536x864.jpg 1536w, https:\/\/www.tgrthaber.com\/mavikadin\/wp-content\/uploads\/2026\/01\/Adsiz-tasarim-68-1-2048x1152.jpg 2048w\" sizes=\"(max-width: 2560px) 100vw, 2560px\" \/><\/p>\n<hr \/>\n<p>Sen Anlat Karadeniz &#8211; Tahir Kaleli<\/p>\n<p>Masum &#8211; Ahmet<\/p>\n<p>R\u00fcya &#8211; Alaz Noyan<\/p>\n<p>Analar ve Anneler &#8211; Mustafa<\/p>\n<p>Karaday\u0131 &#8211; Orhan Kara<\/p>\n","protected":false},"excerpt":{"rendered":"<p>Ta\u015facak Bu Deniz dizisinin ba\u015frol oyuncular\u0131, Karadeniz m\u00fczi\u011finin unutulmaz ismi Volkan Konak\u2019\u0131n Ma\u00e7ka\u2019daki kabrine ziyarette bulundu. O anlar sosyal medyada g\u00fcndem olurken, Ta\u015facak Bu Deniz&#8217;in Adil&#8217;i Ula\u015f Tuna Astepe, Volkan Konak hakk\u0131nda duygusal a\u00e7\u0131klamalar yapt\u0131. \u0130\u015fte detaylar&#8230;<\/p>\n","protected":false},"author":35,"featured_media":294440,"comment_status":"closed","ping_status":"closed","sticky":false,"template":"","format":"standard","meta":{"rank_math_lock_modified_date":false,"footnotes":""},"categories":[76],"tags":[133,2218,65594,3178,16102],"class_list":["post-294434","post","type-post","status-publish","format-standard","has-post-thumbnail","hentry","category-magazin","tag-magazin","tag-magazin-haberleri","tag-tasacak-bu-deniz-adil","tag-ulas-tuna-astepe","tag-volkan-konak"],"_links":{"self":[{"href":"https:\/\/www.tgrthaber.com\/mavikadin\/wp-json\/wp\/v2\/posts\/294434"}],"collection":[{"href":"https:\/\/www.tgrthaber.com\/mavikadin\/wp-json\/wp\/v2\/posts"}],"about":[{"href":"https:\/\/www.tgrthaber.com\/mavikadin\/wp-json\/wp\/v2\/types\/post"}],"author":[{"embeddable":true,"href":"https:\/\/www.tgrthaber.com\/mavikadin\/wp-json\/wp\/v2\/users\/35"}],"replies":[{"embeddable":true,"href":"https:\/\/www.tgrthaber.com\/mavikadin\/wp-json\/wp\/v2\/comments?post=294434"}],"version-history":[{"count":2,"href":"https:\/\/www.tgrthaber.com\/mavikadin\/wp-json\/wp\/v2\/posts\/294434\/revisions"}],"predecessor-version":[{"id":294449,"href":"https:\/\/www.tgrthaber.com\/mavikadin\/wp-json\/wp\/v2\/posts\/294434\/revisions\/294449"}],"wp:featuredmedia":[{"embeddable":true,"href":"https:\/\/www.tgrthaber.com\/mavikadin\/wp-json\/wp\/v2\/media\/294440"}],"wp:attachment":[{"href":"https:\/\/www.tgrthaber.com\/mavikadin\/wp-json\/wp\/v2\/media?parent=294434"}],"wp:term":[{"taxonomy":"category","embeddable":true,"href":"https:\/\/www.tgrthaber.com\/mavikadin\/wp-json\/wp\/v2\/categories?post=294434"},{"taxonomy":"post_tag","embeddable":true,"href":"https:\/\/www.tgrthaber.com\/mavikadin\/wp-json\/wp\/v2\/tags?post=294434"}],"curies":[{"name":"wp","href":"https:\/\/api.w.org\/{rel}","templated":true}]}}