{"id":294450,"date":"2026-01-23T19:44:32","date_gmt":"2026-01-23T16:44:32","guid":{"rendered":"https:\/\/www.tgrthaber.com\/mavikadin\/?p=294450"},"modified":"2026-01-23T19:44:33","modified_gmt":"2026-01-23T16:44:33","slug":"survivor-2026-ata-dokerel-kim-kac-yasinda-survivor-2026-ata-dokerel-aslen-nereli-meslegi-ne","status":"publish","type":"post","link":"https:\/\/www.tgrthaber.com\/mavikadin\/survivor-2026-ata-dokerel-kim-kac-yasinda-survivor-2026-ata-dokerel-aslen-nereli-meslegi-ne\/","title":{"rendered":"Survivor 2026 Ata D\u00f6kerel kim ka\u00e7 ya\u015f\u0131nda? Survivor 2026 Ata D\u00f6kerel aslen nereli mesle\u011fi ne?"},"content":{"rendered":"<p>Survivor T\u00fcrkiye 2026 \u00dcnl\u00fcler G\u00f6n\u00fcll\u00fcler sezonu t\u00fcm h\u0131z\u0131yla devam ederken, yedek yar\u0131\u015fmac\u0131lar da izleyicilerin yak\u0131n takibinde al\u0131nd\u0131. Ata D\u00f6kerel, yar\u0131\u015fmaya dahil olaca\u011f\u0131 iddialar\u0131yla g\u00fcndeme geldi. Fiziksel yap\u0131s\u0131 ve performans potansiyeliyle dikkat \u00e7eken Ata D\u00f6kerel\u2019in ya\u015f\u0131, memleketi ve mesle\u011fi merak konusu oldu. Hen\u00fcz resmi bir a\u00e7\u0131klama yap\u0131lmazken, Ata D\u00f6kerel\u2019in hayat\u0131na dair detaylar ara\u015ft\u0131r\u0131l\u0131yor. Peki, Survivor 2026 Ata D\u00f6kerel kim ka\u00e7 ya\u015f\u0131nda? Survivor 2026 Ata D\u00f6kerel aslen nereli mesle\u011fi ne?<\/p>\n<h3>SURV\u0130VOR 2026 ATA D\u00d6KEREL K\u0130M KA\u00c7 YA\u015eINDA?<\/h3>\n<p>Ata D\u00f6kerel, Survivor 2026 \u00dcnl\u00fcler G\u00f6n\u00fcll\u00fcler yar\u0131\u015fmas\u0131na yedeklerden girece\u011fi tahmin ediliyor. D\u00f6kerel, sosyal medyada @atadokerel kullan\u0131c\u0131 ad\u0131yla yer al\u0131yor. 5 May\u0131s 1994 do\u011fumlu olan Ata D\u00f6kerel, 31 ya\u015f\u0131ndad\u0131r. Bilgilerine bak\u0131ld\u0131\u011f\u0131nda DJ\/Producer olarak kendini niteliyor. E\u011fitim alan\u0131nda hangi alandan mezun oldu\u011funa dair net bir bilgi yok. Sosyal medyas\u0131nda yay\u0131nlad\u0131\u011f\u0131 foto\u011fraflarla \u015fimdiden Survivor izleyicisinin dikkatini \u00e7ekti.<\/p>\n<p><img loading=\"lazy\" decoding=\"async\" class=\"alignnone wp-image-294453 size-full\" src=\"https:\/\/www.tgrthaber.com\/mavikadin\/wp-content\/uploads\/2026\/01\/Survivor-2026-Ata-Dokerel-kim-kac-yasinda.jpg\" alt=\"\" width=\"1208\" height=\"680\" title=\"\" srcset=\"https:\/\/www.tgrthaber.com\/mavikadin\/wp-content\/uploads\/2026\/01\/Survivor-2026-Ata-Dokerel-kim-kac-yasinda.jpg 1208w, https:\/\/www.tgrthaber.com\/mavikadin\/wp-content\/uploads\/2026\/01\/Survivor-2026-Ata-Dokerel-kim-kac-yasinda-300x169.jpg 300w, https:\/\/www.tgrthaber.com\/mavikadin\/wp-content\/uploads\/2026\/01\/Survivor-2026-Ata-Dokerel-kim-kac-yasinda-1024x576.jpg 1024w, https:\/\/www.tgrthaber.com\/mavikadin\/wp-content\/uploads\/2026\/01\/Survivor-2026-Ata-Dokerel-kim-kac-yasinda-768x432.jpg 768w\" sizes=\"(max-width: 1208px) 100vw, 1208px\" \/><\/p>\n<hr \/>\n<p>\u201cAtan\u0131n Rotas\u0131\u201d adl\u0131 hesap ise Ya\u011f\u0131z Ata D\u00f6kerel ad\u0131yla a\u00e7\u0131lan bir seyahat ve ya\u015fam tarz\u0131 profili olarak kar\u015f\u0131n\u0131za \u00e7\u0131k\u0131yor. Ata D\u00f6kerel tam ad\u0131 Ya\u011f\u0131z Ata D\u00f6kerel\u2019dir.<\/p>\n<p><img loading=\"lazy\" decoding=\"async\" class=\"alignnone wp-image-294452 size-full\" src=\"https:\/\/www.tgrthaber.com\/mavikadin\/wp-content\/uploads\/2026\/01\/Survivor-2026-Ata-Dokerel-aslen-nereli.jpg\" alt=\"\" width=\"1208\" height=\"680\" title=\"\" srcset=\"https:\/\/www.tgrthaber.com\/mavikadin\/wp-content\/uploads\/2026\/01\/Survivor-2026-Ata-Dokerel-aslen-nereli.jpg 1208w, https:\/\/www.tgrthaber.com\/mavikadin\/wp-content\/uploads\/2026\/01\/Survivor-2026-Ata-Dokerel-aslen-nereli-300x169.jpg 300w, https:\/\/www.tgrthaber.com\/mavikadin\/wp-content\/uploads\/2026\/01\/Survivor-2026-Ata-Dokerel-aslen-nereli-1024x576.jpg 1024w, https:\/\/www.tgrthaber.com\/mavikadin\/wp-content\/uploads\/2026\/01\/Survivor-2026-Ata-Dokerel-aslen-nereli-768x432.jpg 768w\" sizes=\"(max-width: 1208px) 100vw, 1208px\" \/><\/p>\n<hr \/>\n<h3>SURV\u0130VOR 2026 ATA D\u00d6KEREL ASLEN NEREL\u0130 MESLE\u011e\u0130 NE?<\/h3>\n<p>31 ya\u015f\u0131nda olan Ata D\u00f6kerel aslen Zonguldakl\u0131d\u0131r. D\u00f6kerel mesle\u011fi DJ\u2019liktir. M\u00fczik d\u00fcnyas\u0131nda yer ald\u0131\u011f\u0131 payla\u015ft\u0131\u011f\u0131 video ve foto\u011fraflar belli olan Ata D\u00f6kerel, m\u00fczik d\u0131\u015f\u0131nda k\u0131sa bir s\u00fcre kozmetik perakendesinde de \u00e7al\u0131\u015fm\u0131\u015ft\u0131r. D\u00f6kerel, \u015fuan sadece Dj\u2019lik ve M\u00fczik Prod\u00fckt\u00f6r\u00fc olarak mesle\u011fini yapmaktad\u0131r.<\/p>\n<p><img loading=\"lazy\" decoding=\"async\" class=\"alignnone wp-image-294451 size-full\" src=\"https:\/\/www.tgrthaber.com\/mavikadin\/wp-content\/uploads\/2026\/01\/Survivor-2026-Ata-Dokerel-meslegi.jpg\" alt=\"\" width=\"1208\" height=\"680\" title=\"\" srcset=\"https:\/\/www.tgrthaber.com\/mavikadin\/wp-content\/uploads\/2026\/01\/Survivor-2026-Ata-Dokerel-meslegi.jpg 1208w, https:\/\/www.tgrthaber.com\/mavikadin\/wp-content\/uploads\/2026\/01\/Survivor-2026-Ata-Dokerel-meslegi-300x169.jpg 300w, https:\/\/www.tgrthaber.com\/mavikadin\/wp-content\/uploads\/2026\/01\/Survivor-2026-Ata-Dokerel-meslegi-1024x576.jpg 1024w, https:\/\/www.tgrthaber.com\/mavikadin\/wp-content\/uploads\/2026\/01\/Survivor-2026-Ata-Dokerel-meslegi-768x432.jpg 768w\" sizes=\"(max-width: 1208px) 100vw, 1208px\" \/><\/p>\n<hr \/>\n<h3>SURV\u0130VOR 2026 \u00dcNL\u00dcLER VE G\u00d6N\u00dcLL\u00dcLER KADROSU<\/h3>\n<p><strong>\u00dcnl\u00fcler Tak\u0131m\u0131 kadrosu<\/strong><\/p>\n<ul>\n<li>Bayhan G\u00fcrhan<\/li>\n<li>Deniz \u00c7atalba\u015f<\/li>\n<li>Dilan \u00c7\u0131tak (elendi)<\/li>\n<li>Keremcem D\u00fcr\u00fck ( elendi)<\/li>\n<li>Mert Nobre<\/li>\n<li>Meryem Boz<\/li>\n<li>Murat Ark\u0131n<\/li>\n<li>Selen G\u00f6rg\u00fczel (elendi)<\/li>\n<li>Seren Ay \u00c7etin<\/li>\n<li>Serhan Onat<\/li>\n<\/ul>\n<p><img loading=\"lazy\" decoding=\"async\" class=\"alignnone wp-image-294392 size-full\" src=\"https:\/\/www.tgrthaber.com\/mavikadin\/wp-content\/uploads\/2026\/01\/Adsiz-tasarim-8-15.jpg\" alt=\"\" width=\"1208\" height=\"680\" title=\"\" srcset=\"https:\/\/www.tgrthaber.com\/mavikadin\/wp-content\/uploads\/2026\/01\/Adsiz-tasarim-8-15.jpg 1208w, https:\/\/www.tgrthaber.com\/mavikadin\/wp-content\/uploads\/2026\/01\/Adsiz-tasarim-8-15-300x169.jpg 300w, https:\/\/www.tgrthaber.com\/mavikadin\/wp-content\/uploads\/2026\/01\/Adsiz-tasarim-8-15-1024x576.jpg 1024w, https:\/\/www.tgrthaber.com\/mavikadin\/wp-content\/uploads\/2026\/01\/Adsiz-tasarim-8-15-768x432.jpg 768w\" sizes=\"(max-width: 1208px) 100vw, 1208px\" \/><\/p>\n<hr \/>\n<p><strong>\u00dcnl\u00fcler tak\u0131m\u0131na yedeklerden gelen adaylar<\/strong><\/p>\n<p>Can Berkay Ertemiz<\/p>\n<p>Seda Albayrak<\/p>\n<p><img loading=\"lazy\" decoding=\"async\" class=\"alignnone wp-image-294393 size-full\" src=\"https:\/\/www.tgrthaber.com\/mavikadin\/wp-content\/uploads\/2026\/01\/SURVIVOR-2026-UNLULER-VE-GONULLULER-KADROSU-4.jpg\" alt=\"\" width=\"1208\" height=\"680\" title=\"\" srcset=\"https:\/\/www.tgrthaber.com\/mavikadin\/wp-content\/uploads\/2026\/01\/SURVIVOR-2026-UNLULER-VE-GONULLULER-KADROSU-4.jpg 1208w, https:\/\/www.tgrthaber.com\/mavikadin\/wp-content\/uploads\/2026\/01\/SURVIVOR-2026-UNLULER-VE-GONULLULER-KADROSU-4-300x169.jpg 300w, https:\/\/www.tgrthaber.com\/mavikadin\/wp-content\/uploads\/2026\/01\/SURVIVOR-2026-UNLULER-VE-GONULLULER-KADROSU-4-1024x576.jpg 1024w, https:\/\/www.tgrthaber.com\/mavikadin\/wp-content\/uploads\/2026\/01\/SURVIVOR-2026-UNLULER-VE-GONULLULER-KADROSU-4-768x432.jpg 768w\" sizes=\"(max-width: 1208px) 100vw, 1208px\" \/><\/p>\n<hr \/>\n<p><strong>G\u00f6n\u00fcll\u00fcler tak\u0131m\u0131 kadrosu<\/strong><\/p>\n<p>Ramazan Sar\u0131<\/p>\n<p>Beyza Gemici<\/p>\n<p>Engincan Tura<\/p>\n<p>Eren Semerci<\/p>\n<p>Erkan Bilben (elendi)<\/p>\n<p>G\u00f6zde Bozkurt<\/p>\n<p>Lina Hourieh<\/p>\n<p>Nisanur G\u00fcler<\/p>\n<p>Onur Alp \u00c7am<\/p>\n<p><img loading=\"lazy\" decoding=\"async\" class=\"alignnone wp-image-294388 size-full\" src=\"https:\/\/www.tgrthaber.com\/mavikadin\/wp-content\/uploads\/2026\/01\/Survivor-Unluler-Gonulluler.jpg\" alt=\"\" width=\"1208\" height=\"680\" title=\"\" srcset=\"https:\/\/www.tgrthaber.com\/mavikadin\/wp-content\/uploads\/2026\/01\/Survivor-Unluler-Gonulluler.jpg 1208w, https:\/\/www.tgrthaber.com\/mavikadin\/wp-content\/uploads\/2026\/01\/Survivor-Unluler-Gonulluler-300x169.jpg 300w, https:\/\/www.tgrthaber.com\/mavikadin\/wp-content\/uploads\/2026\/01\/Survivor-Unluler-Gonulluler-1024x576.jpg 1024w, https:\/\/www.tgrthaber.com\/mavikadin\/wp-content\/uploads\/2026\/01\/Survivor-Unluler-Gonulluler-768x432.jpg 768w\" sizes=\"(max-width: 1208px) 100vw, 1208px\" \/><\/p>\n<hr \/>\n<h3>SURV\u0130VOR 2026\u2019YA VEDE EDEN YARI\u015eMACILAR<\/h3>\n<ul>\n<li>Dilan \u00c7\u0131tak<\/li>\n<li>Keremcem D\u00fcr\u00fck<\/li>\n<li>Selen G\u00f6rg\u00fczel<\/li>\n<li>Erkan Bilben<\/li>\n<\/ul>\n","protected":false},"excerpt":{"rendered":"<p>Survivor T\u00fcrkiye 2026\u2019da yedeklerden yar\u0131\u015fmaya dahil olaca\u011f\u0131 konu\u015fulan Ata D\u00f6kerel, izleyicilerin merak etti\u011fi isimler aras\u0131na girdi. Ya\u015f\u0131, memleketi ve mesle\u011fi ara\u015ft\u0131r\u0131lan Ata D\u00f6kerel\u2019in Survivor\u2019a olas\u0131 kat\u0131l\u0131m\u0131, sosyal medyada da g\u00fcndem oldu. Ata D\u00f6kerel kimdir, ka\u00e7 ya\u015f\u0131nda, aslen nereli? sorular\u0131 yar\u0131\u015fma takip\u00e7ileri taraf\u0131ndan s\u0131k\u00e7a sorulmaya ba\u015flad\u0131.<\/p>\n","protected":false},"author":10,"featured_media":294454,"comment_status":"closed","ping_status":"closed","sticky":false,"template":"","format":"standard","meta":{"rank_math_lock_modified_date":false,"footnotes":""},"categories":[491],"tags":[71358,71357,71355,71354,71356,3374,63785,71353,71352],"class_list":["post-294450","post","type-post","status-publish","format-standard","has-post-thumbnail","hentry","category-biyografi","tag-ata-dokerel","tag-ata-dokerel-aslen-nereli","tag-ata-dokerel-kac-yasinda","tag-ata-dokerel-kimdir","tag-ata-dokerel-meslegi","tag-biyografi","tag-survivor-2026","tag-survivor-2026-ata-dokerel","tag-survivor-ata-dokerel"],"_links":{"self":[{"href":"https:\/\/www.tgrthaber.com\/mavikadin\/wp-json\/wp\/v2\/posts\/294450"}],"collection":[{"href":"https:\/\/www.tgrthaber.com\/mavikadin\/wp-json\/wp\/v2\/posts"}],"about":[{"href":"https:\/\/www.tgrthaber.com\/mavikadin\/wp-json\/wp\/v2\/types\/post"}],"author":[{"embeddable":true,"href":"https:\/\/www.tgrthaber.com\/mavikadin\/wp-json\/wp\/v2\/users\/10"}],"replies":[{"embeddable":true,"href":"https:\/\/www.tgrthaber.com\/mavikadin\/wp-json\/wp\/v2\/comments?post=294450"}],"version-history":[{"count":1,"href":"https:\/\/www.tgrthaber.com\/mavikadin\/wp-json\/wp\/v2\/posts\/294450\/revisions"}],"predecessor-version":[{"id":294455,"href":"https:\/\/www.tgrthaber.com\/mavikadin\/wp-json\/wp\/v2\/posts\/294450\/revisions\/294455"}],"wp:featuredmedia":[{"embeddable":true,"href":"https:\/\/www.tgrthaber.com\/mavikadin\/wp-json\/wp\/v2\/media\/294454"}],"wp:attachment":[{"href":"https:\/\/www.tgrthaber.com\/mavikadin\/wp-json\/wp\/v2\/media?parent=294450"}],"wp:term":[{"taxonomy":"category","embeddable":true,"href":"https:\/\/www.tgrthaber.com\/mavikadin\/wp-json\/wp\/v2\/categories?post=294450"},{"taxonomy":"post_tag","embeddable":true,"href":"https:\/\/www.tgrthaber.com\/mavikadin\/wp-json\/wp\/v2\/tags?post=294450"}],"curies":[{"name":"wp","href":"https:\/\/api.w.org\/{rel}","templated":true}]}}