{"id":294457,"date":"2026-01-23T20:17:29","date_gmt":"2026-01-23T17:17:29","guid":{"rendered":"https:\/\/www.tgrthaber.com\/mavikadin\/?p=294457"},"modified":"2026-01-23T20:17:30","modified_gmt":"2026-01-23T17:17:30","slug":"survivor-2026-aleyna-geregul-kim-kac-yasinda-survivor-2026-aleyna-geregul-aslen-nereli-meslegi-ne","status":"publish","type":"post","link":"https:\/\/www.tgrthaber.com\/mavikadin\/survivor-2026-aleyna-geregul-kim-kac-yasinda-survivor-2026-aleyna-geregul-aslen-nereli-meslegi-ne\/","title":{"rendered":"Survivor 2026 Aleyna Gereg\u00fcl kim ka\u00e7 ya\u015f\u0131nda? Survivor 2026 Aleyna Gereg\u00fcl aslen nereli mesle\u011fi ne?"},"content":{"rendered":"<p>Survivor 2026 \u00dcnl\u00fcler G\u00f6n\u00fcll\u00fcler kadrosuna dahil olmas\u0131 beklenen yar\u0131\u015fmac\u0131 Aleyna Gereg\u00fcl<strong>,<\/strong> gen\u00e7 ya\u015f\u0131 ve atletik yap\u0131s\u0131yla \u00f6ne \u00e7\u0131k\u0131yor. Sporla i\u00e7 i\u00e7e bir ya\u015fam s\u00fcrd\u00fcren Aleyna Gereg\u00fcl\u2019\u00fcn \u00f6zellikle parkur oyunlar\u0131nda iddial\u0131 olabilece\u011fi yorumlar\u0131 yap\u0131l\u0131yor. Ata\u015fehir Spor\u2019a transfer olan gen\u00e7 voleybolcu aktif spor ge\u00e7mi\u015fine sahip oldu\u011fu biliniyor. Peki, Survivor 2026 Aleyna Gereg\u00fcl kim ka\u00e7 ya\u015f\u0131nda? Survivor 2026 Aleyna Gereg\u00fcl aslen nereli mesle\u011fi ne?<\/p>\n<h3>SURV\u0130VOR 2026 ALEYNA GEREG\u00dcL K\u0130M KA\u00c7 YA\u015eINDA?<\/h3>\n<p>Aleyna Gereg\u00fcl, 24 Haziran 2004 do\u011fumludur. 2026 y\u0131l\u0131 itibar\u0131yla 21 ya\u015f\u0131ndad\u0131r. Do\u011fum yeriyle ilgili resmi bir a\u00e7\u0131klama bulunmamakla birlikte, gen\u00e7 sporcu T\u00fcrkiye&#8217;de yeti\u015fmi\u015ftir. 176 cm boyundaki Aleyna, sma\u00e7\u00f6r (outside hitter) pozisyonunda g\u00f6rev yaparak, atak zenginli\u011fi ve savunma katk\u0131s\u0131yla \u00f6n plana \u00e7\u0131kmaktad\u0131r. Ni\u015fanta\u015f\u0131 \u00dcniversitesi BESYO Antren\u00f6rl\u00fck B\u00f6l\u00fcm\u00fc\u2019nde \u00f6\u011frenim g\u00f6rmektedir.<\/p>\n<p><img loading=\"lazy\" decoding=\"async\" class=\"alignnone wp-image-294459 size-full\" src=\"https:\/\/www.tgrthaber.com\/mavikadin\/wp-content\/uploads\/2026\/01\/survivor-aleyna-geregul-kim-kac-yasinda.jpg\" alt=\"\" width=\"1208\" height=\"680\" title=\"\" srcset=\"https:\/\/www.tgrthaber.com\/mavikadin\/wp-content\/uploads\/2026\/01\/survivor-aleyna-geregul-kim-kac-yasinda.jpg 1208w, https:\/\/www.tgrthaber.com\/mavikadin\/wp-content\/uploads\/2026\/01\/survivor-aleyna-geregul-kim-kac-yasinda-300x169.jpg 300w, https:\/\/www.tgrthaber.com\/mavikadin\/wp-content\/uploads\/2026\/01\/survivor-aleyna-geregul-kim-kac-yasinda-1024x576.jpg 1024w, https:\/\/www.tgrthaber.com\/mavikadin\/wp-content\/uploads\/2026\/01\/survivor-aleyna-geregul-kim-kac-yasinda-768x432.jpg 768w\" sizes=\"(max-width: 1208px) 100vw, 1208px\" \/><\/p>\n<hr \/>\n<h3>SURV\u0130VOR 2026 ALEYNA GEREG\u00dcL ASLEN NEREL\u0130 MESLE\u011e\u0130 NE?<\/h3>\n<p>Voleybolcu Aleyna Gereg\u00fcl\u2019\u00fcn aslen nereli oldu\u011funa dair net bir bilgi internette bulunmamaktad\u0131r. Aleyna Gereg\u00fcl, voleybol kariyerine S\u00f6ke Belediye Saldos Voleybol tak\u0131m\u0131nda ba\u015flad\u0131. 2024\/25 sezonunda Nar Kuma\u015f\u00e7\u0131l\u0131k \u00c7engelk\u00f6y Voleybol tak\u0131m\u0131na transfer olarak kariyerine orada devam etti. 2025\/26 sezonu \u00f6ncesindeDev Ata\u015fehir Spor ile s\u00f6zle\u015fme imzalayarak kariyerinde yeni bir sayfa a\u00e7t\u0131.<\/p>\n<p><img loading=\"lazy\" decoding=\"async\" class=\"alignnone wp-image-294460 size-full\" src=\"https:\/\/www.tgrthaber.com\/mavikadin\/wp-content\/uploads\/2026\/01\/survivor-alena-geregul-meslegi.jpg\" alt=\"\" width=\"1208\" height=\"680\" title=\"\" srcset=\"https:\/\/www.tgrthaber.com\/mavikadin\/wp-content\/uploads\/2026\/01\/survivor-alena-geregul-meslegi.jpg 1208w, https:\/\/www.tgrthaber.com\/mavikadin\/wp-content\/uploads\/2026\/01\/survivor-alena-geregul-meslegi-300x169.jpg 300w, https:\/\/www.tgrthaber.com\/mavikadin\/wp-content\/uploads\/2026\/01\/survivor-alena-geregul-meslegi-1024x576.jpg 1024w, https:\/\/www.tgrthaber.com\/mavikadin\/wp-content\/uploads\/2026\/01\/survivor-alena-geregul-meslegi-768x432.jpg 768w\" sizes=\"(max-width: 1208px) 100vw, 1208px\" \/><\/p>\n<hr \/>\n<h3>SURV\u0130VOR 2026 \u00dcNL\u00dcLER VE G\u00d6N\u00dcLL\u00dcLER KADROSU<\/h3>\n<p><strong>\u00dcnl\u00fcler Tak\u0131m\u0131 kadrosu<\/strong><\/p>\n<ul>\n<li>Bayhan G\u00fcrhan<\/li>\n<li>Deniz \u00c7atalba\u015f<\/li>\n<li>Dilan \u00c7\u0131tak (elendi)<\/li>\n<li>Keremcem D\u00fcr\u00fck ( elendi)<\/li>\n<li>Mert Nobre<\/li>\n<li>Meryem Boz<\/li>\n<li>Murat Ark\u0131n<\/li>\n<li>Selen G\u00f6rg\u00fczel (elendi)<\/li>\n<li>Seren Ay \u00c7etin<\/li>\n<li>Serhan Onat<\/li>\n<\/ul>\n<p><img loading=\"lazy\" decoding=\"async\" class=\"alignnone wp-image-294392 size-full\" src=\"https:\/\/www.tgrthaber.com\/mavikadin\/wp-content\/uploads\/2026\/01\/Adsiz-tasarim-8-15.jpg\" alt=\"\" width=\"1208\" height=\"680\" title=\"\" srcset=\"https:\/\/www.tgrthaber.com\/mavikadin\/wp-content\/uploads\/2026\/01\/Adsiz-tasarim-8-15.jpg 1208w, https:\/\/www.tgrthaber.com\/mavikadin\/wp-content\/uploads\/2026\/01\/Adsiz-tasarim-8-15-300x169.jpg 300w, https:\/\/www.tgrthaber.com\/mavikadin\/wp-content\/uploads\/2026\/01\/Adsiz-tasarim-8-15-1024x576.jpg 1024w, https:\/\/www.tgrthaber.com\/mavikadin\/wp-content\/uploads\/2026\/01\/Adsiz-tasarim-8-15-768x432.jpg 768w\" sizes=\"(max-width: 1208px) 100vw, 1208px\" \/><\/p>\n<hr \/>\n<p><strong>\u00dcnl\u00fcler tak\u0131m\u0131na yedeklerden gelen adaylar<\/strong><\/p>\n<p>Can Berkay Ertemiz<\/p>\n<p>Seda Albayrak<\/p>\n<p><img loading=\"lazy\" decoding=\"async\" class=\"alignnone wp-image-294393 size-full\" src=\"https:\/\/www.tgrthaber.com\/mavikadin\/wp-content\/uploads\/2026\/01\/SURVIVOR-2026-UNLULER-VE-GONULLULER-KADROSU-4.jpg\" alt=\"\" width=\"1208\" height=\"680\" title=\"\" srcset=\"https:\/\/www.tgrthaber.com\/mavikadin\/wp-content\/uploads\/2026\/01\/SURVIVOR-2026-UNLULER-VE-GONULLULER-KADROSU-4.jpg 1208w, https:\/\/www.tgrthaber.com\/mavikadin\/wp-content\/uploads\/2026\/01\/SURVIVOR-2026-UNLULER-VE-GONULLULER-KADROSU-4-300x169.jpg 300w, https:\/\/www.tgrthaber.com\/mavikadin\/wp-content\/uploads\/2026\/01\/SURVIVOR-2026-UNLULER-VE-GONULLULER-KADROSU-4-1024x576.jpg 1024w, https:\/\/www.tgrthaber.com\/mavikadin\/wp-content\/uploads\/2026\/01\/SURVIVOR-2026-UNLULER-VE-GONULLULER-KADROSU-4-768x432.jpg 768w\" sizes=\"(max-width: 1208px) 100vw, 1208px\" \/><\/p>\n<hr \/>\n<p><strong>G\u00f6n\u00fcll\u00fcler tak\u0131m\u0131 kadrosu<\/strong><\/p>\n<p>Ramazan Sar\u0131<\/p>\n<p>Beyza Gemici<\/p>\n<p>Engincan Tura<\/p>\n<p>Eren Semerci<\/p>\n<p>Erkan Bilben (elendi)<\/p>\n<p>G\u00f6zde Bozkurt<\/p>\n<p>Lina Hourieh<\/p>\n<p>Nisanur G\u00fcler<\/p>\n<p>Onur Alp \u00c7am<\/p>\n<p><img loading=\"lazy\" decoding=\"async\" class=\"alignnone wp-image-294388 size-full\" src=\"https:\/\/www.tgrthaber.com\/mavikadin\/wp-content\/uploads\/2026\/01\/Survivor-Unluler-Gonulluler.jpg\" alt=\"\" width=\"1208\" height=\"680\" title=\"\" srcset=\"https:\/\/www.tgrthaber.com\/mavikadin\/wp-content\/uploads\/2026\/01\/Survivor-Unluler-Gonulluler.jpg 1208w, https:\/\/www.tgrthaber.com\/mavikadin\/wp-content\/uploads\/2026\/01\/Survivor-Unluler-Gonulluler-300x169.jpg 300w, https:\/\/www.tgrthaber.com\/mavikadin\/wp-content\/uploads\/2026\/01\/Survivor-Unluler-Gonulluler-1024x576.jpg 1024w, https:\/\/www.tgrthaber.com\/mavikadin\/wp-content\/uploads\/2026\/01\/Survivor-Unluler-Gonulluler-768x432.jpg 768w\" sizes=\"(max-width: 1208px) 100vw, 1208px\" \/><\/p>\n<hr \/>\n<h3>SURV\u0130VOR 2026\u2019YA VEDE EDEN YARI\u015eMACILAR<\/h3>\n<ul>\n<li>Dilan \u00c7\u0131tak<\/li>\n<li>Keremcem D\u00fcr\u00fck<\/li>\n<li>Selen G\u00f6rg\u00fczel<\/li>\n<li>Erkan Bilben<\/li>\n<\/ul>\n","protected":false},"excerpt":{"rendered":"<p>Ata\u015fehir Spor\u2019a transfer olan gen\u00e7 voleybolcu Aleyna Gereg\u00fcl, Survivor 2026 sezonunda ad\u0131 yedek yar\u0131\u015fmac\u0131lar aras\u0131nda ge\u00e7iyor. Fiziksel performans\u0131 ve sporcu kimli\u011fiyle dikkat \u00e7eken Aleyna\u2019n\u0131n ya\u015f\u0131, memleketi ve mesle\u011fi merak konusu olurken, yar\u0131\u015fmaya dahil olup olmayaca\u011f\u0131 da merak ediliyor. Peki, Survivor 2026 Aleyna Gereg\u00fcl kim ka\u00e7 ya\u015f\u0131nda? Survivor 2026 Aleyna Gereg\u00fcl aslen nereli mesle\u011fi ne?<\/p>\n","protected":false},"author":10,"featured_media":294458,"comment_status":"closed","ping_status":"closed","sticky":false,"template":"","format":"standard","meta":{"rank_math_lock_modified_date":false,"footnotes":""},"categories":[491],"tags":[71364,71363,71361,71360,71362,3374,63785,71365,71359],"class_list":["post-294457","post","type-post","status-publish","format-standard","has-post-thumbnail","hentry","category-biyografi","tag-aleyna-geregul","tag-aleyna-geregul-aslen-nereli","tag-aleyna-geregul-kac-yasinda","tag-aleyna-geregul-kim","tag-aleyna-geregul-meslegi","tag-biyografi","tag-survivor-2026","tag-survivor-2026-aleyna-geregul","tag-survivor-aleyna-geregul"],"_links":{"self":[{"href":"https:\/\/www.tgrthaber.com\/mavikadin\/wp-json\/wp\/v2\/posts\/294457"}],"collection":[{"href":"https:\/\/www.tgrthaber.com\/mavikadin\/wp-json\/wp\/v2\/posts"}],"about":[{"href":"https:\/\/www.tgrthaber.com\/mavikadin\/wp-json\/wp\/v2\/types\/post"}],"author":[{"embeddable":true,"href":"https:\/\/www.tgrthaber.com\/mavikadin\/wp-json\/wp\/v2\/users\/10"}],"replies":[{"embeddable":true,"href":"https:\/\/www.tgrthaber.com\/mavikadin\/wp-json\/wp\/v2\/comments?post=294457"}],"version-history":[{"count":2,"href":"https:\/\/www.tgrthaber.com\/mavikadin\/wp-json\/wp\/v2\/posts\/294457\/revisions"}],"predecessor-version":[{"id":294462,"href":"https:\/\/www.tgrthaber.com\/mavikadin\/wp-json\/wp\/v2\/posts\/294457\/revisions\/294462"}],"wp:featuredmedia":[{"embeddable":true,"href":"https:\/\/www.tgrthaber.com\/mavikadin\/wp-json\/wp\/v2\/media\/294458"}],"wp:attachment":[{"href":"https:\/\/www.tgrthaber.com\/mavikadin\/wp-json\/wp\/v2\/media?parent=294457"}],"wp:term":[{"taxonomy":"category","embeddable":true,"href":"https:\/\/www.tgrthaber.com\/mavikadin\/wp-json\/wp\/v2\/categories?post=294457"},{"taxonomy":"post_tag","embeddable":true,"href":"https:\/\/www.tgrthaber.com\/mavikadin\/wp-json\/wp\/v2\/tags?post=294457"}],"curies":[{"name":"wp","href":"https:\/\/api.w.org\/{rel}","templated":true}]}}