{"id":294463,"date":"2026-01-23T20:49:24","date_gmt":"2026-01-23T17:49:24","guid":{"rendered":"https:\/\/www.tgrthaber.com\/mavikadin\/?p=294463"},"modified":"2026-01-23T20:49:24","modified_gmt":"2026-01-23T17:49:24","slug":"survivor-2026-can-turkmen-kim-kac-yasinda-survivor-2026-can-turkmen-aslen-nereli-meslegi-ne","status":"publish","type":"post","link":"https:\/\/www.tgrthaber.com\/mavikadin\/survivor-2026-can-turkmen-kim-kac-yasinda-survivor-2026-can-turkmen-aslen-nereli-meslegi-ne\/","title":{"rendered":"Survivor 2026 Can T\u00fcrkmen kim ka\u00e7 ya\u015f\u0131nda? Survivor 2026 Can T\u00fcrkmen aslen nereli mesle\u011fi ne?"},"content":{"rendered":"<p>Survivor 2026\u2019da yar\u0131\u015fmaya sonradan dahil olabilece\u011fi konu\u015fulan isimler aras\u0131nda Can T\u00fcrkmen\u2019in ad\u0131 da ge\u00e7iyor. Fitness e\u011fitmeni olarak tan\u0131nan T\u00fcrkmen, g\u00fc\u00e7l\u00fc fizi\u011fi ve disiplinli ya\u015fam tarz\u0131yla Survivor parkurlar\u0131na uygun adaylar aras\u0131nda g\u00f6steriliyor. Sosyal medyas\u0131nda yay\u0131nlad\u0131\u011f\u0131 videolarla kullan\u0131c\u0131lar\u0131n dikkatini \u00e7eken Can T\u00fcrkmen\u2019in \u00f6zel ya\u015fam\u0131na dair sorular ara\u015ft\u0131r\u0131l\u0131yor. Peki, Survivor 2026 Can T\u00fcrkmen kim ka\u00e7 ya\u015f\u0131nda? Survivor 2026 Can T\u00fcrkmen aslen nereli mesle\u011fi ne?<\/p>\n<h3>SURV\u0130VOR 2026 CAN T\u00dcRKMEN K\u0130M KA\u00c7 YA\u015eINDA?<\/h3>\n<p>Can T\u00fcrkmen\u2019in ka\u00e7 ya\u015f\u0131nda oldu\u011funa dair internetteki aramalar sonucunda belli de\u011fildir. T\u00fcrkmen, sosyal medyas\u0131nda yapt\u0131\u011f\u0131 payla\u015f\u0131mlarla daha \u00e7ok \u00f6n planda yer al\u0131r. \u00d6zel bir spor merkezinde fitness e\u011fitmenli\u011fi yapmaktad\u0131r. \u00c7al\u0131\u015ft\u0131\u011f\u0131 spor salonunda hem bireysel hem de grup olarak dersler vermektedir.<\/p>\n<p><img loading=\"lazy\" decoding=\"async\" class=\"alignnone wp-image-294466 size-full\" src=\"https:\/\/www.tgrthaber.com\/mavikadin\/wp-content\/uploads\/2026\/01\/survivor-can-turkmen-kimdir.jpg\" alt=\"\" width=\"1208\" height=\"680\" title=\"\" srcset=\"https:\/\/www.tgrthaber.com\/mavikadin\/wp-content\/uploads\/2026\/01\/survivor-can-turkmen-kimdir.jpg 1208w, https:\/\/www.tgrthaber.com\/mavikadin\/wp-content\/uploads\/2026\/01\/survivor-can-turkmen-kimdir-300x169.jpg 300w, https:\/\/www.tgrthaber.com\/mavikadin\/wp-content\/uploads\/2026\/01\/survivor-can-turkmen-kimdir-1024x576.jpg 1024w, https:\/\/www.tgrthaber.com\/mavikadin\/wp-content\/uploads\/2026\/01\/survivor-can-turkmen-kimdir-768x432.jpg 768w\" sizes=\"(max-width: 1208px) 100vw, 1208px\" \/><\/p>\n<hr \/>\n<p>Sosyal medya \u00fczerinden yapt\u0131\u011f\u0131 payla\u015f\u0131mlar do\u011frultusunda ders almaya gelen \u00f6\u011frencilere cycle, spinning ve g\u00fc\u00e7 antrenmanlar\u0131 gibi farkl\u0131 bran\u015flara yer verdi\u011fi g\u00f6r\u00fclmektedir. Futbola da ilgisi olan Can T\u00fcrkmen, Fenerbah\u00e7elidir.<\/p>\n<p><img loading=\"lazy\" decoding=\"async\" class=\"alignnone wp-image-294465 size-full\" src=\"https:\/\/www.tgrthaber.com\/mavikadin\/wp-content\/uploads\/2026\/01\/survivor-2026-can-turkmen-kac-yasinda.jpg\" alt=\"\" width=\"1208\" height=\"680\" title=\"\" srcset=\"https:\/\/www.tgrthaber.com\/mavikadin\/wp-content\/uploads\/2026\/01\/survivor-2026-can-turkmen-kac-yasinda.jpg 1208w, https:\/\/www.tgrthaber.com\/mavikadin\/wp-content\/uploads\/2026\/01\/survivor-2026-can-turkmen-kac-yasinda-300x169.jpg 300w, https:\/\/www.tgrthaber.com\/mavikadin\/wp-content\/uploads\/2026\/01\/survivor-2026-can-turkmen-kac-yasinda-1024x576.jpg 1024w, https:\/\/www.tgrthaber.com\/mavikadin\/wp-content\/uploads\/2026\/01\/survivor-2026-can-turkmen-kac-yasinda-768x432.jpg 768w\" sizes=\"(max-width: 1208px) 100vw, 1208px\" \/><\/p>\n<hr \/>\n<h3>SURV\u0130VOR 2026 CAN T\u00dcRKMEN ASLEN NEREL\u0130 MESLE\u011e\u0130 NE?<\/h3>\n<p>Can T\u00fcrkmen aslen nereli oldu\u011fu bilinmemektedir. Ki\u015fisel sosyal medya platformunda yapt\u0131\u011f\u0131 payla\u015f\u0131mlar do\u011frultusunda Can T\u00fcrkmen fitness e\u011fitmenli\u011fi yapmaktad\u0131r. G\u00fcn\u00fcn bir\u00e7o\u011funu spor salonunda ge\u00e7iren T\u00fcrkmen, \u00f6\u011frencileriyle yapt\u0131\u011f\u0131 derslere dair videolar\u0131 da hikayesinde payla\u015fmaktad\u0131r. Cycle, spinning ve g\u00fc\u00e7 antrenmanlar\u0131 alanlar\u0131nda daha \u00e7ok faaliyet g\u00f6stermektedir.<\/p>\n<p><img loading=\"lazy\" decoding=\"async\" class=\"alignnone wp-image-294464 size-full\" src=\"https:\/\/www.tgrthaber.com\/mavikadin\/wp-content\/uploads\/2026\/01\/survivor-can-turkmen-meslegi-ne.jpg\" alt=\"\" width=\"1208\" height=\"680\" title=\"\" srcset=\"https:\/\/www.tgrthaber.com\/mavikadin\/wp-content\/uploads\/2026\/01\/survivor-can-turkmen-meslegi-ne.jpg 1208w, https:\/\/www.tgrthaber.com\/mavikadin\/wp-content\/uploads\/2026\/01\/survivor-can-turkmen-meslegi-ne-300x169.jpg 300w, https:\/\/www.tgrthaber.com\/mavikadin\/wp-content\/uploads\/2026\/01\/survivor-can-turkmen-meslegi-ne-1024x576.jpg 1024w, https:\/\/www.tgrthaber.com\/mavikadin\/wp-content\/uploads\/2026\/01\/survivor-can-turkmen-meslegi-ne-768x432.jpg 768w\" sizes=\"(max-width: 1208px) 100vw, 1208px\" \/><\/p>\n<hr \/>\n<h3>SURV\u0130VOR 2026 \u00dcNL\u00dcLER VE G\u00d6N\u00dcLL\u00dcLER KADROSU<\/h3>\n<p><strong>\u00dcnl\u00fcler Tak\u0131m\u0131 kadrosu<\/strong><\/p>\n<ul>\n<li>Bayhan G\u00fcrhan<\/li>\n<li>Deniz \u00c7atalba\u015f<\/li>\n<li>Dilan \u00c7\u0131tak (elendi)<\/li>\n<li>Keremcem D\u00fcr\u00fck ( elendi)<\/li>\n<li>Mert Nobre<\/li>\n<li>Meryem Boz<\/li>\n<li>Murat Ark\u0131n<\/li>\n<li>Selen G\u00f6rg\u00fczel (elendi)<\/li>\n<li>Seren Ay \u00c7etin<\/li>\n<li>Serhan Onat<\/li>\n<\/ul>\n<p><img loading=\"lazy\" decoding=\"async\" class=\"alignnone wp-image-294392 size-full\" src=\"https:\/\/www.tgrthaber.com\/mavikadin\/wp-content\/uploads\/2026\/01\/Adsiz-tasarim-8-15.jpg\" alt=\"\" width=\"1208\" height=\"680\" title=\"\" srcset=\"https:\/\/www.tgrthaber.com\/mavikadin\/wp-content\/uploads\/2026\/01\/Adsiz-tasarim-8-15.jpg 1208w, https:\/\/www.tgrthaber.com\/mavikadin\/wp-content\/uploads\/2026\/01\/Adsiz-tasarim-8-15-300x169.jpg 300w, https:\/\/www.tgrthaber.com\/mavikadin\/wp-content\/uploads\/2026\/01\/Adsiz-tasarim-8-15-1024x576.jpg 1024w, https:\/\/www.tgrthaber.com\/mavikadin\/wp-content\/uploads\/2026\/01\/Adsiz-tasarim-8-15-768x432.jpg 768w\" sizes=\"(max-width: 1208px) 100vw, 1208px\" \/><\/p>\n<hr \/>\n<p><strong>\u00dcnl\u00fcler tak\u0131m\u0131na yedeklerden gelen adaylar<\/strong><\/p>\n<p>Can Berkay Ertemiz<\/p>\n<p>Seda Albayrak<\/p>\n<p><img loading=\"lazy\" decoding=\"async\" class=\"alignnone wp-image-294393 size-full\" src=\"https:\/\/www.tgrthaber.com\/mavikadin\/wp-content\/uploads\/2026\/01\/SURVIVOR-2026-UNLULER-VE-GONULLULER-KADROSU-4.jpg\" alt=\"\" width=\"1208\" height=\"680\" title=\"\" srcset=\"https:\/\/www.tgrthaber.com\/mavikadin\/wp-content\/uploads\/2026\/01\/SURVIVOR-2026-UNLULER-VE-GONULLULER-KADROSU-4.jpg 1208w, https:\/\/www.tgrthaber.com\/mavikadin\/wp-content\/uploads\/2026\/01\/SURVIVOR-2026-UNLULER-VE-GONULLULER-KADROSU-4-300x169.jpg 300w, https:\/\/www.tgrthaber.com\/mavikadin\/wp-content\/uploads\/2026\/01\/SURVIVOR-2026-UNLULER-VE-GONULLULER-KADROSU-4-1024x576.jpg 1024w, https:\/\/www.tgrthaber.com\/mavikadin\/wp-content\/uploads\/2026\/01\/SURVIVOR-2026-UNLULER-VE-GONULLULER-KADROSU-4-768x432.jpg 768w\" sizes=\"(max-width: 1208px) 100vw, 1208px\" \/><\/p>\n<hr \/>\n<p><strong>G\u00f6n\u00fcll\u00fcler tak\u0131m\u0131 kadrosu<\/strong><\/p>\n<p>Ramazan Sar\u0131<\/p>\n<p>Beyza Gemici<\/p>\n<p>Engincan Tura<\/p>\n<p>Eren Semerci<\/p>\n<p>Erkan Bilben (elendi)<\/p>\n<p>G\u00f6zde Bozkurt<\/p>\n<p>Lina Hourieh<\/p>\n<p>Nisanur G\u00fcler<\/p>\n<p>Onur Alp \u00c7am<\/p>\n<p><img loading=\"lazy\" decoding=\"async\" class=\"alignnone wp-image-294388 size-full\" src=\"https:\/\/www.tgrthaber.com\/mavikadin\/wp-content\/uploads\/2026\/01\/Survivor-Unluler-Gonulluler.jpg\" alt=\"\" width=\"1208\" height=\"680\" title=\"\" srcset=\"https:\/\/www.tgrthaber.com\/mavikadin\/wp-content\/uploads\/2026\/01\/Survivor-Unluler-Gonulluler.jpg 1208w, https:\/\/www.tgrthaber.com\/mavikadin\/wp-content\/uploads\/2026\/01\/Survivor-Unluler-Gonulluler-300x169.jpg 300w, https:\/\/www.tgrthaber.com\/mavikadin\/wp-content\/uploads\/2026\/01\/Survivor-Unluler-Gonulluler-1024x576.jpg 1024w, https:\/\/www.tgrthaber.com\/mavikadin\/wp-content\/uploads\/2026\/01\/Survivor-Unluler-Gonulluler-768x432.jpg 768w\" sizes=\"(max-width: 1208px) 100vw, 1208px\" \/><\/p>\n<hr \/>\n<h3>SURV\u0130VOR 2026\u2019YA VEDE EDEN YARI\u015eMACILAR<\/h3>\n<ul>\n<li>Dilan \u00c7\u0131tak<\/li>\n<li>Keremcem D\u00fcr\u00fck<\/li>\n<li>Selen G\u00f6rg\u00fczel<\/li>\n<li>Erkan Bilben<\/li>\n<\/ul>\n","protected":false},"excerpt":{"rendered":"<p>Survivor T\u00fcrkiye 2026 yedek yar\u0131\u015fmac\u0131 listesinde ad\u0131 ge\u00e7en Can T\u00fcrkmen\u2019i sosyal medya kullan\u0131c\u0131lar\u0131 mercek alt\u0131na ald\u0131. Spor ve fitness d\u00fcnyas\u0131ndan gelen Can T\u00fcrkmen, parkurlardaki performans\u0131 kadar ki\u015fisel hayat\u0131yla da merak ediliyor. Peki, Can T\u00fcrkmen kimdir, ka\u00e7 ya\u015f\u0131nda, aslen nereli ve mesle\u011fi ne?<\/p>\n","protected":false},"author":10,"featured_media":294467,"comment_status":"closed","ping_status":"closed","sticky":false,"template":"","format":"standard","meta":{"rank_math_lock_modified_date":false,"footnotes":""},"categories":[491],"tags":[3374,71370,71369,71368,71371,2366,63785,71367,71366],"class_list":["post-294463","post","type-post","status-publish","format-standard","has-post-thumbnail","hentry","category-biyografi","tag-biyografi","tag-can-turkmen-aslen-nereli","tag-can-turkmen-kac-yasinda","tag-can-turkmen-kimdir","tag-can-turkmen-meslegi","tag-survivor","tag-survivor-2026","tag-survivor-2026-can-turkmen","tag-survivor-can-turkmen"],"_links":{"self":[{"href":"https:\/\/www.tgrthaber.com\/mavikadin\/wp-json\/wp\/v2\/posts\/294463"}],"collection":[{"href":"https:\/\/www.tgrthaber.com\/mavikadin\/wp-json\/wp\/v2\/posts"}],"about":[{"href":"https:\/\/www.tgrthaber.com\/mavikadin\/wp-json\/wp\/v2\/types\/post"}],"author":[{"embeddable":true,"href":"https:\/\/www.tgrthaber.com\/mavikadin\/wp-json\/wp\/v2\/users\/10"}],"replies":[{"embeddable":true,"href":"https:\/\/www.tgrthaber.com\/mavikadin\/wp-json\/wp\/v2\/comments?post=294463"}],"version-history":[{"count":1,"href":"https:\/\/www.tgrthaber.com\/mavikadin\/wp-json\/wp\/v2\/posts\/294463\/revisions"}],"predecessor-version":[{"id":294468,"href":"https:\/\/www.tgrthaber.com\/mavikadin\/wp-json\/wp\/v2\/posts\/294463\/revisions\/294468"}],"wp:featuredmedia":[{"embeddable":true,"href":"https:\/\/www.tgrthaber.com\/mavikadin\/wp-json\/wp\/v2\/media\/294467"}],"wp:attachment":[{"href":"https:\/\/www.tgrthaber.com\/mavikadin\/wp-json\/wp\/v2\/media?parent=294463"}],"wp:term":[{"taxonomy":"category","embeddable":true,"href":"https:\/\/www.tgrthaber.com\/mavikadin\/wp-json\/wp\/v2\/categories?post=294463"},{"taxonomy":"post_tag","embeddable":true,"href":"https:\/\/www.tgrthaber.com\/mavikadin\/wp-json\/wp\/v2\/tags?post=294463"}],"curies":[{"name":"wp","href":"https:\/\/api.w.org\/{rel}","templated":true}]}}