{"id":294469,"date":"2026-01-23T21:54:04","date_gmt":"2026-01-23T18:54:04","guid":{"rendered":"https:\/\/www.tgrthaber.com\/mavikadin\/?p=294469"},"modified":"2026-01-23T21:54:04","modified_gmt":"2026-01-23T18:54:04","slug":"sahtekarlar-dizisine-yigit-kirazci-dahil-oldu-humanin-oglu-ibrahim-bakizade-ailesinde-dengeleri-degistirecek","status":"publish","type":"post","link":"https:\/\/www.tgrthaber.com\/mavikadin\/sahtekarlar-dizisine-yigit-kirazci-dahil-oldu-humanin-oglu-ibrahim-bakizade-ailesinde-dengeleri-degistirecek\/","title":{"rendered":"Sahtekarlar dizisine Yi\u011fit Kirazc\u0131 dahil oldu! H\u00fcma&#8217;n\u0131n o\u011flu \u0130brahim Bakizade ailesinde dengeleri de\u011fi\u015ftirecek!"},"content":{"rendered":"<p>Ekranlar\u0131n dikkat \u00e7eken yap\u0131mlar\u0131ndan olan <a href=\"https:\/\/www.tgrthaber.com\/mavikadin\/kiskanmak-dizisine-tamer-levent-surprizi-sahtekarlarin-hidayet-bakizadesi-mediha-icin-geliyor\/\">Sahtekarlar<\/a>, g\u00fc\u00e7l\u00fc oyuncu kadrosuna bir ismi daha dahil ederek hik\u00e2yesini derinle\u015ftiriyor. Burak Deniz ve Hilal Alt\u0131nbilek\u2019in ba\u015frollerini payla\u015ft\u0131\u011f\u0131 dizide, dengeleri sarsacak yeni bir karakter izleyiciyle bulu\u015fmaya haz\u0131rlan\u0131yor. Son olarak K\u0131z\u0131lc\u0131k \u015eerbeti dizisinde oynad\u0131\u011f\u0131 R\u00fczgar Yener karakteriyle ad\u0131ndan s\u00f6z ettiren Yi\u011fit Kirazc\u0131, bu kez Sahtekarlar dizisinin oyuncu kadrosuna kat\u0131l\u0131yor. Kirazc\u0131, dizide H\u00fcma\u2019n\u0131n hapisteki o\u011flu \u0130brahim karakterini oynayacak. \u0130brahim\u2019in hik\u00e2yeye dahil olmas\u0131yla birlikte Bakizade ailesinde ta\u015flar\u0131n yerinden oynamas\u0131 beklenirken, karakterin ge\u00e7mi\u015fi ve aileyle olan ba\u011f\u0131 \u015fimdiden merak konusu oldu.<\/p>\n<h3>SAHTEKARLAR D\u0130Z\u0130S\u0130NE Y\u0130\u011e\u0130T K\u0130RAZCI DAH\u0130L OLDU<\/h3>\n<p>\u00dcnl\u00fc oyuncu Yi\u011fit Kirazc\u0131, K\u0131z\u0131lc\u0131k \u015eerbeti dizisine tekrardan dahil olmas\u0131 beklenirken, s\u00fcrpriz bir kararla yeni bir projeye ad\u0131m att\u0131. Now kanal\u0131n\u0131n yeni sezon yap\u0131mlar\u0131ndan olan <a href=\"https:\/\/www.tgrthaber.com\/mavikadin\/sahtekarlar-14-bolumunde-neler-oldu-sahtekarlar-14-bolum-nereden-izlenir\/\">Sahtekarlar<\/a> dizisinin oyuncu kadrosuna dahil oldu.<\/p>\n<p><img loading=\"lazy\" decoding=\"async\" class=\"alignnone wp-image-294481 size-full\" src=\"https:\/\/www.tgrthaber.com\/mavikadin\/wp-content\/uploads\/2026\/01\/Sahtekarlar-dizisine-Yigit-Kirazci-dahil-oldu.jpg\" alt=\"\" width=\"1208\" height=\"680\" title=\"\" srcset=\"https:\/\/www.tgrthaber.com\/mavikadin\/wp-content\/uploads\/2026\/01\/Sahtekarlar-dizisine-Yigit-Kirazci-dahil-oldu.jpg 1208w, https:\/\/www.tgrthaber.com\/mavikadin\/wp-content\/uploads\/2026\/01\/Sahtekarlar-dizisine-Yigit-Kirazci-dahil-oldu-300x169.jpg 300w, https:\/\/www.tgrthaber.com\/mavikadin\/wp-content\/uploads\/2026\/01\/Sahtekarlar-dizisine-Yigit-Kirazci-dahil-oldu-1024x576.jpg 1024w, https:\/\/www.tgrthaber.com\/mavikadin\/wp-content\/uploads\/2026\/01\/Sahtekarlar-dizisine-Yigit-Kirazci-dahil-oldu-768x432.jpg 768w\" sizes=\"(max-width: 1208px) 100vw, 1208px\" \/><\/p>\n<hr \/>\n<p>Perihan Sava\u015f\u0131\u2019n oynad\u0131\u011f\u0131 H\u00fcma karakterinin hapisteki o\u011flu \u0130brahim\u2019i oynayacak olan Yi\u011fit Kirazc\u0131, yeni imaj\u0131 merak ediliyor. H\u00fcma\u2019n\u0131n o\u011flu \u0130brahim Bakizade ailesine korku salacak. H\u00fcma\u2019n\u0131n abisi Hidayet Bakizade\u2019nin planlar\u0131n\u0131 bozmaya \u00e7al\u0131\u015f\u0131rken, en b\u00fcy\u00fck destek\u00e7isi olacak ki\u015fi o\u011flu \u0130brahim\u2019le yeni planlar belirleyecek.<\/p>\n<p><img loading=\"lazy\" decoding=\"async\" class=\"alignnone wp-image-294493 size-full\" src=\"https:\/\/www.tgrthaber.com\/mavikadin\/wp-content\/uploads\/2026\/01\/Adsiz-tasarim-10-13.jpg\" alt=\"\" width=\"1208\" height=\"680\" title=\"\" srcset=\"https:\/\/www.tgrthaber.com\/mavikadin\/wp-content\/uploads\/2026\/01\/Adsiz-tasarim-10-13.jpg 1208w, https:\/\/www.tgrthaber.com\/mavikadin\/wp-content\/uploads\/2026\/01\/Adsiz-tasarim-10-13-300x169.jpg 300w, https:\/\/www.tgrthaber.com\/mavikadin\/wp-content\/uploads\/2026\/01\/Adsiz-tasarim-10-13-1024x576.jpg 1024w, https:\/\/www.tgrthaber.com\/mavikadin\/wp-content\/uploads\/2026\/01\/Adsiz-tasarim-10-13-768x432.jpg 768w\" sizes=\"(max-width: 1208px) 100vw, 1208px\" \/><\/p>\n<hr \/>\n<h3>SAHTEKARLAR 15. B\u00d6L\u00dcMDE NELER OLACAK?<\/h3>\n<p>Koray ve \u0130rem\u2019in \u00f6ld\u00fc\u011f\u00fc gecenin ard\u0131ndan ortaya \u00e7\u0131kan bo\u015fluklar, herkes i\u00e7in cevaplanmas\u0131 zor soru i\u015faretlerine d\u00f6n\u00fc\u015f\u00fcr. Asya, kaybetti\u011fi karde\u015finin yas\u0131n\u0131 erteleyip, \u015f\u00fcphelerin pe\u015finden gider. Bu \u015f\u00fcpheler ve sars\u0131c\u0131 ihtimaller onu hi\u00e7 beklemedi\u011fi biriyle kar\u015f\u0131 kar\u015f\u0131ya getirir. Solu\u011fu Ertan\u2019\u0131n yan\u0131nda alarak onunla y\u00fczle\u015fir.<\/p>\n<p><img loading=\"lazy\" decoding=\"async\" class=\"alignnone wp-image-294491 size-full\" src=\"https:\/\/www.tgrthaber.com\/mavikadin\/wp-content\/uploads\/2026\/01\/Adsiz-tasarim-8-16.jpg\" alt=\"\" width=\"1208\" height=\"680\" title=\"\" srcset=\"https:\/\/www.tgrthaber.com\/mavikadin\/wp-content\/uploads\/2026\/01\/Adsiz-tasarim-8-16.jpg 1208w, https:\/\/www.tgrthaber.com\/mavikadin\/wp-content\/uploads\/2026\/01\/Adsiz-tasarim-8-16-300x169.jpg 300w, https:\/\/www.tgrthaber.com\/mavikadin\/wp-content\/uploads\/2026\/01\/Adsiz-tasarim-8-16-1024x576.jpg 1024w, https:\/\/www.tgrthaber.com\/mavikadin\/wp-content\/uploads\/2026\/01\/Adsiz-tasarim-8-16-768x432.jpg 768w\" sizes=\"(max-width: 1208px) 100vw, 1208px\" \/><\/p>\n<hr \/>\n<p>Ertan ise zihnindeki bo\u015fluklarla sava\u015fmaktad\u0131r; hat\u0131rlad\u0131klar\u0131 silik, hat\u0131rlamad\u0131klar\u0131 ise korkutucudur. \u00dczerindeki bask\u0131 artarken \u015f\u00fcphe sadece d\u0131\u015far\u0131da de\u011fil, Ertan&#8217;\u0131n tam i\u00e7indedir. Art\u0131k Asya\u2019n\u0131n da kar\u015f\u0131s\u0131nda \u00e7aresiz bir durumun i\u00e7indedir. Tam olarak hat\u0131rlayamad\u0131\u011f\u0131 o anlar sevdi\u011fi kad\u0131nla aras\u0131na duvar \u00f6rer.<\/p>\n<p><img loading=\"lazy\" decoding=\"async\" class=\"alignnone wp-image-294492 size-full\" src=\"https:\/\/www.tgrthaber.com\/mavikadin\/wp-content\/uploads\/2026\/01\/Adsiz-tasarim-9-8.jpg\" alt=\"\" width=\"1208\" height=\"680\" title=\"\" srcset=\"https:\/\/www.tgrthaber.com\/mavikadin\/wp-content\/uploads\/2026\/01\/Adsiz-tasarim-9-8.jpg 1208w, https:\/\/www.tgrthaber.com\/mavikadin\/wp-content\/uploads\/2026\/01\/Adsiz-tasarim-9-8-300x169.jpg 300w, https:\/\/www.tgrthaber.com\/mavikadin\/wp-content\/uploads\/2026\/01\/Adsiz-tasarim-9-8-1024x576.jpg 1024w, https:\/\/www.tgrthaber.com\/mavikadin\/wp-content\/uploads\/2026\/01\/Adsiz-tasarim-9-8-768x432.jpg 768w\" sizes=\"(max-width: 1208px) 100vw, 1208px\" \/><\/p>\n<hr \/>\n<p>Taha, \u00f6\u011frendi\u011fi sars\u0131c\u0131 bilgiyle kontrol\u00fcn\u00fc tamamen yitirir. Duydu\u011fu \u00f6fke ve att\u0131\u011f\u0131 fevri ad\u0131m tehlikeli bir hamlenin ba\u015flang\u0131c\u0131d\u0131r.<\/p>\n","protected":false},"excerpt":{"rendered":"<p>Burak Deniz ve Hilal Alt\u0131nbilek\u2019in birlikte oynad\u0131\u011f\u0131 Sahtekarlar dizisi oyuncu kadrosuna \u00fcnl\u00fc bir isim daha eklendi. K\u0131z\u0131lc\u0131k \u015eerbeti dizisinde R\u00fczgar Yener karakterini oynayan Yi\u011fit Kirazc\u0131, yeni bir karakterle izleyicilerin kar\u015f\u0131s\u0131na \u00e7\u0131kacak. Yi\u011fit Kirazc\u0131 Sahtekalar dizisinde H\u00fcma\u2019n\u0131n hapisteki o\u011flu \u0130brahim\u2019i oynayacak. <\/p>\n","protected":false},"author":10,"featured_media":294494,"comment_status":"closed","ping_status":"closed","sticky":false,"template":"","format":"standard","meta":{"rank_math_lock_modified_date":false,"footnotes":""},"categories":[602],"tags":[32159,30619,64297,38384,71375],"class_list":["post-294469","post","type-post","status-publish","format-standard","has-post-thumbnail","hentry","category-diziler","tag-dizi","tag-sahtekarlar","tag-sahtekarlar-dizi","tag-yigit-kirazci","tag-yigit-kirazci-humanin-oglu-ibrahim"],"_links":{"self":[{"href":"https:\/\/www.tgrthaber.com\/mavikadin\/wp-json\/wp\/v2\/posts\/294469"}],"collection":[{"href":"https:\/\/www.tgrthaber.com\/mavikadin\/wp-json\/wp\/v2\/posts"}],"about":[{"href":"https:\/\/www.tgrthaber.com\/mavikadin\/wp-json\/wp\/v2\/types\/post"}],"author":[{"embeddable":true,"href":"https:\/\/www.tgrthaber.com\/mavikadin\/wp-json\/wp\/v2\/users\/10"}],"replies":[{"embeddable":true,"href":"https:\/\/www.tgrthaber.com\/mavikadin\/wp-json\/wp\/v2\/comments?post=294469"}],"version-history":[{"count":2,"href":"https:\/\/www.tgrthaber.com\/mavikadin\/wp-json\/wp\/v2\/posts\/294469\/revisions"}],"predecessor-version":[{"id":294495,"href":"https:\/\/www.tgrthaber.com\/mavikadin\/wp-json\/wp\/v2\/posts\/294469\/revisions\/294495"}],"wp:featuredmedia":[{"embeddable":true,"href":"https:\/\/www.tgrthaber.com\/mavikadin\/wp-json\/wp\/v2\/media\/294494"}],"wp:attachment":[{"href":"https:\/\/www.tgrthaber.com\/mavikadin\/wp-json\/wp\/v2\/media?parent=294469"}],"wp:term":[{"taxonomy":"category","embeddable":true,"href":"https:\/\/www.tgrthaber.com\/mavikadin\/wp-json\/wp\/v2\/categories?post=294469"},{"taxonomy":"post_tag","embeddable":true,"href":"https:\/\/www.tgrthaber.com\/mavikadin\/wp-json\/wp\/v2\/tags?post=294469"}],"curies":[{"name":"wp","href":"https:\/\/api.w.org\/{rel}","templated":true}]}}