{"id":294485,"date":"2026-01-23T21:44:23","date_gmt":"2026-01-23T18:44:23","guid":{"rendered":"https:\/\/www.tgrthaber.com\/mavikadin\/?p=294485"},"modified":"2026-01-23T22:29:39","modified_gmt":"2026-01-23T19:29:39","slug":"dogukan-gungor-kizilcik-serbetinden-ayriliyor-yeni-fatih-unal-icin-arayislar-basladi","status":"publish","type":"post","link":"https:\/\/www.tgrthaber.com\/mavikadin\/dogukan-gungor-kizilcik-serbetinden-ayriliyor-yeni-fatih-unal-icin-arayislar-basladi\/","title":{"rendered":"Do\u011fukan G\u00fcng\u00f6r K\u0131z\u0131lc\u0131k \u015eerbeti\u2019nden ayr\u0131l\u0131yor! Yeni Fatih \u00dcnal i\u00e7in aray\u0131\u015flar ba\u015flad\u0131"},"content":{"rendered":"<p>Show TV\u2019nin fenomen dizisi K\u0131z\u0131lc\u0131k \u015eerbeti ile ilgili \u00e7ok konu\u015fulacak bir geli\u015fme ya\u015fand\u0131. Dizide 4 sezon boyunca Fatih \u00dcnal karakterini oynayan <a href=\"https:\/\/www.tgrthaber.com\/mavikadin\/dogukan-gungor-kimin-oglu-dogukan-gungor-tutuklanacak-mi\/\">Do\u011fukan G\u00fcng\u00f6r<\/a> hakk\u0131nda ortaya at\u0131lan iddialar, yap\u0131m cephesini de harekete ge\u00e7irmi\u015fti. Son g\u00fcnlerde g\u00fcndeme gelen ve kamuoyunda geni\u015f yank\u0131 uyand\u0131ran Do\u011fukan G\u00fcng\u00f6r\u2019\u00fcn yasakl\u0131 madde kulland\u0131\u011f\u0131na dair haberlerin netlik kazanmas\u0131yla, yap\u0131m \u015firketi acil karar ald\u0131. Peki, Do\u011fukan G\u00fcng\u00f6r K\u0131z\u0131lc\u0131k \u015eerbeti\u2019nden ayr\u0131l\u0131yor mu?<\/p>\n<h3>DO\u011eUKAN G\u00dcNG\u00dcR KIZILCIK \u015eERBET\u0130\u2019NDEN AYRILIYOR MU?<\/h3>\n<p>K\u0131z\u0131lc\u0131k \u015eerbeti dizisinde oynad\u0131\u011f\u0131 Fatih karakteriyle geni\u015f kitleler taraf\u0131ndan tan\u0131nan Do\u011fukan G\u00fcng\u00f6r&#8217;\u00fcn yasakl\u0131 madde kulland\u0131\u011f\u0131na dair haberler netlik kazand\u0131. Magazin d\u00fcnyas\u0131nda bu konu konu\u015fulurken, beklenmedik bir \u015fok geli\u015fmede K\u0131z\u0131lc\u0131k \u015eerbeti yap\u0131m ekibinden geldi.<\/p>\n<p><img loading=\"lazy\" decoding=\"async\" class=\"alignnone wp-image-294486 size-full\" src=\"https:\/\/www.tgrthaber.com\/mavikadin\/wp-content\/uploads\/2026\/01\/kizilcik-serbetinde-dogukan-gungor-ayrildi.jpg\" alt=\"\" width=\"1208\" height=\"680\" title=\"\" srcset=\"https:\/\/www.tgrthaber.com\/mavikadin\/wp-content\/uploads\/2026\/01\/kizilcik-serbetinde-dogukan-gungor-ayrildi.jpg 1208w, https:\/\/www.tgrthaber.com\/mavikadin\/wp-content\/uploads\/2026\/01\/kizilcik-serbetinde-dogukan-gungor-ayrildi-300x169.jpg 300w, https:\/\/www.tgrthaber.com\/mavikadin\/wp-content\/uploads\/2026\/01\/kizilcik-serbetinde-dogukan-gungor-ayrildi-1024x576.jpg 1024w, https:\/\/www.tgrthaber.com\/mavikadin\/wp-content\/uploads\/2026\/01\/kizilcik-serbetinde-dogukan-gungor-ayrildi-768x432.jpg 768w\" sizes=\"(max-width: 1208px) 100vw, 1208px\" \/><\/p>\n<hr \/>\n<p>K\u0131z\u0131lc\u0131k \u015eerbeti yap\u0131m \u015firketinin ald\u0131\u011f\u0131 karar do\u011frultusunda Do\u011fukan G\u00fcng\u00f6r&#8217;\u00fcn Fatih rol\u00fcnden \u00e7\u0131kar\u0131ld\u0131. Gazeteci Birsen Altunta\u015f&#8217;\u0131n haberine g\u00f6re, K\u0131z\u0131lc\u0131k \u015eerbeti\u2019nin Fatih \u00dcnal\u2019\u0131 Do\u011fukan G\u00fcng\u00f6r yasakl\u0131 madde operasyonu kapsam\u0131nda \u00f6nceki hafta evine yap\u0131lan operasyonla g\u00f6zalt\u0131na al\u0131nm\u0131\u015ft\u0131. Bug\u00fcn test sonu\u00e7lar\u0131 a\u00e7\u0131klanan sa\u00e7 ve kan \u00f6rneklerinde yasakl\u0131 maddeye rastlanan Do\u011fukan G\u00fcng\u00f6r\u2019\u00fc \u201cK\u0131z\u0131lc\u0131k \u015eerbeti\u201d dizisinin kadrosundan \u00e7\u0131kar\u0131ld\u0131.<\/p>\n<p><img loading=\"lazy\" decoding=\"async\" class=\"alignnone wp-image-294487 size-full\" src=\"https:\/\/www.tgrthaber.com\/mavikadin\/wp-content\/uploads\/2026\/01\/Adsiz-tasarim-5-13.jpg\" alt=\"\" width=\"1208\" height=\"680\" title=\"\" srcset=\"https:\/\/www.tgrthaber.com\/mavikadin\/wp-content\/uploads\/2026\/01\/Adsiz-tasarim-5-13.jpg 1208w, https:\/\/www.tgrthaber.com\/mavikadin\/wp-content\/uploads\/2026\/01\/Adsiz-tasarim-5-13-300x169.jpg 300w, https:\/\/www.tgrthaber.com\/mavikadin\/wp-content\/uploads\/2026\/01\/Adsiz-tasarim-5-13-1024x576.jpg 1024w, https:\/\/www.tgrthaber.com\/mavikadin\/wp-content\/uploads\/2026\/01\/Adsiz-tasarim-5-13-768x432.jpg 768w\" sizes=\"(max-width: 1208px) 100vw, 1208px\" \/><\/p>\n<hr \/>\n<h3>KIZILCIK \u015eERBET\u0130 FAT\u0130H&#8217;\u0130 K\u0130M OYNAYACAK?<\/h3>\n<p>\u00dcnl\u00fc oyuncu Do\u011fukan G\u00fcng\u00f6r&#8217;\u00fcn K\u0131z\u0131lc\u0131k \u015eerbeti dizisinin kadrodan \u00e7\u0131kar\u0131lmas\u0131yla cast ekibi yeni bir Fatih karakteri i\u00e7in oyuncu aray\u0131\u015f\u0131na girdi. Dizinin \u00e7ekilen b\u00f6l\u00fcmlerinden Do\u011fukan G\u00fcng\u00f6r&#8217;\u00fcn sahneleri apar topar \u00e7\u0131kar\u0131ld\u0131.<\/p>\n<p><img loading=\"lazy\" decoding=\"async\" class=\"alignnone wp-image-294488 size-full\" src=\"https:\/\/www.tgrthaber.com\/mavikadin\/wp-content\/uploads\/2026\/01\/Adsiz-tasarim-6-14.jpg\" alt=\"\" width=\"1208\" height=\"680\" title=\"\" srcset=\"https:\/\/www.tgrthaber.com\/mavikadin\/wp-content\/uploads\/2026\/01\/Adsiz-tasarim-6-14.jpg 1208w, https:\/\/www.tgrthaber.com\/mavikadin\/wp-content\/uploads\/2026\/01\/Adsiz-tasarim-6-14-300x169.jpg 300w, https:\/\/www.tgrthaber.com\/mavikadin\/wp-content\/uploads\/2026\/01\/Adsiz-tasarim-6-14-1024x576.jpg 1024w, https:\/\/www.tgrthaber.com\/mavikadin\/wp-content\/uploads\/2026\/01\/Adsiz-tasarim-6-14-768x432.jpg 768w\" sizes=\"(max-width: 1208px) 100vw, 1208px\" \/><\/p>\n<hr \/>\n<p>K\u0131z\u0131lc\u0131k \u015eerbeti dizinin yeni b\u00f6l\u00fcm tan\u0131t\u0131m fragman\u0131ndaki sahnelerinin de \u00e7\u0131kar\u0131ld\u0131. Yap\u0131m ekibi hem senaryo de\u011fi\u015fikli\u011fine hem de yeni bir Fatih karakteri i\u00e7in uygun olan erkek oyuncuyu bulabilecek mi?<\/p>\n<p><img loading=\"lazy\" decoding=\"async\" class=\"alignnone wp-image-294498 size-full\" src=\"https:\/\/www.tgrthaber.com\/mavikadin\/wp-content\/uploads\/2026\/01\/dogukan-gungorden-allah-buyuk-herseyi-goruyor-paylasimi.jpg\" alt=\"\" width=\"1208\" height=\"680\" title=\"\" srcset=\"https:\/\/www.tgrthaber.com\/mavikadin\/wp-content\/uploads\/2026\/01\/dogukan-gungorden-allah-buyuk-herseyi-goruyor-paylasimi.jpg 1208w, https:\/\/www.tgrthaber.com\/mavikadin\/wp-content\/uploads\/2026\/01\/dogukan-gungorden-allah-buyuk-herseyi-goruyor-paylasimi-300x169.jpg 300w, https:\/\/www.tgrthaber.com\/mavikadin\/wp-content\/uploads\/2026\/01\/dogukan-gungorden-allah-buyuk-herseyi-goruyor-paylasimi-1024x576.jpg 1024w, https:\/\/www.tgrthaber.com\/mavikadin\/wp-content\/uploads\/2026\/01\/dogukan-gungorden-allah-buyuk-herseyi-goruyor-paylasimi-768x432.jpg 768w\" sizes=\"(max-width: 1208px) 100vw, 1208px\" \/><\/p>\n<hr \/>\n<h3>DO\u011eUKAN G\u00dcNG\u00d6R&#8217;DEN &#8221; ALLAH B\u00dcY\u00dcK HER \u015eEY\u0130 G\u00d6R\u00dcYOR&#8221; NOTU<\/h3>\n<p>\u00dcnl\u00fc oyuncu Do\u011fukan G\u00fcng\u00f6r hakk\u0131nda \u00e7\u0131kan yasakl\u0131 madde kullan\u0131m\u0131 ve diziden ayr\u0131ld\u0131 haberinin ard\u0131ndan X platformundan bir payla\u015f\u0131m yapt\u0131. Oyuncu Do\u011fukan G\u00fcng\u00f6r, &#8221; Allah b\u00fcy\u00fckt\u00fcr, her \u015feyi g\u00f6r\u00fcyor&#8221; notunu yazd\u0131. G\u00fcng\u00f6r&#8217;\u00fcn bu payla\u015f\u0131m\u0131na binlerce yorum ve be\u011feni ya\u011fd\u0131 .<\/p>\n<h3>DO\u011eUKAN G\u00dcNG\u00d6R&#8217;DEN BASIN A\u00c7IKLAMASI<\/h3>\n<p>Do\u011fukan G\u00fcng\u00f6r, K\u0131z\u0131lc\u0131k \u015eerbeti dizisinden ayr\u0131l\u0131\u011f\u0131n\u0131n ard\u0131ndan bas\u0131n a\u00e7\u0131klamas\u0131 yapt\u0131. Oyuncunun yapt\u0131\u011f\u0131 a\u00e7\u0131klamada &#8221; Show Tv y\u00f6netimin ald\u0131\u011f\u0131 kararla \u00e7\u0131kar\u0131ld\u0131\u011f\u0131m\u0131 az \u00f6nce \u00f6\u011frenmi\u015f bulunuyorum&#8221; s\u00f6zlerine yer verdi.<\/p>\n<p><img loading=\"lazy\" decoding=\"async\" class=\"alignnone wp-image-294500 size-full\" src=\"https:\/\/www.tgrthaber.com\/mavikadin\/wp-content\/uploads\/2026\/01\/dogukan-gungorden-basin-aciklamas-i.jpg\" alt=\"\" width=\"1208\" height=\"680\" title=\"\" srcset=\"https:\/\/www.tgrthaber.com\/mavikadin\/wp-content\/uploads\/2026\/01\/dogukan-gungorden-basin-aciklamas-i.jpg 1208w, https:\/\/www.tgrthaber.com\/mavikadin\/wp-content\/uploads\/2026\/01\/dogukan-gungorden-basin-aciklamas-i-300x169.jpg 300w, https:\/\/www.tgrthaber.com\/mavikadin\/wp-content\/uploads\/2026\/01\/dogukan-gungorden-basin-aciklamas-i-1024x576.jpg 1024w, https:\/\/www.tgrthaber.com\/mavikadin\/wp-content\/uploads\/2026\/01\/dogukan-gungorden-basin-aciklamas-i-768x432.jpg 768w\" sizes=\"(max-width: 1208px) 100vw, 1208px\" \/><\/p>\n","protected":false},"excerpt":{"rendered":"<p>K\u0131z\u0131lc\u0131k \u015eerbeti dizisinde 4 sezon boyunca Fatih karakteriyle izleyici kar\u015f\u0131s\u0131na \u00e7\u0131kan Do\u011fukan G\u00fcng\u00f6r hakk\u0131nda s\u0131cak bir geli\u015fme ya\u015fand\u0131. Yasakl\u0131 madde kulland\u0131\u011f\u0131na dair \u00e7\u0131kan haberlerin netle\u015fmesi \u00fczerine yap\u0131m \u015firketi acil bir karar ald\u0131. Do\u011fukan G\u00fcng\u00f6r K\u0131z\u0131lc\u0131k \u015ferbeti\u2019nden ayr\u0131l\u0131yor mu? <\/p>\n","protected":false},"author":10,"featured_media":294489,"comment_status":"closed","ping_status":"closed","sticky":false,"template":"","format":"standard","meta":{"rank_math_lock_modified_date":false,"footnotes":""},"categories":[602],"tags":[32159,157,71376],"class_list":["post-294485","post","type-post","status-publish","format-standard","has-post-thumbnail","hentry","category-diziler","tag-dizi","tag-kizilcik-serbeti","tag-kizilcik-serbeti-dogukan-gungor"],"_links":{"self":[{"href":"https:\/\/www.tgrthaber.com\/mavikadin\/wp-json\/wp\/v2\/posts\/294485"}],"collection":[{"href":"https:\/\/www.tgrthaber.com\/mavikadin\/wp-json\/wp\/v2\/posts"}],"about":[{"href":"https:\/\/www.tgrthaber.com\/mavikadin\/wp-json\/wp\/v2\/types\/post"}],"author":[{"embeddable":true,"href":"https:\/\/www.tgrthaber.com\/mavikadin\/wp-json\/wp\/v2\/users\/10"}],"replies":[{"embeddable":true,"href":"https:\/\/www.tgrthaber.com\/mavikadin\/wp-json\/wp\/v2\/comments?post=294485"}],"version-history":[{"count":4,"href":"https:\/\/www.tgrthaber.com\/mavikadin\/wp-json\/wp\/v2\/posts\/294485\/revisions"}],"predecessor-version":[{"id":294501,"href":"https:\/\/www.tgrthaber.com\/mavikadin\/wp-json\/wp\/v2\/posts\/294485\/revisions\/294501"}],"wp:featuredmedia":[{"embeddable":true,"href":"https:\/\/www.tgrthaber.com\/mavikadin\/wp-json\/wp\/v2\/media\/294489"}],"wp:attachment":[{"href":"https:\/\/www.tgrthaber.com\/mavikadin\/wp-json\/wp\/v2\/media?parent=294485"}],"wp:term":[{"taxonomy":"category","embeddable":true,"href":"https:\/\/www.tgrthaber.com\/mavikadin\/wp-json\/wp\/v2\/categories?post=294485"},{"taxonomy":"post_tag","embeddable":true,"href":"https:\/\/www.tgrthaber.com\/mavikadin\/wp-json\/wp\/v2\/tags?post=294485"}],"curies":[{"name":"wp","href":"https:\/\/api.w.org\/{rel}","templated":true}]}}