{"id":294502,"date":"2026-01-23T22:53:20","date_gmt":"2026-01-23T19:53:20","guid":{"rendered":"https:\/\/www.tgrthaber.com\/mavikadin\/?p=294502"},"modified":"2026-01-23T22:53:21","modified_gmt":"2026-01-23T19:53:21","slug":"survivora-veda-eden-erkan-bilben-final-dortlusunu-acikladi-sampiyonluk-adayi-unluler-takimindan-oldu","status":"publish","type":"post","link":"https:\/\/www.tgrthaber.com\/mavikadin\/survivora-veda-eden-erkan-bilben-final-dortlusunu-acikladi-sampiyonluk-adayi-unluler-takimindan-oldu\/","title":{"rendered":"Survivor\u2019a veda eden Erkan Bilben final d\u00f6rtl\u00fcs\u00fcn\u00fc a\u00e7\u0131klad\u0131! \u015eampiyonluk aday\u0131 \u00fcnl\u00fcler tak\u0131m\u0131ndan oldu!"},"content":{"rendered":"<p><a href=\"https:\/\/www.tgrthaber.com\/mavikadin\/survivor-unluler-gonullulerde-acil-durum-konseyi-survivor-2026ya-gelen-all-star-yarismacilari-kimler\/\">Survivor<\/a> 2026\u2019ya veda eden Erkan Bilben, yar\u0131\u015fma sonras\u0131 yapt\u0131\u011f\u0131 a\u00e7\u0131klamalarla g\u00fcndemi yeniden hareketlendirdi. Elenmesinin ard\u0131ndan sessizli\u011fini bozan Survivor Erkan Bilben, final yolculu\u011funa kalan isimleri a\u00e7\u0131klayarak dikkat \u00e7ekti. Yar\u0131\u015fma boyunca performanslar\u0131yla \u00f6ne \u00e7\u0131kan yar\u0131\u015fmac\u0131lar\u0131 de\u011ferlendiren Erkan Bilben, final d\u00f6rtl\u00fcs\u00fcnde yer alaca\u011f\u0131n\u0131 d\u00fc\u015f\u00fcnd\u00fc\u011f\u00fc isimleri net ifadelerle dile getirdi. \u00d6zellikle \u00dcnl\u00fcler tak\u0131m\u0131ndan bir yar\u0131\u015fmac\u0131y\u0131 \u015fampiyonluk i\u00e7in favori g\u00f6stermesi, sosyal medyada geni\u015f yank\u0131 uyand\u0131rd\u0131. Survivor Erkan\u2019\u0131n a\u00e7\u0131klamalar\u0131 k\u0131sa s\u00fcrede g\u00fcndem olurken, izleyiciler \u015fampiyonluk tahminleri \u00fczerine tart\u0131\u015fmaya ba\u015flad\u0131.<\/p>\n<h3>SURV\u0130VOR ERKAN B\u0130LBEN F\u0130NAL D\u00d6RTL\u00dcS\u00dcN\u00dc A\u00c7IKLADI<\/h3>\n<p>22 Ocak 2026 ak\u015fam\u0131 oynana eleme oyunuyla Kader Konseyine kalan <a href=\"https:\/\/www.tgrthaber.com\/mavikadin\/survivor-2026-erkan-bilben-kimdir-kac-yasinda-nereli-ve-ne-is-yapiyor-survivor-gonullu-erkan-bilben-hangi-dizide-oynadi\/\">Erkan Bilben<\/a>, yar\u0131\u015fma sonras\u0131 d\u00fc\u015f\u00fcncelerini payla\u015ft\u0131. Survivor Erkan, \u00dcnl\u00fcler ve G\u00f6n\u00fcll\u00fcler tak\u0131m\u0131 ile ilgili d\u00fc\u015f\u00fcncelerini dile getirdi. Erkan Bilben, Survivor 2026 \u00dcnl\u00fcler G\u00f6n\u00fcll\u00fcler yar\u0131\u015fmas\u0131n\u0131n ilk 4 finalistini a\u00e7\u0131klad\u0131. Survivor Erkan, kendi g\u00f6r\u00fc\u015flerinden ve izlenimlerinden yola \u00e7\u0131karak, \u201cfinal d\u00f6rtl\u00fcm; Ramazan, Nobre, Seda ve Can Berkay\u201d \u015feklinde a\u00e7\u0131klad\u0131.<\/p>\n<p><img loading=\"lazy\" decoding=\"async\" class=\"alignnone wp-image-294503 size-full\" src=\"https:\/\/www.tgrthaber.com\/mavikadin\/wp-content\/uploads\/2026\/01\/survivor-erkan-bilben-final-dortlusunu-acikladi.jpg\" alt=\"\" width=\"1208\" height=\"680\" title=\"\" srcset=\"https:\/\/www.tgrthaber.com\/mavikadin\/wp-content\/uploads\/2026\/01\/survivor-erkan-bilben-final-dortlusunu-acikladi.jpg 1208w, https:\/\/www.tgrthaber.com\/mavikadin\/wp-content\/uploads\/2026\/01\/survivor-erkan-bilben-final-dortlusunu-acikladi-300x169.jpg 300w, https:\/\/www.tgrthaber.com\/mavikadin\/wp-content\/uploads\/2026\/01\/survivor-erkan-bilben-final-dortlusunu-acikladi-1024x576.jpg 1024w, https:\/\/www.tgrthaber.com\/mavikadin\/wp-content\/uploads\/2026\/01\/survivor-erkan-bilben-final-dortlusunu-acikladi-768x432.jpg 768w\" sizes=\"(max-width: 1208px) 100vw, 1208px\" \/><\/p>\n<hr \/>\n<p>Survivor adas\u0131na veda eden Erkan Bilben, yar\u0131\u015fmaya ve Kader Konseyine dair d\u00fc\u015f\u00fcncelerini de a\u00e7\u0131klad\u0131. Survivor Erkan, \u201c \u201c\u00dcnl\u00fcler tak\u0131m\u0131, oturmu\u015f bir tak\u0131m. Neden risk als\u0131nlar? Ben de beni tak\u0131mlar\u0131na almazd\u0131m. Survivor\u2019da tatmin oldum, \u00e7ok mutlu ayr\u0131l\u0131yorum. \u0130yi ki gelmi\u015fim\u201d s\u00f6zlerini kulland\u0131.<\/p>\n<p><img loading=\"lazy\" decoding=\"async\" class=\"alignnone wp-image-294504 size-full\" src=\"https:\/\/www.tgrthaber.com\/mavikadin\/wp-content\/uploads\/2026\/01\/Adsiz-tasarim-14-11.jpg\" alt=\"\" width=\"1208\" height=\"680\" title=\"\" srcset=\"https:\/\/www.tgrthaber.com\/mavikadin\/wp-content\/uploads\/2026\/01\/Adsiz-tasarim-14-11.jpg 1208w, https:\/\/www.tgrthaber.com\/mavikadin\/wp-content\/uploads\/2026\/01\/Adsiz-tasarim-14-11-300x169.jpg 300w, https:\/\/www.tgrthaber.com\/mavikadin\/wp-content\/uploads\/2026\/01\/Adsiz-tasarim-14-11-1024x576.jpg 1024w, https:\/\/www.tgrthaber.com\/mavikadin\/wp-content\/uploads\/2026\/01\/Adsiz-tasarim-14-11-768x432.jpg 768w\" sizes=\"(max-width: 1208px) 100vw, 1208px\" \/><\/p>\n<hr \/>\n<h3>SURV\u0130VOR ERKAN B\u0130LBEN \u015eAMP\u0130YON FAVOR\u0130S\u0130N\u0130 S\u00d6YLED\u0130<\/h3>\n<p>Survivor 2026 G\u00f6n\u00fcll\u00fcler tak\u0131m\u0131n\u0131n kadrosunda yer alan Erkan Bilben, oyundaki performans\u0131yla dikkat \u00e7eken bir yar\u0131\u015fmac\u0131yd\u0131. Eren Semerci ile \u00e7\u0131kt\u0131\u011f\u0131 d\u00fcello oyununda g\u00f6sterdi\u011fi performansla izleyiciden ve yar\u0131\u015fmac\u0131 arkada\u015flar\u0131ndan takdir toplad\u0131.<\/p>\n<p><img loading=\"lazy\" decoding=\"async\" class=\"alignnone wp-image-294505 size-full\" src=\"https:\/\/www.tgrthaber.com\/mavikadin\/wp-content\/uploads\/2026\/01\/survivor-erkan-bilben-sampiyon-adayini-acikladi.jpg\" alt=\"\" width=\"1208\" height=\"680\" title=\"\" srcset=\"https:\/\/www.tgrthaber.com\/mavikadin\/wp-content\/uploads\/2026\/01\/survivor-erkan-bilben-sampiyon-adayini-acikladi.jpg 1208w, https:\/\/www.tgrthaber.com\/mavikadin\/wp-content\/uploads\/2026\/01\/survivor-erkan-bilben-sampiyon-adayini-acikladi-300x169.jpg 300w, https:\/\/www.tgrthaber.com\/mavikadin\/wp-content\/uploads\/2026\/01\/survivor-erkan-bilben-sampiyon-adayini-acikladi-1024x576.jpg 1024w, https:\/\/www.tgrthaber.com\/mavikadin\/wp-content\/uploads\/2026\/01\/survivor-erkan-bilben-sampiyon-adayini-acikladi-768x432.jpg 768w\" sizes=\"(max-width: 1208px) 100vw, 1208px\" \/><\/p>\n<hr \/>\n<p>Survivor Erkan Bilben, Survivor 2026 \u00dcnl\u00fcler G\u00f6n\u00fcll\u00fcler yar\u0131\u015fmas\u0131n\u0131n \u015fampiyon aday\u0131n\u0131 da a\u00e7\u0131klad\u0131. Erkan Bilben, g\u00f6n\u00fcll\u00fc tak\u0131m\u0131ndaki arkada\u015flar\u0131ndan Ramazan Sar\u0131\u2019n\u0131n ad\u0131n\u0131 da verse g\u00f6nl\u00fcnde olan favori \u015fampiyon aday\u0131n\u0131 \u00fcnl\u00fcler tak\u0131m\u0131n se\u00e7ti. Bilben, \u201c \u015eampiyonluk favorisi ise kesinlikle Nobre.\u201d diyerek a\u00e7\u0131klad\u0131.<\/p>\n<h3>SURV\u0130VOR 2026 \u00dcNL\u00dcLER VE G\u00d6N\u00dcLL\u00dcLER KADROSU<\/h3>\n<p><strong>\u00dcnl\u00fcler Tak\u0131m\u0131 kadrosu<\/strong><\/p>\n<ul>\n<li>Bayhan G\u00fcrhan<\/li>\n<li>Deniz \u00c7atalba\u015f<\/li>\n<li>Dilan \u00c7\u0131tak (elendi)<\/li>\n<li>Keremcem D\u00fcr\u00fck ( elendi)<\/li>\n<li>Mert Nobre<\/li>\n<li>Meryem Boz<\/li>\n<li>Murat Ark\u0131n<\/li>\n<li>Selen G\u00f6rg\u00fczel (elendi)<\/li>\n<li>Seren Ay \u00c7etin<\/li>\n<li>Serhan Onat<\/li>\n<\/ul>\n<p><img loading=\"lazy\" decoding=\"async\" class=\"alignnone wp-image-294392 size-full\" src=\"https:\/\/www.tgrthaber.com\/mavikadin\/wp-content\/uploads\/2026\/01\/Adsiz-tasarim-8-15.jpg\" alt=\"\" width=\"1208\" height=\"680\" title=\"\" srcset=\"https:\/\/www.tgrthaber.com\/mavikadin\/wp-content\/uploads\/2026\/01\/Adsiz-tasarim-8-15.jpg 1208w, https:\/\/www.tgrthaber.com\/mavikadin\/wp-content\/uploads\/2026\/01\/Adsiz-tasarim-8-15-300x169.jpg 300w, https:\/\/www.tgrthaber.com\/mavikadin\/wp-content\/uploads\/2026\/01\/Adsiz-tasarim-8-15-1024x576.jpg 1024w, https:\/\/www.tgrthaber.com\/mavikadin\/wp-content\/uploads\/2026\/01\/Adsiz-tasarim-8-15-768x432.jpg 768w\" sizes=\"(max-width: 1208px) 100vw, 1208px\" \/><\/p>\n<hr \/>\n<p><strong>\u00dcnl\u00fcler tak\u0131m\u0131na yedeklerden gelen adaylar<\/strong><\/p>\n<p>Can Berkay Ertemiz<\/p>\n<p>Seda Albayrak<\/p>\n<p><img loading=\"lazy\" decoding=\"async\" class=\"alignnone wp-image-294393 size-full\" src=\"https:\/\/www.tgrthaber.com\/mavikadin\/wp-content\/uploads\/2026\/01\/SURVIVOR-2026-UNLULER-VE-GONULLULER-KADROSU-4.jpg\" alt=\"\" width=\"1208\" height=\"680\" title=\"\" srcset=\"https:\/\/www.tgrthaber.com\/mavikadin\/wp-content\/uploads\/2026\/01\/SURVIVOR-2026-UNLULER-VE-GONULLULER-KADROSU-4.jpg 1208w, https:\/\/www.tgrthaber.com\/mavikadin\/wp-content\/uploads\/2026\/01\/SURVIVOR-2026-UNLULER-VE-GONULLULER-KADROSU-4-300x169.jpg 300w, https:\/\/www.tgrthaber.com\/mavikadin\/wp-content\/uploads\/2026\/01\/SURVIVOR-2026-UNLULER-VE-GONULLULER-KADROSU-4-1024x576.jpg 1024w, https:\/\/www.tgrthaber.com\/mavikadin\/wp-content\/uploads\/2026\/01\/SURVIVOR-2026-UNLULER-VE-GONULLULER-KADROSU-4-768x432.jpg 768w\" sizes=\"(max-width: 1208px) 100vw, 1208px\" \/><\/p>\n<hr \/>\n<p><strong>G\u00f6n\u00fcll\u00fcler tak\u0131m\u0131 kadrosu<\/strong><\/p>\n<p>Ramazan Sar\u0131<\/p>\n<p>Beyza Gemici<\/p>\n<p>Engincan Tura<\/p>\n<p>Eren Semerci<\/p>\n<p>Erkan Bilben (elendi)<\/p>\n<p>G\u00f6zde Bozkurt<\/p>\n<p>Lina Hourieh<\/p>\n<p>Nisanur G\u00fcler<\/p>\n<p>Onur Alp \u00c7am<\/p>\n<p><img loading=\"lazy\" decoding=\"async\" class=\"alignnone wp-image-294388 size-full\" src=\"https:\/\/www.tgrthaber.com\/mavikadin\/wp-content\/uploads\/2026\/01\/Survivor-Unluler-Gonulluler.jpg\" alt=\"\" width=\"1208\" height=\"680\" title=\"\" srcset=\"https:\/\/www.tgrthaber.com\/mavikadin\/wp-content\/uploads\/2026\/01\/Survivor-Unluler-Gonulluler.jpg 1208w, https:\/\/www.tgrthaber.com\/mavikadin\/wp-content\/uploads\/2026\/01\/Survivor-Unluler-Gonulluler-300x169.jpg 300w, https:\/\/www.tgrthaber.com\/mavikadin\/wp-content\/uploads\/2026\/01\/Survivor-Unluler-Gonulluler-1024x576.jpg 1024w, https:\/\/www.tgrthaber.com\/mavikadin\/wp-content\/uploads\/2026\/01\/Survivor-Unluler-Gonulluler-768x432.jpg 768w\" sizes=\"(max-width: 1208px) 100vw, 1208px\" \/><\/p>\n<hr \/>\n<h3>SURV\u0130VOR 2026\u2019YA VEDE EDEN YARI\u015eMACILAR<\/h3>\n<ul>\n<li>Dilan \u00c7\u0131tak<\/li>\n<li>Keremcem D\u00fcr\u00fck<\/li>\n<li>Selen G\u00f6rg\u00fczel<\/li>\n<li>Erkan Bilben<\/li>\n<\/ul>\n","protected":false},"excerpt":{"rendered":"<p>Survivor 2026 yar\u0131\u015fmas\u0131na veda eden Erkan Bilben, Survivor 2026\u2019ya dair ezber bozan bir de\u011ferlendirme yapt\u0131. Final d\u00f6rtl\u00fcs\u00fcn\u00fc tek tek sayan Bilben, \u015fampiyonluk i\u00e7in \u00dcnl\u00fcler tak\u0131m\u0131ndan bir ismi i\u015faret etti. <\/p>\n","protected":false},"author":10,"featured_media":294506,"comment_status":"closed","ping_status":"closed","sticky":false,"template":"","format":"standard","meta":{"rank_math_lock_modified_date":false,"footnotes":""},"categories":[76],"tags":[71377,133,2366,63785,39250],"class_list":["post-294502","post","type-post","status-publish","format-standard","has-post-thumbnail","hentry","category-magazin","tag-erkan-bilben","tag-magazin","tag-survivor","tag-survivor-2026","tag-survivor-turkiye"],"_links":{"self":[{"href":"https:\/\/www.tgrthaber.com\/mavikadin\/wp-json\/wp\/v2\/posts\/294502"}],"collection":[{"href":"https:\/\/www.tgrthaber.com\/mavikadin\/wp-json\/wp\/v2\/posts"}],"about":[{"href":"https:\/\/www.tgrthaber.com\/mavikadin\/wp-json\/wp\/v2\/types\/post"}],"author":[{"embeddable":true,"href":"https:\/\/www.tgrthaber.com\/mavikadin\/wp-json\/wp\/v2\/users\/10"}],"replies":[{"embeddable":true,"href":"https:\/\/www.tgrthaber.com\/mavikadin\/wp-json\/wp\/v2\/comments?post=294502"}],"version-history":[{"count":2,"href":"https:\/\/www.tgrthaber.com\/mavikadin\/wp-json\/wp\/v2\/posts\/294502\/revisions"}],"predecessor-version":[{"id":294508,"href":"https:\/\/www.tgrthaber.com\/mavikadin\/wp-json\/wp\/v2\/posts\/294502\/revisions\/294508"}],"wp:featuredmedia":[{"embeddable":true,"href":"https:\/\/www.tgrthaber.com\/mavikadin\/wp-json\/wp\/v2\/media\/294506"}],"wp:attachment":[{"href":"https:\/\/www.tgrthaber.com\/mavikadin\/wp-json\/wp\/v2\/media?parent=294502"}],"wp:term":[{"taxonomy":"category","embeddable":true,"href":"https:\/\/www.tgrthaber.com\/mavikadin\/wp-json\/wp\/v2\/categories?post=294502"},{"taxonomy":"post_tag","embeddable":true,"href":"https:\/\/www.tgrthaber.com\/mavikadin\/wp-json\/wp\/v2\/tags?post=294502"}],"curies":[{"name":"wp","href":"https:\/\/api.w.org\/{rel}","templated":true}]}}