{"id":294523,"date":"2026-01-24T10:07:17","date_gmt":"2026-01-24T07:07:17","guid":{"rendered":"https:\/\/www.tgrthaber.com\/mavikadin\/?p=294523"},"modified":"2026-01-24T10:09:20","modified_gmt":"2026-01-24T07:09:20","slug":"kizilcik-serbeti-dizisinde-ayrimcilik-dogukan-gungor-gitti-feyza-civelek-duruyor","status":"publish","type":"post","link":"https:\/\/www.tgrthaber.com\/mavikadin\/kizilcik-serbeti-dizisinde-ayrimcilik-dogukan-gungor-gitti-feyza-civelek-duruyor\/","title":{"rendered":"K\u0131z\u0131lc\u0131k \u015eerbeti dizisinde ayr\u0131mc\u0131l\u0131k! Do\u011fukan G\u00fcng\u00f6r gitti Feyza civelek duruyor"},"content":{"rendered":"<p>\u0130stanbul Cumhuriyet Ba\u015fsavc\u0131l\u0131\u011f\u0131 taraf\u0131ndan y\u00fcr\u00fct\u00fclen \u00fcnl\u00fclere y\u00f6nelik yasakl\u0131 madde soru\u015fturmas\u0131 kapsam\u0131nda g\u00f6zalt\u0131na al\u0131nan ve test sonucu pozitif \u00e7\u0131kan Do\u011fukan G\u00fcng\u00f6r\u2019\u00fcn, K\u0131z\u0131lc\u0131k \u015eerbeti kadrosundan aniden \u00e7\u0131kar\u0131lmas\u0131 g\u00fcndem oldu. Sosyal medyada ge\u00e7mi\u015fte benzer durumla kar\u015f\u0131la\u015fan Feyza Civelek\u2019e hi\u00e7bir \u015fey olmazken Do\u011fukan G\u00fcng\u00f6r\u2019\u00fcn kadrodan \u00e7\u0131kar\u0131lmas\u0131yla ayr\u0131cal\u0131k iddialar\u0131 g\u00fcndem oldu. \u0130\u015fte detaylar&#8230;<\/p>\n<h3>DO\u011eUKAN G\u00dcNG\u00d6R KADRODAN \u00c7IKARILDI!<\/h3>\n<p>\u0130stanbul Cumhuriyet Ba\u015fsavc\u0131l\u0131\u011f\u0131 taraf\u0131ndan y\u00fcr\u00fct\u00fclen \u00fcnl\u00fclere y\u00f6nelik yasakl\u0131 madde soru\u015fturmas\u0131 s\u00fcr\u00fcyor. Birka\u00e7 hafta \u00f6nce soru\u015fturma kapsam\u0131nda g\u00f6zalt\u0131na al\u0131nan oyuncu <a href=\"https:\/\/www.tgrthaber.com\/mavikadin\/dogukan-gungor-kizilcik-serbetinden-ayriliyor-yeni-fatih-unal-icin-arayislar-basladi\/\">Do\u011fukan G\u00fcng\u00f6r<\/a>, kan ve sa\u00e7 \u00f6rne\u011fi verdikten sonra serbest b\u0131rak\u0131lm\u0131\u015ft\u0131.<\/p>\n<p><img loading=\"lazy\" decoding=\"async\" class=\"alignnone size-full wp-image-294528\" src=\"https:\/\/www.tgrthaber.com\/mavikadin\/wp-content\/uploads\/2026\/01\/Asli-2026-01-24T094834.681.png\" alt=\"\" width=\"1208\" height=\"680\" title=\"\" srcset=\"https:\/\/www.tgrthaber.com\/mavikadin\/wp-content\/uploads\/2026\/01\/Asli-2026-01-24T094834.681.png 1208w, https:\/\/www.tgrthaber.com\/mavikadin\/wp-content\/uploads\/2026\/01\/Asli-2026-01-24T094834.681-300x169.png 300w, https:\/\/www.tgrthaber.com\/mavikadin\/wp-content\/uploads\/2026\/01\/Asli-2026-01-24T094834.681-1024x576.png 1024w, https:\/\/www.tgrthaber.com\/mavikadin\/wp-content\/uploads\/2026\/01\/Asli-2026-01-24T094834.681-768x432.png 768w\" sizes=\"(max-width: 1208px) 100vw, 1208px\" \/><\/p>\n<hr \/>\n<p>K\u0131z\u0131lc\u0131k \u015eerbeti&#8217;nde Fatih karakterini oynayan G\u00fcng\u00f6r\u2019\u00fcn yasakl\u0131 madde testi pozitif \u00e7\u0131kt\u0131. Test sonucu pozitif \u00e7\u0131kan G\u00fcng\u00f6r, 4 sezondur ba\u015frol oynad\u0131\u011f\u0131 dizinin kadrosundan aniden \u00e7\u0131kar\u0131lmas\u0131 dizi izleyicilerini \u015fa\u015f\u0131rtt\u0131. <a href=\"https:\/\/www.tgrthaber.com\/mavikadin\/dogukan-gungor-kimin-oglu-dogukan-gungor-tutuklanacak-mi\/\">Do\u011fukan G\u00fcng\u00f6r<\/a> yay\u0131mlad\u0131\u011f\u0131 bas\u0131n a\u00e7\u0131klamas\u0131nda, &#8220;Ama bu ak\u015fam ans\u0131z\u0131n ald\u0131\u011f\u0131m bu k\u00f6t\u00fc haberle baz\u0131 insanlar ve kurumlar\u0131n karar al\u0131rken ne kadar ac\u0131mas\u0131z olabildi\u011fine herkes gibi ben de \u015fahit oldum. Oysa bu hayatta hata yapan ne ilk ne de son insan\u0131m. Herkes ikinci bir \u015fans\u0131 hak eder inanc\u0131n\u0131 ta\u015f\u0131mayan bu ac\u0131mas\u0131z insanlar ve kurumlar\u0131 vicdanlar\u0131yla ba\u015f ba\u015fa b\u0131rak\u0131yorum ve onlar\u0131 Allah\u2019a havale ediyorum.&#8221; ifadelerini kullanarak a\u00e7\u0131klama yapt\u0131.<\/p>\n<p><img loading=\"lazy\" decoding=\"async\" class=\"alignnone size-full wp-image-294529\" src=\"https:\/\/www.tgrthaber.com\/mavikadin\/wp-content\/uploads\/2026\/01\/Asli-2026-01-24T094647.569.png\" alt=\"\" width=\"1208\" height=\"680\" title=\"\" srcset=\"https:\/\/www.tgrthaber.com\/mavikadin\/wp-content\/uploads\/2026\/01\/Asli-2026-01-24T094647.569.png 1208w, https:\/\/www.tgrthaber.com\/mavikadin\/wp-content\/uploads\/2026\/01\/Asli-2026-01-24T094647.569-300x169.png 300w, https:\/\/www.tgrthaber.com\/mavikadin\/wp-content\/uploads\/2026\/01\/Asli-2026-01-24T094647.569-1024x576.png 1024w, https:\/\/www.tgrthaber.com\/mavikadin\/wp-content\/uploads\/2026\/01\/Asli-2026-01-24T094647.569-768x432.png 768w\" sizes=\"(max-width: 1208px) 100vw, 1208px\" \/><\/p>\n<hr \/>\n<h3>KIZILCIK \u015eERBET\u0130N&#8217;DE AYRIMCILK \u0130DD\u0130ASI<\/h3>\n<p>Do\u011fukan G\u00fcng\u00f6r\u2019\u00fcn ard\u0131ndan 2024 y\u0131l\u0131nda yasakl\u0131 madde sat\u0131n al\u0131rken yakalanan Feyza Civelek g\u00fcndem oldu. K\u0131z\u0131lc\u0131k \u015eerbeti\u2019nde Nilay karakterini oynayan Feyza Civelek\u2019in polis \u00e7evirmesine yakalanan yasakl\u0131 madde sat\u0131c\u0131lar\u0131n\u0131n yan\u0131na giderek &#8220;getirdin mi malzemeleri?&#8221; diye sordu\u011fu ortaya \u00e7\u0131kmas\u0131 tekrardan g\u00fcndeme geldi.<\/p>\n<p><img loading=\"lazy\" decoding=\"async\" class=\"alignnone size-full wp-image-294530\" src=\"https:\/\/www.tgrthaber.com\/mavikadin\/wp-content\/uploads\/2026\/01\/Asli-2026-01-24T094611.194.png\" alt=\"\" width=\"1208\" height=\"680\" title=\"\" srcset=\"https:\/\/www.tgrthaber.com\/mavikadin\/wp-content\/uploads\/2026\/01\/Asli-2026-01-24T094611.194.png 1208w, https:\/\/www.tgrthaber.com\/mavikadin\/wp-content\/uploads\/2026\/01\/Asli-2026-01-24T094611.194-300x169.png 300w, https:\/\/www.tgrthaber.com\/mavikadin\/wp-content\/uploads\/2026\/01\/Asli-2026-01-24T094611.194-1024x576.png 1024w, https:\/\/www.tgrthaber.com\/mavikadin\/wp-content\/uploads\/2026\/01\/Asli-2026-01-24T094611.194-768x432.png 768w\" sizes=\"(max-width: 1208px) 100vw, 1208px\" \/><\/p>\n<hr \/>\n<p>Karakola g\u00f6t\u00fcr\u00fclen Feyza Civelek verdi\u011fi ifadede ise, &#8220;Ben gece 03.30 s\u0131ralar\u0131nda \u015fah\u0131sla irtibata ge\u00e7tim ve yasakl\u0131 madde sipari\u015fi verdim. Biraz da alkoll\u00fcyd\u00fcm. Bana g\u00f6ndermi\u015f olduklar\u0131 hesap numaras\u0131na 6 bin lira atmam\u0131 s\u00f6ylediler. Ben de g\u00f6nderdim. Sonra ben soka\u011fa \u00e7\u0131kt\u0131\u011f\u0131mda motosikletli \u015fah\u0131slar vard\u0131. Ben yanlar\u0131na gitti\u011fimde, yasakl\u0131 maddeyi verin dedim. Sonra kendisinin polis oldu\u011funu s\u00f6yleyen sivil giyimli \u015fah\u0131s bana ne oldu\u011funu sordu.&#8221; a\u00e7\u0131klamas\u0131yla g\u00fcndem olmu\u015ftu.<\/p>\n<p><img loading=\"lazy\" decoding=\"async\" class=\"alignnone size-full wp-image-294531\" src=\"https:\/\/www.tgrthaber.com\/mavikadin\/wp-content\/uploads\/2026\/01\/Asli-2026-01-24T094511.550.png\" alt=\"\" width=\"1208\" height=\"680\" title=\"\" srcset=\"https:\/\/www.tgrthaber.com\/mavikadin\/wp-content\/uploads\/2026\/01\/Asli-2026-01-24T094511.550.png 1208w, https:\/\/www.tgrthaber.com\/mavikadin\/wp-content\/uploads\/2026\/01\/Asli-2026-01-24T094511.550-300x169.png 300w, https:\/\/www.tgrthaber.com\/mavikadin\/wp-content\/uploads\/2026\/01\/Asli-2026-01-24T094511.550-1024x576.png 1024w, https:\/\/www.tgrthaber.com\/mavikadin\/wp-content\/uploads\/2026\/01\/Asli-2026-01-24T094511.550-768x432.png 768w\" sizes=\"(max-width: 1208px) 100vw, 1208px\" \/><\/p>\n<hr \/>\n<p>Feyza Civelek\u2019in Do\u011fukan G\u00fcng\u00f6r\u2019le benzer durum ya\u015famas\u0131na ra\u011fmen K\u0131z\u0131lc\u0131k \u015eerbeti dizisinden \u00e7\u0131kar\u0131lmamas\u0131 ve herhangi bir yapt\u0131r\u0131m uygulanmamas\u0131, sosyal medyada \u00e7ifte standart konusunu g\u00fcndeme getirdi.<\/p>\n<p><img loading=\"lazy\" decoding=\"async\" class=\"alignnone size-full wp-image-294532\" src=\"https:\/\/www.tgrthaber.com\/mavikadin\/wp-content\/uploads\/2026\/01\/Asli-2026-01-24T094758.422.png\" alt=\"\" width=\"1208\" height=\"680\" title=\"\" srcset=\"https:\/\/www.tgrthaber.com\/mavikadin\/wp-content\/uploads\/2026\/01\/Asli-2026-01-24T094758.422.png 1208w, https:\/\/www.tgrthaber.com\/mavikadin\/wp-content\/uploads\/2026\/01\/Asli-2026-01-24T094758.422-300x169.png 300w, https:\/\/www.tgrthaber.com\/mavikadin\/wp-content\/uploads\/2026\/01\/Asli-2026-01-24T094758.422-1024x576.png 1024w, https:\/\/www.tgrthaber.com\/mavikadin\/wp-content\/uploads\/2026\/01\/Asli-2026-01-24T094758.422-768x432.png 768w\" sizes=\"(max-width: 1208px) 100vw, 1208px\" \/><\/p>\n<p>Sosyal medyada pek \u00e7ok sosyal medya kullan\u0131c\u0131s\u0131, Feyza Civelek\u2019in dizinin senaristinin k\u0131z\u0131 oldu\u011fu i\u00e7in bu tip bir durumla kar\u015f\u0131 kar\u015f\u0131ya kalmad\u0131\u011f\u0131n\u0131 iddia etti.<\/p>\n","protected":false},"excerpt":{"rendered":"<p>K\u0131z\u0131lc\u0131k \u015eerbeti\u2019nin sevilen oyuncusu Do\u011fukan G\u00fcng\u00f6r, yasakl\u0131 madde kulland\u0131\u011f\u0131 tespit edildi\u011fi i\u00e7in Show TV taraf\u0131ndan K\u0131z\u0131lc\u0131k \u015eerbeti kadrosundan \u00e7\u0131kar\u0131ld\u0131. Do\u011fukan G\u00fcng\u00f6r\u2019den konu hakk\u0131nda a\u00e7\u0131klamas\u0131 gelirken, sosyal medyada benzer durumla kar\u015f\u0131 kar\u015f\u0131ya kalan Feyza Civelek\u2019e hi\u00e7bir yapt\u0131r\u0131m uygulanmay\u0131p Do\u011fukan G\u00fcng\u00f6r\u2019\u00fcn diziden \u00e7\u0131kar\u0131lmas\u0131 g\u00fcndem oldu.<\/p>\n","protected":false},"author":37,"featured_media":294527,"comment_status":"closed","ping_status":"closed","sticky":false,"template":"","format":"standard","meta":{"rank_math_lock_modified_date":false,"footnotes":""},"categories":[602],"tags":[3602,4112,9361,2650,71378,133],"class_list":["post-294523","post","type-post","status-publish","format-standard","has-post-thumbnail","hentry","category-diziler","tag-diziler","tag-dogukan-gungor","tag-dogukan-gungor-diziden-ayrilacak-mi","tag-feyza-civelek","tag-feyza-civelek-dogukan-gungor","tag-magazin"],"_links":{"self":[{"href":"https:\/\/www.tgrthaber.com\/mavikadin\/wp-json\/wp\/v2\/posts\/294523"}],"collection":[{"href":"https:\/\/www.tgrthaber.com\/mavikadin\/wp-json\/wp\/v2\/posts"}],"about":[{"href":"https:\/\/www.tgrthaber.com\/mavikadin\/wp-json\/wp\/v2\/types\/post"}],"author":[{"embeddable":true,"href":"https:\/\/www.tgrthaber.com\/mavikadin\/wp-json\/wp\/v2\/users\/37"}],"replies":[{"embeddable":true,"href":"https:\/\/www.tgrthaber.com\/mavikadin\/wp-json\/wp\/v2\/comments?post=294523"}],"version-history":[{"count":4,"href":"https:\/\/www.tgrthaber.com\/mavikadin\/wp-json\/wp\/v2\/posts\/294523\/revisions"}],"predecessor-version":[{"id":294536,"href":"https:\/\/www.tgrthaber.com\/mavikadin\/wp-json\/wp\/v2\/posts\/294523\/revisions\/294536"}],"wp:featuredmedia":[{"embeddable":true,"href":"https:\/\/www.tgrthaber.com\/mavikadin\/wp-json\/wp\/v2\/media\/294527"}],"wp:attachment":[{"href":"https:\/\/www.tgrthaber.com\/mavikadin\/wp-json\/wp\/v2\/media?parent=294523"}],"wp:term":[{"taxonomy":"category","embeddable":true,"href":"https:\/\/www.tgrthaber.com\/mavikadin\/wp-json\/wp\/v2\/categories?post=294523"},{"taxonomy":"post_tag","embeddable":true,"href":"https:\/\/www.tgrthaber.com\/mavikadin\/wp-json\/wp\/v2\/tags?post=294523"}],"curies":[{"name":"wp","href":"https:\/\/api.w.org\/{rel}","templated":true}]}}