{"id":294526,"date":"2026-01-24T10:14:19","date_gmt":"2026-01-24T07:14:19","guid":{"rendered":"https:\/\/www.tgrthaber.com\/mavikadin\/?p=294526"},"modified":"2026-01-24T10:14:20","modified_gmt":"2026-01-24T07:14:20","slug":"dogukan-gungor-kizilcik-serbeti-dizisinden-ayrildi-mi-akillara-feyza-civelek-geldi","status":"publish","type":"post","link":"https:\/\/www.tgrthaber.com\/mavikadin\/dogukan-gungor-kizilcik-serbeti-dizisinden-ayrildi-mi-akillara-feyza-civelek-geldi\/","title":{"rendered":"Do\u011fukan G\u00fcng\u00f6r K\u0131z\u0131lc\u0131k \u015eerbeti dizisinden ayr\u0131ld\u0131 m\u0131? Ak\u0131llara Feyza Civelek geldi"},"content":{"rendered":"<p><a href=\"https:\/\/www.tgrthaber.com\/mavikadin\/dogukan-gungor-kizilcik-serbetinden-ayriliyor-yeni-fatih-unal-icin-arayislar-basladi\/\">Do\u011fukan G\u00fcng\u00f6r<\/a> K\u0131z\u0131lc\u0131k \u015eerbeti dizisinin kadrosundan \u00e7\u0131kar\u0131ld\u0131. 4 sezon Fatih karakteriyle ekranlarda yer alan Do\u011fukan G\u00fcng\u00f6r, yasakl\u0131 madde kullanmas\u0131 sebebiyle yap\u0131m \u015firketi taraf\u0131ndan diziden \u00e7\u0131kar\u0131ld\u0131. Magazin g\u00fcndemine bomba gibi d\u00fc\u015fen bu haberden sonra ak\u0131llara Feyza Cilevek\u2019in geldi. \u0130\u015fte detaylar\u2026<\/p>\n<h3>DO\u011eUKAN G\u00dcNG\u00d6R KIZILCIK \u015eERBET\u0130 D\u0130Z\u0130S\u0130NDEN AYRILDI!<\/h3>\n<p>K\u0131z\u0131lc\u0131k \u015eerbeti dizisinin en dikkat \u00e7eken isimlerinden biri olan <a href=\"https:\/\/www.tgrthaber.com\/mavikadin\/dogukan-gungor-kimin-oglu-dogukan-gungor-tutuklanacak-mi\/\">Do\u011fukan G\u00fcng\u00f6r<\/a>, magazin g\u00fcndemine bomba gibi d\u00fc\u015ft\u00fc. Yasakl\u0131 madde kulland\u0131\u011f\u0131na dair \u00e7\u0131kan haberler netlik kazan\u0131rken, K\u0131z\u0131lc\u0131k \u015eerbeti, yap\u0131m\u0131nda beklenmedik bir hareket geldi.<\/p>\n<p><img loading=\"lazy\" decoding=\"async\" class=\"alignnone size-full wp-image-294532\" src=\"https:\/\/www.tgrthaber.com\/mavikadin\/wp-content\/uploads\/2026\/01\/Asli-2026-01-24T094758.422.png\" alt=\"Do\u011fukan G\u00fcng\u00f6r K\u0131z\u0131lc\u0131k \u015eerbeti dizisinden ayr\u0131ld\u0131! Ak\u0131llara Feyza Civelek geldi\" width=\"1208\" height=\"680\" title=\"\" srcset=\"https:\/\/www.tgrthaber.com\/mavikadin\/wp-content\/uploads\/2026\/01\/Asli-2026-01-24T094758.422.png 1208w, https:\/\/www.tgrthaber.com\/mavikadin\/wp-content\/uploads\/2026\/01\/Asli-2026-01-24T094758.422-300x169.png 300w, https:\/\/www.tgrthaber.com\/mavikadin\/wp-content\/uploads\/2026\/01\/Asli-2026-01-24T094758.422-1024x576.png 1024w, https:\/\/www.tgrthaber.com\/mavikadin\/wp-content\/uploads\/2026\/01\/Asli-2026-01-24T094758.422-768x432.png 768w\" sizes=\"(max-width: 1208px) 100vw, 1208px\" \/><\/p>\n<hr \/>\n<p>K\u0131z\u0131lc\u0131k \u015eerbeti dizisinin yap\u0131m \u015firketinin ald\u0131\u011f\u0131 karar, Fatih karakterinin diziden \u00e7\u0131kart\u0131lmas\u0131 oldu. Ge\u00e7ti\u011fimiz haftalarda evinde yap\u0131lan arama sonucu yasakl\u0131 madde kulland\u0131\u011f\u0131 tespit edilen Do\u011fukan G\u00fcng\u00f6r, test sonu\u00e7lar\u0131n\u0131n da ortaya \u00e7\u0131kmas\u0131yla olaylar geli\u015fti.<\/p>\n<p><img loading=\"lazy\" decoding=\"async\" class=\"alignnone size-full wp-image-294538\" src=\"https:\/\/www.tgrthaber.com\/mavikadin\/wp-content\/uploads\/2026\/01\/dogukafeyza-6.jpg\" alt=\"Do\u011fukan G\u00fcng\u00f6r K\u0131z\u0131lc\u0131k \u015eerbeti dizisinden ayr\u0131ld\u0131! Ak\u0131llara Feyza Civelek geldi\" width=\"1208\" height=\"680\" title=\"\" srcset=\"https:\/\/www.tgrthaber.com\/mavikadin\/wp-content\/uploads\/2026\/01\/dogukafeyza-6.jpg 1208w, https:\/\/www.tgrthaber.com\/mavikadin\/wp-content\/uploads\/2026\/01\/dogukafeyza-6-300x169.jpg 300w, https:\/\/www.tgrthaber.com\/mavikadin\/wp-content\/uploads\/2026\/01\/dogukafeyza-6-1024x576.jpg 1024w, https:\/\/www.tgrthaber.com\/mavikadin\/wp-content\/uploads\/2026\/01\/dogukafeyza-6-768x432.jpg 768w\" sizes=\"(max-width: 1208px) 100vw, 1208px\" \/><\/p>\n<hr \/>\n<p>Show TV\u2019nin alm\u0131\u015f oldu\u011fu kararla birlikte ise Fatih karakterinin fragman da yer alan sahnelerinin silinmesi dikkatlerden ka\u00e7mad\u0131. Do\u011fukan G\u00fcng\u00f6r\u2019\u00fcn ans\u0131z\u0131n kadrodan \u00e7\u0131k\u0131lmas\u0131yla birlikte magazin g\u00fcndemine bomba gibi d\u00fc\u015fm\u00fc\u015f, olayla ilgili de a\u00e7\u0131klamalar\u0131n\u0131 sosyal medya \u00fczerinden yapt\u0131.<\/p>\n<p><img loading=\"lazy\" decoding=\"async\" class=\"alignnone size-full wp-image-294539\" src=\"https:\/\/www.tgrthaber.com\/mavikadin\/wp-content\/uploads\/2026\/01\/dogukafeyza-7.jpg\" alt=\"Do\u011fukan G\u00fcng\u00f6r K\u0131z\u0131lc\u0131k \u015eerbeti dizisinden ayr\u0131ld\u0131! Ak\u0131llara Feyza Civelek geldi\" width=\"1208\" height=\"680\" title=\"\" srcset=\"https:\/\/www.tgrthaber.com\/mavikadin\/wp-content\/uploads\/2026\/01\/dogukafeyza-7.jpg 1208w, https:\/\/www.tgrthaber.com\/mavikadin\/wp-content\/uploads\/2026\/01\/dogukafeyza-7-300x169.jpg 300w, https:\/\/www.tgrthaber.com\/mavikadin\/wp-content\/uploads\/2026\/01\/dogukafeyza-7-1024x576.jpg 1024w, https:\/\/www.tgrthaber.com\/mavikadin\/wp-content\/uploads\/2026\/01\/dogukafeyza-7-768x432.jpg 768w\" sizes=\"(max-width: 1208px) 100vw, 1208px\" \/><\/p>\n<hr \/>\n<p>Ans\u0131z\u0131n ald\u0131\u011f\u0131 haberle olduk\u00e7a \u015fa\u015fk\u0131nl\u0131k ya\u015fayan Do\u011fukan G\u00fcng\u00f6r\u2019\u00fcn hayranlar\u0131 ise bu durum kar\u015f\u0131s\u0131nda tepkilerini ifade ederken Dizi de rol alan Feyza Civelek\u2019in 2024 y\u0131l\u0131nda ya\u015fad\u0131\u011f\u0131 yasakl\u0131 madde olay\u0131 tekrardan g\u00fcndeme geldi.<\/p>\n<h3><img loading=\"lazy\" decoding=\"async\" class=\"alignnone size-full wp-image-294542\" src=\"https:\/\/www.tgrthaber.com\/mavikadin\/wp-content\/uploads\/2026\/01\/dogukafeyza-3.jpg\" alt=\"Do\u011fukan G\u00fcng\u00f6r K\u0131z\u0131lc\u0131k \u015eerbeti dizisinden ayr\u0131ld\u0131! Ak\u0131llara Feyza Civelek geldi\" width=\"1208\" height=\"680\" title=\"\" srcset=\"https:\/\/www.tgrthaber.com\/mavikadin\/wp-content\/uploads\/2026\/01\/dogukafeyza-3.jpg 1208w, https:\/\/www.tgrthaber.com\/mavikadin\/wp-content\/uploads\/2026\/01\/dogukafeyza-3-300x169.jpg 300w, https:\/\/www.tgrthaber.com\/mavikadin\/wp-content\/uploads\/2026\/01\/dogukafeyza-3-1024x576.jpg 1024w, https:\/\/www.tgrthaber.com\/mavikadin\/wp-content\/uploads\/2026\/01\/dogukafeyza-3-768x432.jpg 768w\" sizes=\"(max-width: 1208px) 100vw, 1208px\" \/><\/h3>\n<hr \/>\n<h3>AKILLARA FEYZA C\u0130VELEK GELD\u0130<\/h3>\n<p>K\u0131z\u0131lc\u0131k \u015eerbeti dizisinin 4 sezondur sevilen karakterlerinden biri olan Fatih\u2019i oynayan Do\u011fukan G\u00fcng\u00f6r, ge\u00e7ti\u011fimiz saatlerde dizinin kadrosundan aniden \u00e7\u0131kar\u0131ld\u0131. Yap\u0131m ve Show TV\u2019nin karar\u0131 oldu\u011fu iddia edilirken Do\u011fukan G\u00fcng\u00f6r\u2019\u00fcn aniden ba\u015f\u0131na gelen bu haberle dikkatleri \u00fczerine \u00e7ekti.<\/p>\n<p><img loading=\"lazy\" decoding=\"async\" class=\"alignnone size-full wp-image-294543\" src=\"https:\/\/www.tgrthaber.com\/mavikadin\/wp-content\/uploads\/2026\/01\/dogukafeyza-4.jpg\" alt=\"Do\u011fukan G\u00fcng\u00f6r K\u0131z\u0131lc\u0131k \u015eerbeti dizisinden ayr\u0131ld\u0131! Ak\u0131llara Feyza Civelek geldi\" width=\"1208\" height=\"680\" title=\"\" srcset=\"https:\/\/www.tgrthaber.com\/mavikadin\/wp-content\/uploads\/2026\/01\/dogukafeyza-4.jpg 1208w, https:\/\/www.tgrthaber.com\/mavikadin\/wp-content\/uploads\/2026\/01\/dogukafeyza-4-300x169.jpg 300w, https:\/\/www.tgrthaber.com\/mavikadin\/wp-content\/uploads\/2026\/01\/dogukafeyza-4-1024x576.jpg 1024w, https:\/\/www.tgrthaber.com\/mavikadin\/wp-content\/uploads\/2026\/01\/dogukafeyza-4-768x432.jpg 768w\" sizes=\"(max-width: 1208px) 100vw, 1208px\" \/><\/p>\n<hr \/>\n<p>Ancak ak\u0131llara 2024 y\u0131l\u0131nda yasakl\u0131 madde al\u0131rken yakalanan Feyza Civelek geldi. Onedio\u2019nun haberine g\u00f6re, K\u0131z\u0131lc\u0131k \u015eerbeti dizisin de rol alan Nilay karakterini oynayan Feyza Civelek\u2019in polis \u00e7evirmesine yakalanmas\u0131 g\u00fcndem oldu.<\/p>\n<p><img loading=\"lazy\" decoding=\"async\" class=\"alignnone size-full wp-image-294540\" src=\"https:\/\/www.tgrthaber.com\/mavikadin\/wp-content\/uploads\/2026\/01\/dogukafeyza-1.jpg\" alt=\"Do\u011fukan G\u00fcng\u00f6r K\u0131z\u0131lc\u0131k \u015eerbeti dizisinden ayr\u0131ld\u0131! Ak\u0131llara Feyza Civelek geldi\" width=\"1208\" height=\"680\" title=\"\" srcset=\"https:\/\/www.tgrthaber.com\/mavikadin\/wp-content\/uploads\/2026\/01\/dogukafeyza-1.jpg 1208w, https:\/\/www.tgrthaber.com\/mavikadin\/wp-content\/uploads\/2026\/01\/dogukafeyza-1-300x169.jpg 300w, https:\/\/www.tgrthaber.com\/mavikadin\/wp-content\/uploads\/2026\/01\/dogukafeyza-1-1024x576.jpg 1024w, https:\/\/www.tgrthaber.com\/mavikadin\/wp-content\/uploads\/2026\/01\/dogukafeyza-1-768x432.jpg 768w\" sizes=\"(max-width: 1208px) 100vw, 1208px\" \/><\/p>\n<hr \/>\n<p>Do\u011fukan G\u00fcng\u00f6r diziden \u00e7\u0131kart\u0131l\u0131rken Feyza Civelek\u2019e bir \u015fey yap\u0131lmamas\u0131 sosyal meydan\u0131nda diline doland\u0131. Pek \u00e7ok kullan\u0131c\u0131 Feyza Civelek\u2019in annesinin dizinin senarist olmas\u0131 sebebiyle b\u00f6yle bir duruma kar\u015f\u0131 kar\u015f\u0131ya kalmad\u0131\u011f\u0131 iddia edildi. Sosyal medyada pek \u00e7ok kullan\u0131c\u0131 konu hakk\u0131nda yorumlar\u0131n\u0131 da yapmay\u0131 unutmad\u0131lar.<\/p>\n","protected":false},"excerpt":{"rendered":"<p>Show TV\u2019nin sevilen dizilerinden biri olan K\u0131z\u0131lc\u0131k \u015eerbeti, dikkatleri \u00fczerine \u00e7ekmeye devam ediyor. K\u0131z\u0131lc\u0131k \u015eerbeti\u2019nin ba\u015frol karakterlerinden biri olan Do\u011fukan G\u00fcng\u00f6r, dizi den \u00e7\u0131kar\u0131lmas\u0131n\u0131n ard\u0131ndan g\u00fcndem de yer al\u0131rken, sosyal medya da benzer bir durumla kar\u015f\u0131 kar\u015f\u0131ya kalan Feyza Civelek\u2019e hi\u00e7bir yapt\u0131r\u0131m\u0131n yap\u0131lmamas\u0131 dikkat \u00e7ekti. <\/p>\n","protected":false},"author":34,"featured_media":294537,"comment_status":"closed","ping_status":"closed","sticky":false,"template":"","format":"standard","meta":{"rank_math_lock_modified_date":false,"footnotes":""},"categories":[76],"tags":[4112,2650,157,2218],"class_list":["post-294526","post","type-post","status-publish","format-standard","has-post-thumbnail","hentry","category-magazin","tag-dogukan-gungor","tag-feyza-civelek","tag-kizilcik-serbeti","tag-magazin-haberleri"],"_links":{"self":[{"href":"https:\/\/www.tgrthaber.com\/mavikadin\/wp-json\/wp\/v2\/posts\/294526"}],"collection":[{"href":"https:\/\/www.tgrthaber.com\/mavikadin\/wp-json\/wp\/v2\/posts"}],"about":[{"href":"https:\/\/www.tgrthaber.com\/mavikadin\/wp-json\/wp\/v2\/types\/post"}],"author":[{"embeddable":true,"href":"https:\/\/www.tgrthaber.com\/mavikadin\/wp-json\/wp\/v2\/users\/34"}],"replies":[{"embeddable":true,"href":"https:\/\/www.tgrthaber.com\/mavikadin\/wp-json\/wp\/v2\/comments?post=294526"}],"version-history":[{"count":2,"href":"https:\/\/www.tgrthaber.com\/mavikadin\/wp-json\/wp\/v2\/posts\/294526\/revisions"}],"predecessor-version":[{"id":294545,"href":"https:\/\/www.tgrthaber.com\/mavikadin\/wp-json\/wp\/v2\/posts\/294526\/revisions\/294545"}],"wp:featuredmedia":[{"embeddable":true,"href":"https:\/\/www.tgrthaber.com\/mavikadin\/wp-json\/wp\/v2\/media\/294537"}],"wp:attachment":[{"href":"https:\/\/www.tgrthaber.com\/mavikadin\/wp-json\/wp\/v2\/media?parent=294526"}],"wp:term":[{"taxonomy":"category","embeddable":true,"href":"https:\/\/www.tgrthaber.com\/mavikadin\/wp-json\/wp\/v2\/categories?post=294526"},{"taxonomy":"post_tag","embeddable":true,"href":"https:\/\/www.tgrthaber.com\/mavikadin\/wp-json\/wp\/v2\/tags?post=294526"}],"curies":[{"name":"wp","href":"https:\/\/api.w.org\/{rel}","templated":true}]}}