{"id":294559,"date":"2026-01-24T11:24:09","date_gmt":"2026-01-24T08:24:09","guid":{"rendered":"https:\/\/www.tgrthaber.com\/mavikadin\/?p=294559"},"modified":"2026-01-24T11:24:09","modified_gmt":"2026-01-24T08:24:09","slug":"ufuk-ozkana-donor-olan-salih-kivircik-kimdir-kac-yasinda-salih-kivircik-meslegi-ne","status":"publish","type":"post","link":"https:\/\/www.tgrthaber.com\/mavikadin\/ufuk-ozkana-donor-olan-salih-kivircik-kimdir-kac-yasinda-salih-kivircik-meslegi-ne\/","title":{"rendered":"Ufuk \u00d6zkan\u2019a don\u00f6r olan Salih K\u0131v\u0131rc\u0131k kimdir ka\u00e7 ya\u015f\u0131nda? Salih K\u0131v\u0131rc\u0131k mesle\u011fi ne?"},"content":{"rendered":"<p>Ba\u015far\u0131l\u0131 oyuncu <a href=\"https:\/\/www.tgrthaber.com\/mavikadin\/zuhal-topalin-ufuk-ozkan-sessizligi-tepkilere-neden-oldu-hastaneye-gitmemesi-dikkat-cekti\/\">Ufuk \u00d6zkan<\/a> iki y\u0131ld\u0131r karaci\u011fer hastal\u0131\u011f\u0131 ile m\u00fccadele ederken, ge\u00e7ti\u011fimiz aylarda karaci\u011ferin de s\u0131k\u0131nt\u0131lar oldu\u011fu i\u00e7in don\u00f6r bulunmas\u0131 gerekti\u011fiyle magazin g\u00fcndemine geliyordu. Sevindiren haber ge\u00e7ti\u011fimiz saatlerde geldi. Salih K\u0131v\u0131rc\u0131k Ufuk \u00d6zkan\u2019a don\u00f6r oldu. Peki, Ufuk \u00d6zkan\u2019a don\u00f6r olan Salih K\u0131v\u0131rc\u0131k kimdir ka\u00e7 ya\u015f\u0131nda? Salih K\u0131v\u0131rc\u0131k mesle\u011fi ne? sorular\u0131 merak edildi. \u0130\u015fte Salih K\u0131v\u0131rc\u0131k hakk\u0131nda merak edilenler\u2026<\/p>\n<h3>UFUK \u00d6ZKAN\u2019A DON\u00d6R OLAN SAL\u0130H KIVIRCIK K\u0130MD\u0130R?<\/h3>\n<p>Geni\u015f Aile ve Kalk Gidelim gibi yap\u0131mlarla izleyici kar\u015f\u0131s\u0131na \u00e7\u0131kan <a href=\"https:\/\/www.tgrthaber.com\/mavikadin\/acil-organ-nakli-cagrisinda-bulunulmustu-ufuk-ozkandan-uzen-haber\/\">Ufuk \u00d6zkan<\/a>, ya\u015fad\u0131\u011f\u0131 sa\u011fl\u0131k sorunlar\u0131yla g\u00fcndemde s\u0131kl\u0131kla yer al\u0131yordu. Karaci\u011fer yetmezli\u011fiyle ge\u00e7ti\u011fimiz haftalarda hastaneye yatan Ufuk \u00d6zkan i\u00e7in karaci\u011fer don\u00f6r\u00fc aran\u0131yordu.<\/p>\n<p><img loading=\"lazy\" decoding=\"async\" class=\"alignnone size-full wp-image-294565\" src=\"https:\/\/www.tgrthaber.com\/mavikadin\/wp-content\/uploads\/2026\/01\/ARZU-2026-01-24T112008.807.jpg\" alt=\"Ufuk \u00d6zkan\u2019a don\u00f6r olan Salih K\u0131v\u0131rc\u0131k kimdir ka\u00e7 ya\u015f\u0131nda? Salih K\u0131v\u0131rc\u0131k mesle\u011fi ne?\" width=\"1208\" height=\"680\" title=\"\" srcset=\"https:\/\/www.tgrthaber.com\/mavikadin\/wp-content\/uploads\/2026\/01\/ARZU-2026-01-24T112008.807.jpg 1208w, https:\/\/www.tgrthaber.com\/mavikadin\/wp-content\/uploads\/2026\/01\/ARZU-2026-01-24T112008.807-300x169.jpg 300w, https:\/\/www.tgrthaber.com\/mavikadin\/wp-content\/uploads\/2026\/01\/ARZU-2026-01-24T112008.807-1024x576.jpg 1024w, https:\/\/www.tgrthaber.com\/mavikadin\/wp-content\/uploads\/2026\/01\/ARZU-2026-01-24T112008.807-768x432.jpg 768w\" sizes=\"(max-width: 1208px) 100vw, 1208px\" \/><\/p>\n<hr \/>\n<p>Sevindiren haber ise ge\u00e7ti\u011fimiz saatlerde geldi. Kamuoyunda yer alan bilgilere g\u00f6re, <a href=\"https:\/\/www.tgrthaber.com\/mavikadin\/ufuk-ozkan-son-saglik-durumu-nedir-ufuk-ozkan-donor-bulundu-mu\/\">Ufuk \u00d6zkan<\/a>\u2019\u0131n daha \u00f6nce birlikte \u00e7al\u0131\u015ft\u0131\u011f\u0131 kameran\u0131n Salih K\u0131v\u0131rc\u0131k oyuncuya don\u00f6r oldu. Sevindiren haberlerin ard\u0131ndan arama motorlar\u0131nda Salih K\u0131v\u0131rc\u0131k merak edilerek ara\u015ft\u0131r\u0131lmaya ba\u015fland\u0131.<\/p>\n<p><img loading=\"lazy\" decoding=\"async\" class=\"alignnone size-full wp-image-294564\" src=\"https:\/\/www.tgrthaber.com\/mavikadin\/wp-content\/uploads\/2026\/01\/ARZU-2026-01-24T112026.788.jpg\" alt=\"Ufuk \u00d6zkan\u2019a don\u00f6r olan Salih K\u0131v\u0131rc\u0131k kimdir ka\u00e7 ya\u015f\u0131nda? Salih K\u0131v\u0131rc\u0131k mesle\u011fi ne?\" width=\"1208\" height=\"680\" title=\"\" srcset=\"https:\/\/www.tgrthaber.com\/mavikadin\/wp-content\/uploads\/2026\/01\/ARZU-2026-01-24T112026.788.jpg 1208w, https:\/\/www.tgrthaber.com\/mavikadin\/wp-content\/uploads\/2026\/01\/ARZU-2026-01-24T112026.788-300x169.jpg 300w, https:\/\/www.tgrthaber.com\/mavikadin\/wp-content\/uploads\/2026\/01\/ARZU-2026-01-24T112026.788-1024x576.jpg 1024w, https:\/\/www.tgrthaber.com\/mavikadin\/wp-content\/uploads\/2026\/01\/ARZU-2026-01-24T112026.788-768x432.jpg 768w\" sizes=\"(max-width: 1208px) 100vw, 1208px\" \/><\/p>\n<hr \/>\n<p>Salih K\u0131v\u0131rc\u0131k hakk\u0131nda kamuoyunda yazan bilgiler aras\u0131nda medya sekt\u00f6r\u00fcnde uzun d\u00f6nemler \u00e7al\u0131\u015ft\u0131\u011f\u0131 yer almaktad\u0131r. Hayat\u0131 hakk\u0131nda detayl\u0131 bilgiler kamuoyunda bulunmuyor.<\/p>\n<h3><img loading=\"lazy\" decoding=\"async\" class=\"alignnone size-full wp-image-294563\" src=\"https:\/\/www.tgrthaber.com\/mavikadin\/wp-content\/uploads\/2026\/01\/ARZU-2026-01-24T112045.739.jpg\" alt=\"Ufuk \u00d6zkan\u2019a don\u00f6r olan Salih K\u0131v\u0131rc\u0131k kimdir ka\u00e7 ya\u015f\u0131nda? Salih K\u0131v\u0131rc\u0131k mesle\u011fi ne?\" width=\"1208\" height=\"680\" title=\"\" srcset=\"https:\/\/www.tgrthaber.com\/mavikadin\/wp-content\/uploads\/2026\/01\/ARZU-2026-01-24T112045.739.jpg 1208w, https:\/\/www.tgrthaber.com\/mavikadin\/wp-content\/uploads\/2026\/01\/ARZU-2026-01-24T112045.739-300x169.jpg 300w, https:\/\/www.tgrthaber.com\/mavikadin\/wp-content\/uploads\/2026\/01\/ARZU-2026-01-24T112045.739-1024x576.jpg 1024w, https:\/\/www.tgrthaber.com\/mavikadin\/wp-content\/uploads\/2026\/01\/ARZU-2026-01-24T112045.739-768x432.jpg 768w\" sizes=\"(max-width: 1208px) 100vw, 1208px\" \/><\/h3>\n<hr \/>\n<h3>SAL\u0130H KIVIRCIK KA\u00c7 YA\u015eINDA?<\/h3>\n<p>Salih K\u0131v\u0131rc\u0131k hakk\u0131nda kamuoyunda detayl\u0131 bilgiler bulunmazken do\u011fum tarihi ve nereli oldu\u011fu da bilinmiyor. Salih K\u0131v\u0131rc\u0131k hakk\u0131nda sadece medya sekt\u00f6r\u00fcnde uzun y\u0131llar faaliyet g\u00f6sterdi\u011fi biliniyor.<\/p>\n<p><img loading=\"lazy\" decoding=\"async\" class=\"alignnone size-full wp-image-294562\" src=\"https:\/\/www.tgrthaber.com\/mavikadin\/wp-content\/uploads\/2026\/01\/ARZU-2026-01-24T112055.186.jpg\" alt=\"Ufuk \u00d6zkan\u2019a don\u00f6r olan Salih K\u0131v\u0131rc\u0131k kimdir ka\u00e7 ya\u015f\u0131nda? Salih K\u0131v\u0131rc\u0131k mesle\u011fi ne?\" width=\"1208\" height=\"680\" title=\"\" srcset=\"https:\/\/www.tgrthaber.com\/mavikadin\/wp-content\/uploads\/2026\/01\/ARZU-2026-01-24T112055.186.jpg 1208w, https:\/\/www.tgrthaber.com\/mavikadin\/wp-content\/uploads\/2026\/01\/ARZU-2026-01-24T112055.186-300x169.jpg 300w, https:\/\/www.tgrthaber.com\/mavikadin\/wp-content\/uploads\/2026\/01\/ARZU-2026-01-24T112055.186-1024x576.jpg 1024w, https:\/\/www.tgrthaber.com\/mavikadin\/wp-content\/uploads\/2026\/01\/ARZU-2026-01-24T112055.186-768x432.jpg 768w\" sizes=\"(max-width: 1208px) 100vw, 1208px\" \/><\/p>\n<hr \/>\n<p>Sosyal medyada da yapt\u0131\u011f\u0131 i\u015fle alakal\u0131 payla\u015f\u0131mlar yapan Salih K\u0131v\u0131rc\u0131k, \u015fimdilerde Ufuk \u00d6zkan\u2019a yapm\u0131\u015f oldu\u011fu don\u00f6r ile dikkatleri \u00fczerine \u00e7ekiyor. \u00d6zellikle de magazin g\u00fcndeminde uzun s\u00fcre konu\u015fulan don\u00f6r\u00fcn bulunmas\u0131 da hem Ufuk \u00d6zkan\u2019\u0131n hayranlar\u0131n\u0131 hem de ailesini sevindirdi.<\/p>\n<h3><img loading=\"lazy\" decoding=\"async\" class=\"alignnone size-full wp-image-294560\" src=\"https:\/\/www.tgrthaber.com\/mavikadin\/wp-content\/uploads\/2026\/01\/ARZU-2026-01-24T112115.450.jpg\" alt=\"Ufuk \u00d6zkan\u2019a don\u00f6r olan Salih K\u0131v\u0131rc\u0131k kimdir ka\u00e7 ya\u015f\u0131nda? Salih K\u0131v\u0131rc\u0131k mesle\u011fi ne?\" width=\"1208\" height=\"680\" title=\"\" srcset=\"https:\/\/www.tgrthaber.com\/mavikadin\/wp-content\/uploads\/2026\/01\/ARZU-2026-01-24T112115.450.jpg 1208w, https:\/\/www.tgrthaber.com\/mavikadin\/wp-content\/uploads\/2026\/01\/ARZU-2026-01-24T112115.450-300x169.jpg 300w, https:\/\/www.tgrthaber.com\/mavikadin\/wp-content\/uploads\/2026\/01\/ARZU-2026-01-24T112115.450-1024x576.jpg 1024w, https:\/\/www.tgrthaber.com\/mavikadin\/wp-content\/uploads\/2026\/01\/ARZU-2026-01-24T112115.450-768x432.jpg 768w\" sizes=\"(max-width: 1208px) 100vw, 1208px\" \/><\/h3>\n<hr \/>\n<h3>SAL\u0130H KIVIRCIK MESLE\u011e\u0130 NE?<\/h3>\n<p>Salih K\u0131v\u0131rc\u0131k\u2019\u0131n mesle\u011fi de merak edilerek ara\u015ft\u0131r\u0131lmaya ba\u015fland\u0131. Salih K\u0131v\u0131rc\u0131k hakk\u0131nda medya sekt\u00f6r\u00fcnde uzun y\u0131llard\u0131r yer ald\u0131\u011f\u0131 yaz\u0131yor. \u00d6yle ki Salih K\u0131v\u0131rc\u0131k\u2019\u0131n kendi sosyal medyas\u0131nda \u2018G\u00f6r\u00fcnt\u00fc Y\u00f6netmeni\u2019 yaz\u0131s\u0131 yer al\u0131rken yapt\u0131\u011f\u0131 \u00e7al\u0131\u015fmalarda dikkat \u00e7ekiyor.<\/p>\n<p><img loading=\"lazy\" decoding=\"async\" class=\"alignnone size-full wp-image-294561\" src=\"https:\/\/www.tgrthaber.com\/mavikadin\/wp-content\/uploads\/2026\/01\/ARZU-2026-01-24T112107.165.jpg\" alt=\"Ufuk \u00d6zkan\u2019a don\u00f6r olan Salih K\u0131v\u0131rc\u0131k kimdir ka\u00e7 ya\u015f\u0131nda? Salih K\u0131v\u0131rc\u0131k mesle\u011fi ne?\" width=\"1208\" height=\"680\" title=\"\" srcset=\"https:\/\/www.tgrthaber.com\/mavikadin\/wp-content\/uploads\/2026\/01\/ARZU-2026-01-24T112107.165.jpg 1208w, https:\/\/www.tgrthaber.com\/mavikadin\/wp-content\/uploads\/2026\/01\/ARZU-2026-01-24T112107.165-300x169.jpg 300w, https:\/\/www.tgrthaber.com\/mavikadin\/wp-content\/uploads\/2026\/01\/ARZU-2026-01-24T112107.165-1024x576.jpg 1024w, https:\/\/www.tgrthaber.com\/mavikadin\/wp-content\/uploads\/2026\/01\/ARZU-2026-01-24T112107.165-768x432.jpg 768w\" sizes=\"(max-width: 1208px) 100vw, 1208px\" \/><\/p>\n<hr \/>\n<p>Kamuoyunda yer alan bilgilere g\u00f6re, Ufuk \u00d6zkan\u2019la beraber bir d\u00f6nem \u00e7al\u0131\u015fan Salih K\u0131v\u0131rc\u0131k yapm\u0131\u015f oldu\u011fu iyilik ile magazin g\u00fcndeminde olduk\u00e7a dikkat \u00e7ekti. Sosyal medya \u00fczerinden de pek \u00e7ok yorum alan Salih K\u0131v\u0131rc\u0131k, \u015fimdilerde takip edilen ki\u015filer aras\u0131nda yer al\u0131yor.<\/p>\n","protected":false},"excerpt":{"rendered":"<p>\u00dcnl\u00fc oyuncu Ufuk \u00d6zkan\u2019a don\u00f6r olan Salih K\u0131v\u0131rc\u0131k hayat\u0131yla merak edilerek ara\u015ft\u0131r\u0131lmaya ba\u015fland\u0131. Arama motorlar\u0131nda \u2018Ufuk \u00d6zkan\u2019a don\u00f6r olan Salih K\u0131v\u0131rc\u0131k kimdir ka\u00e7 ya\u015f\u0131nda? Salih K\u0131v\u0131rc\u0131k mesle\u011fi ne?\u2019 sorular\u0131 ara\u015ft\u0131r\u0131l\u0131rken, Salih K\u0131v\u0131rc\u0131k magazin g\u00fcndeminin de en dikkat \u00e7eken isimlerinden biri oldu. \u0130\u015fte detaylar\u2026<\/p>\n","protected":false},"author":34,"featured_media":294566,"comment_status":"closed","ping_status":"closed","sticky":false,"template":"","format":"standard","meta":{"rank_math_lock_modified_date":false,"footnotes":""},"categories":[491],"tags":[16521,71380,71381,4964,71382],"class_list":["post-294559","post","type-post","status-publish","format-standard","has-post-thumbnail","hentry","category-biyografi","tag-biyografi-haberleri","tag-salih-kivircik","tag-salih-kivircik-kimdir","tag-ufuk-ozkan","tag-ufuk-ozkan-donor-olan-salih-kivircik"],"_links":{"self":[{"href":"https:\/\/www.tgrthaber.com\/mavikadin\/wp-json\/wp\/v2\/posts\/294559"}],"collection":[{"href":"https:\/\/www.tgrthaber.com\/mavikadin\/wp-json\/wp\/v2\/posts"}],"about":[{"href":"https:\/\/www.tgrthaber.com\/mavikadin\/wp-json\/wp\/v2\/types\/post"}],"author":[{"embeddable":true,"href":"https:\/\/www.tgrthaber.com\/mavikadin\/wp-json\/wp\/v2\/users\/34"}],"replies":[{"embeddable":true,"href":"https:\/\/www.tgrthaber.com\/mavikadin\/wp-json\/wp\/v2\/comments?post=294559"}],"version-history":[{"count":2,"href":"https:\/\/www.tgrthaber.com\/mavikadin\/wp-json\/wp\/v2\/posts\/294559\/revisions"}],"predecessor-version":[{"id":294568,"href":"https:\/\/www.tgrthaber.com\/mavikadin\/wp-json\/wp\/v2\/posts\/294559\/revisions\/294568"}],"wp:featuredmedia":[{"embeddable":true,"href":"https:\/\/www.tgrthaber.com\/mavikadin\/wp-json\/wp\/v2\/media\/294566"}],"wp:attachment":[{"href":"https:\/\/www.tgrthaber.com\/mavikadin\/wp-json\/wp\/v2\/media?parent=294559"}],"wp:term":[{"taxonomy":"category","embeddable":true,"href":"https:\/\/www.tgrthaber.com\/mavikadin\/wp-json\/wp\/v2\/categories?post=294559"},{"taxonomy":"post_tag","embeddable":true,"href":"https:\/\/www.tgrthaber.com\/mavikadin\/wp-json\/wp\/v2\/tags?post=294559"}],"curies":[{"name":"wp","href":"https:\/\/api.w.org\/{rel}","templated":true}]}}