{"id":294598,"date":"2026-01-24T13:03:52","date_gmt":"2026-01-24T10:03:52","guid":{"rendered":"https:\/\/www.tgrthaber.com\/mavikadin\/?p=294598"},"modified":"2026-01-24T13:03:52","modified_gmt":"2026-01-24T10:03:52","slug":"tasacak-bu-deniz-15-bolumde-neler-oldu-tasacak-bu-deniz-son-bolum-nereden-izlenir","status":"publish","type":"post","link":"https:\/\/www.tgrthaber.com\/mavikadin\/tasacak-bu-deniz-15-bolumde-neler-oldu-tasacak-bu-deniz-son-bolum-nereden-izlenir\/","title":{"rendered":"Ta\u015facak Bu Deniz 15. b\u00f6l\u00fcmde neler oldu? Ta\u015facak Bu Deniz son b\u00f6l\u00fcm nereden izlenir?"},"content":{"rendered":"<p>Ekranlar\u0131n sevilen dizisi olan <a href=\"https:\/\/www.tgrthaber.com\/mavikadin\/tasacak-bu-deniz-15-bolum-iso-ve-fadime-dugunu-ekranlara-damga-vurdu-adil-furtuna-kapisina-dayaniyor\/\">Ta\u015facak Bu Deniz<\/a>, yeni b\u00f6l\u00fcm\u00fcyle adeta izleyiciyi ekrana kilitledi. Diziyi tekrardan izlemek isteyen ya da don b\u00f6l\u00fcm\u00fc ka\u00e7\u0131ranlar arama motorlar\u0131nda \u2018Ta\u015facak Bu Deniz 15. b\u00f6l\u00fcmde neler oldu? Ta\u015facak Bu Deniz son b\u00f6l\u00fcm nereden izlenir?\u2019 sorular\u0131n\u0131 ara\u015ft\u0131rd\u0131k. \u0130\u015fte detaylar\u2026<\/p>\n<h3>TA\u015eACAK BU DEN\u0130Z 15. B\u00d6L\u00dcMDE NELER OLDU?<\/h3>\n<p>TRT 1 ekranlar\u0131n\u0131n sevilen ve yo\u011fun ilgi ile izlenen dizisi <a href=\"https:\/\/www.tgrthaber.com\/mavikadin\/tasacak-bu-deniz-15-bolum-2-fragmanda-bomba-gelisme-oruc-itirafiyla-tum-dengeyi-degistirecek-adil-eleniyi-mi-ogrenecek\/\">Ta\u015facak Bu Deniz<\/a>, 15. B\u00f6l\u00fcm\u00fcyle adeta ekranlara damga vurdu. Fadime ve \u0130so\u2019nun d\u00fc\u011f\u00fcn\u00fc, Adil\u2019in \u015eerif\u2019in g\u00f6z\u00fcn\u00fcn \u00f6n\u00fcnde Esme\u2019nin elini tutmas\u0131 derken izleyici ekrana kilitlendi.<\/p>\n<p><img loading=\"lazy\" decoding=\"async\" class=\"alignnone size-full wp-image-294604\" src=\"https:\/\/www.tgrthaber.com\/mavikadin\/wp-content\/uploads\/2026\/01\/tasacak-bu-densz-6.jpg\" alt=\"Ta\u015facak Bu Deniz 15. b\u00f6l\u00fcmde neler oldu? Ta\u015facak Bu Deniz son b\u00f6l\u00fcm nereden izlenir? \" width=\"1208\" height=\"680\" title=\"\" srcset=\"https:\/\/www.tgrthaber.com\/mavikadin\/wp-content\/uploads\/2026\/01\/tasacak-bu-densz-6.jpg 1208w, https:\/\/www.tgrthaber.com\/mavikadin\/wp-content\/uploads\/2026\/01\/tasacak-bu-densz-6-300x169.jpg 300w, https:\/\/www.tgrthaber.com\/mavikadin\/wp-content\/uploads\/2026\/01\/tasacak-bu-densz-6-1024x576.jpg 1024w, https:\/\/www.tgrthaber.com\/mavikadin\/wp-content\/uploads\/2026\/01\/tasacak-bu-densz-6-768x432.jpg 768w\" sizes=\"(max-width: 1208px) 100vw, 1208px\" \/><\/p>\n<hr \/>\n<p>Arama motorlar\u0131nda \u2018Ta\u015facak Bu Deniz 15. b\u00f6l\u00fcmde neler oldu?\u2019 sorusu merakla ara\u015ft\u0131r\u0131lmaya ba\u015fland\u0131. Adil\u2019in \u015eerif Furtuna\u2019n\u0131n g\u00f6z\u00fcn\u00fcn \u00f6n\u00fcnde Esme\u2019nin elini tutmas\u0131 tansiyonu olduk\u00e7a y\u00fckseklere \u00e7\u0131kard\u0131. \u015eerif, Adil\u2019in yapm\u0131\u015f oldu\u011fu davran\u0131\u015ftan sonra Esme\u2019yi eve hapseder ve k\u0131z\u0131 ile g\u00f6r\u00fc\u015fmesine engel koyar.<\/p>\n<p><img loading=\"lazy\" decoding=\"async\" class=\"alignnone size-full wp-image-294601\" src=\"https:\/\/www.tgrthaber.com\/mavikadin\/wp-content\/uploads\/2026\/01\/tasacak-bu-densz-3.jpg\" alt=\"Ta\u015facak Bu Deniz 15. b\u00f6l\u00fcmde neler oldu? Ta\u015facak Bu Deniz son b\u00f6l\u00fcm nereden izlenir? \" width=\"1208\" height=\"680\" title=\"\" srcset=\"https:\/\/www.tgrthaber.com\/mavikadin\/wp-content\/uploads\/2026\/01\/tasacak-bu-densz-3.jpg 1208w, https:\/\/www.tgrthaber.com\/mavikadin\/wp-content\/uploads\/2026\/01\/tasacak-bu-densz-3-300x169.jpg 300w, https:\/\/www.tgrthaber.com\/mavikadin\/wp-content\/uploads\/2026\/01\/tasacak-bu-densz-3-1024x576.jpg 1024w, https:\/\/www.tgrthaber.com\/mavikadin\/wp-content\/uploads\/2026\/01\/tasacak-bu-densz-3-768x432.jpg 768w\" sizes=\"(max-width: 1208px) 100vw, 1208px\" \/><\/p>\n<hr \/>\n<p>Adil bu s\u0131rada Eleni\u2019yi kurtarmak i\u00e7in karakolun \u00f6n\u00fcne gider. \u00dc\u00e7\u00fc t\u00fcm zorluklara ra\u011fmen birlikte olman\u0131n yolunu \u00e7al\u0131\u015f\u0131rlar. Di\u011fer bir yandan da Oru\u00e7 Eleni\u2019nin annesinin Esme oldu\u011funu saklaman\u0131n a\u011f\u0131rl\u0131\u011f\u0131 ile g\u00fcn ge\u00e7tik\u00e7e daha \u00e7\u0131kmaza sokuyor. Ayr\u0131ca amcas\u0131n\u0131 yengesini eve hapsetti\u011fini \u00f6\u011frenen Oru\u00e7, hayat\u0131n\u0131 tehlikeye atarak kona\u011f\u0131n yolunu tutar.<\/p>\n<p><img loading=\"lazy\" decoding=\"async\" class=\"alignnone size-full wp-image-294602\" src=\"https:\/\/www.tgrthaber.com\/mavikadin\/wp-content\/uploads\/2026\/01\/tasacak-bu-densz-4.jpg\" alt=\"Ta\u015facak Bu Deniz 15. b\u00f6l\u00fcmde neler oldu? Ta\u015facak Bu Deniz son b\u00f6l\u00fcm nereden izlenir? \" width=\"1208\" height=\"680\" title=\"\" srcset=\"https:\/\/www.tgrthaber.com\/mavikadin\/wp-content\/uploads\/2026\/01\/tasacak-bu-densz-4.jpg 1208w, https:\/\/www.tgrthaber.com\/mavikadin\/wp-content\/uploads\/2026\/01\/tasacak-bu-densz-4-300x169.jpg 300w, https:\/\/www.tgrthaber.com\/mavikadin\/wp-content\/uploads\/2026\/01\/tasacak-bu-densz-4-1024x576.jpg 1024w, https:\/\/www.tgrthaber.com\/mavikadin\/wp-content\/uploads\/2026\/01\/tasacak-bu-densz-4-768x432.jpg 768w\" sizes=\"(max-width: 1208px) 100vw, 1208px\" \/><\/p>\n<hr \/>\n<p>Fadime ve \u0130so, Furtuna Kona\u011f\u0131\u2019na bir can daha vermemeye yemin eden Adil ve Fadime\u2019yi kona\u011fa gelin almaya karar veren Zarife aras\u0131nda kal\u0131r. Ey\u00fcphan ise Fadime\u2019yi ka\u00e7\u0131rarak adeta ba\u015f\u0131n\u0131 yakmak \u00fczeredir. D\u00fc\u011f\u00fcn de herkes patlamaya haz\u0131r bomba gibi davran\u0131rken, Eleni yapt\u0131\u011f\u0131 hareketle adeta bomban\u0131n pimini \u00e7ekecektir.<\/p>\n<h3><img loading=\"lazy\" decoding=\"async\" class=\"alignnone size-full wp-image-294600\" src=\"https:\/\/www.tgrthaber.com\/mavikadin\/wp-content\/uploads\/2026\/01\/tasacak-bu-densz-2.jpg\" alt=\"Ta\u015facak Bu Deniz 15. b\u00f6l\u00fcmde neler oldu? Ta\u015facak Bu Deniz son b\u00f6l\u00fcm nereden izlenir? \" width=\"1208\" height=\"680\" title=\"\" srcset=\"https:\/\/www.tgrthaber.com\/mavikadin\/wp-content\/uploads\/2026\/01\/tasacak-bu-densz-2.jpg 1208w, https:\/\/www.tgrthaber.com\/mavikadin\/wp-content\/uploads\/2026\/01\/tasacak-bu-densz-2-300x169.jpg 300w, https:\/\/www.tgrthaber.com\/mavikadin\/wp-content\/uploads\/2026\/01\/tasacak-bu-densz-2-1024x576.jpg 1024w, https:\/\/www.tgrthaber.com\/mavikadin\/wp-content\/uploads\/2026\/01\/tasacak-bu-densz-2-768x432.jpg 768w\" sizes=\"(max-width: 1208px) 100vw, 1208px\" \/><\/h3>\n<hr \/>\n<h3>TA\u015eACAK BU DEN\u0130Z SON B\u00d6L\u00dcM NEREDEN \u0130ZLEN\u0130R?<\/h3>\n<p>Ta\u015facak Bu Deniz, yay\u0131nlanan son b\u00f6l\u00fcm\u00fcyle adeta ekranlara damga vurdu. Diziyi ka\u00e7\u0131ranlar ya da tekrardan izlemek isteyenler ise merakla nereden izlenece\u011fini ara\u015ft\u0131rmaya ba\u015flad\u0131. TRT 1 ekranlar\u0131nda Cuma ak\u015fam\u0131 yay\u0131nlanan Ta\u015facak Bu Deniz, YouTube\u2019dan da izlenebiliyor.<\/p>\n<p><img loading=\"lazy\" decoding=\"async\" class=\"alignnone size-full wp-image-294599\" src=\"https:\/\/www.tgrthaber.com\/mavikadin\/wp-content\/uploads\/2026\/01\/tasacak-bu-densz-1.jpg\" alt=\"Ta\u015facak Bu Deniz 15. b\u00f6l\u00fcmde neler oldu? Ta\u015facak Bu Deniz son b\u00f6l\u00fcm nereden izlenir? \" width=\"1208\" height=\"680\" title=\"\" srcset=\"https:\/\/www.tgrthaber.com\/mavikadin\/wp-content\/uploads\/2026\/01\/tasacak-bu-densz-1.jpg 1208w, https:\/\/www.tgrthaber.com\/mavikadin\/wp-content\/uploads\/2026\/01\/tasacak-bu-densz-1-300x169.jpg 300w, https:\/\/www.tgrthaber.com\/mavikadin\/wp-content\/uploads\/2026\/01\/tasacak-bu-densz-1-1024x576.jpg 1024w, https:\/\/www.tgrthaber.com\/mavikadin\/wp-content\/uploads\/2026\/01\/tasacak-bu-densz-1-768x432.jpg 768w\" sizes=\"(max-width: 1208px) 100vw, 1208px\" \/><\/p>\n<hr \/>\n<p>Ba\u015far\u0131l\u0131 dizi son b\u00f6l\u00fcm\u00fcyle izleyicisinden tam not al\u0131rken, hayranlar\u0131 taraf\u0131ndan da sosyal medyada yo\u011fun ilgi g\u00f6rd\u00fc. Yo\u011fun yorum ve be\u011feni alan payla\u015f\u0131mlar ile haftan\u0131n en \u00e7ok konu\u015fulan dizileri aras\u0131nda yer al\u0131yor.<\/p>\n<p><img loading=\"lazy\" decoding=\"async\" class=\"alignnone size-full wp-image-294605\" src=\"https:\/\/www.tgrthaber.com\/mavikadin\/wp-content\/uploads\/2026\/01\/tasacak-bu-densz-7.jpg\" alt=\"Ta\u015facak Bu Deniz 15. b\u00f6l\u00fcmde neler oldu? Ta\u015facak Bu Deniz son b\u00f6l\u00fcm nereden izlenir? \" width=\"1208\" height=\"680\" title=\"\" srcset=\"https:\/\/www.tgrthaber.com\/mavikadin\/wp-content\/uploads\/2026\/01\/tasacak-bu-densz-7.jpg 1208w, https:\/\/www.tgrthaber.com\/mavikadin\/wp-content\/uploads\/2026\/01\/tasacak-bu-densz-7-300x169.jpg 300w, https:\/\/www.tgrthaber.com\/mavikadin\/wp-content\/uploads\/2026\/01\/tasacak-bu-densz-7-1024x576.jpg 1024w, https:\/\/www.tgrthaber.com\/mavikadin\/wp-content\/uploads\/2026\/01\/tasacak-bu-densz-7-768x432.jpg 768w\" sizes=\"(max-width: 1208px) 100vw, 1208px\" \/><\/p>\n<hr \/>\n<p>Ta\u015facak Bu Deniz, ayr\u0131ca TRT\u2019nin uluslararas\u0131 dijital platformu olan tabii\u2019de de yay\u0131nlan\u0131yor. \u00dcstelik diziyi kendi yay\u0131n g\u00fcn\u00fcnde canl\u0131 izleme imkan\u0131 da sunuyor. Ta\u015facak Bu Deniz, Youtube, tabii ve TRT1 \u2018in resmi internet sitesinde yay\u0131nlan\u0131yor. Dizi Cuma ak\u015famlar\u0131 saat 20.00\u2019da TRT1 ekranlar\u0131nda izleyicisi ile bulu\u015fuyor.<\/p>\n","protected":false},"excerpt":{"rendered":"<p>TRT 1 ekranlar\u0131n\u0131n fenomen dizisi Ta\u015facak Bu Deniz, 15. b\u00f6l\u00fcm\u00fcyle izleyicisiyle d\u00fcn ak\u015fam bulu\u015ftu. Peki, Ta\u015facak Bu Deniz 15. b\u00f6l\u00fcmde neler oldu? Ta\u015facak Bu Deniz son b\u00f6l\u00fcm nereden izlenir? \u0130\u015fte detaylar\u2026<\/p>\n","protected":false},"author":34,"featured_media":294603,"comment_status":"closed","ping_status":"closed","sticky":false,"template":"","format":"standard","meta":{"rank_math_lock_modified_date":false,"footnotes":""},"categories":[602],"tags":[2628,61052,71346],"class_list":["post-294598","post","type-post","status-publish","format-standard","has-post-thumbnail","hentry","category-diziler","tag-dizi-haberleri","tag-tasacak-bu-deniz","tag-tasacak-bu-deniz-15-bolum"],"_links":{"self":[{"href":"https:\/\/www.tgrthaber.com\/mavikadin\/wp-json\/wp\/v2\/posts\/294598"}],"collection":[{"href":"https:\/\/www.tgrthaber.com\/mavikadin\/wp-json\/wp\/v2\/posts"}],"about":[{"href":"https:\/\/www.tgrthaber.com\/mavikadin\/wp-json\/wp\/v2\/types\/post"}],"author":[{"embeddable":true,"href":"https:\/\/www.tgrthaber.com\/mavikadin\/wp-json\/wp\/v2\/users\/34"}],"replies":[{"embeddable":true,"href":"https:\/\/www.tgrthaber.com\/mavikadin\/wp-json\/wp\/v2\/comments?post=294598"}],"version-history":[{"count":2,"href":"https:\/\/www.tgrthaber.com\/mavikadin\/wp-json\/wp\/v2\/posts\/294598\/revisions"}],"predecessor-version":[{"id":294607,"href":"https:\/\/www.tgrthaber.com\/mavikadin\/wp-json\/wp\/v2\/posts\/294598\/revisions\/294607"}],"wp:featuredmedia":[{"embeddable":true,"href":"https:\/\/www.tgrthaber.com\/mavikadin\/wp-json\/wp\/v2\/media\/294603"}],"wp:attachment":[{"href":"https:\/\/www.tgrthaber.com\/mavikadin\/wp-json\/wp\/v2\/media?parent=294598"}],"wp:term":[{"taxonomy":"category","embeddable":true,"href":"https:\/\/www.tgrthaber.com\/mavikadin\/wp-json\/wp\/v2\/categories?post=294598"},{"taxonomy":"post_tag","embeddable":true,"href":"https:\/\/www.tgrthaber.com\/mavikadin\/wp-json\/wp\/v2\/tags?post=294598"}],"curies":[{"name":"wp","href":"https:\/\/api.w.org\/{rel}","templated":true}]}}