{"id":294608,"date":"2026-01-24T13:36:04","date_gmt":"2026-01-24T10:36:04","guid":{"rendered":"https:\/\/www.tgrthaber.com\/mavikadin\/?p=294608"},"modified":"2026-01-24T13:36:44","modified_gmt":"2026-01-24T10:36:44","slug":"filtre-kahvenize-tarcin-ekleyin-tuvaletten-cikmayin","status":"publish","type":"post","link":"https:\/\/www.tgrthaber.com\/mavikadin\/filtre-kahvenize-tarcin-ekleyin-tuvaletten-cikmayin\/","title":{"rendered":"Filtre kahvenize tar\u00e7\u0131n ekleyin! Tuvaletten \u00e7\u0131kmay\u0131n"},"content":{"rendered":"<p>Son y\u0131llarda tar\u00e7\u0131nl\u0131 kahve, kilo vermek isteyenlerin favorisi haline geldi. <a href=\"https:\/\/www.tgrthaber.com\/mavikadin\/isin-karaca-nasil-30-kilo-verdi-unlu-sarkicinin-zayiflama-sirri-gundem-oldu\/\">Tar\u00e7\u0131n<\/a>, kan \u015fekerini dengeleyerek ani a\u00e7l\u0131k krizlerini \u00f6nlerken, kahve metabolizmay\u0131 h\u0131zland\u0131r\u0131p i\u015ftah\u0131 kontrol alt\u0131na al\u0131r. Bu ikili, birlikte t\u00fcketildi\u011finde tok tutucu etkisiyle kilo vermenizi destekler.<\/p>\n<h3>F\u0130LTRE KAHVEN\u0130ZE TAR\u00c7IN EKLEY\u0130N<\/h3>\n<p><a href=\"https:\/\/www.tgrthaber.com\/mavikadin\/zayiflama-igneleri-cagin-trendi-mi-saglik-devrimi-mi\/\">Tar\u00e7\u0131n<\/a> ve filtre kahve birle\u015fimi, yaln\u0131zca kilo vermeye destek olmakla kalmaz zengin vitamin ve mineralleri sayesinde ba\u011f\u0131\u015f\u0131kl\u0131\u011f\u0131 g\u00fc\u00e7lendirir. Diyetisyenlerin \u00f6nerdi\u011fi bu tar\u00e7\u0131nl\u0131 kahve k\u00fcr\u00fc, hem ya\u011f yak\u0131m\u0131n\u0131 h\u0131zland\u0131r\u0131r hem de zay\u0131flamay\u0131 destekler.<\/p>\n<p><img loading=\"lazy\" decoding=\"async\" class=\"aligncenter size-full wp-image-294609\" src=\"https:\/\/www.tgrthaber.com\/mavikadin\/wp-content\/uploads\/2026\/01\/tarcinli-kahve-1.png\" alt=\"\" width=\"1208\" height=\"680\" title=\"\" srcset=\"https:\/\/www.tgrthaber.com\/mavikadin\/wp-content\/uploads\/2026\/01\/tarcinli-kahve-1.png 1208w, https:\/\/www.tgrthaber.com\/mavikadin\/wp-content\/uploads\/2026\/01\/tarcinli-kahve-1-300x169.png 300w, https:\/\/www.tgrthaber.com\/mavikadin\/wp-content\/uploads\/2026\/01\/tarcinli-kahve-1-1024x576.png 1024w, https:\/\/www.tgrthaber.com\/mavikadin\/wp-content\/uploads\/2026\/01\/tarcinli-kahve-1-768x432.png 768w\" sizes=\"(max-width: 1208px) 100vw, 1208px\" \/><\/p>\n<hr \/>\n<h3>TAR\u00c7IN VE F\u0130LTRE KAHVEN\u0130N FAYDALARI<\/h3>\n<p><strong>Sa\u011fl\u0131kl\u0131 ve besleyici:<\/strong> Tar\u00e7\u0131n, v\u00fccudun ihtiya\u00e7 duydu\u011fu bir\u00e7ok besin \u00f6\u011fesini i\u00e7erir.<\/p>\n<p><strong>Antioksidan kayna\u011f\u0131:<\/strong> Kakao eklenirse g\u00fc\u00e7l\u00fc bir antioksidan deste\u011fi sa\u011flar ve kilo vermeye yard\u0131mc\u0131 olur.<\/p>\n<p><strong>Metabolizma h\u0131zland\u0131r\u0131c\u0131<\/strong>: Kahve, metabolizmay\u0131 canland\u0131r\u0131rken tok kalmay\u0131 destekler.<\/p>\n<p><strong>Kan \u015fekeri dengesi<\/strong>: Tatl\u0131 krizlerini \u00f6nler ve zay\u0131flama s\u00fcrecini destekler.<\/p>\n<p><img loading=\"lazy\" decoding=\"async\" class=\"aligncenter size-full wp-image-294610\" src=\"https:\/\/www.tgrthaber.com\/mavikadin\/wp-content\/uploads\/2026\/01\/tarcinli-kahve-2.png\" alt=\"\" width=\"1208\" height=\"680\" title=\"\" srcset=\"https:\/\/www.tgrthaber.com\/mavikadin\/wp-content\/uploads\/2026\/01\/tarcinli-kahve-2.png 1208w, https:\/\/www.tgrthaber.com\/mavikadin\/wp-content\/uploads\/2026\/01\/tarcinli-kahve-2-300x169.png 300w, https:\/\/www.tgrthaber.com\/mavikadin\/wp-content\/uploads\/2026\/01\/tarcinli-kahve-2-1024x576.png 1024w, https:\/\/www.tgrthaber.com\/mavikadin\/wp-content\/uploads\/2026\/01\/tarcinli-kahve-2-768x432.png 768w\" sizes=\"(max-width: 1208px) 100vw, 1208px\" \/><\/p>\n<hr \/>\n<p><strong>Mineral ve vitamin deposu<\/strong>: \u0130\u00e7eri\u011findeki lif, manganez, K vitamini, demir ve kalsiyum, mental yorgunlu\u011fu azalt\u0131r ve enerji verir.<\/p>\n<p><strong>A\u011fr\u0131 kesici etkisi:<\/strong> \u00d6zellikle migren a\u011fr\u0131s\u0131 \u00e7ekenler i\u00e7in tar\u00e7\u0131nl\u0131 filtre kahve \u00f6nerilir.<\/p>\n<p><strong>Sindirim sistemine destek:<\/strong> Ba\u011f\u0131rsaklar\u0131 d\u00fczenler, kab\u0131zl\u0131\u011f\u0131 \u00f6nler ve \u00f6demin azalmas\u0131na yard\u0131mc\u0131 olur.<\/p>\n<p><strong>Ya\u011f yak\u0131m\u0131n\u0131 h\u0131zland\u0131r\u0131r:<\/strong> D\u00fczenli t\u00fcketildi\u011finde v\u00fccuttaki ya\u011flar\u0131n daha h\u0131zl\u0131 yak\u0131lmas\u0131na katk\u0131 sa\u011flar.<\/p>\n<p>Tar\u00e7\u0131nl\u0131 kahve, hem metabolizmay\u0131 h\u0131zland\u0131rarak hem tatl\u0131 krizlerini bast\u0131rarak hem de ya\u011f yak\u0131m\u0131n\u0131 destekleyerek, zay\u0131flama s\u00fcrecinin lezzetli ve sa\u011fl\u0131kl\u0131 bir yard\u0131mc\u0131s\u0131 oluyor.<\/p>\n<p><img loading=\"lazy\" decoding=\"async\" class=\"aligncenter size-full wp-image-294611\" src=\"https:\/\/www.tgrthaber.com\/mavikadin\/wp-content\/uploads\/2026\/01\/tarcinli-kahve-3.png\" alt=\"\" width=\"1208\" height=\"680\" title=\"\" srcset=\"https:\/\/www.tgrthaber.com\/mavikadin\/wp-content\/uploads\/2026\/01\/tarcinli-kahve-3.png 1208w, https:\/\/www.tgrthaber.com\/mavikadin\/wp-content\/uploads\/2026\/01\/tarcinli-kahve-3-300x169.png 300w, https:\/\/www.tgrthaber.com\/mavikadin\/wp-content\/uploads\/2026\/01\/tarcinli-kahve-3-1024x576.png 1024w, https:\/\/www.tgrthaber.com\/mavikadin\/wp-content\/uploads\/2026\/01\/tarcinli-kahve-3-768x432.png 768w\" sizes=\"(max-width: 1208px) 100vw, 1208px\" \/><\/p>\n<hr \/>\n<h3>ZAYIFLATAN TAR\u00c7INLI F\u0130LTRE KAHVE<\/h3>\n<p>Toz tar\u00e7\u0131n<br \/>\nKakao<br \/>\nFiltre Kahve<\/p>\n<p>Yar\u0131m tatl\u0131 ka\u015f\u0131\u011f\u0131 tar\u00e7\u0131n ve yar\u0131m tatl\u0131 ka\u015f\u0131\u011f\u0131 kakaoyu bir yemek ka\u015f\u0131\u011f\u0131 filtre kahveyle demleyin.<\/p>\n<p>Tar\u00e7\u0131nl\u0131 filtre kahve, hem lezzeti hem de sa\u011flad\u0131\u011f\u0131 faydalarla \u00f6ne \u00e7\u0131kan bir i\u00e7ecek.<\/p>\n<p>Yar\u0131m tatl\u0131 ka\u015f\u0131\u011f\u0131 tar\u00e7\u0131n ve yar\u0131m tatl\u0131 ka\u015f\u0131\u011f\u0131 kakao, bir yemek ka\u015f\u0131\u011f\u0131 taze \u00e7ekilmi\u015f filtre kahveyle demlendi\u011finde, metabolizmay\u0131 h\u0131zland\u0131ran, tatl\u0131 krizlerini bast\u0131ran ve ya\u011f yak\u0131m\u0131n\u0131 destekleyen bir i\u00e7ecek ortaya \u00e7\u0131kar.<\/p>\n<p>Tar\u00e7\u0131n, kan \u015fekerini dengelerken, kakao g\u00fc\u00e7l\u00fc bir antioksidan kayna\u011f\u0131 olarak v\u00fccudu korur.<\/p>\n<p>Filtre kahve ise enerji vererek tok kalmay\u0131 sa\u011flar ve sindirimi destekler. Bu basit ama etkili kar\u0131\u015f\u0131m, zay\u0131flama s\u00fcrecine lezzetli ve do\u011fal bir katk\u0131 sunar.<\/p>\n<p><img loading=\"lazy\" decoding=\"async\" class=\"aligncenter size-full wp-image-294612\" src=\"https:\/\/www.tgrthaber.com\/mavikadin\/wp-content\/uploads\/2026\/01\/tarcinli-kahve-4.png\" alt=\"\" width=\"1208\" height=\"680\" title=\"\" srcset=\"https:\/\/www.tgrthaber.com\/mavikadin\/wp-content\/uploads\/2026\/01\/tarcinli-kahve-4.png 1208w, https:\/\/www.tgrthaber.com\/mavikadin\/wp-content\/uploads\/2026\/01\/tarcinli-kahve-4-300x169.png 300w, https:\/\/www.tgrthaber.com\/mavikadin\/wp-content\/uploads\/2026\/01\/tarcinli-kahve-4-1024x576.png 1024w, https:\/\/www.tgrthaber.com\/mavikadin\/wp-content\/uploads\/2026\/01\/tarcinli-kahve-4-768x432.png 768w\" sizes=\"(max-width: 1208px) 100vw, 1208px\" \/><\/p>\n<hr \/>\n<h3>F\u0130LTRE KAHVE DEMLEME REHBER\u0130<\/h3>\n<h3>Malzemeler:<\/h3>\n<p>Taze \u00e7ekilmi\u015f kahve (orta kal\u0131nl\u0131kta \u00f6\u011f\u00fct\u00fclm\u00fc\u015f)<\/p>\n<p>Filtre ka\u011f\u0131d\u0131<\/p>\n<p>Filtre kahve demli\u011fi (V60, Chemex veya klasik filtre makinesi)<\/p>\n<p>S\u0131cak su (90\u201395\u00b0C civar\u0131nda)<\/p>\n<h3>Ad\u0131mlar:<\/h3>\n<p><strong>Filtreyi haz\u0131rlay\u0131n:<\/strong> Filtre ka\u011f\u0131d\u0131n\u0131 demli\u011fe yerle\u015ftirin ve \u00fczerine s\u0131cak su d\u00f6kerek ka\u011f\u0131t tad\u0131n\u0131 giderin. Bu i\u015flem demli\u011fi de \u0131s\u0131tarak kahvenin aromas\u0131n\u0131 art\u0131r\u0131r.<\/p>\n<p><strong>Kahveyi ekleyin:<\/strong> Orta kal\u0131nl\u0131kta \u00f6\u011f\u00fct\u00fclm\u00fc\u015f kahveyi filtreye yerle\u015ftirin. \u00d6l\u00e7\u00fc olarak, 1 yemek ka\u015f\u0131\u011f\u0131 kahveye yakla\u015f\u0131k 100 ml su kullanabilirsiniz; miktar\u0131 damak zevkinize g\u00f6re ayarlayabilirsiniz.<\/p>\n<p><img loading=\"lazy\" decoding=\"async\" class=\"aligncenter size-full wp-image-294613\" src=\"https:\/\/www.tgrthaber.com\/mavikadin\/wp-content\/uploads\/2026\/01\/tarcinli-kahve-8.png\" alt=\"\" width=\"1208\" height=\"680\" title=\"\" srcset=\"https:\/\/www.tgrthaber.com\/mavikadin\/wp-content\/uploads\/2026\/01\/tarcinli-kahve-8.png 1208w, https:\/\/www.tgrthaber.com\/mavikadin\/wp-content\/uploads\/2026\/01\/tarcinli-kahve-8-300x169.png 300w, https:\/\/www.tgrthaber.com\/mavikadin\/wp-content\/uploads\/2026\/01\/tarcinli-kahve-8-1024x576.png 1024w, https:\/\/www.tgrthaber.com\/mavikadin\/wp-content\/uploads\/2026\/01\/tarcinli-kahve-8-768x432.png 768w\" sizes=\"(max-width: 1208px) 100vw, 1208px\" \/><\/p>\n<hr \/>\n<p><strong>\u00d6n demleme:<\/strong> Kahvenin \u00fczerine az miktarda s\u0131cak su d\u00f6k\u00fcn ve 30 saniye bekleyin. Bu ad\u0131m, kahvenin aromas\u0131n\u0131n a\u00e7\u0131lmas\u0131n\u0131 sa\u011flar.<\/p>\n<p><strong>Demleme:<\/strong> Kalan s\u0131cak suyu yava\u015f\u00e7a, dairesel hareketlerle kahvenin \u00fczerine d\u00f6k\u00fcn. Su tamamen s\u00fcz\u00fcld\u00fc\u011f\u00fcnde kahve haz\u0131r olur.<\/p>\n<p><strong>Servis:<\/strong> Kahveyi fincana al\u0131n ve hemen t\u00fcketin. Taze demlenmi\u015f filtre kahve, en yo\u011fun aroma ve lezzeti bu \u015fekilde sunar.<\/p>\n","protected":false},"excerpt":{"rendered":"<p>Son zamanlarda kilo vermek isteyenlerin i\u00e7ti\u011fi tar\u00e7\u0131nl\u0131 kahve modas\u0131 gittik\u00e7e yay\u0131l\u0131yor. Kan \u015fekerini dengeleyen tar\u00e7\u0131n ani a\u00e7l\u0131k krizlerini \u00f6nlerken, kahve metabolizmay\u0131 h\u0131zland\u0131r\u0131p i\u015ftah\u0131 kontrol alt\u0131nda tutar. Kahve tar\u00e7\u0131nla beraber i\u00e7ildi\u011finde de kilo vermeye yard\u0131mc\u0131 olur.<\/p>\n","protected":false},"author":5,"featured_media":294614,"comment_status":"closed","ping_status":"closed","sticky":false,"template":"","format":"standard","meta":{"rank_math_lock_modified_date":false,"footnotes":""},"categories":[101],"tags":[247,282,58893,71387],"class_list":["post-294608","post","type-post","status-publish","format-standard","has-post-thumbnail","hentry","category-kesfet","tag-kesfet","tag-tarcin","tag-tarcinli-kahve","tag-zayiflatan-kahve"],"_links":{"self":[{"href":"https:\/\/www.tgrthaber.com\/mavikadin\/wp-json\/wp\/v2\/posts\/294608"}],"collection":[{"href":"https:\/\/www.tgrthaber.com\/mavikadin\/wp-json\/wp\/v2\/posts"}],"about":[{"href":"https:\/\/www.tgrthaber.com\/mavikadin\/wp-json\/wp\/v2\/types\/post"}],"author":[{"embeddable":true,"href":"https:\/\/www.tgrthaber.com\/mavikadin\/wp-json\/wp\/v2\/users\/5"}],"replies":[{"embeddable":true,"href":"https:\/\/www.tgrthaber.com\/mavikadin\/wp-json\/wp\/v2\/comments?post=294608"}],"version-history":[{"count":1,"href":"https:\/\/www.tgrthaber.com\/mavikadin\/wp-json\/wp\/v2\/posts\/294608\/revisions"}],"predecessor-version":[{"id":294615,"href":"https:\/\/www.tgrthaber.com\/mavikadin\/wp-json\/wp\/v2\/posts\/294608\/revisions\/294615"}],"wp:featuredmedia":[{"embeddable":true,"href":"https:\/\/www.tgrthaber.com\/mavikadin\/wp-json\/wp\/v2\/media\/294614"}],"wp:attachment":[{"href":"https:\/\/www.tgrthaber.com\/mavikadin\/wp-json\/wp\/v2\/media?parent=294608"}],"wp:term":[{"taxonomy":"category","embeddable":true,"href":"https:\/\/www.tgrthaber.com\/mavikadin\/wp-json\/wp\/v2\/categories?post=294608"},{"taxonomy":"post_tag","embeddable":true,"href":"https:\/\/www.tgrthaber.com\/mavikadin\/wp-json\/wp\/v2\/tags?post=294608"}],"curies":[{"name":"wp","href":"https:\/\/api.w.org\/{rel}","templated":true}]}}