{"id":294616,"date":"2026-01-24T13:52:33","date_gmt":"2026-01-24T10:52:33","guid":{"rendered":"https:\/\/www.tgrthaber.com\/mavikadin\/?p=294616"},"modified":"2026-01-24T13:52:33","modified_gmt":"2026-01-24T10:52:33","slug":"kizilcik-serbetinin-yeni-fatihi-kim-olacak-kizilcik-serbeti-fatihe-ne-oldu","status":"publish","type":"post","link":"https:\/\/www.tgrthaber.com\/mavikadin\/kizilcik-serbetinin-yeni-fatihi-kim-olacak-kizilcik-serbeti-fatihe-ne-oldu\/","title":{"rendered":"K\u0131z\u0131lc\u0131k \u015eerbeti\u2019nin yeni Fatih\u2019i kim olacak? K\u0131z\u0131lc\u0131k \u015eerbeti Fatih\u2019e ne oldu?"},"content":{"rendered":"<p>Show TV\u2019nin sevilen dizisi <a href=\"https:\/\/www.tgrthaber.com\/mavikadin\/kizilcik-serbeti-122-bolum-2-fragman-yayinlandi-kivilcimin-asil-sinavi-simdi-basliyor\/\">K\u0131z\u0131lc\u0131k \u015eerbeti<\/a>, g\u00fcndemdeki yerini almaya devam ediyor. Fatih karakterini oynayan Do\u011fukan G\u00fcng\u00f6r\u2019\u00fcn kadrodan \u00e7\u0131kar\u0131lmas\u0131yla yeni Fatih\u2019in km olaca\u011f\u0131 merak edildi. Peki, K\u0131z\u0131lc\u0131k \u015eerbeti\u2019nin yeni Fatih\u2019i kim olacak? K\u0131z\u0131lc\u0131k \u015eerbeti Fatih\u2019e ne oldu? sorular\u0131n\u0131 sizin i\u00e7in ara\u015ft\u0131rd\u0131k. \u0130\u015fte detaylar\u2026<\/p>\n<h3>KIZILCIK \u015eERBET\u0130\u2019N\u0130N YEN\u0130 FAT\u0130H\u2019\u0130 K\u0130M OLACAK?<\/h3>\n<p>Show TV\u2019nin sevilen dizilerinden biri olan <a href=\"https:\/\/www.tgrthaber.com\/mavikadin\/dogukan-gungor-kizilcik-serbeti-dizisinden-ayrildi-mi-akillara-feyza-civelek-geldi\/\">K\u0131z\u0131lc\u0131k \u015eerbeti<\/a>, d\u00fcn ak\u015fam yeni b\u00f6l\u00fcm\u00fcyle ekranlara gelirken, ba\u015frol oyuncular\u0131ndan olan Do\u011fukan G\u00fcng\u00f6r\u2019\u00fcn kadrodan \u00e7\u0131kar\u0131ld\u0131\u011f\u0131 haberleriyle dikkatleri \u00fczerine \u00e7ekti.<\/p>\n<p><img loading=\"lazy\" decoding=\"async\" class=\"alignnone size-full wp-image-294623\" src=\"https:\/\/www.tgrthaber.com\/mavikadin\/wp-content\/uploads\/2026\/01\/ARZU-2026-01-24T134959.437.jpg\" alt=\"K\u0131z\u0131lc\u0131k \u015eerbeti\u2019nin yeni Fatih\u2019i kim olacak? K\u0131z\u0131lc\u0131k \u015eerbeti Fatih\u2019e ne oldu?\" width=\"1208\" height=\"680\" title=\"\" srcset=\"https:\/\/www.tgrthaber.com\/mavikadin\/wp-content\/uploads\/2026\/01\/ARZU-2026-01-24T134959.437.jpg 1208w, https:\/\/www.tgrthaber.com\/mavikadin\/wp-content\/uploads\/2026\/01\/ARZU-2026-01-24T134959.437-300x169.jpg 300w, https:\/\/www.tgrthaber.com\/mavikadin\/wp-content\/uploads\/2026\/01\/ARZU-2026-01-24T134959.437-1024x576.jpg 1024w, https:\/\/www.tgrthaber.com\/mavikadin\/wp-content\/uploads\/2026\/01\/ARZU-2026-01-24T134959.437-768x432.jpg 768w\" sizes=\"(max-width: 1208px) 100vw, 1208px\" \/><\/p>\n<hr \/>\n<p>D\u00f6rt sezondur K\u0131z\u0131lc\u0131k \u015eerbeti dizisiyle ekranlara gelen Do\u011fukan G\u00fcng\u00f6r, yasakl\u0131 madde kullan\u0131m\u0131 nedeniyle dizinin kadrosundan \u00e7\u0131kar\u0131ld\u0131. Magazin g\u00fcndemine bomba gibi d\u00fc\u015fen bu haberlerden sonra K\u0131zl\u0131c\u0131k \u015eerbeti\u2019nin yeni Fatih\u2019i de kim olacak? merak edildi.<\/p>\n<p><img loading=\"lazy\" decoding=\"async\" class=\"alignnone size-full wp-image-294622\" src=\"https:\/\/www.tgrthaber.com\/mavikadin\/wp-content\/uploads\/2026\/01\/ARZU-2026-01-24T135005.325.jpg\" alt=\"K\u0131z\u0131lc\u0131k \u015eerbeti\u2019nin yeni Fatih\u2019i kim olacak? K\u0131z\u0131lc\u0131k \u015eerbeti Fatih\u2019e ne oldu?\" width=\"1208\" height=\"680\" title=\"\" srcset=\"https:\/\/www.tgrthaber.com\/mavikadin\/wp-content\/uploads\/2026\/01\/ARZU-2026-01-24T135005.325.jpg 1208w, https:\/\/www.tgrthaber.com\/mavikadin\/wp-content\/uploads\/2026\/01\/ARZU-2026-01-24T135005.325-300x169.jpg 300w, https:\/\/www.tgrthaber.com\/mavikadin\/wp-content\/uploads\/2026\/01\/ARZU-2026-01-24T135005.325-1024x576.jpg 1024w, https:\/\/www.tgrthaber.com\/mavikadin\/wp-content\/uploads\/2026\/01\/ARZU-2026-01-24T135005.325-768x432.jpg 768w\" sizes=\"(max-width: 1208px) 100vw, 1208px\" \/><\/p>\n<hr \/>\n<p>Ancak, dizi de Fatih karakterini oynayacak isim hen\u00fcz belli de\u011fil. Dizinin yeni b\u00f6l\u00fcm fragman\u0131nda Fatih\u2019in sahnelerinin kald\u0131r\u0131lmas\u0131yla K\u0131z\u0131lc\u0131k \u015eerbeti dizisi hayranlar\u0131 merakla yeni Fatih\u2019in kim olaca\u011f\u0131n\u0131 bekliyor. Haftaya dizinin yeni b\u00f6l\u00fcm\u00fcnde, Fatih \u00dcnal karakteriyle ekranlarda yer alacak isim merakla takip ediliyor.<\/p>\n<h3><img loading=\"lazy\" decoding=\"async\" class=\"alignnone size-full wp-image-294621\" src=\"https:\/\/www.tgrthaber.com\/mavikadin\/wp-content\/uploads\/2026\/01\/ARZU-2026-01-24T135008.768.jpg\" alt=\"K\u0131z\u0131lc\u0131k \u015eerbeti\u2019nin yeni Fatih\u2019i kim olacak? K\u0131z\u0131lc\u0131k \u015eerbeti Fatih\u2019e ne oldu?\" width=\"1208\" height=\"680\" title=\"\" srcset=\"https:\/\/www.tgrthaber.com\/mavikadin\/wp-content\/uploads\/2026\/01\/ARZU-2026-01-24T135008.768.jpg 1208w, https:\/\/www.tgrthaber.com\/mavikadin\/wp-content\/uploads\/2026\/01\/ARZU-2026-01-24T135008.768-300x169.jpg 300w, https:\/\/www.tgrthaber.com\/mavikadin\/wp-content\/uploads\/2026\/01\/ARZU-2026-01-24T135008.768-1024x576.jpg 1024w, https:\/\/www.tgrthaber.com\/mavikadin\/wp-content\/uploads\/2026\/01\/ARZU-2026-01-24T135008.768-768x432.jpg 768w\" sizes=\"(max-width: 1208px) 100vw, 1208px\" \/><\/h3>\n<hr \/>\n<h3>KIZILCIK \u015eERBET\u0130 FAT\u0130H\u2019E NE OLDU?<\/h3>\n<p>K\u0131z\u0131lc\u0131k \u015eerbeti dizisinin en dikkat \u00e7eken karakterlerinden Fatih\u2019i oynayan Do\u011fukan G\u00fcng\u00f6r, yasakl\u0131 madde kullan\u0131m\u0131yla dizinin kadrosundan \u00e7\u0131kar\u0131ld\u0131. \u00dcnl\u00fc ismin test sonu\u00e7lar\u0131n\u0131n da pozitif \u00e7\u0131kmas\u0131yla kanal\u0131n ald\u0131\u011f\u0131 karar sonucu Do\u011fukan G\u00fcng\u00f6r, magazin g\u00fcndeminde olay oldu.<\/p>\n<p><img loading=\"lazy\" decoding=\"async\" class=\"alignnone size-full wp-image-294619\" src=\"https:\/\/www.tgrthaber.com\/mavikadin\/wp-content\/uploads\/2026\/01\/ARZU-2026-01-24T135022.708.jpg\" alt=\"K\u0131z\u0131lc\u0131k \u015eerbeti\u2019nin yeni Fatih\u2019i kim olacak? K\u0131z\u0131lc\u0131k \u015eerbeti Fatih\u2019e ne oldu?\" width=\"1208\" height=\"680\" title=\"\" srcset=\"https:\/\/www.tgrthaber.com\/mavikadin\/wp-content\/uploads\/2026\/01\/ARZU-2026-01-24T135022.708.jpg 1208w, https:\/\/www.tgrthaber.com\/mavikadin\/wp-content\/uploads\/2026\/01\/ARZU-2026-01-24T135022.708-300x169.jpg 300w, https:\/\/www.tgrthaber.com\/mavikadin\/wp-content\/uploads\/2026\/01\/ARZU-2026-01-24T135022.708-1024x576.jpg 1024w, https:\/\/www.tgrthaber.com\/mavikadin\/wp-content\/uploads\/2026\/01\/ARZU-2026-01-24T135022.708-768x432.jpg 768w\" sizes=\"(max-width: 1208px) 100vw, 1208px\" \/><\/p>\n<hr \/>\n<p>Kanal\u0131n karar\u0131yla birlikte dizinin yeni b\u00f6l\u00fcm fragman\u0131nda Fatih\u2019in sahnelerinin kald\u0131r\u0131lmas\u0131 da izleyicinin dikkatinden ka\u00e7mad\u0131. Do\u011fukan G\u00fcng\u00f6r\u2019\u00fcn kadrodan h\u0131zl\u0131 bir \u015fekilde \u00e7\u0131kar\u0131lmas\u0131yla ilgili sosyal medya \u00fczerinden yapt\u0131\u011f\u0131 a\u00e7\u0131klamalar da adeta magazin g\u00fcndemine damga vurdu.<\/p>\n<p><img loading=\"lazy\" decoding=\"async\" class=\"alignnone size-full wp-image-294618\" src=\"https:\/\/www.tgrthaber.com\/mavikadin\/wp-content\/uploads\/2026\/01\/ARZU-2026-01-24T135029.786.jpg\" alt=\"K\u0131z\u0131lc\u0131k \u015eerbeti\u2019nin yeni Fatih\u2019i kim olacak? K\u0131z\u0131lc\u0131k \u015eerbeti Fatih\u2019e ne oldu?\" width=\"1208\" height=\"680\" title=\"\" srcset=\"https:\/\/www.tgrthaber.com\/mavikadin\/wp-content\/uploads\/2026\/01\/ARZU-2026-01-24T135029.786.jpg 1208w, https:\/\/www.tgrthaber.com\/mavikadin\/wp-content\/uploads\/2026\/01\/ARZU-2026-01-24T135029.786-300x169.jpg 300w, https:\/\/www.tgrthaber.com\/mavikadin\/wp-content\/uploads\/2026\/01\/ARZU-2026-01-24T135029.786-1024x576.jpg 1024w, https:\/\/www.tgrthaber.com\/mavikadin\/wp-content\/uploads\/2026\/01\/ARZU-2026-01-24T135029.786-768x432.jpg 768w\" sizes=\"(max-width: 1208px) 100vw, 1208px\" \/><\/p>\n<hr \/>\n<p>Do\u011fukan G\u00fcng\u00f6r \u20184 sezondur b\u00fcy\u00fck bir \u015fevkle \u00e7al\u0131\u015ft\u0131\u011f\u0131m K\u0131z\u0131lc\u0131k \u015eerbeti isimli dizi filmden son zamanlarda ya\u015fanan olaylar sebebiyle Show Tv y\u00f6netiminin ald\u0131\u011f\u0131 kararla \u00e7\u0131kar\u0131ld\u0131\u011f\u0131m\u0131 az \u00f6nce \u00f6\u011frenmi\u015f bulunuyorum.\u2019 diyerek s\u00f6zlerine ba\u015flayan Do\u011fukan G\u00fcng\u00f6r, k\u00f6t\u00fc haberi takip\u00e7ilerine duyurdu.<\/p>\n<p><img loading=\"lazy\" decoding=\"async\" class=\"alignnone size-full wp-image-294617\" src=\"https:\/\/www.tgrthaber.com\/mavikadin\/wp-content\/uploads\/2026\/01\/ARZU-2026-01-24T135038.581.jpg\" alt=\"K\u0131z\u0131lc\u0131k \u015eerbeti\u2019nin yeni Fatih\u2019i kim olacak? K\u0131z\u0131lc\u0131k \u015eerbeti Fatih\u2019e ne oldu?\" width=\"1208\" height=\"680\" title=\"\" srcset=\"https:\/\/www.tgrthaber.com\/mavikadin\/wp-content\/uploads\/2026\/01\/ARZU-2026-01-24T135038.581.jpg 1208w, https:\/\/www.tgrthaber.com\/mavikadin\/wp-content\/uploads\/2026\/01\/ARZU-2026-01-24T135038.581-300x169.jpg 300w, https:\/\/www.tgrthaber.com\/mavikadin\/wp-content\/uploads\/2026\/01\/ARZU-2026-01-24T135038.581-1024x576.jpg 1024w, https:\/\/www.tgrthaber.com\/mavikadin\/wp-content\/uploads\/2026\/01\/ARZU-2026-01-24T135038.581-768x432.jpg 768w\" sizes=\"(max-width: 1208px) 100vw, 1208px\" \/><\/p>\n<hr \/>\n<p>\u015eimdilerde Do\u011fukan G\u00fcng\u00f6r\u2019\u00fcnde K\u0131z\u0131lc\u0131k \u015eerbeti dizisinin kadrosundan \u00e7\u0131kar\u0131lmas\u0131yla yeni Fatih \u00dcnal\u2019\u0131n kim olaca\u011f\u0131 merakla bekleniyor. Cuma ak\u015fam\u0131 ekranlara gelecek olan K\u0131z\u0131lc\u0131k \u015eerbeti dizisinde yeni Fatih karakteri izleyicilerle bulu\u015facak.<\/p>\n","protected":false},"excerpt":{"rendered":"<p>K\u0131z\u0131lc\u0131k \u015eerbeti dizisinde Fatih karakterini oynayan Do\u011fukan G\u00fcng\u00f6r\u2019\u00fcn kadrodan \u00e7\u0131kar\u0131lmas\u0131yla arama motorlar\u0131nda \u2018K\u0131z\u0131lc\u0131k \u015eerbeti\u2019nin yeni Fatih\u2019i kim olacak? K\u0131z\u0131lc\u0131k \u015eerbeti Fatih\u2019e ne oldu?\u2019 sorular\u0131 ara\u015ft\u0131r\u0131lmaya ba\u015fland\u0131. \u0130\u015fte detaylar\u2026<\/p>\n","protected":false},"author":34,"featured_media":294620,"comment_status":"closed","ping_status":"closed","sticky":false,"template":"","format":"standard","meta":{"rank_math_lock_modified_date":false,"footnotes":""},"categories":[602],"tags":[2628,4112,157,4276],"class_list":["post-294616","post","type-post","status-publish","format-standard","has-post-thumbnail","hentry","category-diziler","tag-dizi-haberleri","tag-dogukan-gungor","tag-kizilcik-serbeti","tag-kizilcik-serbeti-fatih"],"_links":{"self":[{"href":"https:\/\/www.tgrthaber.com\/mavikadin\/wp-json\/wp\/v2\/posts\/294616"}],"collection":[{"href":"https:\/\/www.tgrthaber.com\/mavikadin\/wp-json\/wp\/v2\/posts"}],"about":[{"href":"https:\/\/www.tgrthaber.com\/mavikadin\/wp-json\/wp\/v2\/types\/post"}],"author":[{"embeddable":true,"href":"https:\/\/www.tgrthaber.com\/mavikadin\/wp-json\/wp\/v2\/users\/34"}],"replies":[{"embeddable":true,"href":"https:\/\/www.tgrthaber.com\/mavikadin\/wp-json\/wp\/v2\/comments?post=294616"}],"version-history":[{"count":2,"href":"https:\/\/www.tgrthaber.com\/mavikadin\/wp-json\/wp\/v2\/posts\/294616\/revisions"}],"predecessor-version":[{"id":294625,"href":"https:\/\/www.tgrthaber.com\/mavikadin\/wp-json\/wp\/v2\/posts\/294616\/revisions\/294625"}],"wp:featuredmedia":[{"embeddable":true,"href":"https:\/\/www.tgrthaber.com\/mavikadin\/wp-json\/wp\/v2\/media\/294620"}],"wp:attachment":[{"href":"https:\/\/www.tgrthaber.com\/mavikadin\/wp-json\/wp\/v2\/media?parent=294616"}],"wp:term":[{"taxonomy":"category","embeddable":true,"href":"https:\/\/www.tgrthaber.com\/mavikadin\/wp-json\/wp\/v2\/categories?post=294616"},{"taxonomy":"post_tag","embeddable":true,"href":"https:\/\/www.tgrthaber.com\/mavikadin\/wp-json\/wp\/v2\/tags?post=294616"}],"curies":[{"name":"wp","href":"https:\/\/api.w.org\/{rel}","templated":true}]}}