{"id":294626,"date":"2026-01-24T14:46:53","date_gmt":"2026-01-24T11:46:53","guid":{"rendered":"https:\/\/www.tgrthaber.com\/mavikadin\/?p=294626"},"modified":"2026-01-24T14:46:54","modified_gmt":"2026-01-24T11:46:54","slug":"nursel-kose-veliaht-dizisine-hangi-rol-ile-katildi-zahide-karakteri-kimdir","status":"publish","type":"post","link":"https:\/\/www.tgrthaber.com\/mavikadin\/nursel-kose-veliaht-dizisine-hangi-rol-ile-katildi-zahide-karakteri-kimdir\/","title":{"rendered":"Nursel K\u00f6se Veliaht dizisine hangi rol ile kat\u0131ld\u0131? Zahide karakteri kimdir?"},"content":{"rendered":"<p>Ba\u015far\u0131l\u0131 oyuncu Nursel K\u00f6se, Show TV ekranlar\u0131n\u0131n sevilen dizilerinden Veliaht dizisi kadrosuna kat\u0131lmas\u0131 haberi g\u00fcndem oldu. Ba\u015far\u0131l\u0131 oyunculu\u011fu ile tan\u0131nan, birbirinden farkl\u0131 yer ald\u0131\u011f\u0131 projelerdeki rollerdeki oyunculu\u011fu sayesinde izleyicilerin be\u011fenisini kazanmay\u0131 ba\u015farm\u0131\u015f g\u00fc\u00e7l\u00fc oyunculardan biridir. Ge\u00e7ti\u011fimiz yaz TRT Tabii\u2019nin &#8220;S\u00fcrg\u00fcnler&#8221; dizisinde rol alan usta oyuncu, yeni projesinde hangi karakterle izleyici kar\u015f\u0131s\u0131na \u00e7\u0131kaca\u011f\u0131 merak konusu oldu. Nursel K\u00f6se\u2019nin Veliaht dizisinde oynayaca\u011f\u0131 Zahide karakterinin kim oldu\u011fu ara\u015ft\u0131r\u0131l\u0131yor. \u0130\u015fte detaylar&#8230;<\/p>\n<h3>VEL\u0130AHT D\u0130Z\u0130S\u0130NDE ZAH\u0130DE KARAKTER\u0130 K\u0130MD\u0130R?<\/h3>\n<p><a href=\"https:\/\/www.tgrthaber.com\/mavikadin\/nursel-kose-kiminle-evli-esi-kimdir-ulrich-mertin-kac-yasinda-meslegi-nedir\/\">Nursel K\u00f6se<\/a>\u2019nin diziye dahil olmas\u0131, \u015fimdiden izleyicilerin dikkatini \u00e7ekmeyi ba\u015fard\u0131. Veliaht dizisinin gidi\u015fat\u0131nda kritik bir noktada duran Zahide, Yahya (Erkan Kol\u00e7ak K\u00f6stendil) ve Selim\u2019in (Rahimcan Kapkap) annesi olarak hikayeye dahil olmas\u0131 planlan\u0131yor.<\/p>\n<p><img loading=\"lazy\" decoding=\"async\" class=\"alignnone size-full wp-image-294630\" src=\"https:\/\/www.tgrthaber.com\/mavikadin\/wp-content\/uploads\/2026\/01\/Asli-2026-01-24T143405.527.png\" alt=\"\" width=\"1208\" height=\"680\" title=\"\" srcset=\"https:\/\/www.tgrthaber.com\/mavikadin\/wp-content\/uploads\/2026\/01\/Asli-2026-01-24T143405.527.png 1208w, https:\/\/www.tgrthaber.com\/mavikadin\/wp-content\/uploads\/2026\/01\/Asli-2026-01-24T143405.527-300x169.png 300w, https:\/\/www.tgrthaber.com\/mavikadin\/wp-content\/uploads\/2026\/01\/Asli-2026-01-24T143405.527-1024x576.png 1024w, https:\/\/www.tgrthaber.com\/mavikadin\/wp-content\/uploads\/2026\/01\/Asli-2026-01-24T143405.527-768x432.png 768w\" sizes=\"(max-width: 1208px) 100vw, 1208px\" \/><\/p>\n<hr \/>\n<p>Karakterin geli\u015fiyle birlikte dizideki aile ba\u011flar\u0131 ve g\u00fc\u00e7 sava\u015flar\u0131n\u0131n yeni bir boyut kazanmas\u0131 bekleniyor. <a href=\"https:\/\/www.tgrthaber.com\/mavikadin\/nursel-kose-uzak-sehir-dizisinin-kutlamasinda-neden-yoktu-paylasimi-dikkat-cekti\/\">Nursel K\u00f6se<\/a> ve Erkan Kol\u00e7ak K\u00f6stendil\u2019in anne ile o\u011ful olarak kar\u015f\u0131l\u0131kl\u0131 sahneleri, sevilen dizinin merak edilen sahneleri aras\u0131nda yer al\u0131yor.<\/p>\n<p><img loading=\"lazy\" decoding=\"async\" class=\"alignnone size-full wp-image-294631\" src=\"https:\/\/www.tgrthaber.com\/mavikadin\/wp-content\/uploads\/2026\/01\/Asli-2026-01-24T143431.305.png\" alt=\"\" width=\"1208\" height=\"680\" title=\"\" srcset=\"https:\/\/www.tgrthaber.com\/mavikadin\/wp-content\/uploads\/2026\/01\/Asli-2026-01-24T143431.305.png 1208w, https:\/\/www.tgrthaber.com\/mavikadin\/wp-content\/uploads\/2026\/01\/Asli-2026-01-24T143431.305-300x169.png 300w, https:\/\/www.tgrthaber.com\/mavikadin\/wp-content\/uploads\/2026\/01\/Asli-2026-01-24T143431.305-1024x576.png 1024w, https:\/\/www.tgrthaber.com\/mavikadin\/wp-content\/uploads\/2026\/01\/Asli-2026-01-24T143431.305-768x432.png 768w\" sizes=\"(max-width: 1208px) 100vw, 1208px\" \/><\/p>\n<hr \/>\n<h3>NURSEL K\u00d6SE VEL\u0130AHT D\u0130Z\u0130S\u0130NDE!<\/h3>\n<p>Yap\u0131mc\u0131l\u0131\u011f\u0131n\u0131 Faro ve Gold Film\u2019in \u00fcstlendi\u011fi Veliaht dizisi, g\u00f6rsel atmosferiyle de dikkat \u00e7ekmeye haz\u0131rlan\u0131yor. Dizinin merakla beklenen Kars sahnelerinin \u00e7ekimlerine \u00f6n\u00fcm\u00fczdeki hafta ba\u015flanaca\u011f\u0131 a\u00e7\u0131kland\u0131. Do\u011fu Anadolu\u2019nun masals\u0131 atmosferini ekrana ta\u015f\u0131yacak olan sahnelerde Nursel K\u00f6se de ekiple birlikte kamera kar\u015f\u0131s\u0131na ge\u00e7ecek.<\/p>\n<p><img loading=\"lazy\" decoding=\"async\" class=\"alignnone size-full wp-image-294635\" src=\"https:\/\/www.tgrthaber.com\/mavikadin\/wp-content\/uploads\/2026\/01\/Asli-2026-01-24T143458.509.png\" alt=\"\" width=\"1208\" height=\"680\" title=\"\" srcset=\"https:\/\/www.tgrthaber.com\/mavikadin\/wp-content\/uploads\/2026\/01\/Asli-2026-01-24T143458.509.png 1208w, https:\/\/www.tgrthaber.com\/mavikadin\/wp-content\/uploads\/2026\/01\/Asli-2026-01-24T143458.509-300x169.png 300w, https:\/\/www.tgrthaber.com\/mavikadin\/wp-content\/uploads\/2026\/01\/Asli-2026-01-24T143458.509-1024x576.png 1024w, https:\/\/www.tgrthaber.com\/mavikadin\/wp-content\/uploads\/2026\/01\/Asli-2026-01-24T143458.509-768x432.png 768w\" sizes=\"(max-width: 1208px) 100vw, 1208px\" \/><\/p>\n<hr \/>\n<h3>VEL\u0130AHT D\u0130Z\u0130 KONUSU<\/h3>\n<p>Esenler Otogar\u0131\u2019nda ge\u00e7en Veliaht, Karsl\u0131 Ailesi\u2019nin kontrol etti\u011fi hatlar ve ticaret a\u011flar\u0131 etraf\u0131nda d\u00f6nen bir iktidar sava\u015f\u0131n\u0131 konu al\u0131r. Aile i\u00e7indeki \u201ckim veliaht olacak?\u201d sorusu, kan ba\u011f\u0131n\u0131 ve sadakati s\u0131narken; ayn\u0131 zeminde filizlenen b\u00fcy\u00fck bir a\u015fk hik\u00e2yesi t\u00fcm dengeyi de\u011fi\u015ftirir. \u015eehrin g\u00f6be\u011finde, y\u00fcksek tansiyonlu \u00e7at\u0131\u015fmalar ile duygusal k\u0131r\u0131lmalar yan yana y\u00fcr\u00fcr.<\/p>\n<p><img loading=\"lazy\" decoding=\"async\" class=\"alignnone size-full wp-image-294636\" src=\"https:\/\/www.tgrthaber.com\/mavikadin\/wp-content\/uploads\/2026\/01\/Asli-2026-01-24T143521.315.png\" alt=\"\" width=\"1208\" height=\"680\" title=\"\" srcset=\"https:\/\/www.tgrthaber.com\/mavikadin\/wp-content\/uploads\/2026\/01\/Asli-2026-01-24T143521.315.png 1208w, https:\/\/www.tgrthaber.com\/mavikadin\/wp-content\/uploads\/2026\/01\/Asli-2026-01-24T143521.315-300x169.png 300w, https:\/\/www.tgrthaber.com\/mavikadin\/wp-content\/uploads\/2026\/01\/Asli-2026-01-24T143521.315-1024x576.png 1024w, https:\/\/www.tgrthaber.com\/mavikadin\/wp-content\/uploads\/2026\/01\/Asli-2026-01-24T143521.315-768x432.png 768w\" sizes=\"(max-width: 1208px) 100vw, 1208px\" \/><\/p>\n<hr \/>\n<p>Z\u00fclfikar Karsl\u0131, ya\u015fad\u0131\u011f\u0131 sa\u011fl\u0131k sorunlar\u0131 nedeniyle otogardaki eski g\u00fcc\u00fcn\u00fc yitirirken, herkes g\u00f6z\u00fcn\u00fc yurt d\u0131\u015f\u0131ndan d\u00f6nece\u011fi s\u00f6ylenen o\u011flu Zafer\u2019e dikmi\u015ftir. Babas\u0131ndan kalan bor\u00e7larla bo\u011fu\u015fan seyyar tamirci Timur\u2019un yolu bu s\u0131rlarla dolu aileyle kesi\u015fir ve hi\u00e7 bilmedi\u011fi bir kaderin i\u00e7ine, Z\u00fclfikar Karsl\u0131&#8217;n\u0131n veliaht\u0131 Zafer Karsl\u0131 olarak ad\u0131m atar. Z\u00fclfikar&#8217;\u0131n \u00e7ocuklar\u0131 Kudret, Derya, Cennet, Zafer ve Zafer&#8217;in e\u015fi Reyhan i\u00e7in art\u0131k hi\u00e7bir \u015fey eskisi gibi olmayacakt\u0131r.<\/p>\n<p><img loading=\"lazy\" decoding=\"async\" class=\"alignnone size-full wp-image-294637\" src=\"https:\/\/www.tgrthaber.com\/mavikadin\/wp-content\/uploads\/2026\/01\/Asli-2026-01-24T143551.447.png\" alt=\"\" width=\"1208\" height=\"680\" title=\"\" srcset=\"https:\/\/www.tgrthaber.com\/mavikadin\/wp-content\/uploads\/2026\/01\/Asli-2026-01-24T143551.447.png 1208w, https:\/\/www.tgrthaber.com\/mavikadin\/wp-content\/uploads\/2026\/01\/Asli-2026-01-24T143551.447-300x169.png 300w, https:\/\/www.tgrthaber.com\/mavikadin\/wp-content\/uploads\/2026\/01\/Asli-2026-01-24T143551.447-1024x576.png 1024w, https:\/\/www.tgrthaber.com\/mavikadin\/wp-content\/uploads\/2026\/01\/Asli-2026-01-24T143551.447-768x432.png 768w\" sizes=\"(max-width: 1208px) 100vw, 1208px\" \/><\/p>\n<p>Y\u00f6netmenli\u011fini Sinan \u00d6zt\u00fcrk\u2019\u00fcn, senaryosunu ise Berrin Tekdemir, Necip G\u00fcle\u00e7er, Tunahan Kurt, G\u00f6khan \u015eeker&#8217;in beraber \u00fcstlendi\u011fi Veliaht\u2019\u0131n kadrosunda Ak\u0131n Ak\u0131n\u00f6z\u00fc, Serra Ar\u0131t\u00fcrk, Ercan Kesal, Erkan Kol\u00e7ak K\u00f6stendil, Hazal T\u00fcresan, Derya Karada\u015f, Tansu Bi\u00e7er, Bora Akka\u015f, Erdem \u015eenocak, Rahimcan Kapkap, Ay\u015feg\u00fcl \u00dcnsal, Burak Altay, Kayhan A\u00e7\u0131kg\u00f6z, Selin K\u00f6seo\u011flu, Selin Dumlug\u00f6l, Volkan K\u0131ran ve Ufkum Kalao\u011flu gibi usta isimler yer al\u0131yor.<\/p>\n","protected":false},"excerpt":{"rendered":"<p>Usta oyuncu Nursel K\u00f6se\u2019nin sevilen dizi Veliaht kadrosuna kat\u0131lmas\u0131 g\u00fcndem oldu. K\u00f6se\u2019nin dizide oynayaca\u011f\u0131 Zahide karakteri ise \u015fimdiden merak konusu.<\/p>\n","protected":false},"author":37,"featured_media":294629,"comment_status":"closed","ping_status":"closed","sticky":false,"template":"","format":"standard","meta":{"rank_math_lock_modified_date":false,"footnotes":""},"categories":[602],"tags":[3602,14065,71388,24724],"class_list":["post-294626","post","type-post","status-publish","format-standard","has-post-thumbnail","hentry","category-diziler","tag-diziler","tag-nursel-kose","tag-nursel-kose-veliaht","tag-veliaht-dizisi"],"_links":{"self":[{"href":"https:\/\/www.tgrthaber.com\/mavikadin\/wp-json\/wp\/v2\/posts\/294626"}],"collection":[{"href":"https:\/\/www.tgrthaber.com\/mavikadin\/wp-json\/wp\/v2\/posts"}],"about":[{"href":"https:\/\/www.tgrthaber.com\/mavikadin\/wp-json\/wp\/v2\/types\/post"}],"author":[{"embeddable":true,"href":"https:\/\/www.tgrthaber.com\/mavikadin\/wp-json\/wp\/v2\/users\/37"}],"replies":[{"embeddable":true,"href":"https:\/\/www.tgrthaber.com\/mavikadin\/wp-json\/wp\/v2\/comments?post=294626"}],"version-history":[{"count":2,"href":"https:\/\/www.tgrthaber.com\/mavikadin\/wp-json\/wp\/v2\/posts\/294626\/revisions"}],"predecessor-version":[{"id":294652,"href":"https:\/\/www.tgrthaber.com\/mavikadin\/wp-json\/wp\/v2\/posts\/294626\/revisions\/294652"}],"wp:featuredmedia":[{"embeddable":true,"href":"https:\/\/www.tgrthaber.com\/mavikadin\/wp-json\/wp\/v2\/media\/294629"}],"wp:attachment":[{"href":"https:\/\/www.tgrthaber.com\/mavikadin\/wp-json\/wp\/v2\/media?parent=294626"}],"wp:term":[{"taxonomy":"category","embeddable":true,"href":"https:\/\/www.tgrthaber.com\/mavikadin\/wp-json\/wp\/v2\/categories?post=294626"},{"taxonomy":"post_tag","embeddable":true,"href":"https:\/\/www.tgrthaber.com\/mavikadin\/wp-json\/wp\/v2\/tags?post=294626"}],"curies":[{"name":"wp","href":"https:\/\/api.w.org\/{rel}","templated":true}]}}