{"id":294627,"date":"2026-01-24T14:51:13","date_gmt":"2026-01-24T11:51:13","guid":{"rendered":"https:\/\/www.tgrthaber.com\/mavikadin\/?p=294627"},"modified":"2026-01-24T14:51:13","modified_gmt":"2026-01-24T11:51:13","slug":"tigla-yapabileceginiz-en-guzel-nevresim-takimi-modelleri-2026","status":"publish","type":"post","link":"https:\/\/www.tgrthaber.com\/mavikadin\/tigla-yapabileceginiz-en-guzel-nevresim-takimi-modelleri-2026\/","title":{"rendered":"T\u0131\u011fla yapabilece\u011finiz en g\u00fczel nevresim tak\u0131m\u0131 modelleri 2026"},"content":{"rendered":"<p>El eme\u011fi g\u00f6z nuru \u00fcr\u00fcnlere olan ilginin giderek artmas\u0131yla birlikte 2026 y\u0131l\u0131 <a href=\"https:\/\/www.tgrthaber.com\/mavikadin\/tigla-evinizin-havasini-degistirin-tigla-yapilan-2026-yilina-damga-vuracak-modeller\/\">t\u0131\u011f<\/a> i\u015fi nevresim tak\u0131mlar\u0131 i\u00e7in dikkat \u00e7ekici bir y\u00fckseli\u015f d\u00f6nemine i\u015faret ediyor. Geleneksel el sanatlar\u0131n\u0131n \u00e7a\u011fda\u015f tasar\u0131m anlay\u0131\u015f\u0131yla bulu\u015ftu\u011fu bu s\u00fcre\u00e7te t\u0131\u011fla haz\u0131rlanan nevresim tak\u0131mlar\u0131 yaln\u0131zca i\u015flevsel birer tekstil \u00fcr\u00fcn\u00fc olman\u0131n \u00f6tesine ge\u00e7erek yatak odalar\u0131n\u0131n karakterini tan\u0131mlayan dekoratif \u00f6\u011feler haline geliyor. Do\u011fal, s\u00fcrd\u00fcr\u00fclebilir ve \u00f6zg\u00fcn ya\u015fam anlay\u0131\u015f\u0131n\u0131n benimsenmesi ise bu trendin g\u00fc\u00e7lenmesinde belirleyici bir rol \u00fcstleniyor.<\/p>\n<h3>TI\u011eLA YAPAB\u0130LECE\u011e\u0130N\u0130Z EN G\u00dcZEL NEVRES\u0130M TAKIMI MODELLER\u0130<\/h3>\n<h3>Minimal Tasar\u0131mlar \u00d6n Planda<\/h3>\n<p>2026 nevresim trendlerinde ilk dikkat \u00e7eken unsur sade ama estetik detaylara sahip tasar\u0131mlar oluyor. A\u011f\u0131r ve karma\u015f\u0131k motiflerin yerini daha yal\u0131n, geometrik desenler al\u0131yor. File tekni\u011fiyle haz\u0131rlanan zarif kenarlar, k\u00fc\u00e7\u00fck \u00e7i\u00e7ek motifleri ve ince bord\u00fcrler <a href=\"https:\/\/www.tgrthaber.com\/mavikadin\/2026-yilinda-taki-anlayisi-degisiyor-tigla-yapilan-modeller-artti\/\">t\u0131\u011f<\/a> i\u015fi nevresimlere modern bir \u015f\u0131kl\u0131k kazand\u0131r\u0131yor. Bu sayede modeller hem klasik hem de \u00e7a\u011fda\u015f dekorasyon tarzlar\u0131na rahatl\u0131kla uyum sa\u011fl\u0131yor.<\/p>\n<p><img loading=\"lazy\" decoding=\"async\" class=\"aligncenter size-full wp-image-294632\" src=\"https:\/\/www.tgrthaber.com\/mavikadin\/wp-content\/uploads\/2026\/01\/Nevresim-1.png\" alt=\"\" width=\"1208\" height=\"680\" title=\"\" srcset=\"https:\/\/www.tgrthaber.com\/mavikadin\/wp-content\/uploads\/2026\/01\/Nevresim-1.png 1208w, https:\/\/www.tgrthaber.com\/mavikadin\/wp-content\/uploads\/2026\/01\/Nevresim-1-300x169.png 300w, https:\/\/www.tgrthaber.com\/mavikadin\/wp-content\/uploads\/2026\/01\/Nevresim-1-1024x576.png 1024w, https:\/\/www.tgrthaber.com\/mavikadin\/wp-content\/uploads\/2026\/01\/Nevresim-1-768x432.png 768w\" sizes=\"(max-width: 1208px) 100vw, 1208px\" \/><\/p>\n<hr \/>\n<h3>Do\u011fadan \u0130lham Alan Renkler<\/h3>\n<p>Renk se\u00e7imlerinde ise do\u011fall\u0131k \u00f6n plana \u00e7\u0131k\u0131yor. Krem, bej, ta\u015f rengi, ada\u00e7ay\u0131 ye\u015fili ve a\u00e7\u0131k toprak tonlar\u0131 2026\u2019n\u0131n en \u00e7ok tercih edilen renkleri aras\u0131nda yer al\u0131yor. Bunun yan\u0131nda lavanta moru, pudra pembe ve soft mavi gibi pastel tonlar, yatak odas\u0131nda sakin ve romantik bir atmosfer sunmak isteyenlerin favorisi oluyor. Pamuklu iplerle haz\u0131rlanan t\u0131\u011f i\u015fi detaylar hem cilt dostu hem de uzun \u00f6m\u00fcrl\u00fc bir kullan\u0131m sunuyor.<\/p>\n<p><img loading=\"lazy\" decoding=\"async\" class=\"aligncenter size-full wp-image-294639\" src=\"https:\/\/www.tgrthaber.com\/mavikadin\/wp-content\/uploads\/2026\/01\/Nevresim-6.png\" alt=\"\" width=\"1208\" height=\"680\" title=\"\" srcset=\"https:\/\/www.tgrthaber.com\/mavikadin\/wp-content\/uploads\/2026\/01\/Nevresim-6.png 1208w, https:\/\/www.tgrthaber.com\/mavikadin\/wp-content\/uploads\/2026\/01\/Nevresim-6-300x169.png 300w, https:\/\/www.tgrthaber.com\/mavikadin\/wp-content\/uploads\/2026\/01\/Nevresim-6-1024x576.png 1024w, https:\/\/www.tgrthaber.com\/mavikadin\/wp-content\/uploads\/2026\/01\/Nevresim-6-768x432.png 768w\" sizes=\"(max-width: 1208px) 100vw, 1208px\" \/><\/p>\n<hr \/>\n<h3>Bohem ve Vintage Esintiler<\/h3>\n<p>2026\u2019n\u0131n \u00f6ne \u00e7\u0131kan bir di\u011fer trendi ise bohem ve vintage tarz\u0131 t\u0131\u011f i\u015fi nevresim tak\u0131mlar\u0131 oluyor. B\u00fcy\u00fck motifli granny square (anneanne kareleri) desenleri nevresimlerle birlikte yast\u0131k k\u0131l\u0131flar\u0131 ve yatak \u00f6rt\u00fclerinde de kullan\u0131larak b\u00fct\u00fcnc\u00fcl bir g\u00f6r\u00fcn\u00fcm sa\u011fl\u0131yor. El yap\u0131m\u0131 \u00fcr\u00fcnlere de\u011fer veren ve ev dekorasyonunda \u00f6zg\u00fcnl\u00fck arayan kullan\u0131c\u0131lar i\u00e7in bu tarz tasar\u0131mlar yo\u011fun ilgi g\u00f6r\u00fcyor.<\/p>\n<p><img loading=\"lazy\" decoding=\"async\" class=\"aligncenter size-full wp-image-294633\" src=\"https:\/\/www.tgrthaber.com\/mavikadin\/wp-content\/uploads\/2026\/01\/Nevresim-2.png\" alt=\"\" width=\"1208\" height=\"680\" title=\"\" srcset=\"https:\/\/www.tgrthaber.com\/mavikadin\/wp-content\/uploads\/2026\/01\/Nevresim-2.png 1208w, https:\/\/www.tgrthaber.com\/mavikadin\/wp-content\/uploads\/2026\/01\/Nevresim-2-300x169.png 300w, https:\/\/www.tgrthaber.com\/mavikadin\/wp-content\/uploads\/2026\/01\/Nevresim-2-1024x576.png 1024w, https:\/\/www.tgrthaber.com\/mavikadin\/wp-content\/uploads\/2026\/01\/Nevresim-2-768x432.png 768w\" sizes=\"(max-width: 1208px) 100vw, 1208px\" \/><\/p>\n<hr \/>\n<h3>\u015e\u0131kl\u0131k Kadar Kullan\u0131\u015fl\u0131l\u0131k da \u00d6nemli<\/h3>\n<p>Yeni sezon t\u0131\u011f i\u015fi nevresim modellerinde fonksiyonellik de \u00f6n plana \u00e7\u0131k\u0131yor. \u00c7\u0131kar\u0131labilir t\u0131\u011f dantelleri sayesinde \u00fcr\u00fcnler hem kolay temizleniyor hem de farkl\u0131 zamanlarda farkl\u0131 g\u00f6r\u00fcn\u00fcmler sunabiliyor. G\u00fcnl\u00fck kullan\u0131mda sade bir \u015f\u0131kl\u0131k sunan bu modeller \u00f6zel g\u00fcnlerde ise detaylar\u0131yla dikkat \u00e7ekiyor.<\/p>\n<p><img loading=\"lazy\" decoding=\"async\" class=\"aligncenter size-full wp-image-294634\" src=\"https:\/\/www.tgrthaber.com\/mavikadin\/wp-content\/uploads\/2026\/01\/Nevresim-3.png\" alt=\"\" width=\"1208\" height=\"680\" title=\"\" srcset=\"https:\/\/www.tgrthaber.com\/mavikadin\/wp-content\/uploads\/2026\/01\/Nevresim-3.png 1208w, https:\/\/www.tgrthaber.com\/mavikadin\/wp-content\/uploads\/2026\/01\/Nevresim-3-300x169.png 300w, https:\/\/www.tgrthaber.com\/mavikadin\/wp-content\/uploads\/2026\/01\/Nevresim-3-1024x576.png 1024w, https:\/\/www.tgrthaber.com\/mavikadin\/wp-content\/uploads\/2026\/01\/Nevresim-3-768x432.png 768w\" sizes=\"(max-width: 1208px) 100vw, 1208px\" \/><\/p>\n<hr \/>\n<h3>Ki\u015fiselle\u015ftirilebilir Modeller \u0130lgi G\u00f6r\u00fcyor<\/h3>\n<p>Uzmanlara g\u00f6re t\u0131\u011f i\u015fi nevresimlere olan talebin artmas\u0131nda ki\u015fiselle\u015ftirilebilir tasar\u0131mlar \u00f6nemli bir etken. \u0130sim i\u015flemeleri \u00f6zel tarih detaylar\u0131 ve ki\u015fiye \u00f6zel renk kombinasyonlar\u0131, bu \u00fcr\u00fcnleri seri \u00fcretim nevresimlerden ay\u0131r\u0131yor. \u00d6zellikle \u00e7eyiz haz\u0131rl\u0131\u011f\u0131 yapanlar i\u00e7in 2026 t\u0131\u011f i\u015fi nevresim modelleri, nostalji ile modernli\u011fi bir arada sunuyor.<\/p>\n<p><img loading=\"lazy\" decoding=\"async\" class=\"aligncenter size-full wp-image-294638\" src=\"https:\/\/www.tgrthaber.com\/mavikadin\/wp-content\/uploads\/2026\/01\/Nevresim-4.png\" alt=\"\" width=\"1208\" height=\"680\" title=\"\" srcset=\"https:\/\/www.tgrthaber.com\/mavikadin\/wp-content\/uploads\/2026\/01\/Nevresim-4.png 1208w, https:\/\/www.tgrthaber.com\/mavikadin\/wp-content\/uploads\/2026\/01\/Nevresim-4-300x169.png 300w, https:\/\/www.tgrthaber.com\/mavikadin\/wp-content\/uploads\/2026\/01\/Nevresim-4-1024x576.png 1024w, https:\/\/www.tgrthaber.com\/mavikadin\/wp-content\/uploads\/2026\/01\/Nevresim-4-768x432.png 768w\" sizes=\"(max-width: 1208px) 100vw, 1208px\" \/><\/p>\n<hr \/>\n<h3>El Eme\u011fi Bir Ya\u015fam Tarz\u0131na D\u00f6n\u00fc\u015f\u00fcyor<\/h3>\n<p>Sonu\u00e7 olarak 2026 y\u0131l\u0131, t\u0131\u011f i\u015fi nevresim tak\u0131mlar\u0131n\u0131n yaln\u0131zca bir ev tekstili \u00fcr\u00fcn\u00fc de\u011fil, ayn\u0131 zamanda bir ya\u015fam tarz\u0131 ve dekorasyon tercihi haline geldi\u011fi bir d\u00f6nem olarak \u00f6ne \u00e7\u0131k\u0131yor. El eme\u011fine, do\u011fall\u0131\u011fa ve esteti\u011fe de\u011fer verenler i\u00e7in bu modeller, yatak odalar\u0131na s\u0131cakl\u0131k ve \u00f6zg\u00fcnl\u00fck katmaya devam ediyor.<\/p>\n","protected":false},"excerpt":{"rendered":"<p>El eme\u011fi g\u00f6z nuru \u00fcr\u00fcnlere olan ilgi artarak devam ederken, 2026 y\u0131l\u0131 t\u0131\u011f i\u015fi nevresim tak\u0131mlar\u0131 i\u00e7in adeta bir y\u00fckseli\u015f d\u00f6nemi oluyor. Geleneksel el sanatlar\u0131n\u0131n modern tasar\u0131m anlay\u0131\u015f\u0131yla harmanland\u0131\u011f\u0131 bu yeni s\u00fcre\u00e7te, t\u0131\u011fla haz\u0131rlanan nevresim tak\u0131mlar\u0131 yaln\u0131zca i\u015flevsel \u00fcr\u00fcnler olmaktan \u00e7\u0131k\u0131yor. Yatak odalar\u0131n\u0131n karakterini belirleyen dekoratif unsurlar haline geliyor. Do\u011fal, s\u00fcrd\u00fcr\u00fclebilir ve \u00f6zg\u00fcn ya\u015fam anlay\u0131\u015f\u0131 da bu trendin g\u00fc\u00e7lenmesinde \u00f6nemli rol oynuyor.<\/p>\n","protected":false},"author":5,"featured_media":294640,"comment_status":"closed","ping_status":"closed","sticky":false,"template":"","format":"standard","meta":{"rank_math_lock_modified_date":false,"footnotes":""},"categories":[1797],"tags":[23492,24835,71391,71390],"class_list":["post-294627","post","type-post","status-publish","format-standard","has-post-thumbnail","hentry","category-orgu-hobi","tag-nevresim-takimi","tag-orgu-hobi","tag-tig-isi-nevresim","tag-tigla-nevresim-takimi"],"_links":{"self":[{"href":"https:\/\/www.tgrthaber.com\/mavikadin\/wp-json\/wp\/v2\/posts\/294627"}],"collection":[{"href":"https:\/\/www.tgrthaber.com\/mavikadin\/wp-json\/wp\/v2\/posts"}],"about":[{"href":"https:\/\/www.tgrthaber.com\/mavikadin\/wp-json\/wp\/v2\/types\/post"}],"author":[{"embeddable":true,"href":"https:\/\/www.tgrthaber.com\/mavikadin\/wp-json\/wp\/v2\/users\/5"}],"replies":[{"embeddable":true,"href":"https:\/\/www.tgrthaber.com\/mavikadin\/wp-json\/wp\/v2\/comments?post=294627"}],"version-history":[{"count":2,"href":"https:\/\/www.tgrthaber.com\/mavikadin\/wp-json\/wp\/v2\/posts\/294627\/revisions"}],"predecessor-version":[{"id":294655,"href":"https:\/\/www.tgrthaber.com\/mavikadin\/wp-json\/wp\/v2\/posts\/294627\/revisions\/294655"}],"wp:featuredmedia":[{"embeddable":true,"href":"https:\/\/www.tgrthaber.com\/mavikadin\/wp-json\/wp\/v2\/media\/294640"}],"wp:attachment":[{"href":"https:\/\/www.tgrthaber.com\/mavikadin\/wp-json\/wp\/v2\/media?parent=294627"}],"wp:term":[{"taxonomy":"category","embeddable":true,"href":"https:\/\/www.tgrthaber.com\/mavikadin\/wp-json\/wp\/v2\/categories?post=294627"},{"taxonomy":"post_tag","embeddable":true,"href":"https:\/\/www.tgrthaber.com\/mavikadin\/wp-json\/wp\/v2\/tags?post=294627"}],"curies":[{"name":"wp","href":"https:\/\/api.w.org\/{rel}","templated":true}]}}