{"id":294628,"date":"2026-01-24T14:50:57","date_gmt":"2026-01-24T11:50:57","guid":{"rendered":"https:\/\/www.tgrthaber.com\/mavikadin\/?p=294628"},"modified":"2026-01-24T14:50:57","modified_gmt":"2026-01-24T11:50:57","slug":"siyahlarin-rengini-soldurmadan-yikayin-renklerin-korunmasi-icin-ozel-karisim","status":"publish","type":"post","link":"https:\/\/www.tgrthaber.com\/mavikadin\/siyahlarin-rengini-soldurmadan-yikayin-renklerin-korunmasi-icin-ozel-karisim\/","title":{"rendered":"Siyahlar\u0131n rengini soldurmadan y\u0131kay\u0131n! Renklerin korunmas\u0131 i\u00e7in \u00f6zel kar\u0131\u015f\u0131m"},"content":{"rendered":"<p>Her evde \u00e7ama\u015f\u0131r y\u0131karken kenarda k\u00f6\u015fe de birikmesi beklenen <a href=\"https:\/\/www.tgrthaber.com\/mavikadin\/yaz-bavullarina-dikkat-bu-parcalar-mutlaka-olmali-terletmeyen-kiyafetler\/\">siyahlar<\/a>, ayn\u0131 ilk g\u00fcnk\u00fc gibi rengini koruyarak nas\u0131l y\u0131kanaca\u011f\u0131 merak ediliyor. Siyahlar\u0131n rengini soldurmadan y\u0131kayabilece\u011finizi ve renklerin korunmas\u0131 i\u00e7in \u00f6zel kar\u0131\u015f\u0131m\u0131 sizin i\u00e7in ara\u015ft\u0131rd\u0131k. \u0130\u015fte detaylar\u2026<\/p>\n<h3>S\u0130YAHLARIN RENG\u0130N\u0130 SOLDURMADAN YIKAYIN!<\/h3>\n<p>Siyah renkli \u00e7ama\u015f\u0131rlar\u0131n\u0131z rengini soldurmadan y\u0131kaman\u0131n bir y\u00f6ntemi oldu\u011funu biliyor muydunuz? Art\u0131k <a href=\"https:\/\/www.tgrthaber.com\/mavikadin\/solmus-siyah-kiyafetleri-parlatan-yontem-camasir-makinesinin-yikama-derecesine-dikkat\/\">siyahlar<\/a>\u0131n renkleri de solmadan y\u0131kanabilecek. Siyahlar\u0131n solmamas\u0131 i\u00e7in do\u011fru y\u0131kama y\u00f6ntemlerini uygulamak ise her \u015feyden \u00f6nce geliyor. \u00c7\u00fcnk\u00fc yanl\u0131\u015f y\u0131kamak, siyahlar\u0131n kolayl\u0131kla solmas\u0131na neden olur.<\/p>\n<p><img loading=\"lazy\" decoding=\"async\" class=\"alignnone size-full wp-image-294647\" src=\"https:\/\/www.tgrthaber.com\/mavikadin\/wp-content\/uploads\/2026\/01\/ARZU-2026-01-24T144341.293.jpg\" alt=\"Siyahlar\u0131n rengini soldurmadan y\u0131kay\u0131n! Renklerin korunmas\u0131 i\u00e7in \u00f6zel kar\u0131\u015f\u0131m\" width=\"1208\" height=\"680\" title=\"\" srcset=\"https:\/\/www.tgrthaber.com\/mavikadin\/wp-content\/uploads\/2026\/01\/ARZU-2026-01-24T144341.293.jpg 1208w, https:\/\/www.tgrthaber.com\/mavikadin\/wp-content\/uploads\/2026\/01\/ARZU-2026-01-24T144341.293-300x169.jpg 300w, https:\/\/www.tgrthaber.com\/mavikadin\/wp-content\/uploads\/2026\/01\/ARZU-2026-01-24T144341.293-1024x576.jpg 1024w, https:\/\/www.tgrthaber.com\/mavikadin\/wp-content\/uploads\/2026\/01\/ARZU-2026-01-24T144341.293-768x432.jpg 768w\" sizes=\"(max-width: 1208px) 100vw, 1208px\" \/><\/p>\n<hr \/>\n<p><strong>Siyahlar\u0131n rengi solmamas\u0131 i\u00e7in nas\u0131l y\u0131kanmal\u0131?<\/strong><\/p>\n<p>Siyahlar\u0131n renginin uzun s\u00fcre kalmas\u0131n\u0131 istiyorsan\u0131z, baz\u0131 ufak tefek kurallar bulunuyor. Siyah k\u0131yafetlerinizi y\u0131kama talimatlar\u0131na uygun y\u0131kamaya gayret g\u00f6sterin. Renklerinin koruyuculu\u011fu a\u00e7s\u0131ndan do\u011fru deterjanlar\u0131n da kullan\u0131lmas\u0131 gerekir. \u00d6zel deterjanlar, siyahlar\u0131n renginin solmas\u0131n\u0131 engellerken kuma\u015f\u0131n da zarar g\u00f6rmemesine yard\u0131mc\u0131 olacakt\u0131r.<\/p>\n<p><img loading=\"lazy\" decoding=\"async\" class=\"alignnone size-full wp-image-294650\" src=\"https:\/\/www.tgrthaber.com\/mavikadin\/wp-content\/uploads\/2026\/01\/ARZU-2026-01-24T144243.838.jpg\" alt=\"Siyahlar\u0131n rengini soldurmadan y\u0131kay\u0131n! Renklerin korunmas\u0131 i\u00e7in \u00f6zel kar\u0131\u015f\u0131m\" width=\"1208\" height=\"680\" title=\"\" srcset=\"https:\/\/www.tgrthaber.com\/mavikadin\/wp-content\/uploads\/2026\/01\/ARZU-2026-01-24T144243.838.jpg 1208w, https:\/\/www.tgrthaber.com\/mavikadin\/wp-content\/uploads\/2026\/01\/ARZU-2026-01-24T144243.838-300x169.jpg 300w, https:\/\/www.tgrthaber.com\/mavikadin\/wp-content\/uploads\/2026\/01\/ARZU-2026-01-24T144243.838-1024x576.jpg 1024w, https:\/\/www.tgrthaber.com\/mavikadin\/wp-content\/uploads\/2026\/01\/ARZU-2026-01-24T144243.838-768x432.jpg 768w\" sizes=\"(max-width: 1208px) 100vw, 1208px\" \/><\/p>\n<hr \/>\n<p>Bunlar\u0131n d\u0131\u015f\u0131nda kesinlikle do\u011fru kurutma y\u00f6ntemini de uygulamal\u0131s\u0131n\u0131z. Siyahlar\u0131n do\u011fru kurumas\u0131 demek, renklerinde solmalar\u0131n olmamas\u0131 demektir. Y\u00fcksek \u0131s\u0131 yerine siyahlar\u0131 do\u011fal ve g\u00f6lge bir yere kurutman\u0131z siyahlar i\u00e7in olduk\u00e7a iyi olacakt\u0131r.<\/p>\n<p><img loading=\"lazy\" decoding=\"async\" class=\"alignnone size-full wp-image-294649\" src=\"https:\/\/www.tgrthaber.com\/mavikadin\/wp-content\/uploads\/2026\/01\/ARZU-2026-01-24T144307.683.jpg\" alt=\"Siyahlar\u0131n rengini soldurmadan y\u0131kay\u0131n! Renklerin korunmas\u0131 i\u00e7in \u00f6zel kar\u0131\u015f\u0131m\" width=\"1208\" height=\"680\" title=\"\" srcset=\"https:\/\/www.tgrthaber.com\/mavikadin\/wp-content\/uploads\/2026\/01\/ARZU-2026-01-24T144307.683.jpg 1208w, https:\/\/www.tgrthaber.com\/mavikadin\/wp-content\/uploads\/2026\/01\/ARZU-2026-01-24T144307.683-300x169.jpg 300w, https:\/\/www.tgrthaber.com\/mavikadin\/wp-content\/uploads\/2026\/01\/ARZU-2026-01-24T144307.683-1024x576.jpg 1024w, https:\/\/www.tgrthaber.com\/mavikadin\/wp-content\/uploads\/2026\/01\/ARZU-2026-01-24T144307.683-768x432.jpg 768w\" sizes=\"(max-width: 1208px) 100vw, 1208px\" \/><\/p>\n<hr \/>\n<p>Siyahlar\u0131n en b\u00fcy\u00fck d\u00fc\u015fman\u0131 ise direkt g\u00fcne\u015f \u0131\u015f\u0131nlar\u0131d\u0131r. G\u00fcne\u015fte kurutulan siyahlar, UV \u0131\u015f\u0131nlar\u0131 nedeniyle direk renklerinin kaybolmas\u0131na neden olacakt\u0131r. \u00dcstelik siyahlar\u0131 kesinlikle ters \u00e7evirerek kurutmal\u0131s\u0131n\u0131z. \u00d6zellikle de hassas bir siyah renkte kuma\u015fsa daha bir \u00f6zenli davranman\u0131z gerekiyor.<\/p>\n<p><img loading=\"lazy\" decoding=\"async\" class=\"alignnone size-full wp-image-294648\" src=\"https:\/\/www.tgrthaber.com\/mavikadin\/wp-content\/uploads\/2026\/01\/ARZU-2026-01-24T144316.236.jpg\" alt=\"Siyahlar\u0131n rengini soldurmadan y\u0131kay\u0131n! Renklerin korunmas\u0131 i\u00e7in \u00f6zel kar\u0131\u015f\u0131m\" width=\"1208\" height=\"680\" title=\"\" srcset=\"https:\/\/www.tgrthaber.com\/mavikadin\/wp-content\/uploads\/2026\/01\/ARZU-2026-01-24T144316.236.jpg 1208w, https:\/\/www.tgrthaber.com\/mavikadin\/wp-content\/uploads\/2026\/01\/ARZU-2026-01-24T144316.236-300x169.jpg 300w, https:\/\/www.tgrthaber.com\/mavikadin\/wp-content\/uploads\/2026\/01\/ARZU-2026-01-24T144316.236-1024x576.jpg 1024w, https:\/\/www.tgrthaber.com\/mavikadin\/wp-content\/uploads\/2026\/01\/ARZU-2026-01-24T144316.236-768x432.jpg 768w\" sizes=\"(max-width: 1208px) 100vw, 1208px\" \/><\/p>\n<hr \/>\n<p>Siyahlar\u0131 y\u0131karken do\u011fal bir \u00e7\u00f6z\u00fcm arayanlardas\u0131n\u0131z, sirke tam size g\u00f6re, Y\u0131kama s\u0131ras\u0131nda siyahlara koyaca\u011f\u0131n\u0131z yar\u0131m \u00e7ay barda\u011f\u0131 beyaz sirke, rengin korunmas\u0131na olanak sa\u011flarken kuma\u015flarda bulunan deterjan kal\u0131nt\u0131lar\u0131n\u0131 da temizler. Beyaz sirke, siyahlar\u0131n ilk g\u00fcnk\u00fc gibi kalmas\u0131na da olduk\u00e7a yard\u0131mc\u0131 olur.<\/p>\n<p><img loading=\"lazy\" decoding=\"async\" class=\"alignnone size-full wp-image-294646\" src=\"https:\/\/www.tgrthaber.com\/mavikadin\/wp-content\/uploads\/2026\/01\/ARZU-2026-01-24T144352.031.jpg\" alt=\"Siyahlar\u0131n rengini soldurmadan y\u0131kay\u0131n! Renklerin korunmas\u0131 i\u00e7in \u00f6zel kar\u0131\u015f\u0131m\" width=\"1208\" height=\"680\" title=\"\" srcset=\"https:\/\/www.tgrthaber.com\/mavikadin\/wp-content\/uploads\/2026\/01\/ARZU-2026-01-24T144352.031.jpg 1208w, https:\/\/www.tgrthaber.com\/mavikadin\/wp-content\/uploads\/2026\/01\/ARZU-2026-01-24T144352.031-300x169.jpg 300w, https:\/\/www.tgrthaber.com\/mavikadin\/wp-content\/uploads\/2026\/01\/ARZU-2026-01-24T144352.031-1024x576.jpg 1024w, https:\/\/www.tgrthaber.com\/mavikadin\/wp-content\/uploads\/2026\/01\/ARZU-2026-01-24T144352.031-768x432.jpg 768w\" sizes=\"(max-width: 1208px) 100vw, 1208px\" \/><\/p>\n<hr \/>\n<p>Siyahlar\u0131 tuzlu suda da bekleterek renklerinin sabitlenmesine de yard\u0131mc\u0131 olursunuz. Bu i\u015flem, \u00f6zellikle de do\u011fal boyalarla renklendirilmi\u015f kuma\u015flarda olduk\u00e7a i\u015fe yarar. Siyahlara kabartma tozu eklemeyi duymu\u015f muydunuz? Duymad\u0131ysan\u0131z s\u00f6yleyelim. Siyahlar\u0131n ald\u0131\u011f\u0131n\u0131z gibi kalmas\u0131n\u0131 isterdeniz, deterjan g\u00f6z\u00fcne bir yemek ka\u015f\u0131\u011f\u0131 kabartma tozu eklemek hem k\u00f6t\u00fc kokular\u0131 engellerken hem de siyah kuma\u015flar\u0131n daha parlak kalmas\u0131na yard\u0131mc\u0131 olur.<\/p>\n<h3><img loading=\"lazy\" decoding=\"async\" class=\"alignnone size-full wp-image-294645\" src=\"https:\/\/www.tgrthaber.com\/mavikadin\/wp-content\/uploads\/2026\/01\/ARZU-2026-01-24T144402.762.jpg\" alt=\"Siyahlar\u0131n rengini soldurmadan y\u0131kay\u0131n! Renklerin korunmas\u0131 i\u00e7in \u00f6zel kar\u0131\u015f\u0131m\" width=\"1208\" height=\"680\" title=\"\" srcset=\"https:\/\/www.tgrthaber.com\/mavikadin\/wp-content\/uploads\/2026\/01\/ARZU-2026-01-24T144402.762.jpg 1208w, https:\/\/www.tgrthaber.com\/mavikadin\/wp-content\/uploads\/2026\/01\/ARZU-2026-01-24T144402.762-300x169.jpg 300w, https:\/\/www.tgrthaber.com\/mavikadin\/wp-content\/uploads\/2026\/01\/ARZU-2026-01-24T144402.762-1024x576.jpg 1024w, https:\/\/www.tgrthaber.com\/mavikadin\/wp-content\/uploads\/2026\/01\/ARZU-2026-01-24T144402.762-768x432.jpg 768w\" sizes=\"(max-width: 1208px) 100vw, 1208px\" \/><\/h3>\n<hr \/>\n<h3>RENKLER\u0130N KORUNMASI \u0130\u00c7\u0130N \u00d6ZEL KARI\u015eIM<\/h3>\n<p>Siyahlar\u0131n ilk g\u00fcn al\u0131nd\u0131\u011f\u0131 gibi ayn\u0131 renkte kalmamas\u0131 \u00e7o\u011fu ki\u015fi i\u00e7in can s\u0131k\u0131c\u0131 bir duruma d\u00f6n\u00fc\u015febiliyor. \u00d6zellikle de giymeyi sevilen bir k\u0131yafetse ve onun renginde solmalar meydana gelirse adeta eskimi\u015f k\u0131yafet g\u00f6r\u00fcnt\u00fcs\u00fcn\u00fc de vermi\u015f oluyor. Pek \u00e7ok ki\u015fi de bu sebeple siyahlarda renklerin korunmas\u0131 i\u00e7in \u00f6zel kar\u0131\u015f\u0131mlar ar\u0131yor.<\/p>\n<p><img loading=\"lazy\" decoding=\"async\" class=\"alignnone size-full wp-image-294643\" src=\"https:\/\/www.tgrthaber.com\/mavikadin\/wp-content\/uploads\/2026\/01\/ARZU-2026-01-24T144437.834.jpg\" alt=\"Siyahlar\u0131n rengini soldurmadan y\u0131kay\u0131n! Renklerin korunmas\u0131 i\u00e7in \u00f6zel kar\u0131\u015f\u0131m\" width=\"1208\" height=\"680\" title=\"\" srcset=\"https:\/\/www.tgrthaber.com\/mavikadin\/wp-content\/uploads\/2026\/01\/ARZU-2026-01-24T144437.834.jpg 1208w, https:\/\/www.tgrthaber.com\/mavikadin\/wp-content\/uploads\/2026\/01\/ARZU-2026-01-24T144437.834-300x169.jpg 300w, https:\/\/www.tgrthaber.com\/mavikadin\/wp-content\/uploads\/2026\/01\/ARZU-2026-01-24T144437.834-1024x576.jpg 1024w, https:\/\/www.tgrthaber.com\/mavikadin\/wp-content\/uploads\/2026\/01\/ARZU-2026-01-24T144437.834-768x432.jpg 768w\" sizes=\"(max-width: 1208px) 100vw, 1208px\" \/><\/p>\n<hr \/>\n<p>Renklerin korunmas\u0131 i\u00e7in \u00e7ama\u015f\u0131r y\u0131karken yapman\u0131z gereken kar\u0131\u015f\u0131m, sadece renklerin sabit kalmas\u0131n\u0131 de\u011fil k\u0131yafetinde g\u00fczelce temizlenmesine yard\u0131mc\u0131 oluyor. \u00c7ama\u015f\u0131r makinenizde ilk y\u0131kama \u00f6ncesinde tuzlu ve sirkeli bir kar\u0131\u015f\u0131m yaparsan\u0131z renklerin korunmas\u0131na yard\u0131mc\u0131 olursunuz.<\/p>\n<p><img loading=\"lazy\" decoding=\"async\" class=\"alignnone size-full wp-image-294644\" src=\"https:\/\/www.tgrthaber.com\/mavikadin\/wp-content\/uploads\/2026\/01\/ARZU-2026-01-24T144411.863.jpg\" alt=\"Siyahlar\u0131n rengini soldurmadan y\u0131kay\u0131n! Renklerin korunmas\u0131 i\u00e7in \u00f6zel kar\u0131\u015f\u0131m\" width=\"1208\" height=\"680\" title=\"\" srcset=\"https:\/\/www.tgrthaber.com\/mavikadin\/wp-content\/uploads\/2026\/01\/ARZU-2026-01-24T144411.863.jpg 1208w, https:\/\/www.tgrthaber.com\/mavikadin\/wp-content\/uploads\/2026\/01\/ARZU-2026-01-24T144411.863-300x169.jpg 300w, https:\/\/www.tgrthaber.com\/mavikadin\/wp-content\/uploads\/2026\/01\/ARZU-2026-01-24T144411.863-1024x576.jpg 1024w, https:\/\/www.tgrthaber.com\/mavikadin\/wp-content\/uploads\/2026\/01\/ARZU-2026-01-24T144411.863-768x432.jpg 768w\" sizes=\"(max-width: 1208px) 100vw, 1208px\" \/><\/p>\n<hr \/>\n<p>Ayr\u0131ca k\u0131yafetleri y\u0131kamaya atarken kesinlikle ters \u00e7evirip atmal\u0131s\u0131n\u0131z. \u00d6zellikle de d\u00fc\u015f\u00fck s\u0131cakl\u0131klarda y\u0131kamak, siyahlar\u0131n formunu korur ve renklerinin korunmas\u0131na yard\u0131mc\u0131 olur. Kabartma tozu, siyah \u00e7ay ve karbonat gibi do\u011fal \u00fcr\u00fcnlerde renklerin sabitlenmesine yard\u0131mc\u0131 olur. Bir de unutmadan s\u00f6yleyelim siyahlar her zaman y\u0131kanmamal\u0131d\u0131rlar. \u00c7ok y\u0131kanma olan siyahlarda renk solmalar\u0131 meydana gelir.<\/p>\n","protected":false},"excerpt":{"rendered":"<p>Siyahlar\u0131n rengini soldurmadan y\u0131kayabilece\u011finizi biliyor muydunuz? Bilmiyorsan\u0131z sizi b\u00f6yle alal\u0131m. \u00c7\u00fcnk\u00fc sizin i\u00e7in siyahlar\u0131n rengini soldurmadan, renklerin korunmas\u0131 i\u00e7in \u00f6zel kar\u0131\u015f\u0131m\u0131 ara\u015ft\u0131rd\u0131k. \u0130\u015fte detaylar\u2026<\/p>\n","protected":false},"author":34,"featured_media":294641,"comment_status":"closed","ping_status":"closed","sticky":false,"template":"","format":"standard","meta":{"rank_math_lock_modified_date":false,"footnotes":""},"categories":[101],"tags":[16916,54646,52553,15128,71389],"class_list":["post-294628","post","type-post","status-publish","format-standard","has-post-thumbnail","hentry","category-kesfet","tag-kesfet-haberleri","tag-kiyafet-yikama","tag-renk-solmasi","tag-siyah-kiyafet","tag-siyahlar"],"_links":{"self":[{"href":"https:\/\/www.tgrthaber.com\/mavikadin\/wp-json\/wp\/v2\/posts\/294628"}],"collection":[{"href":"https:\/\/www.tgrthaber.com\/mavikadin\/wp-json\/wp\/v2\/posts"}],"about":[{"href":"https:\/\/www.tgrthaber.com\/mavikadin\/wp-json\/wp\/v2\/types\/post"}],"author":[{"embeddable":true,"href":"https:\/\/www.tgrthaber.com\/mavikadin\/wp-json\/wp\/v2\/users\/34"}],"replies":[{"embeddable":true,"href":"https:\/\/www.tgrthaber.com\/mavikadin\/wp-json\/wp\/v2\/comments?post=294628"}],"version-history":[{"count":1,"href":"https:\/\/www.tgrthaber.com\/mavikadin\/wp-json\/wp\/v2\/posts\/294628\/revisions"}],"predecessor-version":[{"id":294653,"href":"https:\/\/www.tgrthaber.com\/mavikadin\/wp-json\/wp\/v2\/posts\/294628\/revisions\/294653"}],"wp:featuredmedia":[{"embeddable":true,"href":"https:\/\/www.tgrthaber.com\/mavikadin\/wp-json\/wp\/v2\/media\/294641"}],"wp:attachment":[{"href":"https:\/\/www.tgrthaber.com\/mavikadin\/wp-json\/wp\/v2\/media?parent=294628"}],"wp:term":[{"taxonomy":"category","embeddable":true,"href":"https:\/\/www.tgrthaber.com\/mavikadin\/wp-json\/wp\/v2\/categories?post=294628"},{"taxonomy":"post_tag","embeddable":true,"href":"https:\/\/www.tgrthaber.com\/mavikadin\/wp-json\/wp\/v2\/tags?post=294628"}],"curies":[{"name":"wp","href":"https:\/\/api.w.org\/{rel}","templated":true}]}}