{"id":294656,"date":"2026-01-24T15:53:31","date_gmt":"2026-01-24T12:53:31","guid":{"rendered":"https:\/\/www.tgrthaber.com\/mavikadin\/?p=294656"},"modified":"2026-01-24T15:53:31","modified_gmt":"2026-01-24T12:53:31","slug":"selena-dizisinin-cekildigi-evle-ilgili-sok-itiraf-parla-senol-kurallari-anlatti","status":"publish","type":"post","link":"https:\/\/www.tgrthaber.com\/mavikadin\/selena-dizisinin-cekildigi-evle-ilgili-sok-itiraf-parla-senol-kurallari-anlatti\/","title":{"rendered":"Selena dizisinin \u00e7ekildi\u011fi evle ilgili \u015fok itiraf! Parla \u015eenol kurallar\u0131 anlatt\u0131"},"content":{"rendered":"<p>Bir d\u00f6nemlerin efsane dizilerinden biri olan Selena dizisi, hala \u00e7ocuklar\u0131n ilgisini \u00e7ekmeyi ba\u015faran ba\u015far\u0131l\u0131 yap\u0131mlardan biridir. Sinem Kobal&#8217;\u0131n ba\u015frolde yer ald\u0131\u011f\u0131 fantastik temal\u0131 dizinin \u00e7ekildi\u011fi ev de olduk\u00e7a dikkat \u00e7ekici iddialarla ortaya \u00e7\u0131kt\u0131. T\u00fcrk dizilerinde \u00f6zellikle ev temal\u0131 \u00e7ekimler yap\u0131lan projelerin sonu gelse bile evler dizilerin simgesi haline geliyor. Selena dizisinin \u00e7ekildi\u011fi ev, hayranlar\u0131 ve sevenleri taraf\u0131ndan zaman zaman ziyaret edilmesiyle g\u00fcndeme gelmektedir. Selena dizisinin m\u00fcstesna karakterini oynayan Parla \u015eenol&#8217;un,<a href=\"https:\/\/www.tgrthaber.com\/mavikadin\/selena-gomezin-benny-blancoya-aldigi-dugun-hediyesi-sosyal-medyayi-salladi-yuksek-guvenlikli-gece-dikkat-cekti\/\"> Selena<\/a> dizisinin \u00e7ekildi\u011fi ev ile ilgili yapt\u0131\u011f\u0131 itiraflar g\u00fcndem oldu. \u0130\u015fte detaylar&#8230;<\/p>\n<h3>SELENA D\u0130Z\u0130S\u0130N\u0130N M\u00dcSTESNASI PARLA \u015eENOL\u2019UN \u0130T\u0130RAFI D\u0130KKAT \u00c7EKT\u0130<\/h3>\n<p>Ev sahibinin \u00e7ok titiz biri oldu\u011funu s\u00f6yleyen oyuncu, bu nedenle sette garip anlar ya\u015fad\u0131klar\u0131n\u0131 ifade etti. Salonda yap\u0131lan \u00e7ekimler bitti\u011fi anda ev sahibinin koltuklarda oturmaya izin vermedi\u011fini, oyuncular\u0131n mutfakta beklemek zorunda kald\u0131\u011f\u0131n\u0131 ekledi. \u00d6nce evde ev sahibi ya\u015f\u0131yordu, sonra evden ayr\u0131l\u0131nca bizleri kameralarla izlemeye devam etti\u011fini belirtti. O d\u00f6nem biraz travmatik bir durum oldu\u011funu a\u00e7\u0131klad\u0131 Parla \u015eenol. Dizi \u00e7ekimleri i\u00e7in kiralanan evin ilgin\u00e7 kural\u0131 sosyal medyada g\u00fcndem oldu.<\/p>\n<p><img loading=\"lazy\" decoding=\"async\" class=\"alignnone size-full wp-image-294672\" src=\"https:\/\/www.tgrthaber.com\/mavikadin\/wp-content\/uploads\/2026\/01\/Asli-2026-01-24T153859.246.png\" alt=\"\" width=\"1208\" height=\"680\" title=\"\" srcset=\"https:\/\/www.tgrthaber.com\/mavikadin\/wp-content\/uploads\/2026\/01\/Asli-2026-01-24T153859.246.png 1208w, https:\/\/www.tgrthaber.com\/mavikadin\/wp-content\/uploads\/2026\/01\/Asli-2026-01-24T153859.246-300x169.png 300w, https:\/\/www.tgrthaber.com\/mavikadin\/wp-content\/uploads\/2026\/01\/Asli-2026-01-24T153859.246-1024x576.png 1024w, https:\/\/www.tgrthaber.com\/mavikadin\/wp-content\/uploads\/2026\/01\/Asli-2026-01-24T153859.246-768x432.png 768w\" sizes=\"(max-width: 1208px) 100vw, 1208px\" \/><\/p>\n<hr \/>\n<h3>SELENA D\u0130Z\u0130S\u0130 KONUSU<\/h3>\n<p>Selin, Leyla ve Nazl\u0131, anne ve babalar\u0131n\u0131 bir trafik kazas\u0131nda kaybederler ve hayatlar\u0131 alt \u00fcst olur. \u00dc\u00e7 k\u00fc\u00e7\u00fck k\u0131z annelerinden kalan \u00fc\u00e7 be\u015f par\u00e7a e\u015fya ve bir sand\u0131k dolusu hat\u0131ra defteri ile birlikte amcalar\u0131n\u0131n yan\u0131na yerle\u015firler. Amcan\u0131n huysuz kar\u0131s\u0131 Asl\u0131 ve \u00f6nceki evlili\u011finden olma k\u0131z\u0131 K\u0131v\u0131lc\u0131m, \u00fc\u00e7 k\u00fc\u00e7\u00fck k\u0131z\u0131 evde istememektedir. \u00dc\u00e7 \u00f6ks\u00fcz k\u0131za ak\u0131llara gelmedik eziyetler yaparlar. \u00dcstelik bu eziyet okulda da m\u00fcd\u00fcr Fitnat Han\u0131m ve k\u00fc\u00e7\u00fck zengin \u015f\u0131mar\u0131klar taraf\u0131ndan da s\u00fcrd\u00fcr\u00fclmektedir. Selin, Leyla ve Nazl\u0131 D\u00fcnyada yapayaln\u0131z kald\u0131klar\u0131n\u0131 d\u00fc\u015f\u00fcn\u00fcrler evrenin kaderini de\u011fi\u015ftirecek s\u0131rra sahip olduklar\u0131n\u0131 bilemeden. \u00c7\u00fcnk\u00fc \u00fctopya gezegenindeki adalet divan\u0131nda evrenin iyilik ve k\u00f6t\u00fcl\u00fck sava\u015f\u0131ndaki son durak tart\u0131\u015f\u0131lmaktad\u0131r.<\/p>\n<p><img loading=\"lazy\" decoding=\"async\" class=\"alignnone size-full wp-image-294673\" src=\"https:\/\/www.tgrthaber.com\/mavikadin\/wp-content\/uploads\/2026\/01\/Asli-2026-01-24T153459.551.png\" alt=\"\" width=\"1208\" height=\"680\" title=\"\" srcset=\"https:\/\/www.tgrthaber.com\/mavikadin\/wp-content\/uploads\/2026\/01\/Asli-2026-01-24T153459.551.png 1208w, https:\/\/www.tgrthaber.com\/mavikadin\/wp-content\/uploads\/2026\/01\/Asli-2026-01-24T153459.551-300x169.png 300w, https:\/\/www.tgrthaber.com\/mavikadin\/wp-content\/uploads\/2026\/01\/Asli-2026-01-24T153459.551-1024x576.png 1024w, https:\/\/www.tgrthaber.com\/mavikadin\/wp-content\/uploads\/2026\/01\/Asli-2026-01-24T153459.551-768x432.png 768w\" sizes=\"(max-width: 1208px) 100vw, 1208px\" \/><\/p>\n<hr \/>\n<h3>SELENA D\u0130Z\u0130 OYUNCULARI<\/h3>\n<p>Bir d\u00f6nemin efsane dizilerinden biri olan<a href=\"https:\/\/www.tgrthaber.com\/mavikadin\/selena-dizisinin-kivilcimi-hazal-senel-son-hali-soke-etti-oyunculugu-birakan-oyuncu-bakin-ne-is-yapiyor\/\"> Selena<\/a> dizisinin Y\u00f6netmen koltu\u011funda Bora Onur oturdu\u011fu Sinem Kobal, Sinan \u00c7al\u0131\u015fkano\u011flu, Zuhal Topal, Cansu Demirci, Gizem G\u00fcven, Dilara Kurtulmu\u015f, Hazal \u015eenel, G\u00f6khan Keser, \u00dcmit Erdim, Hakan Alt\u0131ner, Selda \u00d6zbek, Kayhan Y\u0131ld\u0131zo\u011flu oyuncu kadrosundan ba\u015far\u0131l\u0131 oyuncu isimleri yer almaktad\u0131r.<\/p>\n<p><img loading=\"lazy\" decoding=\"async\" class=\"alignnone size-full wp-image-294674\" src=\"https:\/\/www.tgrthaber.com\/mavikadin\/wp-content\/uploads\/2026\/01\/Asli-2026-01-24T153642.254.png\" alt=\"\" width=\"1208\" height=\"680\" title=\"\" srcset=\"https:\/\/www.tgrthaber.com\/mavikadin\/wp-content\/uploads\/2026\/01\/Asli-2026-01-24T153642.254.png 1208w, https:\/\/www.tgrthaber.com\/mavikadin\/wp-content\/uploads\/2026\/01\/Asli-2026-01-24T153642.254-300x169.png 300w, https:\/\/www.tgrthaber.com\/mavikadin\/wp-content\/uploads\/2026\/01\/Asli-2026-01-24T153642.254-1024x576.png 1024w, https:\/\/www.tgrthaber.com\/mavikadin\/wp-content\/uploads\/2026\/01\/Asli-2026-01-24T153642.254-768x432.png 768w\" sizes=\"(max-width: 1208px) 100vw, 1208px\" \/><\/p>\n<hr \/>\n<h3>PARLA \u015eENOL K\u0130MD\u0130R?<\/h3>\n<p>7 May\u0131s 1956 da m\u00fczisyen ve sanat\u00e7\u0131 bir ailenin \u00e7ocu\u011fu olarak \u0130stanbul&#8217;da do\u011fdu. Babas\u0131 m\u00fczisyen Arma\u011fan \u015eenol, babas\u0131n\u0131n day\u0131s\u0131 Necdet Mahfi Ayral onun k\u0131z\u0131 Jeyan Mahfi Ayral T\u00f6z\u00fcm, erkek karde\u015fi ise m\u00fczisyen Arda \u015eenol&#8217;dur. Nam\u0131k Kemal \u0130lkokulunda ba\u015flad\u0131\u011f\u0131 e\u011fitimine \u0130talyan K\u0131z Orta Okulu ve Site Kolejinde devam etti. Daha sonra Bo\u011fazi\u00e7i \u00dcniversitesi Psikoloji b\u00f6l\u00fcm\u00fcn\u00fc bitirdi.<\/p>\n<p><img loading=\"lazy\" decoding=\"async\" class=\"alignnone size-full wp-image-294675\" src=\"https:\/\/www.tgrthaber.com\/mavikadin\/wp-content\/uploads\/2026\/01\/Asli-2026-01-24T153728.433.png\" alt=\"\" width=\"1208\" height=\"680\" title=\"\" srcset=\"https:\/\/www.tgrthaber.com\/mavikadin\/wp-content\/uploads\/2026\/01\/Asli-2026-01-24T153728.433.png 1208w, https:\/\/www.tgrthaber.com\/mavikadin\/wp-content\/uploads\/2026\/01\/Asli-2026-01-24T153728.433-300x169.png 300w, https:\/\/www.tgrthaber.com\/mavikadin\/wp-content\/uploads\/2026\/01\/Asli-2026-01-24T153728.433-1024x576.png 1024w, https:\/\/www.tgrthaber.com\/mavikadin\/wp-content\/uploads\/2026\/01\/Asli-2026-01-24T153728.433-768x432.png 768w\" sizes=\"(max-width: 1208px) 100vw, 1208px\" \/><\/p>\n<hr \/>\n<p>5 ya\u015f\u0131nda sinemaya ba\u015flad\u0131, 12 ya\u015f\u0131na kadar 38 film \u00e7evirdi. 9 y\u0131l bale yapt\u0131. 5 y\u0131l solfej, bir y\u0131l piyano dersi ald\u0131.17 y\u0131l \u015fark\u0131c\u0131l\u0131k yapt\u0131. 7 tane 45&#8217;lik pla\u011f\u0131 var. 4 tiyatro oyununda oynad\u0131. 1981 y\u0131l\u0131nda seslendirme yapmaya ba\u015flad\u0131 ve hala devam ediyor.<\/p>\n<p><img loading=\"lazy\" decoding=\"async\" class=\"alignnone size-full wp-image-294676\" src=\"https:\/\/www.tgrthaber.com\/mavikadin\/wp-content\/uploads\/2026\/01\/Asli-2026-01-24T153814.668.png\" alt=\"\" width=\"1208\" height=\"680\" title=\"\" srcset=\"https:\/\/www.tgrthaber.com\/mavikadin\/wp-content\/uploads\/2026\/01\/Asli-2026-01-24T153814.668.png 1208w, https:\/\/www.tgrthaber.com\/mavikadin\/wp-content\/uploads\/2026\/01\/Asli-2026-01-24T153814.668-300x169.png 300w, https:\/\/www.tgrthaber.com\/mavikadin\/wp-content\/uploads\/2026\/01\/Asli-2026-01-24T153814.668-1024x576.png 1024w, https:\/\/www.tgrthaber.com\/mavikadin\/wp-content\/uploads\/2026\/01\/Asli-2026-01-24T153814.668-768x432.png 768w\" sizes=\"(max-width: 1208px) 100vw, 1208px\" \/><br \/>\n\u0130talyanca, \u0130ngilizce, Frans\u0131zca bilen sanat\u00e7\u0131 1983 y\u0131l\u0131nda, Turizm Bakanl\u0131\u011f\u0131 Rehberlik Kursundan &#8220;Profesyonel Turist Rehberi&#8221; br\u00f6vesini alarak, 3 dilde, 8 y\u0131l aral\u0131ks\u0131z turist rehberli\u011fi yapt\u0131. Daha sonra sanat ya\u015fam\u0131na geri d\u00f6nen sanat\u00e7\u0131 2000 y\u0131l\u0131ndan itibaren dizilerde oynamaya ba\u015flad\u0131. 2008 y\u0131l\u0131 sonunda da Yal\u00e7\u0131n Mente\u015f ile birlikte oynad\u0131\u011f\u0131 Eros Pansiyon adl\u0131 komedi ile tiyatroya da d\u00f6n\u00fc\u015f yapt\u0131. 1961 y\u0131l\u0131nda 5 ya\u015f\u0131nda iken &#8220;Hanc\u0131&#8221; filmi ile sinema d\u00fcnyas\u0131 ile tan\u0131\u015fm\u0131\u015f.<\/p>\n","protected":false},"excerpt":{"rendered":"<p>D\u00f6nemin dikkat \u00e7eken yap\u0131mlar\u0131ndan Selena dizisi, hala \u00e7ocuklar\u0131n ilgisini \u00e7ekmeyi devam eden yap\u0131mlar\u0131ndan biri. Selena dizisinin m\u00fcstesna karakterini oynayan Parla \u015eenol\u2019un, Selena dizisinin \u00e7ekildi\u011fi ev ile ilgili yapt\u0131\u011f\u0131 itiraflar g\u00fcndem oldu.<\/p>\n","protected":false},"author":37,"featured_media":294669,"comment_status":"closed","ping_status":"closed","sticky":false,"template":"","format":"standard","meta":{"rank_math_lock_modified_date":false,"footnotes":""},"categories":[602],"tags":[3602,51138,38358,71393,71394],"class_list":["post-294656","post","type-post","status-publish","format-standard","has-post-thumbnail","hentry","category-diziler","tag-diziler","tag-parla-senol","tag-selena","tag-selena-dizisi-cekildigi-ev","tag-selena-dizisi-mustesna"],"_links":{"self":[{"href":"https:\/\/www.tgrthaber.com\/mavikadin\/wp-json\/wp\/v2\/posts\/294656"}],"collection":[{"href":"https:\/\/www.tgrthaber.com\/mavikadin\/wp-json\/wp\/v2\/posts"}],"about":[{"href":"https:\/\/www.tgrthaber.com\/mavikadin\/wp-json\/wp\/v2\/types\/post"}],"author":[{"embeddable":true,"href":"https:\/\/www.tgrthaber.com\/mavikadin\/wp-json\/wp\/v2\/users\/37"}],"replies":[{"embeddable":true,"href":"https:\/\/www.tgrthaber.com\/mavikadin\/wp-json\/wp\/v2\/comments?post=294656"}],"version-history":[{"count":1,"href":"https:\/\/www.tgrthaber.com\/mavikadin\/wp-json\/wp\/v2\/posts\/294656\/revisions"}],"predecessor-version":[{"id":294678,"href":"https:\/\/www.tgrthaber.com\/mavikadin\/wp-json\/wp\/v2\/posts\/294656\/revisions\/294678"}],"wp:featuredmedia":[{"embeddable":true,"href":"https:\/\/www.tgrthaber.com\/mavikadin\/wp-json\/wp\/v2\/media\/294669"}],"wp:attachment":[{"href":"https:\/\/www.tgrthaber.com\/mavikadin\/wp-json\/wp\/v2\/media?parent=294656"}],"wp:term":[{"taxonomy":"category","embeddable":true,"href":"https:\/\/www.tgrthaber.com\/mavikadin\/wp-json\/wp\/v2\/categories?post=294656"},{"taxonomy":"post_tag","embeddable":true,"href":"https:\/\/www.tgrthaber.com\/mavikadin\/wp-json\/wp\/v2\/tags?post=294656"}],"curies":[{"name":"wp","href":"https:\/\/api.w.org\/{rel}","templated":true}]}}