{"id":294666,"date":"2026-01-24T16:03:01","date_gmt":"2026-01-24T13:03:01","guid":{"rendered":"https:\/\/www.tgrthaber.com\/mavikadin\/?p=294666"},"modified":"2026-01-24T16:03:19","modified_gmt":"2026-01-24T13:03:19","slug":"miamiye-yerlesen-dilan-citaka-artodan-terleten-baba-sorusu-ibrahim-tatlisesi-seviyor-musun","status":"publish","type":"post","link":"https:\/\/www.tgrthaber.com\/mavikadin\/miamiye-yerlesen-dilan-citaka-artodan-terleten-baba-sorusu-ibrahim-tatlisesi-seviyor-musun\/","title":{"rendered":"Miami&#8217;ye yerle\u015fen Dilan \u00c7\u0131tak&#8217;a Arto&#8217;dan terleten &#8216;baba&#8217; sorusu! &#8216;\u0130brahim Tatl\u0131ses&#8217;i seviyor musun?&#8217;"},"content":{"rendered":"<p>Arto\u2019nun, \u201c\u0130brahim Tatl\u0131ses\u2019i seviyor musun?\u201d sorusu kar\u015f\u0131s\u0131nda ne diyece\u011fini \u015fa\u015f\u0131ran <a href=\"https:\/\/www.tgrthaber.com\/mavikadin\/dilan-citak-survivor-2026-yarismasinin-tum-sirlarini-acikladi-daha-ilk-haftalarda-elenmisti\/\">Dilan \u00c7\u0131tak<\/a>\u2019\u0131n y\u00fcz ifadesi dikkatlerden ka\u00e7mad\u0131. \u00d6zel hayat\u0131 ve ailesiyle ilgili sorular kar\u015f\u0131s\u0131nda temkinli davranan \u00c7\u0131tak, babas\u0131yla olan ili\u015fkisine dair net bir yorum yapmaktan ka\u00e7\u0131nd\u0131.<\/p>\n<h3>D\u0130LAN \u00c7ITAK&#8217;A ARTO&#8217;DAN TERLETEN BABA SORUSU<\/h3>\n<p>Miami\u2019ye ta\u015f\u0131nma karar\u0131n\u0131n tamamen yeni bir ba\u015flang\u0131\u00e7 iste\u011finden kaynakland\u0131\u011f\u0131n\u0131 belirten <a href=\"https:\/\/www.tgrthaber.com\/mavikadin\/dilan-citak-survivordan-elendi-mi-survivorda-kim-elendi-2026\/\">Dilan \u00c7\u0131tak<\/a>, kariyerine ve ki\u015fisel yolculu\u011funa odakland\u0131\u011f\u0131n\u0131 ifade etti. Babas\u0131 \u0130brahim Tatl\u0131ses ile ge\u00e7mi\u015fte ya\u015fananlar\u0131n zaman zaman g\u00fcndeme gelmesinden rahats\u0131zl\u0131k duydu\u011funu ima eden \u00c7\u0131tak, \u201cHayat\u0131mda art\u0131k ba\u015fka bir sayfaday\u0131m\u201d mesaj\u0131 verdi.<\/p>\n<div style=\"width: 640px;\" class=\"wp-video\"><!--[if lt IE 9]><script>document.createElement('video');<\/script><![endif]-->\n<video class=\"wp-video-shortcode\" id=\"video-294666-1\" width=\"640\" height=\"1138\" preload=\"metadata\" controls=\"controls\"><source type=\"video\/mp4\" src=\"https:\/\/www.tgrthaber.com\/mavikadin\/wp-content\/uploads\/2026\/01\/Dilan-Citak-1.mp4?_=1\" \/><a href=\"https:\/\/www.tgrthaber.com\/mavikadin\/wp-content\/uploads\/2026\/01\/Dilan-Citak-1.mp4\">https:\/\/www.tgrthaber.com\/mavikadin\/wp-content\/uploads\/2026\/01\/Dilan-Citak-1.mp4<\/a><\/video><\/div>\n<hr \/>\n<p>Arto\u2019dan gelen baba sorusu kar\u015f\u0131s\u0131nda ise ne diyece\u011fini bilemeyen \u00c7\u0131tak, &#8216;\u0130brahim Tatl\u0131ses&#8217;i seviyor musun?&#8217; sorusu kar\u015f\u0131s\u0131nda cevap vermek istemedi. \u00c7\u0131tak, \u2018Herkes i\u00e7in sa\u011fl\u0131k diliyorum\u2019 dedi.<\/p>\n<p><img loading=\"lazy\" decoding=\"async\" class=\"aligncenter size-full wp-image-294670\" src=\"https:\/\/www.tgrthaber.com\/mavikadin\/wp-content\/uploads\/2026\/01\/Dilan-Citak-4.webp\" alt=\"\" width=\"1200\" height=\"675\" title=\"\" srcset=\"https:\/\/www.tgrthaber.com\/mavikadin\/wp-content\/uploads\/2026\/01\/Dilan-Citak-4.webp 1200w, https:\/\/www.tgrthaber.com\/mavikadin\/wp-content\/uploads\/2026\/01\/Dilan-Citak-4-300x169.webp 300w, https:\/\/www.tgrthaber.com\/mavikadin\/wp-content\/uploads\/2026\/01\/Dilan-Citak-4-1024x576.webp 1024w, https:\/\/www.tgrthaber.com\/mavikadin\/wp-content\/uploads\/2026\/01\/Dilan-Citak-4-768x432.webp 768w\" sizes=\"(max-width: 1200px) 100vw, 1200px\" \/><\/p>\n<hr \/>\n<h3>D\u0130LAN \u00c7ITAK M\u0130AM\u0130\u2019YE NE ZAMAN YERLE\u015eT\u0130?<\/h3>\n<p>\u0130brahim Tatl\u0131ses\u2019in k\u0131z\u0131 ve Survivor 2026 yar\u0131\u015fmac\u0131s\u0131 Dilan \u00c7\u0131tak, TV8\u2019in en \u00e7ok konu\u015fulan yar\u0131\u015fmas\u0131ndan elendikten sonra T\u00fcrkiye\u2019ye d\u00f6nmeyerek Miami\u2019de ya\u015famaya ba\u015flad\u0131\u011f\u0131n\u0131 a\u00e7\u0131klad\u0131. \u00c7\u0131tak\u2019\u0131n bu karar\u0131 sosyal medyada k\u0131sa s\u00fcrede g\u00fcndem olurken bir\u00e7ok ki\u015fi \u00fcnl\u00fc ismin tercihini merak etti.<\/p>\n<p><img loading=\"lazy\" decoding=\"async\" class=\"aligncenter size-full wp-image-294671\" src=\"https:\/\/www.tgrthaber.com\/mavikadin\/wp-content\/uploads\/2026\/01\/Dilan-Citak-2.webp\" alt=\"\" width=\"1208\" height=\"680\" title=\"\" srcset=\"https:\/\/www.tgrthaber.com\/mavikadin\/wp-content\/uploads\/2026\/01\/Dilan-Citak-2.webp 1208w, https:\/\/www.tgrthaber.com\/mavikadin\/wp-content\/uploads\/2026\/01\/Dilan-Citak-2-300x169.webp 300w, https:\/\/www.tgrthaber.com\/mavikadin\/wp-content\/uploads\/2026\/01\/Dilan-Citak-2-1024x576.webp 1024w, https:\/\/www.tgrthaber.com\/mavikadin\/wp-content\/uploads\/2026\/01\/Dilan-Citak-2-768x432.webp 768w\" sizes=\"(max-width: 1208px) 100vw, 1208px\" \/><\/p>\n<hr \/>\n<p>Edinilen bilgilere g\u00f6re, Dilan \u00c7\u0131tak\u2019\u0131n T\u00fcrkiye\u2019de hakk\u0131nda bulunan bir g\u00f6zalt\u0131 karar\u0131 nedeniyle geri d\u00f6nmeyi tercih etmedi\u011fi \u00f6\u011frenildi. Yar\u0131\u015fman\u0131n ard\u0131ndan yapt\u0131\u011f\u0131 a\u00e7\u0131klamalarda, kariyerine ve ki\u015fisel ya\u015fam\u0131na yurt d\u0131\u015f\u0131nda devam etmek istedi\u011fini dile getiren \u00c7\u0131tak, Amerika\u2019daki yeni hayat\u0131na odakland\u0131\u011f\u0131n\u0131 belirtti.<\/p>\n<p>Bu geli\u015fme, hem yar\u0131\u015fma izleyicileri hem de magazin d\u00fcnyas\u0131nda geni\u015f yank\u0131 uyand\u0131rd\u0131. Sosyal medya kullan\u0131c\u0131lar\u0131, \u00fcnl\u00fc ismin Miami\u2019deki yeni ya\u015fam\u0131yla ilgili yorum ve payla\u015f\u0131mlar yapmaya ba\u015flad\u0131.<\/p>\n<p><img loading=\"lazy\" decoding=\"async\" class=\"aligncenter size-full wp-image-294679\" src=\"https:\/\/www.tgrthaber.com\/mavikadin\/wp-content\/uploads\/2026\/01\/Dilan-Citak-5.webp\" alt=\"\" width=\"1208\" height=\"680\" title=\"\" srcset=\"https:\/\/www.tgrthaber.com\/mavikadin\/wp-content\/uploads\/2026\/01\/Dilan-Citak-5.webp 1208w, https:\/\/www.tgrthaber.com\/mavikadin\/wp-content\/uploads\/2026\/01\/Dilan-Citak-5-300x169.webp 300w, https:\/\/www.tgrthaber.com\/mavikadin\/wp-content\/uploads\/2026\/01\/Dilan-Citak-5-1024x576.webp 1024w, https:\/\/www.tgrthaber.com\/mavikadin\/wp-content\/uploads\/2026\/01\/Dilan-Citak-5-768x432.webp 768w\" sizes=\"(max-width: 1208px) 100vw, 1208px\" \/><\/p>\n<hr \/>\n<h3>OLAY NEYD\u0130?<\/h3>\n<p>Daha \u00f6nce Bodrum\u2019da trafikte polisin \u201cdur\u201d ihtar\u0131na uymad\u0131\u011f\u0131 ve arac\u0131n\u0131 polisin \u00fczerine s\u00fcrd\u00fc\u011f\u00fc iddias\u0131yla g\u00f6zalt\u0131na al\u0131nan Dilan \u00c7\u0131tak hakk\u0131nda, \u201ctrafik g\u00fcvenli\u011fini tehlikeye d\u00fc\u015f\u00fcrme\u201d, \u201cpolisin ihtar\u0131na uymama\u201d ve \u201ckamu g\u00f6revlisine direnme\u201d su\u00e7lamalar\u0131yla adli s\u00fcre\u00e7 ba\u015flat\u0131lm\u0131\u015ft\u0131. Olay s\u0131ras\u0131nda polis ekiplerinin havaya ate\u015f ederek durdurdu\u011fu \u00c7\u0131tak, k\u0131sa s\u00fcreli g\u00f6zalt\u0131na al\u0131nm\u0131\u015ft\u0131.<\/p>\n<p>Survivor\u2019daki performans\u0131n\u0131n ard\u0131ndan eleme potas\u0131nda kar\u015f\u0131la\u015ft\u0131\u011f\u0131 d\u00fcello m\u00fcsabakas\u0131n\u0131 kaybederek adaya veda eden \u00c7\u0131tak\u2019\u0131n, T\u00fcrkiye\u2019ye d\u00f6nmek yerine Miami\u2019yi tercih etmesi, sosyal medyada ve magazin g\u00fcndeminde geni\u015f yank\u0131 uyand\u0131rd\u0131. Uzmanlar ve yorumcular, \u00fcnl\u00fc ismin bu karar\u0131n\u0131n hakk\u0131nda devam eden adli s\u00fcrecin etkisiyle al\u0131nd\u0131\u011f\u0131 yorumlar\u0131n\u0131 payla\u015ft\u0131.<\/p>\n<p><img loading=\"lazy\" decoding=\"async\" class=\"aligncenter size-full wp-image-294680\" src=\"https:\/\/www.tgrthaber.com\/mavikadin\/wp-content\/uploads\/2026\/01\/Dilan-Citak-6.webp\" alt=\"\" width=\"600\" height=\"750\" title=\"\" srcset=\"https:\/\/www.tgrthaber.com\/mavikadin\/wp-content\/uploads\/2026\/01\/Dilan-Citak-6.webp 600w, https:\/\/www.tgrthaber.com\/mavikadin\/wp-content\/uploads\/2026\/01\/Dilan-Citak-6-240x300.webp 240w\" sizes=\"(max-width: 600px) 100vw, 600px\" \/><\/p>\n<hr \/>\n<h3>D\u0130LAN \u00c7ITAK \u0130LE \u0130BRAH\u0130M TATLISES ARASINDA NELER YA\u015eANDI?<\/h3>\n<p>Dilan \u00c7\u0131tak ile babas\u0131, \u00fcnl\u00fc sanat\u00e7\u0131 \u0130brahim Tatl\u0131ses aras\u0131nda uzun s\u00fcredir devam eden gerilim, zamanla derinle\u015ferek magazin d\u00fcnyas\u0131n\u0131n en \u00e7ok konu\u015fulan aile krizlerinden biri haline geldi. Baba-k\u0131z aras\u0131ndaki sorunlar\u0131n temelinde y\u0131llara yay\u0131lan ileti\u015fim kopuklu\u011fu ve kar\u015f\u0131l\u0131kl\u0131 k\u0131rg\u0131nl\u0131klar\u0131n bulundu\u011fu ifade ediliyor.<\/p>\n","protected":false},"excerpt":{"rendered":"<p>\u00dcnl\u00fc sanat\u00e7\u0131 \u0130brahim Tatl\u0131ses\u2019in k\u0131z\u0131 Dilan \u00c7\u0131tak, Amerika\u2019n\u0131n Miami \u015fehrine yerle\u015fmesiyle yeniden g\u00fcndeme geldi. Sosyal medyadaki payla\u015f\u0131mlar\u0131 ve a\u00e7\u0131klamalar\u0131yla s\u0131k s\u0131k ad\u0131ndan s\u00f6z ettiren \u00c7\u0131tak, bu kez Arto\u2019nun program\u0131nda y\u00f6neltilen baba sorusuyla zor anlar ya\u015fad\u0131.<\/p>\n","protected":false},"author":5,"featured_media":294667,"comment_status":"closed","ping_status":"closed","sticky":false,"template":"","format":"standard","meta":{"rank_math_lock_modified_date":false,"footnotes":""},"categories":[76],"tags":[45845,2266,2640,133],"class_list":["post-294666","post","type-post","status-publish","format-standard","has-post-thumbnail","hentry","category-magazin","tag-arto","tag-dilan-citak","tag-ibrahim-tatlises","tag-magazin"],"_links":{"self":[{"href":"https:\/\/www.tgrthaber.com\/mavikadin\/wp-json\/wp\/v2\/posts\/294666"}],"collection":[{"href":"https:\/\/www.tgrthaber.com\/mavikadin\/wp-json\/wp\/v2\/posts"}],"about":[{"href":"https:\/\/www.tgrthaber.com\/mavikadin\/wp-json\/wp\/v2\/types\/post"}],"author":[{"embeddable":true,"href":"https:\/\/www.tgrthaber.com\/mavikadin\/wp-json\/wp\/v2\/users\/5"}],"replies":[{"embeddable":true,"href":"https:\/\/www.tgrthaber.com\/mavikadin\/wp-json\/wp\/v2\/comments?post=294666"}],"version-history":[{"count":2,"href":"https:\/\/www.tgrthaber.com\/mavikadin\/wp-json\/wp\/v2\/posts\/294666\/revisions"}],"predecessor-version":[{"id":294682,"href":"https:\/\/www.tgrthaber.com\/mavikadin\/wp-json\/wp\/v2\/posts\/294666\/revisions\/294682"}],"wp:featuredmedia":[{"embeddable":true,"href":"https:\/\/www.tgrthaber.com\/mavikadin\/wp-json\/wp\/v2\/media\/294667"}],"wp:attachment":[{"href":"https:\/\/www.tgrthaber.com\/mavikadin\/wp-json\/wp\/v2\/media?parent=294666"}],"wp:term":[{"taxonomy":"category","embeddable":true,"href":"https:\/\/www.tgrthaber.com\/mavikadin\/wp-json\/wp\/v2\/categories?post=294666"},{"taxonomy":"post_tag","embeddable":true,"href":"https:\/\/www.tgrthaber.com\/mavikadin\/wp-json\/wp\/v2\/tags?post=294666"}],"curies":[{"name":"wp","href":"https:\/\/api.w.org\/{rel}","templated":true}]}}