{"id":294677,"date":"2026-01-24T16:13:23","date_gmt":"2026-01-24T13:13:23","guid":{"rendered":"https:\/\/www.tgrthaber.com\/mavikadin\/?p=294677"},"modified":"2026-01-24T16:13:23","modified_gmt":"2026-01-24T13:13:23","slug":"guller-ve-gunahlar-14-bolum-ne-zaman-yayinlanacak-guller-ve-gunahlar-dizisi-son-bolumde-neler-oldu","status":"publish","type":"post","link":"https:\/\/www.tgrthaber.com\/mavikadin\/guller-ve-gunahlar-14-bolum-ne-zaman-yayinlanacak-guller-ve-gunahlar-dizisi-son-bolumde-neler-oldu\/","title":{"rendered":"G\u00fcller ve G\u00fcnahlar 14. b\u00f6l\u00fcm ne zaman yay\u0131nlanacak? G\u00fcller ve G\u00fcnahlar dizisi son b\u00f6l\u00fcmde neler oldu?"},"content":{"rendered":"<p>Kanal D\u2019nin b\u00fcy\u00fck be\u011feni toplayan dizisi <a href=\"https:\/\/www.tgrthaber.com\/mavikadin\/guller-ve-gunahlar-yeni-bolum-ne-zaman-guller-ve-gunahlar-bu-hafta-neden-yok\/\">G\u00fcller ve G\u00fcnahlar<\/a> dikkatleri \u00fczerine \u00e7ekmeye devam ediyor. 14. b\u00f6l\u00fcm\u00fcyle merakla beklenen G\u00fcller ve G\u00fcnahlar dizisi, arama motorlar\u0131nda g\u00fcn\u00fcn en \u00e7ok merak edilen yap\u0131mlar\u0131 aras\u0131nda yer ald\u0131. Peki, G\u00fcller ve G\u00fcnahlar 14. b\u00f6l\u00fcm ne zaman yay\u0131nlanacak? G\u00fcller ve G\u00fcnahlar dizisi son b\u00f6l\u00fcmde neler oldu? sorular\u0131n\u0131 sizin i\u00e7in ara\u015ft\u0131rd\u0131k. \u0130\u015fte detaylar\u2026<\/p>\n<h3>G\u00dcLLER VE G\u00dcNAHLAR 14. B\u00d6L\u00dcM NE ZAMAN YAYINLANACAK?<\/h3>\n<p><a href=\"https:\/\/www.tgrthaber.com\/mavikadin\/guller-ve-gunahlar-bu-aksam-var-mi-guller-ve-gunahlar-13-bolum-yayinlanacak-mi\/\">G\u00fcller ve G\u00fcnahlar<\/a> dizisi, televizyon izleyicisinin dikkatini \u00e7eken yap\u0131mlar aras\u0131nda yer al\u0131yor. Serhat ve Zeynep\u2019in ya\u015fad\u0131klar\u0131 merakla takip edilirken, dizi yay\u0131nland\u0131\u011f\u0131n\u0131 g\u00fcn\u00fcn reytinglerinde \u00fcst s\u0131ralarda yer al\u0131yor.<\/p>\n<p><img loading=\"lazy\" decoding=\"async\" class=\"alignnone size-full wp-image-294684\" src=\"https:\/\/www.tgrthaber.com\/mavikadin\/wp-content\/uploads\/2026\/01\/guller-ve-gunahlar-2-1.jpg\" alt=\"G\u00fcller ve G\u00fcnahlar 14. b\u00f6l\u00fcm ne zaman yay\u0131nlanacak? G\u00fcller ve G\u00fcnahlar dizisi son b\u00f6l\u00fcmde neler oldu? \" width=\"1208\" height=\"680\" title=\"\" srcset=\"https:\/\/www.tgrthaber.com\/mavikadin\/wp-content\/uploads\/2026\/01\/guller-ve-gunahlar-2-1.jpg 1208w, https:\/\/www.tgrthaber.com\/mavikadin\/wp-content\/uploads\/2026\/01\/guller-ve-gunahlar-2-1-300x169.jpg 300w, https:\/\/www.tgrthaber.com\/mavikadin\/wp-content\/uploads\/2026\/01\/guller-ve-gunahlar-2-1-1024x576.jpg 1024w, https:\/\/www.tgrthaber.com\/mavikadin\/wp-content\/uploads\/2026\/01\/guller-ve-gunahlar-2-1-768x432.jpg 768w\" sizes=\"(max-width: 1208px) 100vw, 1208px\" \/><\/p>\n<hr \/>\n<p>Kanal D\u2019nin sevilen dizilerinden biri olan G\u00fcller ve G\u00fcnahlar, 14. b\u00f6l\u00fcm\u00fcyle arama motorlar\u0131nda merak edilerek ara\u015ft\u0131r\u0131lmaya ba\u015fland\u0131. Cumartesi g\u00fcnlerinin fenomen dizilerinden olan G\u00fcller ve G\u00fcnahlar, 14. b\u00f6l\u00fcm\u00fc olan yeni b\u00f6l\u00fcm\u00fcyle 24 Ocak 2026 Cumartesi g\u00fcn\u00fc saat 20.00\u2019da Kanal D ekranlar\u0131nda yer alacak.<\/p>\n<p><img loading=\"lazy\" decoding=\"async\" class=\"alignnone size-full wp-image-294685\" src=\"https:\/\/www.tgrthaber.com\/mavikadin\/wp-content\/uploads\/2026\/01\/guller-ve-gunahlar-3-1.jpg\" alt=\"G\u00fcller ve G\u00fcnahlar 14. b\u00f6l\u00fcm ne zaman yay\u0131nlanacak? G\u00fcller ve G\u00fcnahlar dizisi son b\u00f6l\u00fcmde neler oldu? \" width=\"1208\" height=\"680\" title=\"\" srcset=\"https:\/\/www.tgrthaber.com\/mavikadin\/wp-content\/uploads\/2026\/01\/guller-ve-gunahlar-3-1.jpg 1208w, https:\/\/www.tgrthaber.com\/mavikadin\/wp-content\/uploads\/2026\/01\/guller-ve-gunahlar-3-1-300x169.jpg 300w, https:\/\/www.tgrthaber.com\/mavikadin\/wp-content\/uploads\/2026\/01\/guller-ve-gunahlar-3-1-1024x576.jpg 1024w, https:\/\/www.tgrthaber.com\/mavikadin\/wp-content\/uploads\/2026\/01\/guller-ve-gunahlar-3-1-768x432.jpg 768w\" sizes=\"(max-width: 1208px) 100vw, 1208px\" \/><\/p>\n<hr \/>\n<p>Yeni b\u00f6l\u00fcmde Zeynep\u2019in Azra\u2019n\u0131n kiminle gitti\u011fini Serhat\u2019tan saklamas\u0131yla ikilinin aras\u0131nda soruna yol a\u00e7acakt\u0131r. Serhat ise bir yandan \u0130lkim\u2019i kendi yan\u0131na \u00e7eken Berrak\u2019\u0131n yeni planlar\u0131yla da u\u011fra\u015fmak zorunda kal\u0131r. 14. B\u00f6l\u00fcm\u00fcyle ekranlara gelecek olan G\u00fcller ve G\u00fcnahlar dizisi merak edilenleri izleyicisine aktaracak.<\/p>\n<h3><img loading=\"lazy\" decoding=\"async\" class=\"alignnone size-full wp-image-294686\" src=\"https:\/\/www.tgrthaber.com\/mavikadin\/wp-content\/uploads\/2026\/01\/guller-ve-gunahlar-4-1.jpg\" alt=\"G\u00fcller ve G\u00fcnahlar 14. b\u00f6l\u00fcm ne zaman yay\u0131nlanacak? G\u00fcller ve G\u00fcnahlar dizisi son b\u00f6l\u00fcmde neler oldu? \" width=\"1208\" height=\"680\" title=\"\" srcset=\"https:\/\/www.tgrthaber.com\/mavikadin\/wp-content\/uploads\/2026\/01\/guller-ve-gunahlar-4-1.jpg 1208w, https:\/\/www.tgrthaber.com\/mavikadin\/wp-content\/uploads\/2026\/01\/guller-ve-gunahlar-4-1-300x169.jpg 300w, https:\/\/www.tgrthaber.com\/mavikadin\/wp-content\/uploads\/2026\/01\/guller-ve-gunahlar-4-1-1024x576.jpg 1024w, https:\/\/www.tgrthaber.com\/mavikadin\/wp-content\/uploads\/2026\/01\/guller-ve-gunahlar-4-1-768x432.jpg 768w\" sizes=\"(max-width: 1208px) 100vw, 1208px\" \/><\/h3>\n<hr \/>\n<h3>G\u00dcLLER VE G\u00dcNAHLAR D\u0130Z\u0130S\u0130 SON B\u00d6L\u00dcMDE NELER OLDU?<\/h3>\n<p>G\u00fcller ve G\u00fcnahlar dizisi heyecan dolu hikayesiyle ekranlara gelmeye devam ediyor. B\u00fcy\u00fck ilgi ile takip edilen G\u00fcller ve G\u00fcnahlar son b\u00f6l\u00fcm\u00fcyle de ekranlara damga vurdu. Serhat ve Zeynep\u2019in evlili\u011fi magazin g\u00fcndemine d\u00fc\u015ferken, aile i\u00e7erisinde b\u00fcy\u00fck hesapla\u015fmalara neden oldu.<\/p>\n<p><img loading=\"lazy\" decoding=\"async\" class=\"alignnone size-full wp-image-294687\" src=\"https:\/\/www.tgrthaber.com\/mavikadin\/wp-content\/uploads\/2026\/01\/guller-ve-gunahlar-5-1.jpg\" alt=\"G\u00fcller ve G\u00fcnahlar 14. b\u00f6l\u00fcm ne zaman yay\u0131nlanacak? G\u00fcller ve G\u00fcnahlar dizisi son b\u00f6l\u00fcmde neler oldu? \" width=\"1208\" height=\"680\" title=\"\" srcset=\"https:\/\/www.tgrthaber.com\/mavikadin\/wp-content\/uploads\/2026\/01\/guller-ve-gunahlar-5-1.jpg 1208w, https:\/\/www.tgrthaber.com\/mavikadin\/wp-content\/uploads\/2026\/01\/guller-ve-gunahlar-5-1-300x169.jpg 300w, https:\/\/www.tgrthaber.com\/mavikadin\/wp-content\/uploads\/2026\/01\/guller-ve-gunahlar-5-1-1024x576.jpg 1024w, https:\/\/www.tgrthaber.com\/mavikadin\/wp-content\/uploads\/2026\/01\/guller-ve-gunahlar-5-1-768x432.jpg 768w\" sizes=\"(max-width: 1208px) 100vw, 1208px\" \/><\/p>\n<hr \/>\n<p>Serhat ve Zeynep\u2019in evlili\u011fi Kader\u2019i yanlar\u0131na almak i\u00e7in olurken, sosyal hizmetlerin yapaca\u011f\u0131 ziyarette merak edildi. Aile i\u00e7erinde bu evlilikle ilgili gelen sert tepkilerde dikkatlerden ka\u00e7mad\u0131. Ayr\u0131ca Tibet\u2019in yapm\u0131\u015f olduklar\u0131 Serhat\u2019\u0131 \u00f6fkelendirdi.<\/p>\n<p><img loading=\"lazy\" decoding=\"async\" class=\"alignnone size-full wp-image-294688\" src=\"https:\/\/www.tgrthaber.com\/mavikadin\/wp-content\/uploads\/2026\/01\/guller-ve-gunahlar-6-1.jpg\" alt=\"G\u00fcller ve G\u00fcnahlar 14. b\u00f6l\u00fcm ne zaman yay\u0131nlanacak? G\u00fcller ve G\u00fcnahlar dizisi son b\u00f6l\u00fcmde neler oldu? \" width=\"1208\" height=\"680\" title=\"\" srcset=\"https:\/\/www.tgrthaber.com\/mavikadin\/wp-content\/uploads\/2026\/01\/guller-ve-gunahlar-6-1.jpg 1208w, https:\/\/www.tgrthaber.com\/mavikadin\/wp-content\/uploads\/2026\/01\/guller-ve-gunahlar-6-1-300x169.jpg 300w, https:\/\/www.tgrthaber.com\/mavikadin\/wp-content\/uploads\/2026\/01\/guller-ve-gunahlar-6-1-1024x576.jpg 1024w, https:\/\/www.tgrthaber.com\/mavikadin\/wp-content\/uploads\/2026\/01\/guller-ve-gunahlar-6-1-768x432.jpg 768w\" sizes=\"(max-width: 1208px) 100vw, 1208px\" \/><\/p>\n<hr \/>\n<p>Yeni b\u00f6l\u00fcm\u00fcyle cumartesi ak\u015fam\u0131 saat 20.00\u2019da ekranlara gelecek olan G\u00fcller ve G\u00fcnahlar, izleyicisi taraf\u0131ndan merakla takip ediliyor. Berrak\u2019\u0131n Serhat\u2019a kar\u015f\u0131 ald\u0131\u011f\u0131 hamleler yo\u011funla\u015f\u0131rken, \u00e7ocuklar\u0131 almak i\u00e7in yapt\u0131\u011f\u0131 planlarda dikkat \u00e7ekiyor.<\/p>\n<p><img loading=\"lazy\" decoding=\"async\" class=\"alignnone size-full wp-image-294689\" src=\"https:\/\/www.tgrthaber.com\/mavikadin\/wp-content\/uploads\/2026\/01\/guller-ve-gunahlar-7-1.jpg\" alt=\"G\u00fcller ve G\u00fcnahlar 14. b\u00f6l\u00fcm ne zaman yay\u0131nlanacak? G\u00fcller ve G\u00fcnahlar dizisi son b\u00f6l\u00fcmde neler oldu? \" width=\"1208\" height=\"680\" title=\"\" srcset=\"https:\/\/www.tgrthaber.com\/mavikadin\/wp-content\/uploads\/2026\/01\/guller-ve-gunahlar-7-1.jpg 1208w, https:\/\/www.tgrthaber.com\/mavikadin\/wp-content\/uploads\/2026\/01\/guller-ve-gunahlar-7-1-300x169.jpg 300w, https:\/\/www.tgrthaber.com\/mavikadin\/wp-content\/uploads\/2026\/01\/guller-ve-gunahlar-7-1-1024x576.jpg 1024w, https:\/\/www.tgrthaber.com\/mavikadin\/wp-content\/uploads\/2026\/01\/guller-ve-gunahlar-7-1-768x432.jpg 768w\" sizes=\"(max-width: 1208px) 100vw, 1208px\" \/><\/p>\n<hr \/>\n<p>Ba\u015frollerinde Cemre Baysel ve Murat Y\u0131ld\u0131r\u0131m\u2019\u0131n bulundu\u011fu G\u00fcller ve G\u00fcnahlar dizisi, Cumartesi ak\u015famlar\u0131n\u0131n en \u00e7ok izlenen yap\u0131mlar\u0131 aras\u0131nda yer al\u0131yor. Hikayesi ve g\u00fc\u00e7l\u00fc oyuncu kadrosuyla sezonun iddial\u0131 dizisi hem sosyal medyada hem de reytinglerde kendini g\u00f6stermeyi ba\u015far\u0131yor.<\/p>\n","protected":false},"excerpt":{"rendered":"<p>Kanal D ekranlar\u0131n\u0131n sevilen dizisi G\u00fcller ve G\u00fcnahlar, 14. b\u00f6l\u00fcm\u00fcyle ne zaman yay\u0131nlanaca\u011f\u0131 merak edildi. Peki, G\u00fcller ve G\u00fcnahlar 14. b\u00f6l\u00fcm ne zaman yay\u0131nlanacak? G\u00fcller ve G\u00fcnahlar dizisi son b\u00f6l\u00fcmde neler oldu? \u0130\u015fte detaylar\u2026<\/p>\n","protected":false},"author":34,"featured_media":294683,"comment_status":"closed","ping_status":"closed","sticky":false,"template":"","format":"standard","meta":{"rank_math_lock_modified_date":false,"footnotes":""},"categories":[602],"tags":[2628,31375,71395,71396],"class_list":["post-294677","post","type-post","status-publish","format-standard","has-post-thumbnail","hentry","category-diziler","tag-dizi-haberleri","tag-guller-ve-gunahlar","tag-guller-ve-gunahlar-14-bolum","tag-guller-ve-gunahlar-son-bolumde-neler-oldu"],"_links":{"self":[{"href":"https:\/\/www.tgrthaber.com\/mavikadin\/wp-json\/wp\/v2\/posts\/294677"}],"collection":[{"href":"https:\/\/www.tgrthaber.com\/mavikadin\/wp-json\/wp\/v2\/posts"}],"about":[{"href":"https:\/\/www.tgrthaber.com\/mavikadin\/wp-json\/wp\/v2\/types\/post"}],"author":[{"embeddable":true,"href":"https:\/\/www.tgrthaber.com\/mavikadin\/wp-json\/wp\/v2\/users\/34"}],"replies":[{"embeddable":true,"href":"https:\/\/www.tgrthaber.com\/mavikadin\/wp-json\/wp\/v2\/comments?post=294677"}],"version-history":[{"count":2,"href":"https:\/\/www.tgrthaber.com\/mavikadin\/wp-json\/wp\/v2\/posts\/294677\/revisions"}],"predecessor-version":[{"id":294691,"href":"https:\/\/www.tgrthaber.com\/mavikadin\/wp-json\/wp\/v2\/posts\/294677\/revisions\/294691"}],"wp:featuredmedia":[{"embeddable":true,"href":"https:\/\/www.tgrthaber.com\/mavikadin\/wp-json\/wp\/v2\/media\/294683"}],"wp:attachment":[{"href":"https:\/\/www.tgrthaber.com\/mavikadin\/wp-json\/wp\/v2\/media?parent=294677"}],"wp:term":[{"taxonomy":"category","embeddable":true,"href":"https:\/\/www.tgrthaber.com\/mavikadin\/wp-json\/wp\/v2\/categories?post=294677"},{"taxonomy":"post_tag","embeddable":true,"href":"https:\/\/www.tgrthaber.com\/mavikadin\/wp-json\/wp\/v2\/tags?post=294677"}],"curies":[{"name":"wp","href":"https:\/\/api.w.org\/{rel}","templated":true}]}}