{"id":294711,"date":"2026-01-24T17:40:13","date_gmt":"2026-01-24T14:40:13","guid":{"rendered":"https:\/\/www.tgrthaber.com\/mavikadin\/?p=294711"},"modified":"2026-01-24T17:40:13","modified_gmt":"2026-01-24T14:40:13","slug":"2026da-dikkat-edilmesi-gereken-tarihler-belli-oldu-astrolog-ozlem-recep-acikladi","status":"publish","type":"post","link":"https:\/\/www.tgrthaber.com\/mavikadin\/2026da-dikkat-edilmesi-gereken-tarihler-belli-oldu-astrolog-ozlem-recep-acikladi\/","title":{"rendered":"2026&#8217;da dikkat edilmesi gereken tarihler belli oldu! Astrolog \u00d6zlem Recep a\u00e7\u0131klad\u0131"},"content":{"rendered":"<p>\u00dcnl\u00fc astrolog \u00d6zlem Recep, 2026 y\u0131l\u0131na dair astrolojik a\u00e7\u0131dan kritik tarihlerin hepsini a\u00e7\u0131klad\u0131. Astrolojiye ilgi duyan ve merak eden bir\u00e7ok ki\u015fi i\u00e7in \u00f6nemli ipu\u00e7lar\u0131 bar\u0131nd\u0131ran bu a\u00e7\u0131klamalar, 2026 y\u0131l\u0131n\u0131n enerjisel anlamda dikkat edilmesi gereken d\u00f6nemlerine dikkat \u00e7ekiyor. \u00dcnl\u00fc astrolog \u00d6zlem Recep, 2026 y\u0131l\u0131n\u0131n astrolojik takvimi ve y\u0131ld\u0131z haritalar\u0131na g\u00f6re hangi tarihlerde daha dikkatli olunmas\u0131 gerekti\u011fini, bu d\u00f6nemlerde nelerin yap\u0131lmas\u0131 ve nelerden ka\u00e7\u0131n\u0131lmas\u0131 gerekti\u011fini ayr\u0131nt\u0131l\u0131 bir \u015fekilde anlatt\u0131. \u0130\u015fte detaylar&#8230;<\/p>\n<h3>2026 YILINDA ASTROLOJ\u0130K A\u00c7IDAN KR\u0130T\u0130K TAR\u0130HLER HANG\u0130LER\u0130?<\/h3>\n<p>\u00d6zlem Recep\u2019e g\u00f6re <a href=\"https:\/\/www.tgrthaber.com\/mavikadin\/tigla-yapabileceginiz-en-guzel-nevresim-takimi-modelleri-2026\/\">2026<\/a> y\u0131l\u0131nda \u00f6zellikle baz\u0131 tarihler \u00f6ne \u00e7\u0131karak daha \u00e7ok etki edece\u011fi a\u00e7\u0131klad\u0131. 4 Ocak haftas\u0131, 20 Ocak haftas\u0131, 23 Mart, 4 Ekim ve 4 Kas\u0131m haftalar\u0131 astrolojik a\u00e7\u0131dan kritik tarihler aras\u0131nda yer al\u0131yor.<\/p>\n<p><img loading=\"lazy\" decoding=\"async\" class=\"alignnone size-full wp-image-294713\" src=\"https:\/\/www.tgrthaber.com\/mavikadin\/wp-content\/uploads\/2026\/01\/Asli-2026-01-24T173348.685.png\" alt=\"\" width=\"1208\" height=\"680\" title=\"\" srcset=\"https:\/\/www.tgrthaber.com\/mavikadin\/wp-content\/uploads\/2026\/01\/Asli-2026-01-24T173348.685.png 1208w, https:\/\/www.tgrthaber.com\/mavikadin\/wp-content\/uploads\/2026\/01\/Asli-2026-01-24T173348.685-300x169.png 300w, https:\/\/www.tgrthaber.com\/mavikadin\/wp-content\/uploads\/2026\/01\/Asli-2026-01-24T173348.685-1024x576.png 1024w, https:\/\/www.tgrthaber.com\/mavikadin\/wp-content\/uploads\/2026\/01\/Asli-2026-01-24T173348.685-768x432.png 768w\" sizes=\"(max-width: 1208px) 100vw, 1208px\" \/><\/p>\n<hr \/>\n<p>Bu d\u00f6nemlerde insanlar\u0131n kar\u015f\u0131s\u0131na \u00e7e\u015fitli engeller \u00e7\u0131kabilece\u011fini belirten Recep, bu engeller kar\u015f\u0131s\u0131nda durup d\u00fc\u015f\u00fcnmenin \u00f6nemli oldu\u011funa dikkat \u00e7ekti. Ki\u015filerin bu s\u00fcre\u00e7lerde hangi konularda eksik olduklar\u0131n\u0131 fark etmelerinin ve i\u00e7sel bir de\u011ferlendirme yapmalar\u0131n\u0131n faydal\u0131 olaca\u011f\u0131n\u0131 ifade etti. Bu tarihleri takviminizde i\u015faretlemeyi ve bildirimlerinizi a\u00e7may\u0131 unutmay\u0131n.<\/p>\n<p><img loading=\"lazy\" decoding=\"async\" class=\"alignnone size-full wp-image-294714\" src=\"https:\/\/www.tgrthaber.com\/mavikadin\/wp-content\/uploads\/2026\/01\/Asli-2026-01-24T173201.744.png\" alt=\"\" width=\"1208\" height=\"680\" title=\"\" srcset=\"https:\/\/www.tgrthaber.com\/mavikadin\/wp-content\/uploads\/2026\/01\/Asli-2026-01-24T173201.744.png 1208w, https:\/\/www.tgrthaber.com\/mavikadin\/wp-content\/uploads\/2026\/01\/Asli-2026-01-24T173201.744-300x169.png 300w, https:\/\/www.tgrthaber.com\/mavikadin\/wp-content\/uploads\/2026\/01\/Asli-2026-01-24T173201.744-1024x576.png 1024w, https:\/\/www.tgrthaber.com\/mavikadin\/wp-content\/uploads\/2026\/01\/Asli-2026-01-24T173201.744-768x432.png 768w\" sizes=\"(max-width: 1208px) 100vw, 1208px\" \/><\/p>\n<hr \/>\n<p>Bu tarihlerin enerjisel yo\u011funluklar\u0131yla hayatlar\u0131n\u0131zda beklenmedik de\u011fi\u015fimlere yol a\u00e7abilece\u011fi konusunda dikkatli olmal\u0131s\u0131n\u0131z. \u00d6zellikle hayat\u0131n\u0131zla ilgili \u00f6nemli kararlar vermeden \u00f6nce h\u0131zl\u0131 davranmak yerine, sakince ve iyice etrafl\u0131ca d\u00fc\u015f\u00fcnerek karar vermeniz sizin i\u00e7in bu tarihlerde yararl\u0131 olabilir.<\/p>\n<p><img loading=\"lazy\" decoding=\"async\" class=\"alignnone size-full wp-image-294715\" src=\"https:\/\/www.tgrthaber.com\/mavikadin\/wp-content\/uploads\/2026\/01\/Asli-2026-01-24T173246.857.png\" alt=\"\" width=\"1208\" height=\"680\" title=\"\" srcset=\"https:\/\/www.tgrthaber.com\/mavikadin\/wp-content\/uploads\/2026\/01\/Asli-2026-01-24T173246.857.png 1208w, https:\/\/www.tgrthaber.com\/mavikadin\/wp-content\/uploads\/2026\/01\/Asli-2026-01-24T173246.857-300x169.png 300w, https:\/\/www.tgrthaber.com\/mavikadin\/wp-content\/uploads\/2026\/01\/Asli-2026-01-24T173246.857-1024x576.png 1024w, https:\/\/www.tgrthaber.com\/mavikadin\/wp-content\/uploads\/2026\/01\/Asli-2026-01-24T173246.857-768x432.png 768w\" sizes=\"(max-width: 1208px) 100vw, 1208px\" \/><\/p>\n<hr \/>\n<h3>2026 YILININ MOTTOSU &#8220;BEN DERKEN B\u0130ZE NE KADAR ULA\u015eIYORSUN&#8221;<\/h3>\n<p>\u00dcnl\u00fc astrolog \u00d6zlem Recep, <a href=\"https:\/\/www.tgrthaber.com\/mavikadin\/gunluk-tarot-kart-acilimi-25-ocak-2026-radikal-degisimler-simdi-basliyor\/\">2026<\/a> y\u0131l\u0131n\u0131n genel mottosunun &#8220;Ben derken bize ne kadar ula\u015f\u0131yorsun, ne kadar destekliyorsun?&#8221; olaca\u011f\u0131 y\u00f6n\u00fcnde ifadelerde bulundu. Bu yakla\u015f\u0131m do\u011frultusunda, \u00f6zellikle bu kritik d\u00f6nemlerde ba\u015fkalar\u0131na destek olman\u0131n, sokak hayvanlar\u0131n\u0131 beslemenin, evlilik yapacak olan yak\u0131nlara yard\u0131m etmenin ya da birilerinin kalbine iyi gelecek davran\u0131\u015flarda bulunman\u0131n frekans\u0131 daha da fazla art\u0131raca\u011f\u0131n\u0131 ifade etti.<\/p>\n<p><img loading=\"lazy\" decoding=\"async\" class=\"alignnone size-full wp-image-294717\" src=\"https:\/\/www.tgrthaber.com\/mavikadin\/wp-content\/uploads\/2026\/01\/Asli-2026-01-24T173237.492.png\" alt=\"\" width=\"1208\" height=\"680\" title=\"\" srcset=\"https:\/\/www.tgrthaber.com\/mavikadin\/wp-content\/uploads\/2026\/01\/Asli-2026-01-24T173237.492.png 1208w, https:\/\/www.tgrthaber.com\/mavikadin\/wp-content\/uploads\/2026\/01\/Asli-2026-01-24T173237.492-300x169.png 300w, https:\/\/www.tgrthaber.com\/mavikadin\/wp-content\/uploads\/2026\/01\/Asli-2026-01-24T173237.492-1024x576.png 1024w, https:\/\/www.tgrthaber.com\/mavikadin\/wp-content\/uploads\/2026\/01\/Asli-2026-01-24T173237.492-768x432.png 768w\" sizes=\"(max-width: 1208px) 100vw, 1208px\" \/><\/p>\n<hr \/>\n<p>Bu t\u00fcr davran\u0131\u015flar\u0131n, enerjisel olarak ki\u015filere olumlu etkileri olaca\u011f\u0131 y\u00f6n\u00fcnde vurgulad\u0131.<\/p>\n<p><img loading=\"lazy\" decoding=\"async\" class=\"alignnone size-full wp-image-294716\" src=\"https:\/\/www.tgrthaber.com\/mavikadin\/wp-content\/uploads\/2026\/01\/Asli-2026-01-24T173448.109.png\" alt=\"\" width=\"1208\" height=\"680\" title=\"\" srcset=\"https:\/\/www.tgrthaber.com\/mavikadin\/wp-content\/uploads\/2026\/01\/Asli-2026-01-24T173448.109.png 1208w, https:\/\/www.tgrthaber.com\/mavikadin\/wp-content\/uploads\/2026\/01\/Asli-2026-01-24T173448.109-300x169.png 300w, https:\/\/www.tgrthaber.com\/mavikadin\/wp-content\/uploads\/2026\/01\/Asli-2026-01-24T173448.109-1024x576.png 1024w, https:\/\/www.tgrthaber.com\/mavikadin\/wp-content\/uploads\/2026\/01\/Asli-2026-01-24T173448.109-768x432.png 768w\" sizes=\"(max-width: 1208px) 100vw, 1208px\" \/><br \/>\nEnerjisel anlamda destekleyici unsurlara da de\u011finen \u00fcnl\u00fc astrolog \u00d6zlem Recep, mavi safir ve lapis lazuli ta\u015flar\u0131n\u0131n frekans\u0131 art\u0131rabilece\u011fini, koyu renklerin ise enerjiyi daha oturakl\u0131 hale getirebilece\u011fi ifadelerinde bulunarak dikkat edilmesi gerekti\u011fini s\u00f6yledi. Son olarak evrenin bu tarihlerde insanlara verdi\u011fi mesaj\u0131n, sorumluluk bilinciyle hareket etmek ve \u00f6n\u00fcn\u00fc g\u00f6rerek ad\u0131m atmak oldu\u011funu belirtti.<\/p>\n","protected":false},"excerpt":{"rendered":"<p>\u00d6zlem Recep\u2019in a\u00e7\u0131klamalar\u0131na g\u00f6re 2026 y\u0131l\u0131, enerjisel de\u011fi\u015fimlerin yo\u011fun hissedilece\u011fi y\u0131llardan biri olacak. Y\u0131l i\u00e7erisinde tutulma hatlar\u0131n\u0131n daha zorlay\u0131c\u0131 etkiler yans\u0131tabilece\u011fi belirten \u00fcnl\u00fc astrolog, bu durumun enerji alanlar\u0131n\u0131n de\u011fi\u015fmesiyle do\u011frudan ba\u011flant\u0131l\u0131 oldu\u011funu ifade etti. Astrolog \u00d6zlem Recep, 2026 y\u0131l\u0131nda dikkat edilmesi gereken tarihleri a\u00e7\u0131klad\u0131.<\/p>\n","protected":false},"author":37,"featured_media":294712,"comment_status":"closed","ping_status":"closed","sticky":false,"template":"","format":"standard","meta":{"rank_math_lock_modified_date":false,"footnotes":""},"categories":[2150],"tags":[6456,2253,2516],"class_list":["post-294711","post","type-post","status-publish","format-standard","has-post-thumbnail","hentry","category-astroloji","tag-astrolog-ozlem-recep","tag-astroloji","tag-ozlem-recep"],"_links":{"self":[{"href":"https:\/\/www.tgrthaber.com\/mavikadin\/wp-json\/wp\/v2\/posts\/294711"}],"collection":[{"href":"https:\/\/www.tgrthaber.com\/mavikadin\/wp-json\/wp\/v2\/posts"}],"about":[{"href":"https:\/\/www.tgrthaber.com\/mavikadin\/wp-json\/wp\/v2\/types\/post"}],"author":[{"embeddable":true,"href":"https:\/\/www.tgrthaber.com\/mavikadin\/wp-json\/wp\/v2\/users\/37"}],"replies":[{"embeddable":true,"href":"https:\/\/www.tgrthaber.com\/mavikadin\/wp-json\/wp\/v2\/comments?post=294711"}],"version-history":[{"count":2,"href":"https:\/\/www.tgrthaber.com\/mavikadin\/wp-json\/wp\/v2\/posts\/294711\/revisions"}],"predecessor-version":[{"id":294719,"href":"https:\/\/www.tgrthaber.com\/mavikadin\/wp-json\/wp\/v2\/posts\/294711\/revisions\/294719"}],"wp:featuredmedia":[{"embeddable":true,"href":"https:\/\/www.tgrthaber.com\/mavikadin\/wp-json\/wp\/v2\/media\/294712"}],"wp:attachment":[{"href":"https:\/\/www.tgrthaber.com\/mavikadin\/wp-json\/wp\/v2\/media?parent=294711"}],"wp:term":[{"taxonomy":"category","embeddable":true,"href":"https:\/\/www.tgrthaber.com\/mavikadin\/wp-json\/wp\/v2\/categories?post=294711"},{"taxonomy":"post_tag","embeddable":true,"href":"https:\/\/www.tgrthaber.com\/mavikadin\/wp-json\/wp\/v2\/tags?post=294711"}],"curies":[{"name":"wp","href":"https:\/\/api.w.org\/{rel}","templated":true}]}}