{"id":294720,"date":"2026-01-24T18:24:51","date_gmt":"2026-01-24T15:24:51","guid":{"rendered":"https:\/\/www.tgrthaber.com\/mavikadin\/?p=294720"},"modified":"2026-01-24T18:24:52","modified_gmt":"2026-01-24T15:24:52","slug":"survivordan-elenen-dilan-citak-sampiyon-adayini-acikladi-guc-olarak-en-hak-eden-o-sozlerini-kullandi","status":"publish","type":"post","link":"https:\/\/www.tgrthaber.com\/mavikadin\/survivordan-elenen-dilan-citak-sampiyon-adayini-acikladi-guc-olarak-en-hak-eden-o-sozlerini-kullandi\/","title":{"rendered":"Survivor\u2019dan elenen Dilan \u00c7\u0131tak \u015fampiyon aday\u0131n\u0131 a\u00e7\u0131klad\u0131! \u201c G\u00fc\u00e7 olarak en hak eden o\u201d s\u00f6zlerini kulland\u0131!"},"content":{"rendered":"<p><a href=\"https:\/\/www.tgrthaber.com\/mavikadin\/survivora-veda-eden-erkan-bilben-final-dortlusunu-acikladi-sampiyonluk-adayi-unluler-takimindan-oldu\/\">Survivor<\/a> 2026\u2019dan elenen Dilan \u00c7\u0131tak, \u015fampiyonluk yar\u0131\u015f\u0131na dair ezber bozan bir de\u011ferlendirme yapt\u0131. Yar\u0131\u015fmada ge\u00e7irdi\u011fi s\u00fcre boyunca parkurlar\u0131, bireysel performanslar\u0131 ve tak\u0131m i\u00e7i dengeleri yak\u0131ndan g\u00f6zlemledi\u011fini s\u00f6yleyen \u00c7\u0131tak, finalde \u015fampiyon olmas\u0131n\u0131 istedi\u011fi aday\u0131 da a\u00e7\u0131klad\u0131. Dilan \u00c7\u0131tak, \u201cG\u00fc\u00e7 olarak en hak eden o\u201d s\u00f6zleriyle favorisini net bi\u00e7imde dile getirdi. \u00c7\u0131tak\u2019\u0131n s\u00f6zleri k\u0131sa s\u00fcrede sosyal medyada viral oldu.<\/p>\n<h3>D\u0130LAN \u00c7ITAK SURV\u0130VOR 2026 \u015eAMP\u0130YON ADAYINI A\u00c7IKLADI<\/h3>\n<p>\u00dcnl\u00fc \u015fark\u0131c\u0131 Dilan \u00c7\u0131tak,<a href=\"https:\/\/www.tgrthaber.com\/mavikadin\/survivor-unluler-gonullulerde-acil-durum-konseyi-survivor-2026ya-gelen-all-star-yarismacilari-kimler\/\"> Survivor<\/a> yar\u0131\u015fmas\u0131nda performans\u0131yla ve s\u00f6zleriyle dikkat \u00e7ekmi\u015fti. Adada seslendirdi\u011fi \u015fark\u0131larla da dinleyenlere m\u00fczik keyfi ya\u015fatan Dilan \u00c7\u0131tak, adaya veda etmesine ili\u015fkin d\u00fc\u015f\u00fcncelerini payla\u015ft\u0131. Survivor adas\u0131ndan ayr\u0131lmadan \u00f6nce r\u00f6portaj veren Dilan \u00c7\u0131tak, Kader Konseyinde neden se\u00e7ilmedi\u011fine dair fikrini a\u00e7\u0131klad\u0131. \u00c7\u0131tak, \u201c Kar\u015f\u0131 taraf\u0131n beni alaca\u011f\u0131n\u0131 biliyordum fakat boynumdan dolay\u0131 alamayacaklar\u0131n\u0131 s\u00f6ylediler. Ben erken elendi\u011fimi d\u00fc\u015f\u00fcn\u00fcyorum bir iki hafta daha kalabilirdim. Bizim tak\u0131mda serenay dan daha \u00e7ok say\u0131 ald\u0131m.\u201d<\/p>\n<p><img loading=\"lazy\" decoding=\"async\" class=\"alignnone wp-image-294721 size-full\" src=\"https:\/\/www.tgrthaber.com\/mavikadin\/wp-content\/uploads\/2026\/01\/Survivordan-elenen-Dilan-Citak-sampiyon-adayini-acikladi.jpg\" alt=\"\" width=\"1208\" height=\"680\" title=\"\" srcset=\"https:\/\/www.tgrthaber.com\/mavikadin\/wp-content\/uploads\/2026\/01\/Survivordan-elenen-Dilan-Citak-sampiyon-adayini-acikladi.jpg 1208w, https:\/\/www.tgrthaber.com\/mavikadin\/wp-content\/uploads\/2026\/01\/Survivordan-elenen-Dilan-Citak-sampiyon-adayini-acikladi-300x169.jpg 300w, https:\/\/www.tgrthaber.com\/mavikadin\/wp-content\/uploads\/2026\/01\/Survivordan-elenen-Dilan-Citak-sampiyon-adayini-acikladi-1024x576.jpg 1024w, https:\/\/www.tgrthaber.com\/mavikadin\/wp-content\/uploads\/2026\/01\/Survivordan-elenen-Dilan-Citak-sampiyon-adayini-acikladi-768x432.jpg 768w\" sizes=\"(max-width: 1208px) 100vw, 1208px\" \/><\/p>\n<hr \/>\n<p>\u00dcnl\u00fc \u015fark\u0131c\u0131s\u0131 Dilan \u00c7\u0131tak, r\u00f6portaj\u0131n devam\u0131nda kendisine sorulan \u015fampiyon aday\u0131 olarak kimi d\u00fc\u015f\u00fcn\u00fcyorsunuz? verdi\u011fi cevapla \u015fa\u015f\u0131rtt\u0131. Son zamanlarda oynad\u0131\u011f\u0131 oyunlarda istedi\u011fi ba\u015far\u0131y\u0131 \u00e7ok fazla g\u00f6steremeyen Meryem Boz\u2019u aday g\u00f6sterdi. Survivor Dilan \u00c7\u0131tak, \u201cBenim g\u00f6nl\u00fcm tabi ki en sevdi\u011fim arkada\u015f\u0131m Meryem olsun isterim. Ama Nobre var ve o adan\u0131n \u015fampiyon olmal\u0131 hak etti\u011fini de d\u00fc\u015f\u00fcn\u00fcyorum. Disiplin olarak ahlaki olarak performans olarak. G\u00fc\u00e7 olarak en hak eden.\u201d c\u00fcmleleriyle Meryem Boz\u2019un Survivor \u015eampiyonlu\u011funu hak etti\u011fini a\u00e7\u0131klad\u0131.<\/p>\n<p><img loading=\"lazy\" decoding=\"async\" class=\"alignnone wp-image-294722 size-full\" src=\"https:\/\/www.tgrthaber.com\/mavikadin\/wp-content\/uploads\/2026\/01\/Adsiz-tasarim-1-10.jpg\" alt=\"\" width=\"1208\" height=\"680\" title=\"\" srcset=\"https:\/\/www.tgrthaber.com\/mavikadin\/wp-content\/uploads\/2026\/01\/Adsiz-tasarim-1-10.jpg 1208w, https:\/\/www.tgrthaber.com\/mavikadin\/wp-content\/uploads\/2026\/01\/Adsiz-tasarim-1-10-300x169.jpg 300w, https:\/\/www.tgrthaber.com\/mavikadin\/wp-content\/uploads\/2026\/01\/Adsiz-tasarim-1-10-1024x576.jpg 1024w, https:\/\/www.tgrthaber.com\/mavikadin\/wp-content\/uploads\/2026\/01\/Adsiz-tasarim-1-10-768x432.jpg 768w\" sizes=\"(max-width: 1208px) 100vw, 1208px\" \/><\/p>\n<hr \/>\n<h3>SURV\u0130VOR 2026 \u00dcNL\u00dcLER VE G\u00d6N\u00dcLL\u00dcLER KADROSU<\/h3>\n<p><strong>\u00dcnl\u00fcler Tak\u0131m\u0131 kadrosu<\/strong><\/p>\n<ul>\n<li>Bayhan G\u00fcrhan<\/li>\n<li>Deniz \u00c7atalba\u015f<\/li>\n<li>Dilan \u00c7\u0131tak (elendi)<\/li>\n<li>Keremcem D\u00fcr\u00fck ( elendi)<\/li>\n<li>Mert Nobre<\/li>\n<li>Meryem Boz<\/li>\n<li>Murat Ark\u0131n<\/li>\n<li>Selen G\u00f6rg\u00fczel (elendi)<\/li>\n<li>Seren Ay \u00c7etin<\/li>\n<li>Serhan Onat<\/li>\n<\/ul>\n<p><img loading=\"lazy\" decoding=\"async\" class=\"alignnone wp-image-294725 size-full\" src=\"https:\/\/www.tgrthaber.com\/mavikadin\/wp-content\/uploads\/2026\/01\/Adsiz-tasarim-2-11.jpg\" alt=\"\" width=\"1208\" height=\"680\" title=\"\" srcset=\"https:\/\/www.tgrthaber.com\/mavikadin\/wp-content\/uploads\/2026\/01\/Adsiz-tasarim-2-11.jpg 1208w, https:\/\/www.tgrthaber.com\/mavikadin\/wp-content\/uploads\/2026\/01\/Adsiz-tasarim-2-11-300x169.jpg 300w, https:\/\/www.tgrthaber.com\/mavikadin\/wp-content\/uploads\/2026\/01\/Adsiz-tasarim-2-11-1024x576.jpg 1024w, https:\/\/www.tgrthaber.com\/mavikadin\/wp-content\/uploads\/2026\/01\/Adsiz-tasarim-2-11-768x432.jpg 768w\" sizes=\"(max-width: 1208px) 100vw, 1208px\" \/><\/p>\n<hr \/>\n<p><strong>\u00dcnl\u00fcler tak\u0131m\u0131na yedeklerden gelen adaylar<\/strong><\/p>\n<p>Can Berkay Ertemiz<\/p>\n<p>Seda Albayrak<\/p>\n<p><img loading=\"lazy\" decoding=\"async\" class=\"alignnone wp-image-294724 size-full\" src=\"https:\/\/www.tgrthaber.com\/mavikadin\/wp-content\/uploads\/2026\/01\/Adsiz-tasarim-3-11.jpg\" alt=\"\" width=\"1208\" height=\"680\" title=\"\" srcset=\"https:\/\/www.tgrthaber.com\/mavikadin\/wp-content\/uploads\/2026\/01\/Adsiz-tasarim-3-11.jpg 1208w, https:\/\/www.tgrthaber.com\/mavikadin\/wp-content\/uploads\/2026\/01\/Adsiz-tasarim-3-11-300x169.jpg 300w, https:\/\/www.tgrthaber.com\/mavikadin\/wp-content\/uploads\/2026\/01\/Adsiz-tasarim-3-11-1024x576.jpg 1024w, https:\/\/www.tgrthaber.com\/mavikadin\/wp-content\/uploads\/2026\/01\/Adsiz-tasarim-3-11-768x432.jpg 768w\" sizes=\"(max-width: 1208px) 100vw, 1208px\" \/><\/p>\n<hr \/>\n<p><strong>G\u00f6n\u00fcll\u00fcler tak\u0131m\u0131 kadrosu<\/strong><\/p>\n<p>Ramazan Sar\u0131<\/p>\n<p>Beyza Gemici<\/p>\n<p>Engincan Tura<\/p>\n<p>Eren Semerci<\/p>\n<p>Erkan Bilben (elendi)<\/p>\n<p>G\u00f6zde Bozkurt<\/p>\n<p>Lina Hourieh<\/p>\n<p>Nisanur G\u00fcler<\/p>\n<p>Onur Alp \u00c7am<\/p>\n<p><img loading=\"lazy\" decoding=\"async\" class=\"alignnone wp-image-294723 size-full\" src=\"https:\/\/www.tgrthaber.com\/mavikadin\/wp-content\/uploads\/2026\/01\/Survivor-Unluler-Gonulluler-1.jpg\" alt=\"\" width=\"1208\" height=\"680\" title=\"\" srcset=\"https:\/\/www.tgrthaber.com\/mavikadin\/wp-content\/uploads\/2026\/01\/Survivor-Unluler-Gonulluler-1.jpg 1208w, https:\/\/www.tgrthaber.com\/mavikadin\/wp-content\/uploads\/2026\/01\/Survivor-Unluler-Gonulluler-1-300x169.jpg 300w, https:\/\/www.tgrthaber.com\/mavikadin\/wp-content\/uploads\/2026\/01\/Survivor-Unluler-Gonulluler-1-1024x576.jpg 1024w, https:\/\/www.tgrthaber.com\/mavikadin\/wp-content\/uploads\/2026\/01\/Survivor-Unluler-Gonulluler-1-768x432.jpg 768w\" sizes=\"(max-width: 1208px) 100vw, 1208px\" \/><\/p>\n<hr \/>\n<h3>SURV\u0130VOR 2026\u2019YA VEDE EDEN YARI\u015eMACILAR<\/h3>\n<ul>\n<li>Dilan \u00c7\u0131tak<\/li>\n<li>Keremcem D\u00fcr\u00fck<\/li>\n<li>Selen G\u00f6rg\u00fczel<\/li>\n<li>Erkan Bilben<\/li>\n<\/ul>\n","protected":false},"excerpt":{"rendered":"<p>Survivor 2026\u2019dan elendikten sonra sessizli\u011fini bozan Dilan \u00c7\u0131tak, final yolunda kimin \u015fampiyonlu\u011fu hak etti\u011fini a\u00e7\u0131klad\u0131. \u00c7\u0131tak, hem fiziksel g\u00fc\u00e7 hem de mental dayan\u0131kl\u0131l\u0131k a\u00e7\u0131s\u0131ndan \u00f6ne \u00e7\u0131kan ismi net s\u00f6zlerle i\u015faret etti. \u201cG\u00fc\u00e7 olarak en hak eden o\u201d diyen Dilan \u00c7\u0131tak\u2019\u0131n bu a\u00e7\u0131klamas\u0131, sosyal medyada k\u0131sa s\u00fcrede g\u00fcndem oldu. Dilan \u00c7\u0131tak\u2019\u0131n \u00e7ok konu\u015fulan o s\u00f6zleri ve \u015fampiyonluk yorumu<\/p>\n","protected":false},"author":10,"featured_media":294726,"comment_status":"closed","ping_status":"closed","sticky":false,"template":"","format":"standard","meta":{"rank_math_lock_modified_date":false,"footnotes":""},"categories":[76],"tags":[2266,133,2366,63785,70482],"class_list":["post-294720","post","type-post","status-publish","format-standard","has-post-thumbnail","hentry","category-magazin","tag-dilan-citak","tag-magazin","tag-survivor","tag-survivor-2026","tag-survivor-dilan-citak"],"_links":{"self":[{"href":"https:\/\/www.tgrthaber.com\/mavikadin\/wp-json\/wp\/v2\/posts\/294720"}],"collection":[{"href":"https:\/\/www.tgrthaber.com\/mavikadin\/wp-json\/wp\/v2\/posts"}],"about":[{"href":"https:\/\/www.tgrthaber.com\/mavikadin\/wp-json\/wp\/v2\/types\/post"}],"author":[{"embeddable":true,"href":"https:\/\/www.tgrthaber.com\/mavikadin\/wp-json\/wp\/v2\/users\/10"}],"replies":[{"embeddable":true,"href":"https:\/\/www.tgrthaber.com\/mavikadin\/wp-json\/wp\/v2\/comments?post=294720"}],"version-history":[{"count":2,"href":"https:\/\/www.tgrthaber.com\/mavikadin\/wp-json\/wp\/v2\/posts\/294720\/revisions"}],"predecessor-version":[{"id":294728,"href":"https:\/\/www.tgrthaber.com\/mavikadin\/wp-json\/wp\/v2\/posts\/294720\/revisions\/294728"}],"wp:featuredmedia":[{"embeddable":true,"href":"https:\/\/www.tgrthaber.com\/mavikadin\/wp-json\/wp\/v2\/media\/294726"}],"wp:attachment":[{"href":"https:\/\/www.tgrthaber.com\/mavikadin\/wp-json\/wp\/v2\/media?parent=294720"}],"wp:term":[{"taxonomy":"category","embeddable":true,"href":"https:\/\/www.tgrthaber.com\/mavikadin\/wp-json\/wp\/v2\/categories?post=294720"},{"taxonomy":"post_tag","embeddable":true,"href":"https:\/\/www.tgrthaber.com\/mavikadin\/wp-json\/wp\/v2\/tags?post=294720"}],"curies":[{"name":"wp","href":"https:\/\/api.w.org\/{rel}","templated":true}]}}