{"id":294729,"date":"2026-01-24T19:11:52","date_gmt":"2026-01-24T16:11:52","guid":{"rendered":"https:\/\/www.tgrthaber.com\/mavikadin\/?p=294729"},"modified":"2026-01-24T19:11:52","modified_gmt":"2026-01-24T16:11:52","slug":"survivor-nefise-karatayin-annesi-guner-karatay-mujdeli-haberi-duyurdu-survivor-2026-kadrosunda-nefise-karatay","status":"publish","type":"post","link":"https:\/\/www.tgrthaber.com\/mavikadin\/survivor-nefise-karatayin-annesi-guner-karatay-mujdeli-haberi-duyurdu-survivor-2026-kadrosunda-nefise-karatay\/","title":{"rendered":"Survivor Nefise Karatay\u2019\u0131n annesi G\u00fcner Karatay m\u00fcjdeli haberi duyurdu! Survivor 2026 kadrosunda Nefise Karatay"},"content":{"rendered":"<p><a href=\"https:\/\/www.tgrthaber.com\/mavikadin\/survivor-2026-unluler-gonullulere-all-star-surprizi-survivor-2026-unluler-gonulluler-all-star-yarismacilari-kimler\/\">Survivor<\/a> 2023 sezonuna damga vuran ve performans\u0131yla b\u00fcy\u00fck takdir toplayan Survivor Nefise Karatay, \u015fampiyon olan ikinci kad\u0131n yar\u0131\u015fmac\u0131d\u0131r. Adada ve oyunlarda g\u00f6sterdi\u011fi performansla Survivor 2023 ve Survivor 2024 All Star sezonunda ba\u015far\u0131lar elde etmi\u015fti. \u0130zleyicilerin 24 Ocak 2026 Survivor Acil Durum Konseyinde hangi All Starlar\u0131n gelece\u011fi merak ediliyordu. Survivor Nefise Karatay\u2019\u0131n annesi G\u00fcner Karatay m\u00fcjdeli haberi duyurdu.<\/p>\n<h3>SURV\u0130VOR 2026\u2019DA NEF\u0130SE KARATAY MI DAH\u0130L OLUYOR?<\/h3>\n<p><a href=\"https:\/\/www.tgrthaber.com\/mavikadin\/survivor-unluler-gonullulerde-acil-durum-konseyi-survivor-2026ya-gelen-all-star-yarismacilari-kimler\/\">Survivor<\/a> 2023 \u015eampiyonu Nefise Karatay, ikinci kad\u0131n Survivor \u015fampiyonu olarak ad\u0131n\u0131 alt\u0131n harflerle yazd\u0131rm\u0131\u015ft\u0131. Oyunlardaki g\u00f6sterdi\u011fi performansla bir\u00e7ok ki\u015fi taraf\u0131ndan be\u011feni toplayan Survivor Nefise, All Star 2024 sezonunda da yer alm\u0131\u015ft\u0131. Nagihan Karadere ile kar\u015f\u0131l\u0131kl\u0131 g\u00f6sterdikleri performans izleyenlere unutulmaz anlar ya\u015fatm\u0131\u015ft\u0131.<\/p>\n<p><img loading=\"lazy\" decoding=\"async\" class=\"alignnone wp-image-294730 size-full\" src=\"https:\/\/www.tgrthaber.com\/mavikadin\/wp-content\/uploads\/2026\/01\/Survivor-Nefise-Karatay-Survivor-2026-kadrosunda.jpg\" alt=\"\" width=\"1208\" height=\"680\" title=\"\" srcset=\"https:\/\/www.tgrthaber.com\/mavikadin\/wp-content\/uploads\/2026\/01\/Survivor-Nefise-Karatay-Survivor-2026-kadrosunda.jpg 1208w, https:\/\/www.tgrthaber.com\/mavikadin\/wp-content\/uploads\/2026\/01\/Survivor-Nefise-Karatay-Survivor-2026-kadrosunda-300x169.jpg 300w, https:\/\/www.tgrthaber.com\/mavikadin\/wp-content\/uploads\/2026\/01\/Survivor-Nefise-Karatay-Survivor-2026-kadrosunda-1024x576.jpg 1024w, https:\/\/www.tgrthaber.com\/mavikadin\/wp-content\/uploads\/2026\/01\/Survivor-Nefise-Karatay-Survivor-2026-kadrosunda-768x432.jpg 768w\" sizes=\"(max-width: 1208px) 100vw, 1208px\" \/><\/p>\n<hr \/>\n<p>Survivor 2026 sezonunda eski All Star yar\u0131\u015fmac\u0131lar\u0131n\u0131n gelece\u011finin duyurulmu\u015ftu. Sosyal medyada bir\u00e7ok ki\u015fi Survivor Nefise Karatay\u2019\u0131n Survivor 2026 \u00dcnl\u00fcler G\u00f6n\u00fcll\u00fcler sezonunda da yer almas\u0131n\u0131 istediler. Acun Il\u0131cal\u0131, sosyal medyadan gelen yorumlar\u0131 da dikkate alarak ge\u00e7en hafta eski All Starlardan iki ki\u015finin adaya gelece\u011fini a\u00e7\u0131klam\u0131\u015ft\u0131.<\/p>\n<p><img loading=\"lazy\" decoding=\"async\" class=\"alignnone wp-image-294731 size-full\" src=\"https:\/\/www.tgrthaber.com\/mavikadin\/wp-content\/uploads\/2026\/01\/survivor-2026-kadrosuna-Nefise-Karatay-dahil-oldu.jpg\" alt=\"\" width=\"1208\" height=\"680\" title=\"\" srcset=\"https:\/\/www.tgrthaber.com\/mavikadin\/wp-content\/uploads\/2026\/01\/survivor-2026-kadrosuna-Nefise-Karatay-dahil-oldu.jpg 1208w, https:\/\/www.tgrthaber.com\/mavikadin\/wp-content\/uploads\/2026\/01\/survivor-2026-kadrosuna-Nefise-Karatay-dahil-oldu-300x169.jpg 300w, https:\/\/www.tgrthaber.com\/mavikadin\/wp-content\/uploads\/2026\/01\/survivor-2026-kadrosuna-Nefise-Karatay-dahil-oldu-1024x576.jpg 1024w, https:\/\/www.tgrthaber.com\/mavikadin\/wp-content\/uploads\/2026\/01\/survivor-2026-kadrosuna-Nefise-Karatay-dahil-oldu-768x432.jpg 768w\" sizes=\"(max-width: 1208px) 100vw, 1208px\" \/><\/p>\n<hr \/>\n<h3>SURV\u0130VOR NEF\u0130SE\u2019N\u0130N ANNES\u0130 G\u00dcNER KARATAY M\u00dcJDEL\u0130 HABER\u0130 DUYURDU<\/h3>\n<p>Acun Il\u0131cal\u0131\u2019n\u0131n a\u00e7\u0131klamas\u0131ndan sonra bir\u00e7ok sosyal medya kullan\u0131c\u0131 eski All Star yar\u0131\u015fmac\u0131lardan kimlerin gelece\u011fine dair yorumlarda bulundu. En \u00e7ok ad\u0131 ge\u00e7en Survivor Nefise Karatay\u2019\u0131n Survivor 2026 kadrosunda olup olmayaca\u011f\u0131na dair hen\u00fcz net bir a\u00e7\u0131klama yap\u0131lmazken, annesi G\u00fcner Karatay sosyal medya hesab\u0131ndan duyurdu.<\/p>\n<p><img loading=\"lazy\" decoding=\"async\" class=\"alignnone wp-image-294732 size-full\" src=\"https:\/\/www.tgrthaber.com\/mavikadin\/wp-content\/uploads\/2026\/01\/survivor-nefise-karatayin-annesi-Guner-Karatay-acikladi.jpg\" alt=\"\" width=\"1208\" height=\"680\" title=\"\" srcset=\"https:\/\/www.tgrthaber.com\/mavikadin\/wp-content\/uploads\/2026\/01\/survivor-nefise-karatayin-annesi-Guner-Karatay-acikladi.jpg 1208w, https:\/\/www.tgrthaber.com\/mavikadin\/wp-content\/uploads\/2026\/01\/survivor-nefise-karatayin-annesi-Guner-Karatay-acikladi-300x169.jpg 300w, https:\/\/www.tgrthaber.com\/mavikadin\/wp-content\/uploads\/2026\/01\/survivor-nefise-karatayin-annesi-Guner-Karatay-acikladi-1024x576.jpg 1024w, https:\/\/www.tgrthaber.com\/mavikadin\/wp-content\/uploads\/2026\/01\/survivor-nefise-karatayin-annesi-Guner-Karatay-acikladi-768x432.jpg 768w\" sizes=\"(max-width: 1208px) 100vw, 1208px\" \/><\/p>\n<hr \/>\n<p>Survivor Nefise\u2019nin annesi G\u00fcner Karatay, \u201c Ba\u015fta k\u0131z\u0131m Nefise olmak \u00fczere t\u00fcm yar\u0131\u015fmac\u0131lara ba\u015far\u0131lar dilerim. Herkesin kalbinin g\u00fczelli\u011fi kadar, g\u00fczel bir sezon ge\u00e7irir in\u015fallah\u201d s\u00f6zleriyle k\u0131z\u0131n\u0131n kadroda oldu\u011funu duyurdu.<\/p>\n<p><img loading=\"lazy\" decoding=\"async\" class=\"alignnone wp-image-294733 size-full\" src=\"https:\/\/www.tgrthaber.com\/mavikadin\/wp-content\/uploads\/2026\/01\/survivor-nefise-karatay-kimdir-survivor-nefise-karatay-kac-kez-survivor-katildi.jpg\" alt=\"\" width=\"1208\" height=\"680\" title=\"\" srcset=\"https:\/\/www.tgrthaber.com\/mavikadin\/wp-content\/uploads\/2026\/01\/survivor-nefise-karatay-kimdir-survivor-nefise-karatay-kac-kez-survivor-katildi.jpg 1208w, https:\/\/www.tgrthaber.com\/mavikadin\/wp-content\/uploads\/2026\/01\/survivor-nefise-karatay-kimdir-survivor-nefise-karatay-kac-kez-survivor-katildi-300x169.jpg 300w, https:\/\/www.tgrthaber.com\/mavikadin\/wp-content\/uploads\/2026\/01\/survivor-nefise-karatay-kimdir-survivor-nefise-karatay-kac-kez-survivor-katildi-1024x576.jpg 1024w, https:\/\/www.tgrthaber.com\/mavikadin\/wp-content\/uploads\/2026\/01\/survivor-nefise-karatay-kimdir-survivor-nefise-karatay-kac-kez-survivor-katildi-768x432.jpg 768w\" sizes=\"(max-width: 1208px) 100vw, 1208px\" \/><\/p>\n<hr \/>\n<h3>SURV\u0130VOR NEF\u0130SE KARATAY K\u0130MD\u0130R? KA\u00c7 KEZ SURV\u0130VOR KATILDI?<\/h3>\n<p>Milli Sporcu Nefise Karatay 25 \u015eubat 2000 tarihinde d\u00fcnyaya geldi. Milli atlet olan Karatay, uzun atlama ve engelli atlama dallar\u0131nda kariyerine devam ediyor. Survivor Nefise, 5 ya\u015f\u0131ndayken annesinin giri\u015fimiyle spor ya\u015fam\u0131na ad\u0131m atm\u0131\u015ft\u0131r. Fenerbah\u00e7e ile kariyerine ba\u015flayan Survivor Nefise, \u0130stanbul&#8217;a gelerek spor kariyerine profesyonel olarak y\u00f6n verdi.<\/p>\n<p><img loading=\"lazy\" decoding=\"async\" class=\"alignnone wp-image-294734 size-full\" src=\"https:\/\/www.tgrthaber.com\/mavikadin\/wp-content\/uploads\/2026\/01\/Adsiz-tasarim-4-14.jpg\" alt=\"\" width=\"1208\" height=\"680\" title=\"\" srcset=\"https:\/\/www.tgrthaber.com\/mavikadin\/wp-content\/uploads\/2026\/01\/Adsiz-tasarim-4-14.jpg 1208w, https:\/\/www.tgrthaber.com\/mavikadin\/wp-content\/uploads\/2026\/01\/Adsiz-tasarim-4-14-300x169.jpg 300w, https:\/\/www.tgrthaber.com\/mavikadin\/wp-content\/uploads\/2026\/01\/Adsiz-tasarim-4-14-1024x576.jpg 1024w, https:\/\/www.tgrthaber.com\/mavikadin\/wp-content\/uploads\/2026\/01\/Adsiz-tasarim-4-14-768x432.jpg 768w\" sizes=\"(max-width: 1208px) 100vw, 1208px\" \/><\/p>\n<hr \/>\n<p>Survivor Nefise Karatay 2023 y\u0131l\u0131nda \u00d6zg\u00fcr Tetik ile SMS oylamas\u0131nda Survivor finalinde kar\u015f\u0131 kar\u015f\u0131ya gelerek, \u015fampiyonluk kupas\u0131n\u0131 kazanm\u0131\u015ft\u0131r. Survivor, parkurlar\u0131nda h\u0131z ve \u00e7abuklu\u011fuyla dikkat \u00e7eken yar\u0131\u015fmac\u0131 Nefise Karatay zaman zaman konu\u015fmalar\u0131yla g\u00fcndem olmu\u015ftu. Survivor 2024 All Star yar\u0131\u015fmas\u0131na kat\u0131larak da ad\u0131n\u0131 finale yazd\u0131rm\u0131\u015ft\u0131.<\/p>\n","protected":false},"excerpt":{"rendered":"<p>Survivor 2023 \u015fampiyonu Nefise Karatay, Survivor 2024 All Star yar\u0131\u015fmas\u0131nda da boy g\u00f6stermi\u015fti. \u0130zleyiciler, bu ak\u015fam Survivor acil durum konseyinde gelecek All Star adaylar\u0131n\u0131 heyecanla bekliyor. Merakla beklenen All Star yar\u0131\u015fmac\u0131s\u0131n\u0131n ilkini Survivor Nefise Karatay\u2019\u0131n annesi G\u00fcner Karatay a\u00e7\u0131klad\u0131. <\/p>\n","protected":false},"author":10,"featured_media":294735,"comment_status":"closed","ping_status":"closed","sticky":false,"template":"","format":"standard","meta":{"rank_math_lock_modified_date":false,"footnotes":""},"categories":[76],"tags":[133,2366,63785,71401,71400,71402],"class_list":["post-294729","post","type-post","status-publish","format-standard","has-post-thumbnail","hentry","category-magazin","tag-magazin","tag-survivor","tag-survivor-2026","tag-survivor-2026-all-star","tag-survivor-nefise-karatay","tag-survivor-nefise-karatay-kimdir"],"_links":{"self":[{"href":"https:\/\/www.tgrthaber.com\/mavikadin\/wp-json\/wp\/v2\/posts\/294729"}],"collection":[{"href":"https:\/\/www.tgrthaber.com\/mavikadin\/wp-json\/wp\/v2\/posts"}],"about":[{"href":"https:\/\/www.tgrthaber.com\/mavikadin\/wp-json\/wp\/v2\/types\/post"}],"author":[{"embeddable":true,"href":"https:\/\/www.tgrthaber.com\/mavikadin\/wp-json\/wp\/v2\/users\/10"}],"replies":[{"embeddable":true,"href":"https:\/\/www.tgrthaber.com\/mavikadin\/wp-json\/wp\/v2\/comments?post=294729"}],"version-history":[{"count":1,"href":"https:\/\/www.tgrthaber.com\/mavikadin\/wp-json\/wp\/v2\/posts\/294729\/revisions"}],"predecessor-version":[{"id":294736,"href":"https:\/\/www.tgrthaber.com\/mavikadin\/wp-json\/wp\/v2\/posts\/294729\/revisions\/294736"}],"wp:featuredmedia":[{"embeddable":true,"href":"https:\/\/www.tgrthaber.com\/mavikadin\/wp-json\/wp\/v2\/media\/294735"}],"wp:attachment":[{"href":"https:\/\/www.tgrthaber.com\/mavikadin\/wp-json\/wp\/v2\/media?parent=294729"}],"wp:term":[{"taxonomy":"category","embeddable":true,"href":"https:\/\/www.tgrthaber.com\/mavikadin\/wp-json\/wp\/v2\/categories?post=294729"},{"taxonomy":"post_tag","embeddable":true,"href":"https:\/\/www.tgrthaber.com\/mavikadin\/wp-json\/wp\/v2\/tags?post=294729"}],"curies":[{"name":"wp","href":"https:\/\/api.w.org\/{rel}","templated":true}]}}