{"id":294739,"date":"2026-01-24T21:22:30","date_gmt":"2026-01-24T18:22:30","guid":{"rendered":"https:\/\/www.tgrthaber.com\/mavikadin\/?p=294739"},"modified":"2026-01-24T21:22:31","modified_gmt":"2026-01-24T18:22:31","slug":"survivorda-bir-ilk-yasanacak-3-takim-1-kupa","status":"publish","type":"post","link":"https:\/\/www.tgrthaber.com\/mavikadin\/survivorda-bir-ilk-yasanacak-3-takim-1-kupa\/","title":{"rendered":"Survivor\u2019da bir ilk ya\u015fanacak! 3 tak\u0131m 1 kupa!"},"content":{"rendered":"<p>Survivor 2026, yar\u0131\u015fma tarihine ge\u00e7ecek b\u00fcy\u00fck bir yenilikle izleyici kar\u015f\u0131s\u0131na \u00e7\u0131kmaya haz\u0131rlan\u0131yor. Acun Il\u0131cal\u0131\u2019n\u0131n yapt\u0131\u011f\u0131 s\u00fcrpriz a\u00e7\u0131klama, Survivor format\u0131nda ezberleri bozdu. Bu sezon \u00dcnl\u00fcler ve G\u00f6n\u00fcll\u00fcler\u2019e ek olarak Sar\u0131 tak\u0131m\u0131n da dahil edilmesiyle yar\u0131\u015fma ilk kez \u00fc\u00e7 tak\u0131m \u00fczerinden oynanacak. \u00dcstelik rekabet haftalar s\u00fcren bir maraton yerine, 4 g\u00fcn boyunca her g\u00fcn oynanacak oyunlarla zirveye ta\u015f\u0131nacak. K\u0131yas\u0131ya m\u00fccadele sonunda yaln\u0131zca bir tak\u0131m Survivor kupas\u0131n\u0131 kald\u0131racak. Bu radikal de\u011fi\u015fiklik, \u201cSurvivor 2026 kupas\u0131n\u0131 hangi tak\u0131m kazanacak?\u201d sorusunu \u015fimdiden g\u00fcndemin en merak edilen ba\u015fl\u0131\u011f\u0131 haline getirdi. \u0130zleyiciler, tarihi sezon \u00f6ncesi favori tak\u0131mlar\u0131n\u0131 tart\u0131\u015fmaya ba\u015flad\u0131.<\/p>\n<h3>SURV\u0130VOR 2026 KUPASINI HANG\u0130 TAKIM KAZANACAK?<\/h3>\n<p>20 y\u0131l aradan sonra Survivor\u2019da bir ilk ya\u015fan\u0131yor. 4 g\u00fcnl\u00fck Survivor maratonun sonunda bir tak\u0131m survivor kupas\u0131n\u0131 alacak. 3 tak\u0131m olarak yar\u0131\u015f\u0131lacak programda her g\u00fcn farkl\u0131 oyunlarla rakiplerini ge\u00e7meye \u00e7al\u0131\u015facaklar. Farkl\u0131 kamplarda ya\u015fayacak olan tak\u0131mlar, 4 g\u00fcn boyunca birbirleriyle yar\u0131\u015facaklar. 4 g\u00fcn\u00fcn sonunda kazanan hangi tak\u0131m olacak.<\/p>\n<p><img loading=\"lazy\" decoding=\"async\" class=\"alignnone wp-image-294740 size-full\" src=\"https:\/\/www.tgrthaber.com\/mavikadin\/wp-content\/uploads\/2026\/01\/Adsiz-tasarim-11-16.jpg\" alt=\"\" width=\"1208\" height=\"680\" title=\"\" srcset=\"https:\/\/www.tgrthaber.com\/mavikadin\/wp-content\/uploads\/2026\/01\/Adsiz-tasarim-11-16.jpg 1208w, https:\/\/www.tgrthaber.com\/mavikadin\/wp-content\/uploads\/2026\/01\/Adsiz-tasarim-11-16-300x169.jpg 300w, https:\/\/www.tgrthaber.com\/mavikadin\/wp-content\/uploads\/2026\/01\/Adsiz-tasarim-11-16-1024x576.jpg 1024w, https:\/\/www.tgrthaber.com\/mavikadin\/wp-content\/uploads\/2026\/01\/Adsiz-tasarim-11-16-768x432.jpg 768w\" sizes=\"(max-width: 1208px) 100vw, 1208px\" \/><\/p>\n<hr \/>\n<h3>SURV\u0130VOR 2026\u2019DA CEZA OYUNLARINI HANG\u0130 TAKIM OYNAYACAK?<\/h3>\n<p>Her oyun sonras\u0131 bir tak\u0131m \u00f6d\u00fcl kazan\u0131lacak. Kaybeden tak\u0131m ise klasik Survivor cezalar\u0131ndan birini alacak. Kaybeden ikinci tak\u0131m ceza almazken, son tak\u0131m ceza alacak. Oynanacak oyun sonras\u0131 Survivor 2026\u2019da hangi tak\u0131mlar ceza alacak, hangileri \u00f6d\u00fclleri toplayacak? K\u0131yas\u0131ya rekabetin ya\u015fanaca\u011f\u0131 yar\u0131\u015fmada oyunlar izleyenlerin heyecan\u0131n\u0131 ikiye katlayacak.<\/p>\n<p><img loading=\"lazy\" decoding=\"async\" class=\"alignnone wp-image-294741 size-full\" src=\"https:\/\/www.tgrthaber.com\/mavikadin\/wp-content\/uploads\/2026\/01\/Adsiz-tasarim-6-15.jpg\" alt=\"\" width=\"1208\" height=\"680\" title=\"\" srcset=\"https:\/\/www.tgrthaber.com\/mavikadin\/wp-content\/uploads\/2026\/01\/Adsiz-tasarim-6-15.jpg 1208w, https:\/\/www.tgrthaber.com\/mavikadin\/wp-content\/uploads\/2026\/01\/Adsiz-tasarim-6-15-300x169.jpg 300w, https:\/\/www.tgrthaber.com\/mavikadin\/wp-content\/uploads\/2026\/01\/Adsiz-tasarim-6-15-1024x576.jpg 1024w, https:\/\/www.tgrthaber.com\/mavikadin\/wp-content\/uploads\/2026\/01\/Adsiz-tasarim-6-15-768x432.jpg 768w\" sizes=\"(max-width: 1208px) 100vw, 1208px\" \/><\/p>\n<hr \/>\n<h3>SURV\u0130VOR 2026 \u00dcNL\u00dcLER VE G\u00d6N\u00dcLL\u00dcLER KADROSU<\/h3>\n<p><strong>\u00dcnl\u00fcler Tak\u0131m\u0131 kadrosu<\/strong><\/p>\n<ul>\n<li>Bayhan G\u00fcrhan<\/li>\n<li>Deniz \u00c7atalba\u015f<\/li>\n<li>Dilan \u00c7\u0131tak (elendi)<\/li>\n<li>Keremcem D\u00fcr\u00fck ( elendi)<\/li>\n<li>Mert Nobre<\/li>\n<li>Meryem Boz<\/li>\n<li>Murat Ark\u0131n<\/li>\n<li>Selen G\u00f6rg\u00fczel (elendi)<\/li>\n<li>Seren Ay \u00c7etin<\/li>\n<li>Serhan Onat<\/li>\n<\/ul>\n<p><strong>\u00dcnl\u00fcler tak\u0131m\u0131na yedeklerden gelen adaylar<\/strong><\/p>\n<p>Can Berkay Ertemiz<\/p>\n<p>Seda Albayrak<\/p>\n<p><img loading=\"lazy\" decoding=\"async\" class=\"alignnone wp-image-294725 size-full\" src=\"https:\/\/www.tgrthaber.com\/mavikadin\/wp-content\/uploads\/2026\/01\/Adsiz-tasarim-2-11.jpg\" alt=\"\" width=\"1208\" height=\"680\" title=\"\" srcset=\"https:\/\/www.tgrthaber.com\/mavikadin\/wp-content\/uploads\/2026\/01\/Adsiz-tasarim-2-11.jpg 1208w, https:\/\/www.tgrthaber.com\/mavikadin\/wp-content\/uploads\/2026\/01\/Adsiz-tasarim-2-11-300x169.jpg 300w, https:\/\/www.tgrthaber.com\/mavikadin\/wp-content\/uploads\/2026\/01\/Adsiz-tasarim-2-11-1024x576.jpg 1024w, https:\/\/www.tgrthaber.com\/mavikadin\/wp-content\/uploads\/2026\/01\/Adsiz-tasarim-2-11-768x432.jpg 768w\" sizes=\"(max-width: 1208px) 100vw, 1208px\" \/><\/p>\n<hr \/>\n<p><strong>G\u00f6n\u00fcll\u00fcler tak\u0131m\u0131 kadrosu<\/strong><\/p>\n<p>Ramazan Sar\u0131<\/p>\n<p>Beyza Gemici<\/p>\n<p>Engincan Tura<\/p>\n<p>Eren Semerci<\/p>\n<p>Erkan Bilben (elendi)<\/p>\n<p>G\u00f6zde Bozkurt<\/p>\n<p>Lina Hourieh<\/p>\n<p>Nisanur G\u00fcler<\/p>\n<p>Onur Alp \u00c7am<\/p>\n<p><img loading=\"lazy\" decoding=\"async\" class=\"alignnone wp-image-294724 size-full\" src=\"https:\/\/www.tgrthaber.com\/mavikadin\/wp-content\/uploads\/2026\/01\/Adsiz-tasarim-3-11.jpg\" alt=\"\" width=\"1208\" height=\"680\" title=\"\" srcset=\"https:\/\/www.tgrthaber.com\/mavikadin\/wp-content\/uploads\/2026\/01\/Adsiz-tasarim-3-11.jpg 1208w, https:\/\/www.tgrthaber.com\/mavikadin\/wp-content\/uploads\/2026\/01\/Adsiz-tasarim-3-11-300x169.jpg 300w, https:\/\/www.tgrthaber.com\/mavikadin\/wp-content\/uploads\/2026\/01\/Adsiz-tasarim-3-11-1024x576.jpg 1024w, https:\/\/www.tgrthaber.com\/mavikadin\/wp-content\/uploads\/2026\/01\/Adsiz-tasarim-3-11-768x432.jpg 768w\" sizes=\"(max-width: 1208px) 100vw, 1208px\" \/><\/p>\n<hr \/>\n<p><strong>Sar\u0131 tak\u0131m kadrosu\u00a0<\/strong><\/p>\n<p>Nagihan Karadere<\/p>\n<p>Bar\u0131\u015f Murat Ya\u011fc\u0131<\/p>\n<p>Sercan Y\u0131ld\u0131r\u0131m<\/p>\n<p>Tu\u011f\u00e7e Melis Demir<\/p>\n<p>B\u00fc\u015fra Yal\u00e7\u0131n<\/p>\n<p>Osman Can<\/p>\n<p>Nefise Karatay<\/p>\n<p>Do\u011fu\u015f<\/p>\n<p><img loading=\"lazy\" decoding=\"async\" class=\"alignnone wp-image-294723 size-full\" src=\"https:\/\/www.tgrthaber.com\/mavikadin\/wp-content\/uploads\/2026\/01\/Survivor-Unluler-Gonulluler-1.jpg\" alt=\"\" width=\"1208\" height=\"680\" title=\"\" srcset=\"https:\/\/www.tgrthaber.com\/mavikadin\/wp-content\/uploads\/2026\/01\/Survivor-Unluler-Gonulluler-1.jpg 1208w, https:\/\/www.tgrthaber.com\/mavikadin\/wp-content\/uploads\/2026\/01\/Survivor-Unluler-Gonulluler-1-300x169.jpg 300w, https:\/\/www.tgrthaber.com\/mavikadin\/wp-content\/uploads\/2026\/01\/Survivor-Unluler-Gonulluler-1-1024x576.jpg 1024w, https:\/\/www.tgrthaber.com\/mavikadin\/wp-content\/uploads\/2026\/01\/Survivor-Unluler-Gonulluler-1-768x432.jpg 768w\" sizes=\"(max-width: 1208px) 100vw, 1208px\" \/><\/p>\n<hr \/>\n<h3>SURV\u0130VOR 2026\u2019YA VEDE EDEN YARI\u015eMACILAR<\/h3>\n<ul>\n<li>Dilan \u00c7\u0131tak<\/li>\n<li>Keremcem D\u00fcr\u00fck<\/li>\n<li>Selen G\u00f6rg\u00fczel<\/li>\n<li>Erkan Bilben<\/li>\n<\/ul>\n","protected":false},"excerpt":{"rendered":"<p>Survivor 2026 yar\u0131\u015fmas\u0131nda bir ilke imza at\u0131lacak. Acun Il\u0131cal\u0131 izleyenleri \u015fa\u015fk\u0131na \u00e7eviren karar\u0131 a\u00e7\u0131klad\u0131. \u00dcnl\u00fcler G\u00f6n\u00fcll\u00fcler ve Sar\u0131 tak\u0131m olmak \u00fczere 3 tak\u0131m olu\u015ftu. 3 tak\u0131m 4 g\u00fcn boyunca her g\u00fcn oyun oynayacak. 4 g\u00fcn sonunda bir tak\u0131m Survivor kupas\u0131n\u0131 kald\u0131racak. Peki, Survivor 2026 kupas\u0131n\u0131 kim alacak? <\/p>\n","protected":false},"author":10,"featured_media":294742,"comment_status":"closed","ping_status":"closed","sticky":false,"template":"","format":"standard","meta":{"rank_math_lock_modified_date":false,"footnotes":""},"categories":[76],"tags":[133,2366,63785],"class_list":["post-294739","post","type-post","status-publish","format-standard","has-post-thumbnail","hentry","category-magazin","tag-magazin","tag-survivor","tag-survivor-2026"],"_links":{"self":[{"href":"https:\/\/www.tgrthaber.com\/mavikadin\/wp-json\/wp\/v2\/posts\/294739"}],"collection":[{"href":"https:\/\/www.tgrthaber.com\/mavikadin\/wp-json\/wp\/v2\/posts"}],"about":[{"href":"https:\/\/www.tgrthaber.com\/mavikadin\/wp-json\/wp\/v2\/types\/post"}],"author":[{"embeddable":true,"href":"https:\/\/www.tgrthaber.com\/mavikadin\/wp-json\/wp\/v2\/users\/10"}],"replies":[{"embeddable":true,"href":"https:\/\/www.tgrthaber.com\/mavikadin\/wp-json\/wp\/v2\/comments?post=294739"}],"version-history":[{"count":1,"href":"https:\/\/www.tgrthaber.com\/mavikadin\/wp-json\/wp\/v2\/posts\/294739\/revisions"}],"predecessor-version":[{"id":294743,"href":"https:\/\/www.tgrthaber.com\/mavikadin\/wp-json\/wp\/v2\/posts\/294739\/revisions\/294743"}],"wp:featuredmedia":[{"embeddable":true,"href":"https:\/\/www.tgrthaber.com\/mavikadin\/wp-json\/wp\/v2\/media\/294742"}],"wp:attachment":[{"href":"https:\/\/www.tgrthaber.com\/mavikadin\/wp-json\/wp\/v2\/media?parent=294739"}],"wp:term":[{"taxonomy":"category","embeddable":true,"href":"https:\/\/www.tgrthaber.com\/mavikadin\/wp-json\/wp\/v2\/categories?post=294739"},{"taxonomy":"post_tag","embeddable":true,"href":"https:\/\/www.tgrthaber.com\/mavikadin\/wp-json\/wp\/v2\/tags?post=294739"}],"curies":[{"name":"wp","href":"https:\/\/api.w.org\/{rel}","templated":true}]}}