{"id":294748,"date":"2026-01-24T22:05:01","date_gmt":"2026-01-24T19:05:01","guid":{"rendered":"https:\/\/www.tgrthaber.com\/mavikadin\/?p=294748"},"modified":"2026-01-24T22:10:43","modified_gmt":"2026-01-24T19:10:43","slug":"survivor-2026-busra-yalcin-kimdir-kac-yasinda-survivor-2026-busra-yalcin-aslen-nereli-meslegi-ne","status":"publish","type":"post","link":"https:\/\/www.tgrthaber.com\/mavikadin\/survivor-2026-busra-yalcin-kimdir-kac-yasinda-survivor-2026-busra-yalcin-aslen-nereli-meslegi-ne\/","title":{"rendered":"Survivor 2026 B\u00fc\u015fra Yal\u00e7\u0131n kimdir ka\u00e7 ya\u015f\u0131nda? Survivor 2026 B\u00fc\u015fra Yal\u00e7\u0131n aslen nereli mesle\u011fi ne?"},"content":{"rendered":"<p><a href=\"https:\/\/www.tgrthaber.com\/mavikadin\/survivorda-bir-ilk-yasanacak-3-takim-1-kupa\/\">Survivor<\/a> 2026 kadrosunda bulunan B\u00fc\u015fra Yal\u00e7\u0131n\u2019\u0131n ya\u015f\u0131, aslen nereli oldu\u011fu ve mesle\u011fi izleyiciler taraf\u0131ndan yo\u011fun \u015fekilde ara\u015ft\u0131r\u0131lmaya ba\u015fland\u0131. Fiziksel dayan\u0131kl\u0131l\u0131k gerektiren parkurlara uygun yap\u0131s\u0131 ve h\u0131rsl\u0131 karakteriyle \u00f6ne \u00e7\u0131kan B\u00fc\u015fra Yal\u00e7\u0131n\u2019\u0131n, aktif bir ya\u015fam s\u00fcrd\u00fc\u011f\u00fc ve sporla ba\u011flant\u0131l\u0131 bir ge\u00e7mi\u015fe sahip oldu\u011fu biliniyor. Yar\u0131\u015fmadaki performans\u0131 kadar \u00f6zel hayat\u0131 da merak edilen Yal\u00e7\u0131n, Survivor 2026\u2019n\u0131n dikkat \u00e7eken kad\u0131n yar\u0131\u015fmac\u0131lar\u0131 aras\u0131nda \u015fimdiden yerini ald\u0131.<\/p>\n<h3>SURV\u0130VOR 2026 B\u00dc\u015eRA YAL\u00c7IN K\u0130MD\u0130R KA\u00c7 YA\u015eINDA?<\/h3>\n<p>Tokat do\u011fumlu B\u00fc\u015fra Yal\u00e7\u0131n, \u00c7anakkale 18 Mart \u00dcniversitesi Beden E\u011fitimi \u00d6\u011fretmenli\u011fi mezun oldu. \u0130lkokul 4. s\u0131n\u0131fta okul tak\u0131m\u0131yla ba\u015flay\u0131p, Bah\u00e7elievler Voleybol Kul\u00fcb\u00fc b\u00fcnyesinde 12 y\u0131l voleybol oynad\u0131. Son 5 y\u0131l\u0131 profesyonel ligde olmak \u00fczere devam etti.<\/p>\n<p><img loading=\"lazy\" decoding=\"async\" class=\"alignnone wp-image-294750 size-full\" src=\"https:\/\/www.tgrthaber.com\/mavikadin\/wp-content\/uploads\/2026\/01\/survivor-busra-yalcin-kimdir.jpg\" alt=\"\" width=\"1208\" height=\"680\" title=\"\" srcset=\"https:\/\/www.tgrthaber.com\/mavikadin\/wp-content\/uploads\/2026\/01\/survivor-busra-yalcin-kimdir.jpg 1208w, https:\/\/www.tgrthaber.com\/mavikadin\/wp-content\/uploads\/2026\/01\/survivor-busra-yalcin-kimdir-300x169.jpg 300w, https:\/\/www.tgrthaber.com\/mavikadin\/wp-content\/uploads\/2026\/01\/survivor-busra-yalcin-kimdir-1024x576.jpg 1024w, https:\/\/www.tgrthaber.com\/mavikadin\/wp-content\/uploads\/2026\/01\/survivor-busra-yalcin-kimdir-768x432.jpg 768w\" sizes=\"(max-width: 1208px) 100vw, 1208px\" \/><\/p>\n<hr \/>\n<p>2 y\u0131ld\u0131r da \u0130stanbul Bah\u00e7elievler Voleybol Kul\u00fcb\u00fc\u2019n\u00fcn idari menajerli\u011fini yapm\u0131\u015ft\u0131r. 2019 y\u0131l\u0131nda Survivor Yunanistan yar\u0131\u015fmas\u0131nda yer alan B\u00fc\u015fra Yal\u00e7\u0131n uzun aradan sonra Survivor 2026 sezonunda izleyici kar\u015f\u0131s\u0131na \u00e7\u0131kt\u0131.<\/p>\n<p><img loading=\"lazy\" decoding=\"async\" class=\"alignnone wp-image-294749 size-full\" src=\"https:\/\/www.tgrthaber.com\/mavikadin\/wp-content\/uploads\/2026\/01\/survior-busra-yalcin-meslegi-ne.jpg\" alt=\"\" width=\"1208\" height=\"680\" title=\"\" srcset=\"https:\/\/www.tgrthaber.com\/mavikadin\/wp-content\/uploads\/2026\/01\/survior-busra-yalcin-meslegi-ne.jpg 1208w, https:\/\/www.tgrthaber.com\/mavikadin\/wp-content\/uploads\/2026\/01\/survior-busra-yalcin-meslegi-ne-300x169.jpg 300w, https:\/\/www.tgrthaber.com\/mavikadin\/wp-content\/uploads\/2026\/01\/survior-busra-yalcin-meslegi-ne-1024x576.jpg 1024w, https:\/\/www.tgrthaber.com\/mavikadin\/wp-content\/uploads\/2026\/01\/survior-busra-yalcin-meslegi-ne-768x432.jpg 768w\" sizes=\"(max-width: 1208px) 100vw, 1208px\" \/><\/p>\n<hr \/>\n<h3>SURV\u0130VOR 2026 B\u00dc\u015eRA YAL\u00c7IN ASLEN NEREL\u0130 MESLE\u011e\u0130 NE?<\/h3>\n<p>Survivor 2026 B\u00fc\u015fra Yal\u00e7\u0131n aslen Tokatl\u0131d\u0131r. \u0130stanbul\u2019da ikamet eden B\u00fc\u015fra Yal\u00e7\u0131n Voleybolcu alan\u0131nda faaliyet g\u00f6stermektedir. Voleybol menajerli\u011fi alan\u0131nda kariyerini devam etmektedir.<\/p>\n<p><img loading=\"lazy\" decoding=\"async\" class=\"alignnone wp-image-294723 size-full\" src=\"https:\/\/www.tgrthaber.com\/mavikadin\/wp-content\/uploads\/2026\/01\/Survivor-Unluler-Gonulluler-1.jpg\" alt=\"\" width=\"1208\" height=\"680\" title=\"\" srcset=\"https:\/\/www.tgrthaber.com\/mavikadin\/wp-content\/uploads\/2026\/01\/Survivor-Unluler-Gonulluler-1.jpg 1208w, https:\/\/www.tgrthaber.com\/mavikadin\/wp-content\/uploads\/2026\/01\/Survivor-Unluler-Gonulluler-1-300x169.jpg 300w, https:\/\/www.tgrthaber.com\/mavikadin\/wp-content\/uploads\/2026\/01\/Survivor-Unluler-Gonulluler-1-1024x576.jpg 1024w, https:\/\/www.tgrthaber.com\/mavikadin\/wp-content\/uploads\/2026\/01\/Survivor-Unluler-Gonulluler-1-768x432.jpg 768w\" sizes=\"(max-width: 1208px) 100vw, 1208px\" \/><\/p>\n<hr \/>\n<h3>SURV\u0130VOR 2026 \u00dcNL\u00dcLER VE G\u00d6N\u00dcLL\u00dcLER KADROSU<\/h3>\n<p><strong>\u00dcnl\u00fcler Tak\u0131m\u0131 kadrosu<\/strong><\/p>\n<ul>\n<li>Bayhan G\u00fcrhan<\/li>\n<li>Deniz \u00c7atalba\u015f<\/li>\n<li>Dilan \u00c7\u0131tak (elendi)<\/li>\n<li>Keremcem D\u00fcr\u00fck ( elendi)<\/li>\n<li>Mert Nobre<\/li>\n<li>Meryem Boz<\/li>\n<li>Murat Ark\u0131n<\/li>\n<li>Selen G\u00f6rg\u00fczel (elendi)<\/li>\n<li>Seren Ay \u00c7etin<\/li>\n<li>Serhan Onat<\/li>\n<\/ul>\n<p><img loading=\"lazy\" decoding=\"async\" class=\"alignnone wp-image-294725 size-full\" src=\"https:\/\/www.tgrthaber.com\/mavikadin\/wp-content\/uploads\/2026\/01\/Adsiz-tasarim-2-11.jpg\" alt=\"\" width=\"1208\" height=\"680\" title=\"\" srcset=\"https:\/\/www.tgrthaber.com\/mavikadin\/wp-content\/uploads\/2026\/01\/Adsiz-tasarim-2-11.jpg 1208w, https:\/\/www.tgrthaber.com\/mavikadin\/wp-content\/uploads\/2026\/01\/Adsiz-tasarim-2-11-300x169.jpg 300w, https:\/\/www.tgrthaber.com\/mavikadin\/wp-content\/uploads\/2026\/01\/Adsiz-tasarim-2-11-1024x576.jpg 1024w, https:\/\/www.tgrthaber.com\/mavikadin\/wp-content\/uploads\/2026\/01\/Adsiz-tasarim-2-11-768x432.jpg 768w\" sizes=\"(max-width: 1208px) 100vw, 1208px\" \/><\/p>\n<hr \/>\n<p><strong>\u00dcnl\u00fcler tak\u0131m\u0131na yedeklerden gelen adaylar<\/strong><\/p>\n<ul>\n<li>Can Berkay Ertemiz<\/li>\n<li>Seda Albayrak<\/li>\n<\/ul>\n<p><strong>G\u00f6n\u00fcll\u00fcler tak\u0131m\u0131 kadrosu<\/strong><\/p>\n<ul>\n<li>Ramazan Sar\u0131<\/li>\n<li>Beyza Gemici<\/li>\n<li>Engincan Tura<\/li>\n<li>Eren Semerci<\/li>\n<li>Erkan Bilben (elendi)<\/li>\n<li>G\u00f6zde Bozkurt<\/li>\n<li>Lina Hourieh<\/li>\n<li>Nisanur G\u00fcler<\/li>\n<li>Onur Alp \u00c7am<\/li>\n<\/ul>\n<p><img loading=\"lazy\" decoding=\"async\" class=\"alignnone wp-image-294724 size-full\" src=\"https:\/\/www.tgrthaber.com\/mavikadin\/wp-content\/uploads\/2026\/01\/Adsiz-tasarim-3-11.jpg\" alt=\"\" width=\"1208\" height=\"680\" title=\"\" srcset=\"https:\/\/www.tgrthaber.com\/mavikadin\/wp-content\/uploads\/2026\/01\/Adsiz-tasarim-3-11.jpg 1208w, https:\/\/www.tgrthaber.com\/mavikadin\/wp-content\/uploads\/2026\/01\/Adsiz-tasarim-3-11-300x169.jpg 300w, https:\/\/www.tgrthaber.com\/mavikadin\/wp-content\/uploads\/2026\/01\/Adsiz-tasarim-3-11-1024x576.jpg 1024w, https:\/\/www.tgrthaber.com\/mavikadin\/wp-content\/uploads\/2026\/01\/Adsiz-tasarim-3-11-768x432.jpg 768w\" sizes=\"(max-width: 1208px) 100vw, 1208px\" \/><\/p>\n<hr \/>\n<p><strong>Sar\u0131 tak\u0131m kadrosu\u00a0<\/strong><\/p>\n<ul>\n<li>Nagihan Karadere<\/li>\n<li>Bar\u0131\u015f Murat Ya\u011fc\u0131<\/li>\n<li>Sercan Y\u0131ld\u0131r\u0131m<\/li>\n<li>Tu\u011f\u00e7e Melis Demir<\/li>\n<li>B\u00fc\u015fra Yal\u00e7\u0131n<\/li>\n<li>Osman Can<\/li>\n<li>Nefise Karatay<\/li>\n<li>Do\u011fu\u015f<\/li>\n<\/ul>\n<p><img loading=\"lazy\" decoding=\"async\" class=\"alignnone wp-image-294741 size-full\" src=\"https:\/\/www.tgrthaber.com\/mavikadin\/wp-content\/uploads\/2026\/01\/Adsiz-tasarim-6-15.jpg\" alt=\"\" width=\"1208\" height=\"680\" title=\"\" srcset=\"https:\/\/www.tgrthaber.com\/mavikadin\/wp-content\/uploads\/2026\/01\/Adsiz-tasarim-6-15.jpg 1208w, https:\/\/www.tgrthaber.com\/mavikadin\/wp-content\/uploads\/2026\/01\/Adsiz-tasarim-6-15-300x169.jpg 300w, https:\/\/www.tgrthaber.com\/mavikadin\/wp-content\/uploads\/2026\/01\/Adsiz-tasarim-6-15-1024x576.jpg 1024w, https:\/\/www.tgrthaber.com\/mavikadin\/wp-content\/uploads\/2026\/01\/Adsiz-tasarim-6-15-768x432.jpg 768w\" sizes=\"(max-width: 1208px) 100vw, 1208px\" \/><\/p>\n<hr \/>\n<h3>SURV\u0130VOR 2026\u2019YA VEDE EDEN YARI\u015eMACILAR<\/h3>\n<ul>\n<li>Dilan \u00c7\u0131tak<\/li>\n<li>Keremcem D\u00fcr\u00fck<\/li>\n<li>Selen G\u00f6rg\u00fczel<\/li>\n<li>Erkan Bilben<\/li>\n<\/ul>\n","protected":false},"excerpt":{"rendered":"<p>Survivor 2026 kadrosunda yer almas\u0131yla ad\u0131ndan s\u00f6z ettiren B\u00fc\u015fra Yal\u00e7\u0131n, parkurlara uygun yap\u0131s\u0131yla dikkat \u00e7ekiyor. Yal\u00e7\u0131n\u2019\u0131n ya\u015f\u0131, memleketi ve mesle\u011fi merak konusu oldu. Peki,  Survivor 2026 B\u00fc\u015fra Yal\u00e7\u0131n kimdir? Survivor 2026 B\u00fc\u015fra Yal\u00e7\u0131n ka\u00e7 ya\u015f\u0131nda, aslen nereli?\u201d sorular\u0131na yan\u0131t ararken, yar\u0131\u015fmac\u0131n\u0131n sporla i\u00e7 i\u00e7e ya\u015fam\u0131 ve disiplinli duru\u015fu \u00f6ne \u00e7\u0131k\u0131yor. \u0130\u015fte Survivor 2026\u2019n\u0131n konu\u015fulan isimlerinden B\u00fc\u015fra Yal\u00e7\u0131n hakk\u0131nda merak edilenler\u2026<\/p>\n","protected":false},"author":10,"featured_media":294751,"comment_status":"closed","ping_status":"closed","sticky":false,"template":"","format":"standard","meta":{"rank_math_lock_modified_date":false,"footnotes":""},"categories":[491],"tags":[3374,71407,2366,63785,71405,71406],"class_list":["post-294748","post","type-post","status-publish","format-standard","has-post-thumbnail","hentry","category-biyografi","tag-biyografi","tag-busra-yalcin-kimdir","tag-survivor","tag-survivor-2026","tag-survivor-2026-busra-yalcin","tag-survivor-busra-yalcin"],"_links":{"self":[{"href":"https:\/\/www.tgrthaber.com\/mavikadin\/wp-json\/wp\/v2\/posts\/294748"}],"collection":[{"href":"https:\/\/www.tgrthaber.com\/mavikadin\/wp-json\/wp\/v2\/posts"}],"about":[{"href":"https:\/\/www.tgrthaber.com\/mavikadin\/wp-json\/wp\/v2\/types\/post"}],"author":[{"embeddable":true,"href":"https:\/\/www.tgrthaber.com\/mavikadin\/wp-json\/wp\/v2\/users\/10"}],"replies":[{"embeddable":true,"href":"https:\/\/www.tgrthaber.com\/mavikadin\/wp-json\/wp\/v2\/comments?post=294748"}],"version-history":[{"count":2,"href":"https:\/\/www.tgrthaber.com\/mavikadin\/wp-json\/wp\/v2\/posts\/294748\/revisions"}],"predecessor-version":[{"id":294753,"href":"https:\/\/www.tgrthaber.com\/mavikadin\/wp-json\/wp\/v2\/posts\/294748\/revisions\/294753"}],"wp:featuredmedia":[{"embeddable":true,"href":"https:\/\/www.tgrthaber.com\/mavikadin\/wp-json\/wp\/v2\/media\/294751"}],"wp:attachment":[{"href":"https:\/\/www.tgrthaber.com\/mavikadin\/wp-json\/wp\/v2\/media?parent=294748"}],"wp:term":[{"taxonomy":"category","embeddable":true,"href":"https:\/\/www.tgrthaber.com\/mavikadin\/wp-json\/wp\/v2\/categories?post=294748"},{"taxonomy":"post_tag","embeddable":true,"href":"https:\/\/www.tgrthaber.com\/mavikadin\/wp-json\/wp\/v2\/tags?post=294748"}],"curies":[{"name":"wp","href":"https:\/\/api.w.org\/{rel}","templated":true}]}}