{"id":294755,"date":"2026-01-24T22:37:23","date_gmt":"2026-01-24T19:37:23","guid":{"rendered":"https:\/\/www.tgrthaber.com\/mavikadin\/?p=294755"},"modified":"2026-01-25T00:20:31","modified_gmt":"2026-01-24T21:20:31","slug":"survivor-24-ocak-2026-odul-oyununu-hangi-takim-kazandi-survivorda-ceza-odulunu-hangi-takim-aldi","status":"publish","type":"post","link":"https:\/\/www.tgrthaber.com\/mavikadin\/survivor-24-ocak-2026-odul-oyununu-hangi-takim-kazandi-survivorda-ceza-odulunu-hangi-takim-aldi\/","title":{"rendered":"Survivor 24 Ocak 2026 \u00f6d\u00fcl oyununu hangi tak\u0131m kazand\u0131? Survivor\u2019da ceza \u00f6d\u00fcl\u00fcn\u00fc hangi tak\u0131m ald\u0131?"},"content":{"rendered":"<p><a href=\"https:\/\/www.tgrthaber.com\/mavikadin\/survivorda-bir-ilk-yasanacak-3-takim-1-kupa\/\">Survivor<\/a> 2026, 24 Ocak \u2013 28 Ocak 2026 tarihleri aras\u0131nda izleyicileri ekran ba\u015f\u0131na kilitleyecek. Survivor 2026 \u00dcnl\u00fcler G\u00f6n\u00fcll\u00fcler yar\u0131\u015fmas\u0131 k\u0131sa bir s\u00fcreli\u011fine 3 tak\u0131m halinde yar\u0131\u015facak. K\u0131rm\u0131z\u0131 (\u00dcnl\u00fcler), Maviler ( G\u00f6n\u00fcll\u00fcler) ve Sar\u0131lar ( All Star) olmak \u00fczere parkurlara \u00e7\u0131kacaklar. K\u0131yas\u0131ya rekabetin artaca\u011f\u0131 ve gerilimin doruklarda ya\u015fanaca\u011f\u0131 Survivor challenge seyirciler ekran ba\u015f\u0131ndan ayr\u0131lamayacak. Peki, Survivor 24 Ocak 2026 \u00f6d\u00fcl oyununu hangi tak\u0131m kazand\u0131? Survivor\u2019da ceza \u00f6d\u00fcl\u00fcn\u00fc hangi tak\u0131m ald\u0131?<\/p>\n<h3>SURV\u0130VOR 24 OCAK 2026 \u00d6D\u00dcL OYUNUNU HANG\u0130 TAKIM KAZANDI?<\/h3>\n<p>Survivor 24 Ocak 2026 \u00f6d\u00fcl oyununu kazanan tak\u0131m ilk k\u0131rm\u0131z\u0131 tak\u0131m (\u00fcnl\u00fcler) olurken, ikinci kazanan tak\u0131m Sar\u0131lar (All Star) oldu. Mavi tak\u0131m (G\u00f6n\u00fcll\u00fcler) \u00f6d\u00fcl oyununu kaybetti.<\/p>\n<p><img loading=\"lazy\" decoding=\"async\" class=\"alignnone wp-image-294756 size-full\" src=\"https:\/\/www.tgrthaber.com\/mavikadin\/wp-content\/uploads\/2026\/01\/Survivor-24-Ocak-2026-odul-oyununu-hangi-takim-kazandi.jpg\" alt=\"\" width=\"1208\" height=\"680\" title=\"\" srcset=\"https:\/\/www.tgrthaber.com\/mavikadin\/wp-content\/uploads\/2026\/01\/Survivor-24-Ocak-2026-odul-oyununu-hangi-takim-kazandi.jpg 1208w, https:\/\/www.tgrthaber.com\/mavikadin\/wp-content\/uploads\/2026\/01\/Survivor-24-Ocak-2026-odul-oyununu-hangi-takim-kazandi-300x169.jpg 300w, https:\/\/www.tgrthaber.com\/mavikadin\/wp-content\/uploads\/2026\/01\/Survivor-24-Ocak-2026-odul-oyununu-hangi-takim-kazandi-1024x576.jpg 1024w, https:\/\/www.tgrthaber.com\/mavikadin\/wp-content\/uploads\/2026\/01\/Survivor-24-Ocak-2026-odul-oyununu-hangi-takim-kazandi-768x432.jpg 768w\" sizes=\"(max-width: 1208px) 100vw, 1208px\" \/><\/p>\n<hr \/>\n<h3>SURV\u0130VOR\u2019DA CEZA \u00d6D\u00dcL\u00dcN\u00dc HANG\u0130 TAKIM ALDI?<\/h3>\n<p>Survivor 24 Ocak 2026 ceza \u00f6d\u00fcl\u00fcn\u00fc alan mavi tak\u0131m (G\u00f6n\u00fcll\u00fcler) oldu. Ceza serisini bozmadan devam eden G\u00f6n\u00fcll\u00fcler tak\u0131m\u0131 ceza \u00f6d\u00fcl\u00fc yar\u0131n ki b\u00f6l\u00fcmde belli olacak.<\/p>\n<p><img loading=\"lazy\" decoding=\"async\" class=\"alignnone wp-image-294757 size-full\" src=\"https:\/\/www.tgrthaber.com\/mavikadin\/wp-content\/uploads\/2026\/01\/Survivorda-ceza-odulunu-hangi-takim-aldi.jpg\" alt=\"\" width=\"1208\" height=\"680\" title=\"\" srcset=\"https:\/\/www.tgrthaber.com\/mavikadin\/wp-content\/uploads\/2026\/01\/Survivorda-ceza-odulunu-hangi-takim-aldi.jpg 1208w, https:\/\/www.tgrthaber.com\/mavikadin\/wp-content\/uploads\/2026\/01\/Survivorda-ceza-odulunu-hangi-takim-aldi-300x169.jpg 300w, https:\/\/www.tgrthaber.com\/mavikadin\/wp-content\/uploads\/2026\/01\/Survivorda-ceza-odulunu-hangi-takim-aldi-1024x576.jpg 1024w, https:\/\/www.tgrthaber.com\/mavikadin\/wp-content\/uploads\/2026\/01\/Survivorda-ceza-odulunu-hangi-takim-aldi-768x432.jpg 768w\" sizes=\"(max-width: 1208px) 100vw, 1208px\" \/><\/p>\n<hr \/>\n<h3>SURV\u0130VOR 22 OCAK 2026 VEDA EDEN YARI\u015eMACI K\u0130M OLDU?<\/h3>\n<p>Survivor 2026 yar\u0131\u015fmas\u0131na G\u00f6n\u00fcll\u00fcler tak\u0131m\u0131ndan Erkan Bilben veda etti. \u00dcnl\u00fcler tak\u0131m\u0131n\u0131n Kader Konseyine kalan Survivor Erkan, hay\u0131r oyu alarak Survivor adas\u0131ndan ayr\u0131ld\u0131.<\/p>\n<p><img loading=\"lazy\" decoding=\"async\" class=\"alignnone wp-image-284131 size-full\" src=\"https:\/\/www.tgrthaber.com\/mavikadin\/wp-content\/uploads\/2026\/01\/SURVIVOR-2026-ERKAN-BILBEN-KIMDIR-KAC-YASINDA-NERELI.jpg\" alt=\"\" width=\"1208\" height=\"680\" title=\"\" srcset=\"https:\/\/www.tgrthaber.com\/mavikadin\/wp-content\/uploads\/2026\/01\/SURVIVOR-2026-ERKAN-BILBEN-KIMDIR-KAC-YASINDA-NERELI.jpg 1208w, https:\/\/www.tgrthaber.com\/mavikadin\/wp-content\/uploads\/2026\/01\/SURVIVOR-2026-ERKAN-BILBEN-KIMDIR-KAC-YASINDA-NERELI-300x169.jpg 300w, https:\/\/www.tgrthaber.com\/mavikadin\/wp-content\/uploads\/2026\/01\/SURVIVOR-2026-ERKAN-BILBEN-KIMDIR-KAC-YASINDA-NERELI-1024x576.jpg 1024w, https:\/\/www.tgrthaber.com\/mavikadin\/wp-content\/uploads\/2026\/01\/SURVIVOR-2026-ERKAN-BILBEN-KIMDIR-KAC-YASINDA-NERELI-768x432.jpg 768w\" sizes=\"(max-width: 1208px) 100vw, 1208px\" \/><\/p>\n<hr \/>\n<h3><strong>SURV\u0130VOR 2026 \u00dcNL\u00dcLER VE G\u00d6N\u00dcLL\u00dcLER KADROSU<\/strong><\/h3>\n<p><strong>\u00dcnl\u00fcler Tak\u0131m\u0131 kadrosu<\/strong><\/p>\n<ul>\n<li>Bayhan G\u00fcrhan<\/li>\n<li>Deniz \u00c7atalba\u015f<\/li>\n<li>Dilan \u00c7\u0131tak (elendi)<\/li>\n<li>Keremcem D\u00fcr\u00fck ( elendi)<\/li>\n<li>Mert Nobre<\/li>\n<li>Meryem Boz<\/li>\n<li>Murat Ark\u0131n<\/li>\n<li>Selen G\u00f6rg\u00fczel (elendi)<\/li>\n<li>Seren Ay \u00c7etin<\/li>\n<li>Serhan Onat<\/li>\n<\/ul>\n<p><img loading=\"lazy\" decoding=\"async\" class=\"alignnone wp-image-294725 size-full\" src=\"https:\/\/www.tgrthaber.com\/mavikadin\/wp-content\/uploads\/2026\/01\/Adsiz-tasarim-2-11.jpg\" alt=\"\" width=\"1208\" height=\"680\" title=\"\" srcset=\"https:\/\/www.tgrthaber.com\/mavikadin\/wp-content\/uploads\/2026\/01\/Adsiz-tasarim-2-11.jpg 1208w, https:\/\/www.tgrthaber.com\/mavikadin\/wp-content\/uploads\/2026\/01\/Adsiz-tasarim-2-11-300x169.jpg 300w, https:\/\/www.tgrthaber.com\/mavikadin\/wp-content\/uploads\/2026\/01\/Adsiz-tasarim-2-11-1024x576.jpg 1024w, https:\/\/www.tgrthaber.com\/mavikadin\/wp-content\/uploads\/2026\/01\/Adsiz-tasarim-2-11-768x432.jpg 768w\" sizes=\"(max-width: 1208px) 100vw, 1208px\" \/><\/p>\n<hr \/>\n<p><strong>\u00dcnl\u00fcler tak\u0131m\u0131na yedeklerden gelen adaylar<\/strong><\/p>\n<ul>\n<li>Can Berkay Ertemiz<\/li>\n<li>Seda Albayrak<\/li>\n<\/ul>\n<p><strong>G\u00f6n\u00fcll\u00fcler tak\u0131m\u0131 kadrosu<\/strong><\/p>\n<ul>\n<li>Ramazan Sar\u0131<\/li>\n<li>Beyza Gemici<\/li>\n<li>Engincan Tura<\/li>\n<li>Eren Semerci<\/li>\n<li>Erkan Bilben (elendi)<\/li>\n<li>G\u00f6zde Bozkurt<\/li>\n<li>Lina Hourieh<\/li>\n<li>Nisanur G\u00fcler<\/li>\n<li>Onur Alp \u00c7am<\/li>\n<\/ul>\n<p><img loading=\"lazy\" decoding=\"async\" class=\"alignnone wp-image-294724 size-full\" src=\"https:\/\/www.tgrthaber.com\/mavikadin\/wp-content\/uploads\/2026\/01\/Adsiz-tasarim-3-11.jpg\" alt=\"\" width=\"1208\" height=\"680\" title=\"\" srcset=\"https:\/\/www.tgrthaber.com\/mavikadin\/wp-content\/uploads\/2026\/01\/Adsiz-tasarim-3-11.jpg 1208w, https:\/\/www.tgrthaber.com\/mavikadin\/wp-content\/uploads\/2026\/01\/Adsiz-tasarim-3-11-300x169.jpg 300w, https:\/\/www.tgrthaber.com\/mavikadin\/wp-content\/uploads\/2026\/01\/Adsiz-tasarim-3-11-1024x576.jpg 1024w, https:\/\/www.tgrthaber.com\/mavikadin\/wp-content\/uploads\/2026\/01\/Adsiz-tasarim-3-11-768x432.jpg 768w\" sizes=\"(max-width: 1208px) 100vw, 1208px\" \/><\/p>\n<hr \/>\n<p><strong>Sar\u0131 tak\u0131m kadrosu\u00a0<\/strong><\/p>\n<ul>\n<li>Nagihan Karadere<\/li>\n<li>Bar\u0131\u015f Murat Ya\u011fc\u0131<\/li>\n<li>Sercan Y\u0131ld\u0131r\u0131m<\/li>\n<li>Tu\u011f\u00e7e Melis Demir<\/li>\n<li>B\u00fc\u015fra Yal\u00e7\u0131n<\/li>\n<li>Osman Can<\/li>\n<li>Nefise Karatay<\/li>\n<li>Do\u011fu\u015f<\/li>\n<\/ul>\n<p><img loading=\"lazy\" decoding=\"async\" class=\"alignnone wp-image-294741 size-full\" src=\"https:\/\/www.tgrthaber.com\/mavikadin\/wp-content\/uploads\/2026\/01\/Adsiz-tasarim-6-15.jpg\" alt=\"\" width=\"1208\" height=\"680\" title=\"\" srcset=\"https:\/\/www.tgrthaber.com\/mavikadin\/wp-content\/uploads\/2026\/01\/Adsiz-tasarim-6-15.jpg 1208w, https:\/\/www.tgrthaber.com\/mavikadin\/wp-content\/uploads\/2026\/01\/Adsiz-tasarim-6-15-300x169.jpg 300w, https:\/\/www.tgrthaber.com\/mavikadin\/wp-content\/uploads\/2026\/01\/Adsiz-tasarim-6-15-1024x576.jpg 1024w, https:\/\/www.tgrthaber.com\/mavikadin\/wp-content\/uploads\/2026\/01\/Adsiz-tasarim-6-15-768x432.jpg 768w\" sizes=\"(max-width: 1208px) 100vw, 1208px\" \/><\/p>\n<hr \/>\n<h3>SURV\u0130VOR 2026\u2019YA VEDE EDEN YARI\u015eMACILAR<\/h3>\n<ul>\n<li>Dilan \u00c7\u0131tak<\/li>\n<li>Keremcem D\u00fcr\u00fck<\/li>\n<li>Selen G\u00f6rg\u00fczel<\/li>\n<li>Erkan Bilben<\/li>\n<\/ul>\n","protected":false},"excerpt":{"rendered":"<p>Survivor 2026 yar\u0131\u015fmas\u0131nda bu hafta farkl\u0131 bir hafta olacak. K\u0131rm\u0131z\u0131, Mavi ve Sar\u0131 tak\u0131m olarak 3\u2019e ayr\u0131lan Survivor 2026 yar\u0131\u015fmac\u0131lar\u0131 4 g\u00fcn boyunca zorlu parkurlar\u0131 oynayarak, \u00f6d\u00fcl oyunlar\u0131n\u0131n tad\u0131n\u0131 \u00e7\u0131karmaya \u00e7al\u0131\u015facak. Peki, Survivor 24 Ocak 2026 \u00f6d\u00fcl oyununu hangi tak\u0131m kazand\u0131? Survivor\u2019da ceza \u00f6d\u00fcl\u00fcn\u00fc hangi tak\u0131m ald\u0131? <\/p>\n","protected":false},"author":10,"featured_media":294758,"comment_status":"closed","ping_status":"closed","sticky":false,"template":"","format":"standard","meta":{"rank_math_lock_modified_date":false,"footnotes":""},"categories":[76],"tags":[71408,133,2218,2366,63785],"class_list":["post-294755","post","type-post","status-publish","format-standard","has-post-thumbnail","hentry","category-magazin","tag-24-ocak-2026-survivor-odul-oyunu","tag-magazin","tag-magazin-haberleri","tag-survivor","tag-survivor-2026"],"_links":{"self":[{"href":"https:\/\/www.tgrthaber.com\/mavikadin\/wp-json\/wp\/v2\/posts\/294755"}],"collection":[{"href":"https:\/\/www.tgrthaber.com\/mavikadin\/wp-json\/wp\/v2\/posts"}],"about":[{"href":"https:\/\/www.tgrthaber.com\/mavikadin\/wp-json\/wp\/v2\/types\/post"}],"author":[{"embeddable":true,"href":"https:\/\/www.tgrthaber.com\/mavikadin\/wp-json\/wp\/v2\/users\/10"}],"replies":[{"embeddable":true,"href":"https:\/\/www.tgrthaber.com\/mavikadin\/wp-json\/wp\/v2\/comments?post=294755"}],"version-history":[{"count":5,"href":"https:\/\/www.tgrthaber.com\/mavikadin\/wp-json\/wp\/v2\/posts\/294755\/revisions"}],"predecessor-version":[{"id":294777,"href":"https:\/\/www.tgrthaber.com\/mavikadin\/wp-json\/wp\/v2\/posts\/294755\/revisions\/294777"}],"wp:featuredmedia":[{"embeddable":true,"href":"https:\/\/www.tgrthaber.com\/mavikadin\/wp-json\/wp\/v2\/media\/294758"}],"wp:attachment":[{"href":"https:\/\/www.tgrthaber.com\/mavikadin\/wp-json\/wp\/v2\/media?parent=294755"}],"wp:term":[{"taxonomy":"category","embeddable":true,"href":"https:\/\/www.tgrthaber.com\/mavikadin\/wp-json\/wp\/v2\/categories?post=294755"},{"taxonomy":"post_tag","embeddable":true,"href":"https:\/\/www.tgrthaber.com\/mavikadin\/wp-json\/wp\/v2\/tags?post=294755"}],"curies":[{"name":"wp","href":"https:\/\/api.w.org\/{rel}","templated":true}]}}