{"id":294761,"date":"2026-01-24T23:03:09","date_gmt":"2026-01-24T20:03:09","guid":{"rendered":"https:\/\/www.tgrthaber.com\/mavikadin\/?p=294761"},"modified":"2026-01-24T23:03:09","modified_gmt":"2026-01-24T20:03:09","slug":"survivor-2026-osman-can-ural-kimdir-kac-yasinda-survivor-2026-osman-can-ural-aslen-nereli-meslegi-ne","status":"publish","type":"post","link":"https:\/\/www.tgrthaber.com\/mavikadin\/survivor-2026-osman-can-ural-kimdir-kac-yasinda-survivor-2026-osman-can-ural-aslen-nereli-meslegi-ne\/","title":{"rendered":"Survivor 2026 Osman Can Ural kimdir ka\u00e7 ya\u015f\u0131nda? Survivor 2026 Osman Can Ural aslen nereli mesle\u011fi ne?"},"content":{"rendered":"<p><a href=\"https:\/\/www.tgrthaber.com\/mavikadin\/survivorda-bir-ilk-yasanacak-3-takim-1-kupa\/\">Survivor<\/a> 2026 kadrosuna yeniden dahil olarak yar\u0131\u015fmaya h\u0131zl\u0131 bir giri\u015f yapan Osman Can, daha ilk oyundan ad\u0131ndan s\u00f6z ettirmeyi ba\u015fard\u0131. Eski Survivor yar\u0131\u015fmac\u0131lar\u0131 aras\u0131nda yer alan Osman Can, parkurdaki h\u0131rsl\u0131 tav\u0131rlar\u0131 ve iddial\u0131 performans\u0131yla dikkat \u00e7ekerken, Ramazan Sar\u0131 ile ya\u015fad\u0131\u011f\u0131 tart\u0131\u015fma gecenin en \u00e7ok konu\u015fulan anlar\u0131ndan biri oldu. Gerilim sonras\u0131 izleyiciler, Osman Can hayat\u0131n\u0131 ve yar\u0131\u015fma ge\u00e7mi\u015fini yeniden ara\u015ft\u0131rmaya ba\u015flad\u0131. Peki, Survivor 2026 Osman Can kimdir, ka\u00e7 ya\u015f\u0131nda?\u00a0 Survivor 2026 Osman Can Ural aslen nereli ve mesle\u011fi ne?<\/p>\n<h3>SURV\u0130VOR 2026 OSMAN CAN URAL K\u0130MD\u0130R KA\u00c7 YA\u015eINDA?<\/h3>\n<p>Survivor 2026 yar\u0131\u015fmas\u0131n\u0131n dikkat \u00e7eken isimlerinden Osman Can, 1994 do\u011fumludur. Evlidir. Survivor Osman Can, ge\u00e7mi\u015fte futbolla ilgi duyarak o alanda yer alm\u0131\u015ft\u0131. Osman Can, Acun Medya \u015firketi b\u00fcnyesinde Survivor \u00e7ekimlerinde kamera arkas\u0131nda yer almaya ba\u015flad\u0131. Survivor T\u00fcrkiye yar\u0131\u015fmas\u0131nda olma hayalini 2023 y\u0131l\u0131nda ger\u00e7ekle\u015ftirdi. Survivor 2023 sezonunda ilk be\u015fte yer alarak kendini izleyicilere kan\u0131tlad\u0131.<\/p>\n<p><img loading=\"lazy\" decoding=\"async\" class=\"alignnone wp-image-294762 size-full\" src=\"https:\/\/www.tgrthaber.com\/mavikadin\/wp-content\/uploads\/2026\/01\/Survivor-2026-Osman-Can-kimdir.jpg\" alt=\"\" width=\"1208\" height=\"680\" title=\"\" srcset=\"https:\/\/www.tgrthaber.com\/mavikadin\/wp-content\/uploads\/2026\/01\/Survivor-2026-Osman-Can-kimdir.jpg 1208w, https:\/\/www.tgrthaber.com\/mavikadin\/wp-content\/uploads\/2026\/01\/Survivor-2026-Osman-Can-kimdir-300x169.jpg 300w, https:\/\/www.tgrthaber.com\/mavikadin\/wp-content\/uploads\/2026\/01\/Survivor-2026-Osman-Can-kimdir-1024x576.jpg 1024w, https:\/\/www.tgrthaber.com\/mavikadin\/wp-content\/uploads\/2026\/01\/Survivor-2026-Osman-Can-kimdir-768x432.jpg 768w\" sizes=\"(max-width: 1208px) 100vw, 1208px\" \/><\/p>\n<hr \/>\n<h3>SURV\u0130VOR 2026 OSMAN CAN URAL ASLEN NEREL\u0130 VE MESLE\u011e\u0130 NE?<\/h3>\n<p>Survivor Osman Can aslen nereli oldu\u011funda dair aramalarda bilgi bulunmamaktad\u0131r. Osman Can Ural, Survivor yar\u0131\u015fmas\u0131n\u0131n ard\u0131ndan kendi i\u015fine tekrardan geri d\u00f6nd\u00fc. Medya alan\u0131nda kamera arkas\u0131nda teknik ve \u00e7ekim ekibinde g\u00f6revine devam etmektedir. Spor alan\u0131nda da faaliyet g\u00f6steren Osman Can, fitness e\u011fitmenli\u011fi de yapmaktad\u0131r.<\/p>\n<p><img loading=\"lazy\" decoding=\"async\" class=\"alignnone wp-image-294763 size-full\" src=\"https:\/\/www.tgrthaber.com\/mavikadin\/wp-content\/uploads\/2026\/01\/Survivor-2026-Osman-Can-aslen-nereli-meslegi-ne.jpg\" alt=\"\" width=\"1208\" height=\"680\" title=\"\" srcset=\"https:\/\/www.tgrthaber.com\/mavikadin\/wp-content\/uploads\/2026\/01\/Survivor-2026-Osman-Can-aslen-nereli-meslegi-ne.jpg 1208w, https:\/\/www.tgrthaber.com\/mavikadin\/wp-content\/uploads\/2026\/01\/Survivor-2026-Osman-Can-aslen-nereli-meslegi-ne-300x169.jpg 300w, https:\/\/www.tgrthaber.com\/mavikadin\/wp-content\/uploads\/2026\/01\/Survivor-2026-Osman-Can-aslen-nereli-meslegi-ne-1024x576.jpg 1024w, https:\/\/www.tgrthaber.com\/mavikadin\/wp-content\/uploads\/2026\/01\/Survivor-2026-Osman-Can-aslen-nereli-meslegi-ne-768x432.jpg 768w\" sizes=\"(max-width: 1208px) 100vw, 1208px\" \/><\/p>\n<hr \/>\n<h3>SURV\u0130VOR 2026 \u00dcNL\u00dcLER VE G\u00d6N\u00dcLL\u00dcLER KADROSU<\/h3>\n<p><strong>\u00dcnl\u00fcler Tak\u0131m\u0131 kadrosu<\/strong><\/p>\n<ul>\n<li>Bayhan G\u00fcrhan<\/li>\n<li>Deniz \u00c7atalba\u015f<\/li>\n<li>Dilan \u00c7\u0131tak (elendi)<\/li>\n<li>Keremcem D\u00fcr\u00fck ( elendi)<\/li>\n<li>Mert Nobre<\/li>\n<li>Meryem Boz<\/li>\n<li>Murat Ark\u0131n<\/li>\n<li>Selen G\u00f6rg\u00fczel (elendi)<\/li>\n<li>Seren Ay \u00c7etin<\/li>\n<li>Serhan Onat<\/li>\n<\/ul>\n<p><img loading=\"lazy\" decoding=\"async\" class=\"alignnone wp-image-294725 size-full\" src=\"https:\/\/www.tgrthaber.com\/mavikadin\/wp-content\/uploads\/2026\/01\/Adsiz-tasarim-2-11.jpg\" alt=\"\" width=\"1208\" height=\"680\" title=\"\" srcset=\"https:\/\/www.tgrthaber.com\/mavikadin\/wp-content\/uploads\/2026\/01\/Adsiz-tasarim-2-11.jpg 1208w, https:\/\/www.tgrthaber.com\/mavikadin\/wp-content\/uploads\/2026\/01\/Adsiz-tasarim-2-11-300x169.jpg 300w, https:\/\/www.tgrthaber.com\/mavikadin\/wp-content\/uploads\/2026\/01\/Adsiz-tasarim-2-11-1024x576.jpg 1024w, https:\/\/www.tgrthaber.com\/mavikadin\/wp-content\/uploads\/2026\/01\/Adsiz-tasarim-2-11-768x432.jpg 768w\" sizes=\"(max-width: 1208px) 100vw, 1208px\" \/><\/p>\n<hr \/>\n<p><strong>\u00dcnl\u00fcler tak\u0131m\u0131na yedeklerden gelen adaylar<\/strong><\/p>\n<ul>\n<li>Can Berkay Ertemiz<\/li>\n<li>Seda Albayrak<\/li>\n<\/ul>\n<p><strong>G\u00f6n\u00fcll\u00fcler tak\u0131m\u0131 kadrosu<\/strong><\/p>\n<ul>\n<li>Ramazan Sar\u0131<\/li>\n<li>Beyza Gemici<\/li>\n<li>Engincan Tura<\/li>\n<li>Eren Semerci<\/li>\n<li>Erkan Bilben (elendi)<\/li>\n<li>G\u00f6zde Bozkurt<\/li>\n<li>Lina Hourieh<\/li>\n<li>Nisanur G\u00fcler<\/li>\n<li>Onur Alp \u00c7am<\/li>\n<\/ul>\n<p><img loading=\"lazy\" decoding=\"async\" class=\"alignnone wp-image-294724 size-full\" src=\"https:\/\/www.tgrthaber.com\/mavikadin\/wp-content\/uploads\/2026\/01\/Adsiz-tasarim-3-11.jpg\" alt=\"\" width=\"1208\" height=\"680\" title=\"\" srcset=\"https:\/\/www.tgrthaber.com\/mavikadin\/wp-content\/uploads\/2026\/01\/Adsiz-tasarim-3-11.jpg 1208w, https:\/\/www.tgrthaber.com\/mavikadin\/wp-content\/uploads\/2026\/01\/Adsiz-tasarim-3-11-300x169.jpg 300w, https:\/\/www.tgrthaber.com\/mavikadin\/wp-content\/uploads\/2026\/01\/Adsiz-tasarim-3-11-1024x576.jpg 1024w, https:\/\/www.tgrthaber.com\/mavikadin\/wp-content\/uploads\/2026\/01\/Adsiz-tasarim-3-11-768x432.jpg 768w\" sizes=\"(max-width: 1208px) 100vw, 1208px\" \/><\/p>\n<hr \/>\n<p><strong>Sar\u0131 tak\u0131m kadrosu\u00a0<\/strong><\/p>\n<ul>\n<li>Nagihan Karadere<\/li>\n<li>Bar\u0131\u015f Murat Ya\u011fc\u0131<\/li>\n<li>Sercan Y\u0131ld\u0131r\u0131m<\/li>\n<li>Tu\u011f\u00e7e Melis Demir<\/li>\n<li>B\u00fc\u015fra Yal\u00e7\u0131n<\/li>\n<li>Osman Can<\/li>\n<li>Nefise Karatay<\/li>\n<li>Do\u011fu\u015f<\/li>\n<\/ul>\n<p><img loading=\"lazy\" decoding=\"async\" class=\"alignnone wp-image-294741 size-full\" src=\"https:\/\/www.tgrthaber.com\/mavikadin\/wp-content\/uploads\/2026\/01\/Adsiz-tasarim-6-15.jpg\" alt=\"\" width=\"1208\" height=\"680\" title=\"\" srcset=\"https:\/\/www.tgrthaber.com\/mavikadin\/wp-content\/uploads\/2026\/01\/Adsiz-tasarim-6-15.jpg 1208w, https:\/\/www.tgrthaber.com\/mavikadin\/wp-content\/uploads\/2026\/01\/Adsiz-tasarim-6-15-300x169.jpg 300w, https:\/\/www.tgrthaber.com\/mavikadin\/wp-content\/uploads\/2026\/01\/Adsiz-tasarim-6-15-1024x576.jpg 1024w, https:\/\/www.tgrthaber.com\/mavikadin\/wp-content\/uploads\/2026\/01\/Adsiz-tasarim-6-15-768x432.jpg 768w\" sizes=\"(max-width: 1208px) 100vw, 1208px\" \/><\/p>\n<hr \/>\n<h3>SURV\u0130VOR 2026\u2019YA VEDE EDEN YARI\u015eMACILAR<\/h3>\n<ul>\n<li>Dilan \u00c7\u0131tak<\/li>\n<li>Keremcem D\u00fcr\u00fck<\/li>\n<li>Selen G\u00f6rg\u00fczel<\/li>\n<li>Erkan Bilben<\/li>\n<\/ul>\n","protected":false},"excerpt":{"rendered":"<p>Survivor 2026 kadrosunda olmaya hak kazanan eski yar\u0131\u015fmac\u0131lardan Osman Can r\u00fczgar gibi esiyor. Survivor Osman Can \u00e7\u0131kt\u0131\u011f\u0131 ilk oyunda Ramazan Sar\u0131 ile tart\u0131\u015ft\u0131. Tart\u0131\u015fma sonras\u0131 Osman Can\u2019\u0131n Survivor\u2019daki eski performanslar\u0131 da merak edilmeye ba\u015fland\u0131. Peki, Survivor 2026 Osman Can kimdir ka\u00e7 ya\u015f\u0131nda? Survivor 2026 Osman Can aslen nereli mesle\u011fi ne? <\/p>\n","protected":false},"author":10,"featured_media":294764,"comment_status":"closed","ping_status":"closed","sticky":false,"template":"","format":"standard","meta":{"rank_math_lock_modified_date":false,"footnotes":""},"categories":[491],"tags":[3374,71410,2366,63785,71409],"class_list":["post-294761","post","type-post","status-publish","format-standard","has-post-thumbnail","hentry","category-biyografi","tag-biyografi","tag-survivior-osman-can-kimdir","tag-survivor","tag-survivor-2026","tag-survivor-osman-can"],"_links":{"self":[{"href":"https:\/\/www.tgrthaber.com\/mavikadin\/wp-json\/wp\/v2\/posts\/294761"}],"collection":[{"href":"https:\/\/www.tgrthaber.com\/mavikadin\/wp-json\/wp\/v2\/posts"}],"about":[{"href":"https:\/\/www.tgrthaber.com\/mavikadin\/wp-json\/wp\/v2\/types\/post"}],"author":[{"embeddable":true,"href":"https:\/\/www.tgrthaber.com\/mavikadin\/wp-json\/wp\/v2\/users\/10"}],"replies":[{"embeddable":true,"href":"https:\/\/www.tgrthaber.com\/mavikadin\/wp-json\/wp\/v2\/comments?post=294761"}],"version-history":[{"count":1,"href":"https:\/\/www.tgrthaber.com\/mavikadin\/wp-json\/wp\/v2\/posts\/294761\/revisions"}],"predecessor-version":[{"id":294765,"href":"https:\/\/www.tgrthaber.com\/mavikadin\/wp-json\/wp\/v2\/posts\/294761\/revisions\/294765"}],"wp:featuredmedia":[{"embeddable":true,"href":"https:\/\/www.tgrthaber.com\/mavikadin\/wp-json\/wp\/v2\/media\/294764"}],"wp:attachment":[{"href":"https:\/\/www.tgrthaber.com\/mavikadin\/wp-json\/wp\/v2\/media?parent=294761"}],"wp:term":[{"taxonomy":"category","embeddable":true,"href":"https:\/\/www.tgrthaber.com\/mavikadin\/wp-json\/wp\/v2\/categories?post=294761"},{"taxonomy":"post_tag","embeddable":true,"href":"https:\/\/www.tgrthaber.com\/mavikadin\/wp-json\/wp\/v2\/tags?post=294761"}],"curies":[{"name":"wp","href":"https:\/\/api.w.org\/{rel}","templated":true}]}}