{"id":294766,"date":"2026-01-24T23:30:51","date_gmt":"2026-01-24T20:30:51","guid":{"rendered":"https:\/\/www.tgrthaber.com\/mavikadin\/?p=294766"},"modified":"2026-01-24T23:30:51","modified_gmt":"2026-01-24T20:30:51","slug":"serdar-ortac-sahnede-yere-dustu-serdar-ortacin-saglik-durumu","status":"publish","type":"post","link":"https:\/\/www.tgrthaber.com\/mavikadin\/serdar-ortac-sahnede-yere-dustu-serdar-ortacin-saglik-durumu\/","title":{"rendered":"Serdar Orta\u00e7 sahnede yere d\u00fc\u015ft\u00fc! Serdar Orta\u00e7\u2019\u0131n sa\u011fl\u0131k durumu"},"content":{"rendered":"<p>T\u00fcrk Pop m\u00fczi\u011fin sevilen sanat\u00e7\u0131s\u0131 ve bestecisi <a href=\"https:\/\/www.tgrthaber.com\/mavikadin\/serdar-ortac-ve-daha-binlerce-kisinin-muzdarip-oldugu-ms-hastaligi-ingilterenin-onay-verdigi-ilac\/\">Serdar Orta\u00e7<\/a>, d\u00fcn ak\u015fam verdi\u011fi konser s\u0131ras\u0131nda ya\u015fad\u0131\u011f\u0131 talihsiz kazayla g\u00fcndeme geldi. Sahneye enerjik performans\u0131 ve dans\u00e7\u0131lar\u0131yla birlikte \u00e7\u0131kan Orta\u00e7, \u015fark\u0131 s\u00f6yledi\u011fi s\u0131rada bir anda dengesini kaybederek yere d\u00fc\u015ft\u00fc. O anlar, kameralar\u0131 a\u00e7\u0131k olan bir seyircinin cep telefonu taraf\u0131ndan saniye saniye kaydedildi ve k\u0131sa s\u00fcrede sosyal medyada yay\u0131ld\u0131. G\u00f6r\u00fcnt\u00fclerin ard\u0131ndan hayranlar\u0131 b\u00fcy\u00fck panik ya\u015farken, g\u00f6zler Serdar Orta\u00e7\u2019\u0131n sa\u011fl\u0131k durumuna \u00e7evrildi. Ya\u015fanan olay sonras\u0131 sahnede k\u0131sa s\u00fcreli bir hareketlilik ya\u015fan\u0131rken, Orta\u00e7\u2019\u0131n durumu ve konserin ak\u0131beti merak konusu oldu. Peki, Serdar Orta\u00e7\u2019\u0131n sa\u011fl\u0131k durumu nas\u0131l?<\/p>\n<h3>SERDAR ORTA\u00c7 SAHNEDE YERE D\u00dc\u015eT\u00dc!<\/h3>\n<p>\u00dcnl\u00fc \u015fark\u0131c\u0131 <a href=\"https:\/\/www.tgrthaber.com\/mavikadin\/serdar-ortacin-7-nota-polemigi-yeniden-konusuluyor-muzik-kac-notadan-olusur\/\">Serdar Orta\u00e7<\/a> uzun s\u00fcredir tedavi g\u00f6rd\u00fc\u011f\u00fc MS hastal\u0131\u011f\u0131yla m\u00fccadele ediyor. Tedavilerine d\u00fczenli olarak devam eden Serdar Orta\u00e7 ge\u00e7ti\u011fimiz y\u0131l konserde tek ba\u015f\u0131na y\u00fcr\u00fcyerek sevenlerini mutlu etmi\u015fti. Orta\u00e7\u2019\u0131n sa\u011fl\u0131\u011f\u0131n\u0131n iyiye gitmesi sevindirmi\u015fti.<\/p>\n<p><img loading=\"lazy\" decoding=\"async\" class=\"alignnone wp-image-294767 size-full\" src=\"https:\/\/www.tgrthaber.com\/mavikadin\/wp-content\/uploads\/2026\/01\/Serdar-Ortac-sahnede-yere-dustu.jpg\" alt=\"\" width=\"1208\" height=\"680\" title=\"\" srcset=\"https:\/\/www.tgrthaber.com\/mavikadin\/wp-content\/uploads\/2026\/01\/Serdar-Ortac-sahnede-yere-dustu.jpg 1208w, https:\/\/www.tgrthaber.com\/mavikadin\/wp-content\/uploads\/2026\/01\/Serdar-Ortac-sahnede-yere-dustu-300x169.jpg 300w, https:\/\/www.tgrthaber.com\/mavikadin\/wp-content\/uploads\/2026\/01\/Serdar-Ortac-sahnede-yere-dustu-1024x576.jpg 1024w, https:\/\/www.tgrthaber.com\/mavikadin\/wp-content\/uploads\/2026\/01\/Serdar-Ortac-sahnede-yere-dustu-768x432.jpg 768w\" sizes=\"(max-width: 1208px) 100vw, 1208px\" \/><\/p>\n<hr \/>\n<p>\u015eark\u0131c\u0131 ve besteci Serdar Orta\u00e7 d\u00fcn ak\u015fam sahne ald\u0131\u011f\u0131 mekanda \u015fark\u0131lar\u0131n\u0131 s\u00f6ylerken, konserine gelen konuklara yak\u0131n olmak i\u00e7in y\u00fcr\u00fcd\u00fc. Sahnede birden bire dengesini kaybeden Serdar Orta\u00e7 yere d\u00fc\u015ft\u00fc. O anlarda yan\u0131nda bulunan \u00e7al\u0131\u015fma arkada\u015flar\u0131 Orta\u00e7\u2019a destek oldu.<\/p>\n<p><img loading=\"lazy\" decoding=\"async\" class=\"alignnone wp-image-294768 size-full\" src=\"https:\/\/www.tgrthaber.com\/mavikadin\/wp-content\/uploads\/2026\/01\/Adsiz-tasarim-13-11.jpg\" alt=\"\" width=\"1208\" height=\"680\" title=\"\" srcset=\"https:\/\/www.tgrthaber.com\/mavikadin\/wp-content\/uploads\/2026\/01\/Adsiz-tasarim-13-11.jpg 1208w, https:\/\/www.tgrthaber.com\/mavikadin\/wp-content\/uploads\/2026\/01\/Adsiz-tasarim-13-11-300x169.jpg 300w, https:\/\/www.tgrthaber.com\/mavikadin\/wp-content\/uploads\/2026\/01\/Adsiz-tasarim-13-11-1024x576.jpg 1024w, https:\/\/www.tgrthaber.com\/mavikadin\/wp-content\/uploads\/2026\/01\/Adsiz-tasarim-13-11-768x432.jpg 768w\" sizes=\"(max-width: 1208px) 100vw, 1208px\" \/><\/p>\n<hr \/>\n<p>\u00dcnl\u00fc \u015fark\u0131c\u0131 Serdar Orta\u00e7, ya\u015fan\u0131lan kazay\u0131 g\u00f6rmeden geliyormu\u015f\u00e7as\u0131na \u015fark\u0131lar\u0131n\u0131 s\u00f6ylemeye devam etti. O anlar Orta\u00e7\u2019\u0131 dinlemeye gelen bir hayran\u0131 taraf\u0131ndan kay\u0131t edildi. K\u0131sa s\u00fcrede viral olan video sevenlerini korkuttu.<\/p>\n<p><img loading=\"lazy\" decoding=\"async\" class=\"alignnone wp-image-294770 size-full\" src=\"https:\/\/www.tgrthaber.com\/mavikadin\/wp-content\/uploads\/2026\/01\/Adsiz-tasarim-14-12.jpg\" alt=\"\" width=\"1208\" height=\"680\" title=\"\" srcset=\"https:\/\/www.tgrthaber.com\/mavikadin\/wp-content\/uploads\/2026\/01\/Adsiz-tasarim-14-12.jpg 1208w, https:\/\/www.tgrthaber.com\/mavikadin\/wp-content\/uploads\/2026\/01\/Adsiz-tasarim-14-12-300x169.jpg 300w, https:\/\/www.tgrthaber.com\/mavikadin\/wp-content\/uploads\/2026\/01\/Adsiz-tasarim-14-12-1024x576.jpg 1024w, https:\/\/www.tgrthaber.com\/mavikadin\/wp-content\/uploads\/2026\/01\/Adsiz-tasarim-14-12-768x432.jpg 768w\" sizes=\"(max-width: 1208px) 100vw, 1208px\" \/><\/p>\n<hr \/>\n<h3>SERDAR ORTA\u00c7\u2019IN SA\u011eLIK DURUMU<\/h3>\n<p>Orta\u00e7\u2019\u0131n konserde d\u00fc\u015fmesi sonras\u0131nda kontrolleri yap\u0131ld\u0131. \u015eark\u0131c\u0131n\u0131n sa\u011fl\u0131k durumuna ili\u015fkin beklenen a\u00e7\u0131klama geldi. Serdar Orta\u00e7 sa\u011fl\u0131k durumunun iyi oldu\u011funu sosyal medyas\u0131nda yay\u0131nlad\u0131\u011f\u0131 bir video ile a\u00e7\u0131klad\u0131. Orta\u00e7, \u201c Aya\u011f\u0131m pervaneye doland\u0131 o y\u00fczden d\u00fc\u015ft\u00fcm. \u015eimdi Kayseri\u2019deyiz. Konser ba\u015fl\u0131yor. \u0130yiyim \u00e7ok iyiyim.\u201d s\u00f6zleriyle a\u00e7\u0131klad\u0131.<\/p>\n","protected":false},"excerpt":{"rendered":"<p>Pop m\u00fczi\u011finin sevilen ismi Serdar Orta\u00e7 d\u00fcn ak\u015fam verdi\u011fi konserde sevenlerine unutulmaz anlar ya\u015fatt\u0131. Sahnede dans\u00e7\u0131lar\u0131yla birlikte e\u011flenen Serdar Orta\u00e7 \u015fark\u0131 s\u00f6yledi\u011fi s\u0131rada dengesini kaybederek, yere d\u00fc\u015ft\u00fc. O anda kamera kayd\u0131 a\u00e7\u0131k olan bir seyircinin telefonu kaydetti. Peki, Serdar Orta\u00e7\u2019\u0131n sa\u011fl\u0131k durumu nas\u0131l? <\/p>\n","protected":false},"author":10,"featured_media":294772,"comment_status":"closed","ping_status":"closed","sticky":false,"template":"","format":"standard","meta":{"rank_math_lock_modified_date":false,"footnotes":""},"categories":[76],"tags":[133,12175,2674,4228],"class_list":["post-294766","post","type-post","status-publish","format-standard","has-post-thumbnail","hentry","category-magazin","tag-magazin","tag-magazin-haberi","tag-serdar-ortac","tag-serdar-ortac-saglik-durumu"],"_links":{"self":[{"href":"https:\/\/www.tgrthaber.com\/mavikadin\/wp-json\/wp\/v2\/posts\/294766"}],"collection":[{"href":"https:\/\/www.tgrthaber.com\/mavikadin\/wp-json\/wp\/v2\/posts"}],"about":[{"href":"https:\/\/www.tgrthaber.com\/mavikadin\/wp-json\/wp\/v2\/types\/post"}],"author":[{"embeddable":true,"href":"https:\/\/www.tgrthaber.com\/mavikadin\/wp-json\/wp\/v2\/users\/10"}],"replies":[{"embeddable":true,"href":"https:\/\/www.tgrthaber.com\/mavikadin\/wp-json\/wp\/v2\/comments?post=294766"}],"version-history":[{"count":2,"href":"https:\/\/www.tgrthaber.com\/mavikadin\/wp-json\/wp\/v2\/posts\/294766\/revisions"}],"predecessor-version":[{"id":294774,"href":"https:\/\/www.tgrthaber.com\/mavikadin\/wp-json\/wp\/v2\/posts\/294766\/revisions\/294774"}],"wp:featuredmedia":[{"embeddable":true,"href":"https:\/\/www.tgrthaber.com\/mavikadin\/wp-json\/wp\/v2\/media\/294772"}],"wp:attachment":[{"href":"https:\/\/www.tgrthaber.com\/mavikadin\/wp-json\/wp\/v2\/media?parent=294766"}],"wp:term":[{"taxonomy":"category","embeddable":true,"href":"https:\/\/www.tgrthaber.com\/mavikadin\/wp-json\/wp\/v2\/categories?post=294766"},{"taxonomy":"post_tag","embeddable":true,"href":"https:\/\/www.tgrthaber.com\/mavikadin\/wp-json\/wp\/v2\/tags?post=294766"}],"curies":[{"name":"wp","href":"https:\/\/api.w.org\/{rel}","templated":true}]}}