{"id":294787,"date":"2026-01-25T03:18:46","date_gmt":"2026-01-25T00:18:46","guid":{"rendered":"https:\/\/www.tgrthaber.com\/mavikadin\/?p=294787"},"modified":"2026-01-25T03:30:48","modified_gmt":"2026-01-25T00:30:48","slug":"esref-ruyada-nisan-gercekle-yuzlesiyor-ben-ruyayim-esref-ruya-dizisi-yeni-bolum-ne-zaman-son-bolumde-ne-oldu","status":"publish","type":"post","link":"https:\/\/www.tgrthaber.com\/mavikadin\/esref-ruyada-nisan-gercekle-yuzlesiyor-ben-ruyayim-esref-ruya-dizisi-yeni-bolum-ne-zaman-son-bolumde-ne-oldu\/","title":{"rendered":"E\u015fref R\u00fcya\u2019da Nisan, ger\u00e7ekle y\u00fczle\u015fiyor: Ben R\u00fcya&#8217;y\u0131m! E\u015fref R\u00fcya dizisi yeni b\u00f6l\u00fcm ne zaman, son b\u00f6l\u00fcmde ne oldu?"},"content":{"rendered":"<p>\u0130zleyicilerin ne zamand\u0131r bekledi\u011fi sahnelerden biri olan Nisan\u2019\u0131n E\u015fref\u2019in \u00e7ocukluk a\u015fk\u0131 oldu\u011funu anlamas\u0131, nihayet bu b\u00f6l\u00fcmde ortaya \u00e7\u0131k\u0131yor. Kanal D\u2019nin severek izlenen dizilerinden olan <a href=\"https:\/\/www.tgrthaber.com\/mavikadin\/esref-ruya-kadrosu-genisliyor-bilgesu-kural-saliha-roluyle-ekranlara-geliyor\/\">\u2018E\u015fref R\u00fcya&#8217;<\/a> dizisinin yay\u0131nlanan 30. B\u00f6l\u00fcm 2. Fragman\u0131ndaki R\u00fcya\u2019n\u0131n ger\u00e7eklerle y\u00fczle\u015fti\u011fi sahne fragmana damgas\u0131n\u0131 vuruyor.<\/p>\n<p>Yay\u0131nlanan fragman sonras\u0131nda izleyicilerin d\u00f6rt g\u00f6zle bekledi\u011fi E\u015fref R\u00fcya\u2019da adrenalin dolu anlar s\u00fcrmeye devam ederken Nisan\u2019\u0131n as\u0131l R\u00fcya\u2019n\u0131n kendisinin oldu\u011funu anlad\u0131ktan sonraki s\u00fcrecin nas\u0131l ilerleyece\u011fi ise izleyiciler taraf\u0131ndan ayr\u0131ca merak konusu oldu.<\/p>\n<p><em><strong> Peki, <a href=\"https:\/\/www.tgrthaber.com\/mavikadin\/kizil-goncalardan-ayrilan-tolga-tekinin-yeni-adresi-esref-ruya-dizisi-oldu\/\">E\u015fref R\u00fcya<\/a> son b\u00f6l\u00fcmde neler olmu\u015ftu? E\u015fref R\u00fcya dizisinin yeni b\u00f6l\u00fcm geli\u015fmeleri neler, E\u015fref R\u00fcya 30. B\u00f6l\u00fcm fragman\u0131 yay\u0131nland\u0131 m\u0131?<\/strong><\/em><\/p>\n<h3>&#8216;E\u015eREF R\u00dcYA&#8217; D\u0130Z\u0130S\u0130 YEN\u0130 B\u00d6L\u00dcM FRAGMANI! 30. B\u00d6L\u00dcM 2. FRAGMAN YAYINLADI MI?<\/h3>\n<p>Ba\u015frol\u00fcnde \u00c7a\u011fatay Ulusoy ile Demet \u00d6zdemir&#8217;in yer ald\u0131\u011f\u0131 &#8216;E\u015fref R\u00fcya&#8217; dizisi g\u00fc\u00e7l\u00fc oyuncu kadrosu ve kendine \u00f6zg\u00fc konusu ile ilk b\u00f6l\u00fcmden itibaren izleyici aras\u0131ndan yo\u011fun bir ilgi g\u00f6rmeye devam ediyor.<\/p>\n<p>Yay\u0131nland\u0131\u011f\u0131 her b\u00f6l\u00fcm\u00fc ayr\u0131 bir be\u011feni ile izlenen E\u015fref R\u00fcya&#8217;n\u0131n yeni b\u00f6l\u00fcm fragman\u0131 dizinin s\u0131k\u0131 takip\u00e7ileri aras\u0131ndan arat\u0131l\u0131yor. Peki fenomen dizi E\u015fref R\u00fcya&#8217;n\u0131n yeni b\u00f6l\u00fcm fragman\u0131 yay\u0131nland\u0131 m\u0131?<\/p>\n<p><img loading=\"lazy\" decoding=\"async\" class=\"alignnone wp-image-290417 size-full\" src=\"https:\/\/www.tgrthaber.com\/mavikadin\/wp-content\/uploads\/2026\/01\/ARZU-2026-01-14T163906.689.jpg\" alt=\"Necip Memili E\u015fref R\u00fcya dizisinden ayr\u0131ld\u0131 m\u0131? E\u015fref R\u00fcya dizisinden hangi oyuncular ayr\u0131ld\u0131?\" width=\"1208\" height=\"680\" title=\"\" srcset=\"https:\/\/www.tgrthaber.com\/mavikadin\/wp-content\/uploads\/2026\/01\/ARZU-2026-01-14T163906.689.jpg 1208w, https:\/\/www.tgrthaber.com\/mavikadin\/wp-content\/uploads\/2026\/01\/ARZU-2026-01-14T163906.689-300x169.jpg 300w, https:\/\/www.tgrthaber.com\/mavikadin\/wp-content\/uploads\/2026\/01\/ARZU-2026-01-14T163906.689-1024x576.jpg 1024w, https:\/\/www.tgrthaber.com\/mavikadin\/wp-content\/uploads\/2026\/01\/ARZU-2026-01-14T163906.689-768x432.jpg 768w\" sizes=\"(max-width: 1208px) 100vw, 1208px\" \/><\/p>\n<hr \/>\n<p>Her \u00c7ar\u015famba g\u00fcn\u00fc Kanal D ekranlar\u0131nda izleyicisiyle bulu\u015fan E\u015fref R\u00fcya dizisinin 30. B\u00f6l\u00fcm 2. Fragman\u0131 yay\u0131nland\u0131. \u0130\u015fte E\u015fref R\u00fcya\u2019da izleyicileri bekleyen bomba geli\u015fmeler:<\/p>\n<div style=\"width: 640px;\" class=\"wp-video\"><!--[if lt IE 9]><script>document.createElement('video');<\/script><![endif]-->\n<video class=\"wp-video-shortcode\" id=\"video-294787-1\" width=\"640\" height=\"360\" preload=\"metadata\" controls=\"controls\"><source type=\"video\/mp4\" src=\"https:\/\/www.tgrthaber.com\/mavikadin\/wp-content\/uploads\/2026\/01\/Esref-Ruya-30.-Bolum-2.-Fragman-_-_Ben-Ruyayim_-@kanald.mp4?_=1\" \/><a href=\"https:\/\/www.tgrthaber.com\/mavikadin\/wp-content\/uploads\/2026\/01\/Esref-Ruya-30.-Bolum-2.-Fragman-_-_Ben-Ruyayim_-@kanald.mp4\">https:\/\/www.tgrthaber.com\/mavikadin\/wp-content\/uploads\/2026\/01\/Esref-Ruya-30.-Bolum-2.-Fragman-_-_Ben-Ruyayim_-@kanald.mp4<\/a><\/video><\/div>\n<h3><a href=\"https:\/\/www.tgrthaber.com\/mavikadin\/buyuk-yuzlesme-gerceklesti-esref-ruya-son-bolumde-ne-oldu-esref-ruya-29-bolum-fragmani-yayinlandi\/\">&#8216;E\u015eREF R\u00dcYA<\/a>&#8216; D\u0130Z\u0130S\u0130 SON B\u00d6L\u00dcMDE NE OLDU?<\/h3>\n<p>E\u015fref, Nisan&#8217;\u0131 \u00f6l\u00fcm\u00fcn i\u00e7ine s\u00fcr\u00fckleyen ki\u015finin kim oldu\u011funu \u00f6\u011frenmek i\u00e7in var g\u00fcc\u00fcyle \u00e7abalar. Nisan ise ge\u00e7mi\u015finden gelen karanl\u0131k bo\u015flu\u011fun s\u0131rr\u0131n\u0131 \u00e7\u00f6zmeye \u00e7al\u0131\u015f\u0131r.<\/p>\n<p><img loading=\"lazy\" decoding=\"async\" class=\"alignnone wp-image-294790\" src=\"https:\/\/www.tgrthaber.com\/mavikadin\/wp-content\/uploads\/2026\/01\/Baslik-14.jpg\" alt=\"\" width=\"1208\" height=\"680\" title=\"\" srcset=\"https:\/\/www.tgrthaber.com\/mavikadin\/wp-content\/uploads\/2026\/01\/Baslik-14.jpg 1920w, https:\/\/www.tgrthaber.com\/mavikadin\/wp-content\/uploads\/2026\/01\/Baslik-14-300x169.jpg 300w, https:\/\/www.tgrthaber.com\/mavikadin\/wp-content\/uploads\/2026\/01\/Baslik-14-1024x576.jpg 1024w, https:\/\/www.tgrthaber.com\/mavikadin\/wp-content\/uploads\/2026\/01\/Baslik-14-768x432.jpg 768w, https:\/\/www.tgrthaber.com\/mavikadin\/wp-content\/uploads\/2026\/01\/Baslik-14-1536x864.jpg 1536w\" sizes=\"(max-width: 1208px) 100vw, 1208px\" \/><\/p>\n<hr \/>\n<p>E\u015fref\u2019in yetimlerin ba\u015f\u0131na ge\u00e7ece\u011fi k\u00f6t\u00fcl\u00fcrin d\u00fcnyas\u0131nda b\u00fcy\u00fck ses getirir. Kadir, h\u0131zla ellerinden kay\u0131p giden itibar\u0131n\u0131 yeniden elde etmenin yollar\u0131n\u0131 arar.<\/p>\n<p><img loading=\"lazy\" decoding=\"async\" class=\"alignnone wp-image-293592 size-full\" src=\"https:\/\/www.tgrthaber.com\/mavikadin\/wp-content\/uploads\/2026\/01\/Esref-Ruya-3.webp\" alt=\"\" width=\"1208\" height=\"680\" title=\"\" srcset=\"https:\/\/www.tgrthaber.com\/mavikadin\/wp-content\/uploads\/2026\/01\/Esref-Ruya-3.webp 1208w, https:\/\/www.tgrthaber.com\/mavikadin\/wp-content\/uploads\/2026\/01\/Esref-Ruya-3-300x169.webp 300w, https:\/\/www.tgrthaber.com\/mavikadin\/wp-content\/uploads\/2026\/01\/Esref-Ruya-3-1024x576.webp 1024w, https:\/\/www.tgrthaber.com\/mavikadin\/wp-content\/uploads\/2026\/01\/Esref-Ruya-3-768x432.webp 768w\" sizes=\"(max-width: 1208px) 100vw, 1208px\" \/><\/p>\n<hr \/>\n<p>H\u0131d\u0131r&#8217;\u0131n biyolojik babas\u0131 oldu\u011fu ger\u00e7e\u011fi ile kar\u015f\u0131la\u015fsa da ba\u015flang\u0131\u00e7ta bunu konduramaz.<\/p>\n<p><img loading=\"lazy\" decoding=\"async\" class=\"alignnone wp-image-293593\" src=\"https:\/\/www.tgrthaber.com\/mavikadin\/wp-content\/uploads\/2026\/01\/i-22-2.webp\" alt=\"\" width=\"1208\" height=\"680\" title=\"\" srcset=\"https:\/\/www.tgrthaber.com\/mavikadin\/wp-content\/uploads\/2026\/01\/i-22-2.webp 480w, https:\/\/www.tgrthaber.com\/mavikadin\/wp-content\/uploads\/2026\/01\/i-22-2-300x169.webp 300w\" sizes=\"(max-width: 1208px) 100vw, 1208px\" \/><\/p>\n<hr \/>\n<p>Kadir ellerinden kay\u0131p giden iktidar\u0131 tekrar elde etmenin yollar\u0131n\u0131 arar ike babas\u0131 oldu\u011fu ger\u00e7e\u011fi ile y\u00fczle\u015fir. H\u0131d\u0131r\u2019\u0131n babas\u0131 oldu\u011funu \u00f6\u011frenen Kadir iyice \u00e7\u0131kmaza do\u011fru s\u00fcr\u00fcklenir.<\/p>\n<p>E\u015fref, \u2018F\u0131rat Koral\u2019 ad\u0131ndaki ki\u015fiyi ara\u015ft\u0131rmaya koyulmu\u015f iken kar\u015f\u0131s\u0131nda \u0130htiyar&#8217;\u0131 bulacak.<\/p>\n<h3>&#8216;E\u015eREF R\u00dcYA&#8217; D\u0130Z\u0130S\u0130 YEN\u0130 B\u00d6L\u00dcM NE ZAMAN?<\/h3>\n<p>Reyting rekorlar\u0131 k\u0131ran E\u015fref R\u00fcya dizisi, 28 Ocak \u00c7ar\u015famba g\u00fcn\u00fc Kanal D ekranlar\u0131nda izleyicisiyle bulu\u015facak.<\/p>\n<p><img loading=\"lazy\" decoding=\"async\" class=\"alignnone wp-image-293588\" src=\"https:\/\/www.tgrthaber.com\/mavikadin\/wp-content\/uploads\/2026\/01\/1769008232_897ae3ced1f2f48ace6c.webp\" alt=\"\" width=\"1208\" height=\"725\" title=\"\" srcset=\"https:\/\/www.tgrthaber.com\/mavikadin\/wp-content\/uploads\/2026\/01\/1769008232_897ae3ced1f2f48ace6c.webp 1200w, https:\/\/www.tgrthaber.com\/mavikadin\/wp-content\/uploads\/2026\/01\/1769008232_897ae3ced1f2f48ace6c-300x180.webp 300w, https:\/\/www.tgrthaber.com\/mavikadin\/wp-content\/uploads\/2026\/01\/1769008232_897ae3ced1f2f48ace6c-1024x614.webp 1024w, https:\/\/www.tgrthaber.com\/mavikadin\/wp-content\/uploads\/2026\/01\/1769008232_897ae3ced1f2f48ace6c-768x461.webp 768w\" sizes=\"(max-width: 1208px) 100vw, 1208px\" \/><\/p>\n<hr \/>\n<p>&nbsp;<\/p>\n","protected":false},"excerpt":{"rendered":"<p>Pop\u00fcler dizi E\u015fref R\u00fcya&#8217;n\u0131n merakla beklenen ve b\u00f6l\u00fcme damga vuracak olan Nisan&#8217;\u0131n R\u00fcya oldu\u011funu anlad\u0131\u011f\u0131 sahne, izleyicileri ekran ba\u015f\u0131ndan ay\u0131ramayacak! E\u015fre R\u00fcya dizisinin 30. b\u00f6l\u00fcm 2. fragman yay\u0131nland\u0131! E\u015fref R\u00fcya yeni b\u00f6l\u00fcm ne zaman, E\u015fref R\u00fcya dizisi son b\u00f6l\u00fcmde ne oldu?<\/p>\n","protected":false},"author":27,"featured_media":294789,"comment_status":"closed","ping_status":"closed","sticky":false,"template":"","format":"standard","meta":{"rank_math_lock_modified_date":false,"footnotes":""},"categories":[602],"tags":[4755,71413,11220,71414,15356,71412,71411],"class_list":["post-294787","post","type-post","status-publish","format-standard","has-post-thumbnail","hentry","category-diziler","tag-esref-ruya","tag-esref-ruya-30-bolum","tag-esref-ruya-ne-zaman","tag-esref-ruya-son-bolumde-ne-oldu","tag-esref-ruya-yeni-bolum","tag-esref-ruya-yeni-bolum-fragman","tag-nisan-ruya-oldugunu-anliyor"],"_links":{"self":[{"href":"https:\/\/www.tgrthaber.com\/mavikadin\/wp-json\/wp\/v2\/posts\/294787"}],"collection":[{"href":"https:\/\/www.tgrthaber.com\/mavikadin\/wp-json\/wp\/v2\/posts"}],"about":[{"href":"https:\/\/www.tgrthaber.com\/mavikadin\/wp-json\/wp\/v2\/types\/post"}],"author":[{"embeddable":true,"href":"https:\/\/www.tgrthaber.com\/mavikadin\/wp-json\/wp\/v2\/users\/27"}],"replies":[{"embeddable":true,"href":"https:\/\/www.tgrthaber.com\/mavikadin\/wp-json\/wp\/v2\/comments?post=294787"}],"version-history":[{"count":5,"href":"https:\/\/www.tgrthaber.com\/mavikadin\/wp-json\/wp\/v2\/posts\/294787\/revisions"}],"predecessor-version":[{"id":294795,"href":"https:\/\/www.tgrthaber.com\/mavikadin\/wp-json\/wp\/v2\/posts\/294787\/revisions\/294795"}],"wp:featuredmedia":[{"embeddable":true,"href":"https:\/\/www.tgrthaber.com\/mavikadin\/wp-json\/wp\/v2\/media\/294789"}],"wp:attachment":[{"href":"https:\/\/www.tgrthaber.com\/mavikadin\/wp-json\/wp\/v2\/media?parent=294787"}],"wp:term":[{"taxonomy":"category","embeddable":true,"href":"https:\/\/www.tgrthaber.com\/mavikadin\/wp-json\/wp\/v2\/categories?post=294787"},{"taxonomy":"post_tag","embeddable":true,"href":"https:\/\/www.tgrthaber.com\/mavikadin\/wp-json\/wp\/v2\/tags?post=294787"}],"curies":[{"name":"wp","href":"https:\/\/api.w.org\/{rel}","templated":true}]}}