{"id":294815,"date":"2026-01-25T10:15:10","date_gmt":"2026-01-25T07:15:10","guid":{"rendered":"https:\/\/www.tgrthaber.com\/mavikadin\/?p=294815"},"modified":"2026-01-25T10:15:10","modified_gmt":"2026-01-25T07:15:10","slug":"survivor-onur-alp-cam-gozyaslarina-boguldu-baris-murat-yagcidan-ozur-diledigi-anlar-gundemde","status":"publish","type":"post","link":"https:\/\/www.tgrthaber.com\/mavikadin\/survivor-onur-alp-cam-gozyaslarina-boguldu-baris-murat-yagcidan-ozur-diledigi-anlar-gundemde\/","title":{"rendered":"Survivor Onur Alp \u00c7am g\u00f6zya\u015flar\u0131na bo\u011fuldu! Bar\u0131\u015f Murat Ya\u011fc\u0131&#8217;dan \u00f6z\u00fcr diledi\u011fi anlar g\u00fcndemde"},"content":{"rendered":"<p>Survivor 20262&#8217;da oyun\u00a0 sonras\u0131 ya\u015fanan anlar, yar\u0131\u015fman\u0131n \u00f6n\u00fcne ge\u00e7ti. Yar\u0131\u015fmada dikkat \u00e7eken isim <a href=\"https:\/\/www.tgrthaber.com\/mavikadin\/survivor-onur-alp-camin-hastaligi-ne-onu-alpin-ellerini-sarmasi-izleyenlerin-dikkatin-cekti\/\">Onur \u00c7am Alp<\/a>, parkur m\u00fccadelesi sonras\u0131 ald\u0131\u011f\u0131 say\u0131 ile sevincini dile getirirken, ald\u0131\u011f\u0131 ilk say\u0131y\u0131 annesine arma\u011fan edince olanlar oldu. Ya\u015fan\u0131lan bu sevin\u00e7, yak\u0131n zamanda annesini kaybeden Bar\u0131\u015f Murat Ya\u011fc\u0131&#8217;y\u0131 akl\u0131llara getirince, pi\u015fmanl\u0131k da ka\u00e7\u0131n\u0131lmaz oldu. Niyetinin yanl\u0131\u015f anla\u015f\u0131lmas\u0131n\u0131 istemeyen Onur Alp, Bar\u0131\u015f Murat Ya\u011fc\u0131&#8217;n\u0131n yan\u0131na giderek, g\u00f6zya\u015flar\u0131 i\u00e7inde \u00f6z\u00fcr diledi. O anlar sosyal medyada be\u011feni ya\u011fmuruna tutuldu. \u0130\u015fte detaylar&#8230;<\/p>\n<h3>SURV\u0130VOR ONUR ALP \u00c7AM G\u00d6ZYA\u015eLARINA BO\u011eULDU!<\/h3>\n<p>TV8 ekranlar\u0131n\u0131n y\u0131llard\u0131r ilgiyle takip edilen yar\u0131\u015fmas\u0131 <a href=\"https:\/\/www.tgrthaber.com\/mavikadin\/survivor-2026-tugce-melis-demir-kimdir-kac-yasinda-survivor-2026-tugce-melis-aslen-nereli-meslegi-ne\/\">Survivor<\/a> t\u00fcm h\u0131z\u0131yla s\u00fcr\u00fcyor. Survivor 2026&#8217;n\u0131n konu\u015fulan ismi Onur Alp \u00c7am ise uzun bir aradan sonra bir say\u0131 alman\u0131n heyecan\u0131n\u0131 ya\u015fad\u0131.<\/p>\n<p><img loading=\"lazy\" decoding=\"async\" class=\"alignnone wp-image-294818 \" src=\"https:\/\/www.tgrthaber.com\/mavikadin\/wp-content\/uploads\/2026\/01\/69700a69412c130a1880a6ee.webp\" alt=\"\" width=\"1225\" height=\"692\" title=\"\" srcset=\"https:\/\/www.tgrthaber.com\/mavikadin\/wp-content\/uploads\/2026\/01\/69700a69412c130a1880a6ee.webp 800w, https:\/\/www.tgrthaber.com\/mavikadin\/wp-content\/uploads\/2026\/01\/69700a69412c130a1880a6ee-300x170.webp 300w, https:\/\/www.tgrthaber.com\/mavikadin\/wp-content\/uploads\/2026\/01\/69700a69412c130a1880a6ee-768x434.webp 768w\" sizes=\"(max-width: 1225px) 100vw, 1225px\" \/><\/p>\n<hr \/>\n<p>Ancak ald\u0131\u011f\u0131 ilk say\u0131y\u0131 annesine arma\u011fan eden \u00c7am&#8217;\u0131n akl\u0131na Murat Ya\u011fc\u0131&#8217;n\u0131n anne kayb\u0131 gelince, adada g\u00f6zya\u015flar\u0131 adeta sel oldu.\u00a0Annesine arma\u011fan etmek isetedi\u011fi say\u0131 nedeniyle pi\u015fmanl\u0131\u011f\u0131n\u0131 dile getiren Onur Alp \u00c7am, Bar\u0131\u015f Murat Ya\u011fc\u0131&#8217;n\u0131n yan\u0131na ko\u015ftu ve \u00f6z\u00fcr diledi.<\/p>\n<p><img loading=\"lazy\" decoding=\"async\" class=\"alignnone wp-image-294816 \" src=\"https:\/\/www.tgrthaber.com\/mavikadin\/wp-content\/uploads\/2026\/01\/Ekran-goruntusu-2026-01-25-092647.png\" alt=\"\" width=\"1259\" height=\"680\" title=\"\" srcset=\"https:\/\/www.tgrthaber.com\/mavikadin\/wp-content\/uploads\/2026\/01\/Ekran-goruntusu-2026-01-25-092647.png 700w, https:\/\/www.tgrthaber.com\/mavikadin\/wp-content\/uploads\/2026\/01\/Ekran-goruntusu-2026-01-25-092647-300x162.png 300w\" sizes=\"(max-width: 1259px) 100vw, 1259px\" \/><\/p>\n<hr \/>\n<h3>\u00a0BARI\u015e MURAT YA\u011eCI&#8217;DAN \u00d6Z\u00dcR D\u0130LED\u0130\u011e\u0130 ANLAR G\u00dcNDEMDE<\/h3>\n<p>Bir haftad\u0131r say\u0131 alamad\u0131\u011f\u0131 i\u00e7in psikolojik olarak zorland\u0131\u011f\u0131n\u0131 file getiren <a href=\"https:\/\/www.tgrthaber.com\/mavikadin\/turabiden-dikkat-ceken-survivor-onur-alp-cam-cikisi-yakisikliligim-allah-vergisi-demisti\/\">\u00c7am<\/a>, kazand\u0131\u011f\u0131 say\u0131y\u0131 annesine arma\u011fan etmek istemesinin tamamen bir refleks oldu\u011funu belirtti.<\/p>\n<p><img loading=\"lazy\" decoding=\"async\" class=\"alignnone wp-image-294820 \" src=\"https:\/\/www.tgrthaber.com\/mavikadin\/wp-content\/uploads\/2026\/01\/6932fbc9af000ea1da4910e7.webp\" alt=\"\" width=\"1211\" height=\"681\" title=\"\" srcset=\"https:\/\/www.tgrthaber.com\/mavikadin\/wp-content\/uploads\/2026\/01\/6932fbc9af000ea1da4910e7.webp 740w, https:\/\/www.tgrthaber.com\/mavikadin\/wp-content\/uploads\/2026\/01\/6932fbc9af000ea1da4910e7-300x169.webp 300w\" sizes=\"(max-width: 1211px) 100vw, 1211px\" \/><\/p>\n<hr \/>\n<p>Ancak bu mutlu an\u0131n , annesini k\u0131sa s\u00fcre \u00f6nce kaybden Bar\u0131\u015f Murat Ya\u011fc\u0131&#8217;y\u0131 incitebilece\u011fini fark eden \u00c7am, g\u00f6zya\u015flar\u0131na hakim olamad\u0131 ve solu\u011fu Ya\u011fc\u0131&#8217;n\u0131n yan\u0131nda ald\u0131. &#8216;\u0130stemeden yapt\u0131m&#8217; diyerek g\u00f6zya\u015flar\u0131na bo\u011fulan \u00c7am, Bar\u0131\u015f Murat Ya\u011fc\u0131&#8217;dan \u00f6z\u00fcr diledi ve boynuna sar\u0131ld\u0131. O anlar sosyal medyada an\u0131nda viral oldu.<\/p>\n<div style=\"width: 640px;\" class=\"wp-video\"><!--[if lt IE 9]><script>document.createElement('video');<\/script><![endif]-->\n<video class=\"wp-video-shortcode\" id=\"video-294815-1\" width=\"640\" height=\"354\" preload=\"metadata\" controls=\"controls\"><source type=\"video\/mp4\" src=\"https:\/\/www.tgrthaber.com\/mavikadin\/wp-content\/uploads\/2026\/01\/z2IGcM0VxxzmFc61.mp4?_=1\" \/><a href=\"https:\/\/www.tgrthaber.com\/mavikadin\/wp-content\/uploads\/2026\/01\/z2IGcM0VxxzmFc61.mp4\">https:\/\/www.tgrthaber.com\/mavikadin\/wp-content\/uploads\/2026\/01\/z2IGcM0VxxzmFc61.mp4<\/a><\/video><\/div>\n<hr \/>\n<p>&nbsp;<\/p>\n<h3>SURV\u0130VOR ONUR ALP \u00c7AM K\u0130MD\u0130R, MESLE\u011e\u0130 NED\u0130R?<\/h3>\n<p>Survivor Onur Alp \u00c7am, Best Photomodel of Turkey ve The Look Of The Year yar\u0131\u015fmalar\u0131na kat\u0131larak birincilik elde etmi\u015ftir. Ancak Onur Alp \u00c7am ad\u0131n\u0131 \u00e7ok daha geni\u015f kitlelere duyuran yar\u0131\u015fma program\u0131 K\u0131smetse Olur olmu\u015ftur.<\/p>\n<p><img loading=\"lazy\" decoding=\"async\" class=\"alignnone wp-image-294819 size-full\" src=\"https:\/\/www.tgrthaber.com\/mavikadin\/wp-content\/uploads\/2026\/01\/Adsiz-tasarim-1-7.webp\" alt=\"\" width=\"1208\" height=\"680\" title=\"\" srcset=\"https:\/\/www.tgrthaber.com\/mavikadin\/wp-content\/uploads\/2026\/01\/Adsiz-tasarim-1-7.webp 1208w, https:\/\/www.tgrthaber.com\/mavikadin\/wp-content\/uploads\/2026\/01\/Adsiz-tasarim-1-7-300x169.webp 300w, https:\/\/www.tgrthaber.com\/mavikadin\/wp-content\/uploads\/2026\/01\/Adsiz-tasarim-1-7-1024x576.webp 1024w, https:\/\/www.tgrthaber.com\/mavikadin\/wp-content\/uploads\/2026\/01\/Adsiz-tasarim-1-7-768x432.webp 768w\" sizes=\"(max-width: 1208px) 100vw, 1208px\" \/><\/p>\n<hr \/>\n<p>&nbsp;<\/p>\n<p>Modellik ve oyunculuk alan\u0131nda ismini duyurmay\u0131 ba\u015faran \u00c7am, daha sonra kariyerinde yeni bir sayfa a\u00e7m\u0131\u015ft\u0131r ve ABD&#8217;nin New Jersey eyaletinde d\u00fczenlenen WWE Tryout se\u00e7melerine kat\u0131lm\u0131\u015ft\u0131r. Onur Alp \u00c7am bu se\u00e7melerde binlerce aday aras\u0131ndan 40&#8217;a kalm\u0131\u015ft\u0131r.<\/p>\n<p><img loading=\"lazy\" decoding=\"async\" class=\"alignnone wp-image-294822 size-full\" src=\"https:\/\/www.tgrthaber.com\/mavikadin\/wp-content\/uploads\/2026\/01\/s-bde64ad24ec75cdad29003d3a1823bfde30a444d.jpg\" alt=\"\" width=\"1200\" height=\"675\" title=\"\" srcset=\"https:\/\/www.tgrthaber.com\/mavikadin\/wp-content\/uploads\/2026\/01\/s-bde64ad24ec75cdad29003d3a1823bfde30a444d.jpg 1200w, https:\/\/www.tgrthaber.com\/mavikadin\/wp-content\/uploads\/2026\/01\/s-bde64ad24ec75cdad29003d3a1823bfde30a444d-300x169.jpg 300w, https:\/\/www.tgrthaber.com\/mavikadin\/wp-content\/uploads\/2026\/01\/s-bde64ad24ec75cdad29003d3a1823bfde30a444d-1024x576.jpg 1024w, https:\/\/www.tgrthaber.com\/mavikadin\/wp-content\/uploads\/2026\/01\/s-bde64ad24ec75cdad29003d3a1823bfde30a444d-768x432.jpg 768w\" sizes=\"(max-width: 1200px) 100vw, 1200px\" \/><\/p>\n<hr \/>\n<p>\u00c7am, gelen bu sonu\u00e7la WWE arenas\u0131nda ilk T\u00fcrk sporcu \u00fcnvan\u0131n\u0131 da alm\u0131\u015ft\u0131r. Survivor 2026&#8217;da yar\u0131\u015fan Onur \u00c7am Alp, se\u00e7melerde John Cena, Shawn Michaels ve Rhea Ripley isimleriyle \u00e7al\u0131\u015fma f\u0131rsat\u0131 bulmu\u015ftur.<\/p>\n","protected":false},"excerpt":{"rendered":"<p>Survivor&#8217;da ge\u00e7en rekabetin ard\u0131ndan ya\u015fanan duygusal anlar sosyal medyan\u0131n g\u00fcndemine oturdu. Uzun bir aradan sonra ilk say\u0131s\u0131n\u0131 alan Onur Alp \u00c7am, yapt\u0131\u011f\u0131 bir hamle sonras\u0131 g\u00f6zya\u015flar\u0131na hakim olamad\u0131. Solu\u011fu Bar\u0131\u015f Murat Ya\u011fc\u0131&#8217;n\u0131n yan\u0131nda alan \u00c7am, Ya\u011fc\u0131&#8217;dan \u00f6z\u00fcr diledi. O anlar ise sosyal medyada h\u0131zla yay\u0131ld\u0131. \u0130\u015fte detaylar&#8230;<\/p>\n","protected":false},"author":35,"featured_media":294823,"comment_status":"closed","ping_status":"closed","sticky":false,"template":"","format":"standard","meta":{"rank_math_lock_modified_date":false,"footnotes":""},"categories":[76],"tags":[6589,133,2218,67209,2366],"class_list":["post-294815","post","type-post","status-publish","format-standard","has-post-thumbnail","hentry","category-magazin","tag-baris-murat-yagci","tag-magazin","tag-magazin-haberleri","tag-onur-alp-cam","tag-survivor"],"_links":{"self":[{"href":"https:\/\/www.tgrthaber.com\/mavikadin\/wp-json\/wp\/v2\/posts\/294815"}],"collection":[{"href":"https:\/\/www.tgrthaber.com\/mavikadin\/wp-json\/wp\/v2\/posts"}],"about":[{"href":"https:\/\/www.tgrthaber.com\/mavikadin\/wp-json\/wp\/v2\/types\/post"}],"author":[{"embeddable":true,"href":"https:\/\/www.tgrthaber.com\/mavikadin\/wp-json\/wp\/v2\/users\/35"}],"replies":[{"embeddable":true,"href":"https:\/\/www.tgrthaber.com\/mavikadin\/wp-json\/wp\/v2\/comments?post=294815"}],"version-history":[{"count":1,"href":"https:\/\/www.tgrthaber.com\/mavikadin\/wp-json\/wp\/v2\/posts\/294815\/revisions"}],"predecessor-version":[{"id":294824,"href":"https:\/\/www.tgrthaber.com\/mavikadin\/wp-json\/wp\/v2\/posts\/294815\/revisions\/294824"}],"wp:featuredmedia":[{"embeddable":true,"href":"https:\/\/www.tgrthaber.com\/mavikadin\/wp-json\/wp\/v2\/media\/294823"}],"wp:attachment":[{"href":"https:\/\/www.tgrthaber.com\/mavikadin\/wp-json\/wp\/v2\/media?parent=294815"}],"wp:term":[{"taxonomy":"category","embeddable":true,"href":"https:\/\/www.tgrthaber.com\/mavikadin\/wp-json\/wp\/v2\/categories?post=294815"},{"taxonomy":"post_tag","embeddable":true,"href":"https:\/\/www.tgrthaber.com\/mavikadin\/wp-json\/wp\/v2\/tags?post=294815"}],"curies":[{"name":"wp","href":"https:\/\/api.w.org\/{rel}","templated":true}]}}