{"id":294825,"date":"2026-01-25T11:07:56","date_gmt":"2026-01-25T08:07:56","guid":{"rendered":"https:\/\/www.tgrthaber.com\/mavikadin\/?p=294825"},"modified":"2026-01-25T11:07:56","modified_gmt":"2026-01-25T08:07:56","slug":"mustafa-keserden-yurek-burkan-itiraf-hayatina-dair-bilinmeyenleri-ilk-kez-anlatti","status":"publish","type":"post","link":"https:\/\/www.tgrthaber.com\/mavikadin\/mustafa-keserden-yurek-burkan-itiraf-hayatina-dair-bilinmeyenleri-ilk-kez-anlatti\/","title":{"rendered":"Mustafa Keser&#8217;den y\u00fcrek burkan itiraf! Hayat\u0131na dair bilinmeyenleri ilk kez anlatt\u0131"},"content":{"rendered":"<p>M\u00fczi\u011fin sevilen ismi <a href=\"https:\/\/www.tgrthaber.com\/mavikadin\/mustafa-keser-hayati-film-olursa-kim-oynasin-istiyor-kivanc-tatlitugu-begenmedi\/\">Mustafa Keser<\/a>, A Para ekranlar\u0131nda yay\u0131nlanan Biz Bize program\u0131nda yaopt\u0131\u011f\u0131 samimi itiraflarla g\u00fcndeme geldi. Keser, hayat\u0131na dair \u015fu g\u00fcne kadar bilinmeyen pek \u00e7ok detaya de\u011finerek, dikkat \u00e7eken a\u00e7\u0131klamalarda bulundu. \u00c7ocukluk y\u0131llar\u0131ndan sanat ya\u015fam\u0131na kadar ya\u015fad\u0131\u011f\u0131 zorluklar\u0131 anlatan Keser&#8217;in a\u00e7\u0131klamalar\u0131 geni\u015f yank\u0131 uyand\u0131rd\u0131. Detaylar ise haberimizde&#8230;<\/p>\n<h3>MUSTAFA KESER&#8217;DEN Y\u00dcREK BURKAN \u0130T\u0130RAF!<\/h3>\n<p><a href=\"https:\/\/www.tgrthaber.com\/mavikadin\/kanser-teshisi-konulan-mustafa-keserden-saglik-durumuna-dair-aciklama\/\">Mustafa Keser<\/a>, Elaz\u011f\u0131&#8217;\u0131n Maden il\u00e7esinde d\u00fcnyaya gelmi\u015ftir. Keser, aile ya\u015fant\u0131s\u0131nda m\u00fczi\u011fin evin bir par\u00e7as\u0131n\u0131 oldu\u011funu dile getirerek, \u00e7ocuklu\u011funa dair \u00e7arp\u0131c\u0131 a\u00e7\u0131klamalar yapt\u0131.<\/p>\n<p><img loading=\"lazy\" decoding=\"async\" class=\"alignnone wp-image-294841 size-full\" src=\"https:\/\/www.tgrthaber.com\/mavikadin\/wp-content\/uploads\/2026\/01\/mustafa-keser-kimdir-mustafa-kesere-ne-oldu-mustafa-keser-olayi-ne.webp\" alt=\"\" width=\"1280\" height=\"720\" title=\"\" srcset=\"https:\/\/www.tgrthaber.com\/mavikadin\/wp-content\/uploads\/2026\/01\/mustafa-keser-kimdir-mustafa-kesere-ne-oldu-mustafa-keser-olayi-ne.webp 1280w, https:\/\/www.tgrthaber.com\/mavikadin\/wp-content\/uploads\/2026\/01\/mustafa-keser-kimdir-mustafa-kesere-ne-oldu-mustafa-keser-olayi-ne-300x169.webp 300w, https:\/\/www.tgrthaber.com\/mavikadin\/wp-content\/uploads\/2026\/01\/mustafa-keser-kimdir-mustafa-kesere-ne-oldu-mustafa-keser-olayi-ne-1024x576.webp 1024w, https:\/\/www.tgrthaber.com\/mavikadin\/wp-content\/uploads\/2026\/01\/mustafa-keser-kimdir-mustafa-kesere-ne-oldu-mustafa-keser-olayi-ne-768x432.webp 768w\" sizes=\"(max-width: 1280px) 100vw, 1280px\" \/><\/p>\n<hr \/>\n<p>Mustafa Keser; &#8216; Ailem m\u00fczikle i\u00e7 i\u00e7eydi ama sesi en k\u00f6t\u00fc olan da bendim&#8217; diyerek, k\u00fc\u00e7\u00fck ya\u015flarda kemanla tan\u0131\u015ft\u0131\u011f\u0131n\u0131 s\u00f6yledi. Keser, as\u0131l m\u00fczik yolculu\u011funun ise yat\u0131l\u0131 y\u0131llarda ba\u015flad\u0131\u011f\u0131n\u0131 s\u00f6yledi ve be\u015f ya\u015f\u0131nda verdi\u011fi ilk konserinde haf\u0131zas\u0131nda dikkat \u00e7eken bir detay\u0131 payla\u015ft\u0131. Keser, o anlara dair konser verdi\u011fi salonda, Atat\u00fcrk&#8217;\u00fcn \u015eark B\u00fclb\u00fcl\u00fc unvan\u0131n\u0131 verdi\u011fi Cemal G\u00fczelses&#8217;in de oldu\u011funu ifade etti.<\/p>\n<p><img loading=\"lazy\" decoding=\"async\" class=\"alignnone wp-image-294837 size-full\" src=\"https:\/\/www.tgrthaber.com\/mavikadin\/wp-content\/uploads\/2026\/01\/1200x675-1769281554483.webp\" alt=\"\" width=\"1200\" height=\"675\" title=\"\" srcset=\"https:\/\/www.tgrthaber.com\/mavikadin\/wp-content\/uploads\/2026\/01\/1200x675-1769281554483.webp 1200w, https:\/\/www.tgrthaber.com\/mavikadin\/wp-content\/uploads\/2026\/01\/1200x675-1769281554483-300x169.webp 300w, https:\/\/www.tgrthaber.com\/mavikadin\/wp-content\/uploads\/2026\/01\/1200x675-1769281554483-1024x576.webp 1024w, https:\/\/www.tgrthaber.com\/mavikadin\/wp-content\/uploads\/2026\/01\/1200x675-1769281554483-768x432.webp 768w\" sizes=\"(max-width: 1200px) 100vw, 1200px\" \/><\/p>\n<hr \/>\n<p>1970&#8217;li y\u0131llarda ise gazino sahnelerinde olan ve saz heyetine kadar y\u00fckselen Mustafa Keser, Behiye Aksoy&#8217;dan M\u00fczeyyen Senar&#8217;a kadar olan bir d\u00f6nemde yer ald\u0131\u011f\u0131ndan bahsetti. Keser, TRT s\u0131nav\u0131n\u0131 kazan\u0131nca \u0130zmir&#8217;de kalmay\u0131 tercih etmi\u015f ve sahne d\u0131\u015f\u0131nda da g\u00f6rev alm\u0131\u015f. Keser o g\u00fcnlere ait an\u0131lar\u0131n\u0131 ise \u015fu \u015fekilde payla\u015ft\u0131;<\/p>\n<p><img loading=\"lazy\" decoding=\"async\" class=\"alignnone wp-image-294844 \" src=\"https:\/\/www.tgrthaber.com\/mavikadin\/wp-content\/uploads\/2026\/01\/Ekran-goruntusu-2026-01-25-110247.png\" alt=\"\" width=\"1235\" height=\"694\" title=\"\" srcset=\"https:\/\/www.tgrthaber.com\/mavikadin\/wp-content\/uploads\/2026\/01\/Ekran-goruntusu-2026-01-25-110247.png 1036w, https:\/\/www.tgrthaber.com\/mavikadin\/wp-content\/uploads\/2026\/01\/Ekran-goruntusu-2026-01-25-110247-300x169.png 300w, https:\/\/www.tgrthaber.com\/mavikadin\/wp-content\/uploads\/2026\/01\/Ekran-goruntusu-2026-01-25-110247-1024x575.png 1024w, https:\/\/www.tgrthaber.com\/mavikadin\/wp-content\/uploads\/2026\/01\/Ekran-goruntusu-2026-01-25-110247-768x431.png 768w\" sizes=\"(max-width: 1235px) 100vw, 1235px\" \/><\/p>\n<hr \/>\n<p>&#8216;Market a\u00e7t\u0131m, s\u00fcr\u00fcc\u00fc kursunda e\u011fitmenlik yapt\u0131m. Minib\u00fcs bile kulland\u0131m.&#8217; Usta ses Keser, o d\u00f6nem bir\u00e7ok farkl\u0131 i\u015flerde \u00e7al\u0131\u015fsa da m\u00fczi\u011fin her zaman kendisi i\u00e7in \u00f6n planda oldu\u011funu da vurgulad\u0131.<\/p>\n<p><img loading=\"lazy\" decoding=\"async\" class=\"alignnone wp-image-294838 \" src=\"https:\/\/www.tgrthaber.com\/mavikadin\/wp-content\/uploads\/2026\/01\/6975aa1bb97b7b6ca25fd9d3.webp\" alt=\"\" width=\"1425\" height=\"800\" title=\"\" srcset=\"https:\/\/www.tgrthaber.com\/mavikadin\/wp-content\/uploads\/2026\/01\/6975aa1bb97b7b6ca25fd9d3.webp 750w, https:\/\/www.tgrthaber.com\/mavikadin\/wp-content\/uploads\/2026\/01\/6975aa1bb97b7b6ca25fd9d3-300x168.webp 300w\" sizes=\"(max-width: 1425px) 100vw, 1425px\" \/><\/p>\n<hr \/>\n<h3>HAYATINA DA\u0130R B\u0130L\u0130NMEYENLER\u0130 \u0130LK KEZ ANLATTI<\/h3>\n<p>Sevilen sanat\u00e7\u0131 <a href=\"https:\/\/www.tgrthaber.com\/mavikadin\/hadisenin-su-matarasi-ve-mustafa-keserin-mendili-dudak-ucuklatan-rakama-satildi\/\">Mustafa Keser<\/a>, hayat\u0131na dair dikkat \u00e7eken a\u00e7\u0131klamalar\u0131na devam etti. Usta sanat\u00e7\u0131 e\u011fitim hayat\u0131na dair de baz\u0131 a\u00e7\u0131klamalarda bulundu. Keser, konservatuvar mezunu olmad\u0131\u011f\u0131n\u0131 fatak konservatuvar d\u00fczeyinde ders verdi\u011fini s\u00f6yledi.<\/p>\n<p><img loading=\"lazy\" decoding=\"async\" class=\"alignnone wp-image-294842 size-full\" src=\"https:\/\/www.tgrthaber.com\/mavikadin\/wp-content\/uploads\/2026\/01\/mustafa-keser-kimdir-mustafa-keser-kac-yasinda-14787832_1125_amp.webp\" alt=\"\" width=\"1200\" height=\"675\" title=\"\" srcset=\"https:\/\/www.tgrthaber.com\/mavikadin\/wp-content\/uploads\/2026\/01\/mustafa-keser-kimdir-mustafa-keser-kac-yasinda-14787832_1125_amp.webp 1200w, https:\/\/www.tgrthaber.com\/mavikadin\/wp-content\/uploads\/2026\/01\/mustafa-keser-kimdir-mustafa-keser-kac-yasinda-14787832_1125_amp-300x169.webp 300w, https:\/\/www.tgrthaber.com\/mavikadin\/wp-content\/uploads\/2026\/01\/mustafa-keser-kimdir-mustafa-keser-kac-yasinda-14787832_1125_amp-1024x576.webp 1024w, https:\/\/www.tgrthaber.com\/mavikadin\/wp-content\/uploads\/2026\/01\/mustafa-keser-kimdir-mustafa-keser-kac-yasinda-14787832_1125_amp-768x432.webp 768w\" sizes=\"(max-width: 1200px) 100vw, 1200px\" \/><\/p>\n<hr \/>\n<p>Keser, bu durumu usta-\u00e7\u0131rak gelene\u011fine yorarak, kendisinin de bu \u015fekilde yeti\u015fti\u011finin alt\u0131n\u0131 \u00e7izdi.\u00a0Mustafa Keser, Zeki M\u00fcren&#8217;le ayn\u0131 sahneyi payla\u015ft\u0131\u011f\u0131n\u0131 ve M\u00fczeyyen Senar&#8217;\u0131n kendisine el uzatmas\u0131n\u0131 da hayat\u0131n\u0131n d\u00f6n\u00fcm noktalar\u0131ndan biri oldu\u011funu ifade etti.<\/p>\n<p><img loading=\"lazy\" decoding=\"async\" class=\"alignnone wp-image-294839 \" src=\"https:\/\/www.tgrthaber.com\/mavikadin\/wp-content\/uploads\/2026\/01\/7.webp\" alt=\"\" width=\"1204\" height=\"708\" title=\"\" srcset=\"https:\/\/www.tgrthaber.com\/mavikadin\/wp-content\/uploads\/2026\/01\/7.webp 850w, https:\/\/www.tgrthaber.com\/mavikadin\/wp-content\/uploads\/2026\/01\/7-300x176.webp 300w, https:\/\/www.tgrthaber.com\/mavikadin\/wp-content\/uploads\/2026\/01\/7-768x452.webp 768w\" sizes=\"(max-width: 1204px) 100vw, 1204px\" \/><\/p>\n<hr \/>\n<h3>E\u015e\u0130N\u0130N SA\u011eLIK DURUMU HAKKINDA KONU\u015eTU<\/h3>\n<p>Mustafa Keser, kat\u0131ld\u0131\u011f\u0131 programda e\u015finin sa\u011fl\u0131k durumu hakk\u0131nda da bilgi verdi. \u00dc\u00e7 y\u0131ld\u0131r kanser tedavisi g\u00f6ren e\u015fi Nil\u00fcfer Keser&#8217;den bahseden Mustafa Keser, Cumhurba\u015fkan\u0131&#8217;n\u0131n ilgisini ve doktorlar\u0131n g\u00f6sterdi\u011fi \u00e7abay\u0131 da unutmad\u0131\u011f\u0131n\u0131 belirtti. Keser;<\/p>\n<p><img loading=\"lazy\" decoding=\"async\" class=\"alignnone wp-image-294843 size-full\" src=\"https:\/\/www.tgrthaber.com\/mavikadin\/wp-content\/uploads\/2026\/01\/1200x627-mustafa-keser-oldu-iddialarina-aciklama-geldi-1693384503423.webp\" alt=\"\" width=\"1200\" height=\"627\" title=\"\" srcset=\"https:\/\/www.tgrthaber.com\/mavikadin\/wp-content\/uploads\/2026\/01\/1200x627-mustafa-keser-oldu-iddialarina-aciklama-geldi-1693384503423.webp 1200w, https:\/\/www.tgrthaber.com\/mavikadin\/wp-content\/uploads\/2026\/01\/1200x627-mustafa-keser-oldu-iddialarina-aciklama-geldi-1693384503423-300x157.webp 300w, https:\/\/www.tgrthaber.com\/mavikadin\/wp-content\/uploads\/2026\/01\/1200x627-mustafa-keser-oldu-iddialarina-aciklama-geldi-1693384503423-1024x535.webp 1024w, https:\/\/www.tgrthaber.com\/mavikadin\/wp-content\/uploads\/2026\/01\/1200x627-mustafa-keser-oldu-iddialarina-aciklama-geldi-1693384503423-768x401.webp 768w\" sizes=\"(max-width: 1200px) 100vw, 1200px\" \/><\/p>\n<hr \/>\n<p>&#8216;E\u015fimi sormas\u0131, doktorlar\u0131n hassasiyetle ilgilenmesi ve an\u0131nda devreye girmesi bizi \u00e7ok duyguland\u0131rd\u0131&#8217; diyerek, duydu\u011fu memnuniyeti ifade etti. Mustafa Keser son olarak sahne a\u015fk\u0131na da degindi. Keser, sahneye b\u00fcy\u00fck kazan\u00e7lar elde etmek i\u00e7in de\u011fil, sevenleriyle y\u00fcz y\u00fcze gelmek i\u00e7in \u00e7\u0131kt\u0131\u011f\u0131n\u0131 dile getirdi. \u015eubat ay\u0131nda ba\u015flayacak konserleri i\u00e7in Anadolu&#8217;yu dola\u015faca\u011f\u0131n\u0131 s\u00f6yleyen Keser; &#8216;Zarar etmeyeyim yeter, b\u00fcy\u00fck para derdim yok&#8217; diyerek mesle\u011fine olan ba\u011fl\u0131l\u0131\u011f\u0131n\u0131 a\u00e7\u0131k\u00e7a dile getirdi.<\/p>\n","protected":false},"excerpt":{"rendered":"<p>T\u00fcrk m\u00fczi\u011finin usta ismi Mustafa Keser, hayat\u0131na dair bilinmeyenleri ilk kez bu kadar a\u00e7\u0131k anlatt\u0131. Televizyonda bir programa kat\u0131lan Mustafa Keser&#8217;in y\u00fcrek burkan itiraflar\u0131, dinleyenin a\u011fz\u0131n\u0131 a\u00e7\u0131kta b\u0131rakt\u0131. \u0130\u015fte Mustafa Keser&#8217;in hayat\u0131na dair bilinmeyen o detaylar&#8230;<\/p>\n","protected":false},"author":35,"featured_media":294826,"comment_status":"closed","ping_status":"closed","sticky":false,"template":"","format":"standard","meta":{"rank_math_lock_modified_date":false,"footnotes":""},"categories":[76],"tags":[133,2218,71419,5053],"class_list":["post-294825","post","type-post","status-publish","format-standard","has-post-thumbnail","hentry","category-magazin","tag-magazin","tag-magazin-haberleri","tag-muistafa-keser-hayati","tag-mustafa-keser"],"_links":{"self":[{"href":"https:\/\/www.tgrthaber.com\/mavikadin\/wp-json\/wp\/v2\/posts\/294825"}],"collection":[{"href":"https:\/\/www.tgrthaber.com\/mavikadin\/wp-json\/wp\/v2\/posts"}],"about":[{"href":"https:\/\/www.tgrthaber.com\/mavikadin\/wp-json\/wp\/v2\/types\/post"}],"author":[{"embeddable":true,"href":"https:\/\/www.tgrthaber.com\/mavikadin\/wp-json\/wp\/v2\/users\/35"}],"replies":[{"embeddable":true,"href":"https:\/\/www.tgrthaber.com\/mavikadin\/wp-json\/wp\/v2\/comments?post=294825"}],"version-history":[{"count":2,"href":"https:\/\/www.tgrthaber.com\/mavikadin\/wp-json\/wp\/v2\/posts\/294825\/revisions"}],"predecessor-version":[{"id":294846,"href":"https:\/\/www.tgrthaber.com\/mavikadin\/wp-json\/wp\/v2\/posts\/294825\/revisions\/294846"}],"wp:featuredmedia":[{"embeddable":true,"href":"https:\/\/www.tgrthaber.com\/mavikadin\/wp-json\/wp\/v2\/media\/294826"}],"wp:attachment":[{"href":"https:\/\/www.tgrthaber.com\/mavikadin\/wp-json\/wp\/v2\/media?parent=294825"}],"wp:term":[{"taxonomy":"category","embeddable":true,"href":"https:\/\/www.tgrthaber.com\/mavikadin\/wp-json\/wp\/v2\/categories?post=294825"},{"taxonomy":"post_tag","embeddable":true,"href":"https:\/\/www.tgrthaber.com\/mavikadin\/wp-json\/wp\/v2\/tags?post=294825"}],"curies":[{"name":"wp","href":"https:\/\/api.w.org\/{rel}","templated":true}]}}