{"id":294859,"date":"2026-01-25T12:10:38","date_gmt":"2026-01-25T09:10:38","guid":{"rendered":"https:\/\/www.tgrthaber.com\/mavikadin\/?p=294859"},"modified":"2026-01-25T12:10:38","modified_gmt":"2026-01-25T09:10:38","slug":"bosanacaklari-iddia-ediliyordu-mehmet-ali-erbilin-esi-gulseren-erbilden-soke-eden-iliski-tavsiyesi","status":"publish","type":"post","link":"https:\/\/www.tgrthaber.com\/mavikadin\/bosanacaklari-iddia-ediliyordu-mehmet-ali-erbilin-esi-gulseren-erbilden-soke-eden-iliski-tavsiyesi\/","title":{"rendered":"Bo\u015fanacaklar\u0131 iddia ediliyordu! Mehmet Ali Erbil\u2019in e\u015fi G\u00fclseren Erbil\u2019den \u015foke eden ili\u015fki tavsiyesi"},"content":{"rendered":"<p><a href=\"https:\/\/www.tgrthaber.com\/mavikadin\/mehmet-ali-erbil-ve-gulseren-ceylanin-bosanmasina-eski-esten-dikkat-ceken-aciklama\/\">Mehmet Ali Erbil<\/a> ve G\u00fclseren Erbil \u00e7iftinin uzun bir s\u00fcredir bo\u015fanacaklar\u0131 iddia ediliyordu. Magazin g\u00fcndeminden bir an olsun d\u00fc\u015fmeyen \u00fcnl\u00fc \u00e7ift, konuk olduklar\u0131 programda dikkat \u00e7eken a\u00e7\u0131klamalarda bulundu. Son zamanlarda bo\u015fanacaklar\u0131 iddialar\u0131yla g\u00fcndeme gelen \u00e7iftten G\u00fclseren Erbil, ili\u015fki tavsiyesinde bulundu. G\u00fclseren Erbil\u2019in \u015foke eden ili\u015fki tavsiyesi ise magazin g\u00fcndemine bomba gibi d\u00fc\u015ft\u00fc. \u0130\u015fte Mehmet Ali Erbil\u2019in e\u015fi G\u00fclseren Erbil\u2019den a\u011f\u0131zlar\u0131 a\u00e7\u0131k b\u0131rakan ili\u015fki tavsiyesi\u2026<\/p>\n<h3>MEHMET AL\u0130 ERB\u0130L VE G\u00dcLSEREN ERB\u0130L\u2019\u0130N BO\u015eANACAKLARI \u0130DD\u0130A ED\u0130L\u0130YORDU!<\/h3>\n<p>\u00d6zel hayat\u0131 ve ge\u00e7mi\u015ften bug\u00fcne yapt\u0131\u011f\u0131 evlilikleriyle dikkatleri \u00fczerine \u00e7eken <a href=\"https:\/\/www.tgrthaber.com\/mavikadin\/bosanma-iddialariyla-gundemde-olan-mehmet-ali-erbile-kizi-yasmin-erbilden-destek-sosyal-medya-hesabindan-paylasti\/\">Mehmet Ali Erbil<\/a>, son olarak ge\u00e7ti\u011fimiz aylarda kendisinden 42 ya\u015f k\u00fc\u00e7\u00fck G\u00fclseren Ceylan ile hayatlar\u0131n\u0131 birle\u015ftirmi\u015fti. Evlilikleriyle magazin g\u00fcndemine bomba gibi d\u00fc\u015fen ikili, son zamanlarda bo\u015fanma iddialar\u0131yla adlar\u0131ndan s\u00f6z ettirmi\u015fti.<\/p>\n<p><img loading=\"lazy\" decoding=\"async\" class=\"size-full wp-image-294867\" src=\"https:\/\/www.tgrthaber.com\/mavikadin\/wp-content\/uploads\/2026\/01\/Mehmet-Ali-Erbil-1.jpg\" alt=\"Bo\u015fanacaklar\u0131 iddia ediliyordu! Mehmet Ali Erbil\u2019in e\u015fi G\u00fclseren Erbil\u2019den \u015foke eden ili\u015fki tavsiyesi\" width=\"1208\" height=\"680\" title=\"\" srcset=\"https:\/\/www.tgrthaber.com\/mavikadin\/wp-content\/uploads\/2026\/01\/Mehmet-Ali-Erbil-1.jpg 1208w, https:\/\/www.tgrthaber.com\/mavikadin\/wp-content\/uploads\/2026\/01\/Mehmet-Ali-Erbil-1-300x169.jpg 300w, https:\/\/www.tgrthaber.com\/mavikadin\/wp-content\/uploads\/2026\/01\/Mehmet-Ali-Erbil-1-1024x576.jpg 1024w, https:\/\/www.tgrthaber.com\/mavikadin\/wp-content\/uploads\/2026\/01\/Mehmet-Ali-Erbil-1-768x432.jpg 768w\" sizes=\"(max-width: 1208px) 100vw, 1208px\" \/><\/p>\n<hr \/>\n<p>Uzun s\u00fcredir G\u00fclseren Ceylan ile birlikte olan Mehmet Ali Erbil, 28 A\u011fustos\u2019ta Yenik\u00f6y\u2019de nikah masas\u0131na oturmu\u015ftu. Ya\u015fad\u0131klar\u0131 a\u015fk ve yapt\u0131klar\u0131 a\u00e7\u0131klamalarla s\u0131k s\u0131k g\u00fcndeme gelen Erbil ve Ceylan \u00e7ifti, yak\u0131n dostlar\u0131n\u0131n kat\u0131l\u0131m\u0131yla d\u00fcnyaevine girmi\u015fti. Ceylan ile evlili\u011fiyle magazin d\u00fcnyas\u0131nda b\u00fcy\u00fck ses getiren Erbil, a\u00e7\u0131klamalar\u0131, sosyal medya payla\u015f\u0131mlar\u0131 ve itiraflar\u0131yla dikkatleri \u00fczerine \u00e7ekmeye devam ediyor.<\/p>\n<p><img loading=\"lazy\" decoding=\"async\" class=\"size-full wp-image-294865\" src=\"https:\/\/www.tgrthaber.com\/mavikadin\/wp-content\/uploads\/2026\/01\/Mehmet-Ali-Erbil-7.jpg\" alt=\"Bo\u015fanacaklar\u0131 iddia ediliyordu! Mehmet Ali Erbil\u2019in e\u015fi G\u00fclseren Erbil\u2019den \u015foke eden ili\u015fki tavsiyesi\" width=\"1208\" height=\"680\" title=\"\" srcset=\"https:\/\/www.tgrthaber.com\/mavikadin\/wp-content\/uploads\/2026\/01\/Mehmet-Ali-Erbil-7.jpg 1208w, https:\/\/www.tgrthaber.com\/mavikadin\/wp-content\/uploads\/2026\/01\/Mehmet-Ali-Erbil-7-300x169.jpg 300w, https:\/\/www.tgrthaber.com\/mavikadin\/wp-content\/uploads\/2026\/01\/Mehmet-Ali-Erbil-7-1024x576.jpg 1024w, https:\/\/www.tgrthaber.com\/mavikadin\/wp-content\/uploads\/2026\/01\/Mehmet-Ali-Erbil-7-768x432.jpg 768w\" sizes=\"(max-width: 1208px) 100vw, 1208px\" \/><\/p>\n<hr \/>\n<p>G\u00fclseren Erbil ile evlili\u011fiyle 6. kez nikah masas\u0131na oturan Mehmet Ali Erbil, son zamanlarda bo\u015fanma iddialar\u0131yla g\u00fcndeme gelmi\u015fti. 4,5 ayl\u0131k evliliklerinde kara bulutlar\u0131n dola\u015ft\u0131\u011f\u0131 iddia edilen \u00e7ift, ya\u015fad\u0131klar\u0131 krizlerle adlar\u0131ndan s\u00f6z ettirmi\u015fti.<\/p>\n<p><img loading=\"lazy\" decoding=\"async\" class=\"size-full wp-image-294864\" src=\"https:\/\/www.tgrthaber.com\/mavikadin\/wp-content\/uploads\/2026\/01\/Mehmet-Ali-Erbil-6.jpg\" alt=\"Bo\u015fanacaklar\u0131 iddia ediliyordu! Mehmet Ali Erbil\u2019in e\u015fi G\u00fclseren Erbil\u2019den \u015foke eden ili\u015fki tavsiyesi\" width=\"1208\" height=\"680\" title=\"\" srcset=\"https:\/\/www.tgrthaber.com\/mavikadin\/wp-content\/uploads\/2026\/01\/Mehmet-Ali-Erbil-6.jpg 1208w, https:\/\/www.tgrthaber.com\/mavikadin\/wp-content\/uploads\/2026\/01\/Mehmet-Ali-Erbil-6-300x169.jpg 300w, https:\/\/www.tgrthaber.com\/mavikadin\/wp-content\/uploads\/2026\/01\/Mehmet-Ali-Erbil-6-1024x576.jpg 1024w, https:\/\/www.tgrthaber.com\/mavikadin\/wp-content\/uploads\/2026\/01\/Mehmet-Ali-Erbil-6-768x432.jpg 768w\" sizes=\"(max-width: 1208px) 100vw, 1208px\" \/><\/p>\n<hr \/>\n<p>K\u0131sa bir s\u00fcredir evli olan \u00e7iftin evliliklerinde kriz \u00e7\u0131kt\u0131\u011f\u0131 da ge\u00e7ti\u011fimiz aylarda \u00f6\u011frenilmi\u015fti. Son zamanlarda ayr\u0131lacaklar\u0131 dedikodular\u0131yla adlar\u0131n\u0131 duyuran Mehmet Ali Erbil ve G\u00fclseren Erbil, bir s\u00fcredir bo\u015fanma iddialar\u0131yla zor bir s\u00fcre\u00e7ten ge\u00e7iyordu. Uzun bir s\u00fcredir ayr\u0131lacaklar\u0131 konu\u015fulan \u00fcnl\u00fc \u00e7iftin mutlu beraberliklerine devam etti\u011fi \u00f6\u011frenildi.<\/p>\n<p><img loading=\"lazy\" decoding=\"async\" class=\"size-full wp-image-294863\" src=\"https:\/\/www.tgrthaber.com\/mavikadin\/wp-content\/uploads\/2026\/01\/Mehmet-Ali-Erbil-5.jpg\" alt=\"Bo\u015fanacaklar\u0131 iddia ediliyordu! Mehmet Ali Erbil\u2019in e\u015fi G\u00fclseren Erbil\u2019den \u015foke eden ili\u015fki tavsiyesi\" width=\"1208\" height=\"680\" title=\"\" srcset=\"https:\/\/www.tgrthaber.com\/mavikadin\/wp-content\/uploads\/2026\/01\/Mehmet-Ali-Erbil-5.jpg 1208w, https:\/\/www.tgrthaber.com\/mavikadin\/wp-content\/uploads\/2026\/01\/Mehmet-Ali-Erbil-5-300x169.jpg 300w, https:\/\/www.tgrthaber.com\/mavikadin\/wp-content\/uploads\/2026\/01\/Mehmet-Ali-Erbil-5-1024x576.jpg 1024w, https:\/\/www.tgrthaber.com\/mavikadin\/wp-content\/uploads\/2026\/01\/Mehmet-Ali-Erbil-5-768x432.jpg 768w\" sizes=\"(max-width: 1208px) 100vw, 1208px\" \/><\/p>\n<hr \/>\n<h3>MEHMET AL\u0130 ERB\u0130L\u2019\u0130N E\u015e\u0130 G\u00dcLSEREN ERB\u0130L\u2019DEN \u015eOKE EDEN \u0130L\u0130\u015eK\u0130 TAVS\u0130YES\u0130!<\/h3>\n<p>T\u00fcm bo\u015fanma iddialar\u0131 ve ayr\u0131l\u0131k dedikodular\u0131n\u0131n aksine mutlu beraberliklerini devam ettiren <a href=\"https:\/\/www.tgrthaber.com\/mavikadin\/mehmet-ali-erbil-ve-gulseren-ceylan-bakin-neden-bosaniyorlarmis-peri-masali-sona-erdi\/\">Mehmet Ali Erbil<\/a> ve G\u00fclseren Erbil \u00e7ifti Esra Ezmeci\u2019nin program\u0131na konuk oldu. Konuk olduklar\u0131 programda dikkat \u00e7eken a\u00e7\u0131klamalarda bulunan \u00fcnl\u00fc \u00e7ift dikkatleri \u00fczerine \u00e7ekti.<\/p>\n<p><img loading=\"lazy\" decoding=\"async\" class=\"size-full wp-image-294861\" src=\"https:\/\/www.tgrthaber.com\/mavikadin\/wp-content\/uploads\/2026\/01\/Mehmet-Ali-Erbil-3.jpg\" alt=\"Bo\u015fanacaklar\u0131 iddia ediliyordu! Mehmet Ali Erbil\u2019in e\u015fi G\u00fclseren Erbil\u2019den \u015foke eden ili\u015fki tavsiyesi\" width=\"1208\" height=\"680\" title=\"\" srcset=\"https:\/\/www.tgrthaber.com\/mavikadin\/wp-content\/uploads\/2026\/01\/Mehmet-Ali-Erbil-3.jpg 1208w, https:\/\/www.tgrthaber.com\/mavikadin\/wp-content\/uploads\/2026\/01\/Mehmet-Ali-Erbil-3-300x169.jpg 300w, https:\/\/www.tgrthaber.com\/mavikadin\/wp-content\/uploads\/2026\/01\/Mehmet-Ali-Erbil-3-1024x576.jpg 1024w, https:\/\/www.tgrthaber.com\/mavikadin\/wp-content\/uploads\/2026\/01\/Mehmet-Ali-Erbil-3-768x432.jpg 768w\" sizes=\"(max-width: 1208px) 100vw, 1208px\" \/><\/p>\n<hr \/>\n<p>Mehmet Ali Erbil\u2019in e\u015fi G\u00fclseren Erbil, konuk oldu\u011fu Esra Ezmeci\u2019nin program\u0131nda ili\u015fki tavsiyesinde bulundu. G\u00fclseren Erbil\u2019in \u015foke eden ili\u015fki tavsiyesi ise magazin g\u00fcndemine bomba gibi d\u00fc\u015ft\u00fc.<\/p>\n<p><img loading=\"lazy\" decoding=\"async\" class=\"size-full wp-image-294860\" src=\"https:\/\/www.tgrthaber.com\/mavikadin\/wp-content\/uploads\/2026\/01\/Mehmet-Ali-Erbil-2.jpg\" alt=\"Bo\u015fanacaklar\u0131 iddia ediliyordu! Mehmet Ali Erbil\u2019in e\u015fi G\u00fclseren Erbil\u2019den \u015foke eden ili\u015fki tavsiyesi\" width=\"1208\" height=\"680\" title=\"\" srcset=\"https:\/\/www.tgrthaber.com\/mavikadin\/wp-content\/uploads\/2026\/01\/Mehmet-Ali-Erbil-2.jpg 1208w, https:\/\/www.tgrthaber.com\/mavikadin\/wp-content\/uploads\/2026\/01\/Mehmet-Ali-Erbil-2-300x169.jpg 300w, https:\/\/www.tgrthaber.com\/mavikadin\/wp-content\/uploads\/2026\/01\/Mehmet-Ali-Erbil-2-1024x576.jpg 1024w, https:\/\/www.tgrthaber.com\/mavikadin\/wp-content\/uploads\/2026\/01\/Mehmet-Ali-Erbil-2-768x432.jpg 768w\" sizes=\"(max-width: 1208px) 100vw, 1208px\" \/><\/p>\n<hr \/>\n<p>G\u00fclseren Erbil, konuk oldu\u011fu programda; \u201cSonu\u00e7ta e\u015fim de zengin. Erkek yat\u0131r\u0131m yapt\u0131\u011f\u0131 kad\u0131n\u0131 b\u0131rakm\u0131yor. O y\u00fczden ald\u0131racaks\u0131n\u0131z, hi\u00e7 ac\u0131mayacaks\u0131n\u0131z. \u00c7\u00fcnk\u00fc erkek ald\u0131k\u00e7a daha \u00e7ok de\u011fer veriyor.\u201d \u0130fadelerini kullanarak \u015foke eden ili\u015fki tavsiyesinde bulundu.<\/p>\n<p>Di\u011fer yandan Mehmet Ali Erbil ise cimri olmad\u0131\u011f\u0131n\u0131 aksine tutumlu oldu\u011funu belirtti. Erbil, \u201cNeden bu kadar \u00e7ok kavga edip ayr\u0131l\u0131yorsunuz?\u201d sorusuna \u201cSevmeseydim evlenmezdim. \u00c2\u015f\u0131k olup evlendim. \u0130li\u015fkinin ne\u015fesi ve cilvesi bu.\u201d \u015feklinde cevap verdi.<\/p>\n","protected":false},"excerpt":{"rendered":"<p>Uzun bir s\u00fcredir bo\u015fanma iddialar\u0131yla g\u00fcndeme gelen Mehmet Ali Erbil ve G\u00fclseren Erbil \u00e7ifti, konuk oldu\u011fu programda dikkat \u00e7eken a\u00e7\u0131klamalarda bulundu. G\u00fclseren Erbil\u2019in \u015foke eden ili\u015fki tavsiyesi ise magazin g\u00fcndemine bomba gibi d\u00fc\u015ft\u00fc. \u0130\u015fte detaylar\u2026<\/p>\n","protected":false},"author":26,"featured_media":294862,"comment_status":"closed","ping_status":"closed","sticky":false,"template":"","format":"standard","meta":{"rank_math_lock_modified_date":false,"footnotes":""},"categories":[76],"tags":[50070,133,2218,3062,71424],"class_list":["post-294859","post","type-post","status-publish","format-standard","has-post-thumbnail","hentry","category-magazin","tag-gulseren-erbil","tag-magazin","tag-magazin-haberleri","tag-mehmet-ali-erbil","tag-mehmet-ali-erbil-ve-gulseren-ceylan"],"_links":{"self":[{"href":"https:\/\/www.tgrthaber.com\/mavikadin\/wp-json\/wp\/v2\/posts\/294859"}],"collection":[{"href":"https:\/\/www.tgrthaber.com\/mavikadin\/wp-json\/wp\/v2\/posts"}],"about":[{"href":"https:\/\/www.tgrthaber.com\/mavikadin\/wp-json\/wp\/v2\/types\/post"}],"author":[{"embeddable":true,"href":"https:\/\/www.tgrthaber.com\/mavikadin\/wp-json\/wp\/v2\/users\/26"}],"replies":[{"embeddable":true,"href":"https:\/\/www.tgrthaber.com\/mavikadin\/wp-json\/wp\/v2\/comments?post=294859"}],"version-history":[{"count":2,"href":"https:\/\/www.tgrthaber.com\/mavikadin\/wp-json\/wp\/v2\/posts\/294859\/revisions"}],"predecessor-version":[{"id":294869,"href":"https:\/\/www.tgrthaber.com\/mavikadin\/wp-json\/wp\/v2\/posts\/294859\/revisions\/294869"}],"wp:featuredmedia":[{"embeddable":true,"href":"https:\/\/www.tgrthaber.com\/mavikadin\/wp-json\/wp\/v2\/media\/294862"}],"wp:attachment":[{"href":"https:\/\/www.tgrthaber.com\/mavikadin\/wp-json\/wp\/v2\/media?parent=294859"}],"wp:term":[{"taxonomy":"category","embeddable":true,"href":"https:\/\/www.tgrthaber.com\/mavikadin\/wp-json\/wp\/v2\/categories?post=294859"},{"taxonomy":"post_tag","embeddable":true,"href":"https:\/\/www.tgrthaber.com\/mavikadin\/wp-json\/wp\/v2\/tags?post=294859"}],"curies":[{"name":"wp","href":"https:\/\/api.w.org\/{rel}","templated":true}]}}