{"id":294880,"date":"2026-01-25T13:13:37","date_gmt":"2026-01-25T10:13:37","guid":{"rendered":"https:\/\/www.tgrthaber.com\/mavikadin\/?p=294880"},"modified":"2026-01-25T13:13:37","modified_gmt":"2026-01-25T10:13:37","slug":"demet-ozdemir-esref-ruya-dizisinden-ayriliyor-mu-esref-tek-ruyayi-ogrenince-ne-olacak","status":"publish","type":"post","link":"https:\/\/www.tgrthaber.com\/mavikadin\/demet-ozdemir-esref-ruya-dizisinden-ayriliyor-mu-esref-tek-ruyayi-ogrenince-ne-olacak\/","title":{"rendered":"Demet \u00d6zdemir E\u015fref R\u00fcya dizisinden ayr\u0131l\u0131yor mu? E\u015fref Tek R\u00fcya\u2019y\u0131 \u00f6\u011frenince ne olacak?"},"content":{"rendered":"<p>Ba\u015frollerinde Demet \u00d6zdemir ve \u00c7a\u011fatay Ulusoy\u2019un yer ald\u0131\u011f\u0131 <a href=\"https:\/\/www.tgrthaber.com\/mavikadin\/demet-ozdemirden-esref-ruyanin-gurdali-necip-memili-aciklamasi-takipten-cikip-tum-fotograflari-silmisti\/\">E\u015fref R\u00fcya<\/a> dizisi b\u00fcy\u00fck bir ilgiyle takip edilmeye devam ediyor. Kanal D ekranlar\u0131n\u0131n reyting rekortmeni fenomen dizisinden Demet \u00d6zdemir\u2019in ayr\u0131l\u0131p ayr\u0131lmayaca\u011f\u0131 merak ediliyor. Yay\u0131nland\u0131\u011f\u0131 g\u00fcnden bu yana b\u00fcy\u00fck bir ilgiyle takip edilen fenomen dizi reyting rekorlar\u0131 k\u0131r\u0131yor. Son b\u00f6l\u00fcm\u00fcyle izleyiciyi ekran ba\u015f\u0131na kilitlemeyi ba\u015faran E\u015fref R\u00fcya dizisinin ilerleyen b\u00f6l\u00fcmlerinde neler olaca\u011f\u0131 da ara\u015ft\u0131r\u0131l\u0131yor. Peki, Demet \u00d6zdemir E\u015fref R\u00fcya dizisinden ayr\u0131l\u0131yor mu? E\u015fref Tek, R\u00fcya\u2019y\u0131 \u00f6\u011frenince ne olacak? E\u015fref R\u00fcya dizisi hakk\u0131nda merak edilenleri sizin i\u00e7in ara\u015ft\u0131rd\u0131k. \u0130\u015fte E\u015fref R\u00fcya dizisinde neler olaca\u011f\u0131na dair detaylar\u2026<\/p>\n<h3>DEMET \u00d6ZDEM\u0130R E\u015eREF R\u00dcYA D\u0130Z\u0130S\u0130NDEN AYRILIYOR MU?<\/h3>\n<p>Demet \u00d6zdemir\u2019in Kanal D ekranlar\u0131n\u0131n b\u00fcy\u00fck bir ilgiyle takip edilen dizisi<a href=\"https:\/\/www.tgrthaber.com\/mavikadin\/esref-ruya-29-bolum-esref-ve-ihtiyar-karsilasmasi-esrefin-plani-ne-olacak\/\"> E\u015fref R\u00fcya<\/a> dizisinden ayr\u0131l\u0131p ayr\u0131lmayaca\u011f\u0131 merak edildi. Ba\u015frollerinde \u00c7a\u011fatay Ulusoy ve Demet \u00d6zdemir\u2019in rol ald\u0131\u011f\u0131 fenomen dizi, yay\u0131nland\u0131\u011f\u0131 ilk g\u00fcnden bu yana seyirciyi ekran ba\u015f\u0131na kilitlemeye devam ediyor.<\/p>\n<p><img loading=\"lazy\" decoding=\"async\" class=\"size-full wp-image-294887\" src=\"https:\/\/www.tgrthaber.com\/mavikadin\/wp-content\/uploads\/2026\/01\/Esref-Ruya-16-3.jpg\" alt=\"Demet \u00d6zdemir E\u015fref R\u00fcya dizisinden ayr\u0131l\u0131yor mu? E\u015fref Tek R\u00fcya\u2019y\u0131 \u00f6\u011frenince ne olacak?\" width=\"1208\" height=\"680\" title=\"\" srcset=\"https:\/\/www.tgrthaber.com\/mavikadin\/wp-content\/uploads\/2026\/01\/Esref-Ruya-16-3.jpg 1208w, https:\/\/www.tgrthaber.com\/mavikadin\/wp-content\/uploads\/2026\/01\/Esref-Ruya-16-3-300x169.jpg 300w, https:\/\/www.tgrthaber.com\/mavikadin\/wp-content\/uploads\/2026\/01\/Esref-Ruya-16-3-1024x576.jpg 1024w, https:\/\/www.tgrthaber.com\/mavikadin\/wp-content\/uploads\/2026\/01\/Esref-Ruya-16-3-768x432.jpg 768w\" sizes=\"(max-width: 1208px) 100vw, 1208px\" \/><\/p>\n<hr \/>\n<p>\u00c7ar\u015famba ak\u015famlar\u0131n\u0131n pop\u00fcler dizisi haline gelen E\u015fref R\u00fcya, nefes kesen yeni b\u00f6l\u00fcmleriyle her hafta reytinglerdeki ba\u015far\u0131s\u0131n\u0131 devam ettiriyor. Son olarak 29. b\u00f6l\u00fcm\u00fcyle izleyici kar\u015f\u0131s\u0131na \u00e7\u0131kan E\u015fref R\u00fcya, nefes kesen bir b\u00f6l\u00fcme imza atm\u0131\u015ft\u0131.<\/p>\n<p><img loading=\"lazy\" decoding=\"async\" class=\"size-full wp-image-294883\" src=\"https:\/\/www.tgrthaber.com\/mavikadin\/wp-content\/uploads\/2026\/01\/Esref-Ruya-12-2.jpg\" alt=\"Demet \u00d6zdemir E\u015fref R\u00fcya dizisinden ayr\u0131l\u0131yor mu? E\u015fref Tek R\u00fcya\u2019y\u0131 \u00f6\u011frenince ne olacak?\" width=\"1208\" height=\"680\" title=\"\" srcset=\"https:\/\/www.tgrthaber.com\/mavikadin\/wp-content\/uploads\/2026\/01\/Esref-Ruya-12-2.jpg 1208w, https:\/\/www.tgrthaber.com\/mavikadin\/wp-content\/uploads\/2026\/01\/Esref-Ruya-12-2-300x169.jpg 300w, https:\/\/www.tgrthaber.com\/mavikadin\/wp-content\/uploads\/2026\/01\/Esref-Ruya-12-2-1024x576.jpg 1024w, https:\/\/www.tgrthaber.com\/mavikadin\/wp-content\/uploads\/2026\/01\/Esref-Ruya-12-2-768x432.jpg 768w\" sizes=\"(max-width: 1208px) 100vw, 1208px\" \/><\/p>\n<hr \/>\n<p>Nefeslerin kesildi\u011fi E\u015fref R\u00fcya dizisinin son b\u00f6l\u00fcm\u00fcnde E\u015fref, Nisan\u2019\u0131 \u00f6l\u00fcm\u00fcn i\u00e7ine s\u00fcr\u00fckleyen ki\u015finin kim oldu\u011funu \u00f6\u011frenmek i\u00e7in var g\u00fcc\u00fcyle \u00e7abalam\u0131\u015ft\u0131. Nisan ise ge\u00e7mi\u015finden gelen karanl\u0131k bo\u015flu\u011fun s\u0131rr\u0131n\u0131 \u00e7\u00f6zmeye \u00e7al\u0131\u015f\u0131rken, E\u015fref\u2019in yetimlerin ba\u015f\u0131na ge\u00e7ece\u011fi k\u00f6t\u00fclerin d\u00fcnyas\u0131nda b\u00fcy\u00fck ses getirmi\u015fti.<\/p>\n<p><img loading=\"lazy\" decoding=\"async\" class=\"size-full wp-image-294886\" src=\"https:\/\/www.tgrthaber.com\/mavikadin\/wp-content\/uploads\/2026\/01\/Esref-Ruya-15-3.jpg\" alt=\"Demet \u00d6zdemir E\u015fref R\u00fcya dizisinden ayr\u0131l\u0131yor mu? E\u015fref Tek R\u00fcya\u2019y\u0131 \u00f6\u011frenince ne olacak?\" width=\"1208\" height=\"680\" title=\"\" srcset=\"https:\/\/www.tgrthaber.com\/mavikadin\/wp-content\/uploads\/2026\/01\/Esref-Ruya-15-3.jpg 1208w, https:\/\/www.tgrthaber.com\/mavikadin\/wp-content\/uploads\/2026\/01\/Esref-Ruya-15-3-300x169.jpg 300w, https:\/\/www.tgrthaber.com\/mavikadin\/wp-content\/uploads\/2026\/01\/Esref-Ruya-15-3-1024x576.jpg 1024w, https:\/\/www.tgrthaber.com\/mavikadin\/wp-content\/uploads\/2026\/01\/Esref-Ruya-15-3-768x432.jpg 768w\" sizes=\"(max-width: 1208px) 100vw, 1208px\" \/><\/p>\n<hr \/>\n<p>Seyirciyi ekran ba\u015f\u0131na kilitleyen bir b\u00f6l\u00fcme imza atan E\u015fref R\u00fcya dizisinin yeni b\u00f6l\u00fcm fragman\u0131 yay\u0131nland\u0131. Fenomen dizinin 30. b\u00f6l\u00fcm 2. fragman\u0131 sosyal medyada b\u00fcy\u00fck ses getirdi. Nisan\u2019\u0131n ve E\u015fref\u2019in y\u00fczle\u015fmesi yeni b\u00f6l\u00fcme damga vuracak sahneler aras\u0131nda yer al\u0131rken, Demet \u00d6zdemir\u2019in E\u015fref R\u00fcya dizisinden ayr\u0131l\u0131p ayr\u0131lmayaca\u011f\u0131 merak konusu oldu.<\/p>\n<p><img loading=\"lazy\" decoding=\"async\" class=\"size-full wp-image-294885\" src=\"https:\/\/www.tgrthaber.com\/mavikadin\/wp-content\/uploads\/2026\/01\/Esref-Ruya-14-1.jpg\" alt=\"Demet \u00d6zdemir E\u015fref R\u00fcya dizisinden ayr\u0131l\u0131yor mu? E\u015fref Tek R\u00fcya\u2019y\u0131 \u00f6\u011frenince ne olacak?\" width=\"1208\" height=\"680\" title=\"\" srcset=\"https:\/\/www.tgrthaber.com\/mavikadin\/wp-content\/uploads\/2026\/01\/Esref-Ruya-14-1.jpg 1208w, https:\/\/www.tgrthaber.com\/mavikadin\/wp-content\/uploads\/2026\/01\/Esref-Ruya-14-1-300x169.jpg 300w, https:\/\/www.tgrthaber.com\/mavikadin\/wp-content\/uploads\/2026\/01\/Esref-Ruya-14-1-1024x576.jpg 1024w, https:\/\/www.tgrthaber.com\/mavikadin\/wp-content\/uploads\/2026\/01\/Esref-Ruya-14-1-768x432.jpg 768w\" sizes=\"(max-width: 1208px) 100vw, 1208px\" \/><\/p>\n<hr \/>\n<p>Ba\u015far\u0131l\u0131 oyunculu\u011fu ve g\u00fc\u00e7l\u00fc sesiyle E\u015fref R\u00fcya dizisinde Nisan (R\u00fcya) karakteriyle izleyici kar\u015f\u0131s\u0131na \u00e7\u0131kan Demet \u00d6zdemir, dikkatleri \u00fczerine \u00e7ekmeye devam ediyor. Performans\u0131yla seyirciden tam not almay\u0131 ba\u015faran \u00d6zdemir\u2019in, E\u015fref R\u00fcya dizisinden ayr\u0131laca\u011f\u0131na dair resmi ve do\u011frulu\u011fu kan\u0131tlanm\u0131\u015f bir bilgi bulunmuyor. Her hafta yeni bir reyting rekoruna imza atan dizide Nisan ve E\u015fref\u2019in hikayesinin nas\u0131l devam edece\u011fi merak ediliyor.<\/p>\n<p><img loading=\"lazy\" decoding=\"async\" class=\"size-full wp-image-294882\" src=\"https:\/\/www.tgrthaber.com\/mavikadin\/wp-content\/uploads\/2026\/01\/Esref-Ruya-11-2.jpg\" alt=\"Demet \u00d6zdemir E\u015fref R\u00fcya dizisinden ayr\u0131l\u0131yor mu? E\u015fref Tek R\u00fcya\u2019y\u0131 \u00f6\u011frenince ne olacak?\" width=\"1208\" height=\"680\" title=\"\" srcset=\"https:\/\/www.tgrthaber.com\/mavikadin\/wp-content\/uploads\/2026\/01\/Esref-Ruya-11-2.jpg 1208w, https:\/\/www.tgrthaber.com\/mavikadin\/wp-content\/uploads\/2026\/01\/Esref-Ruya-11-2-300x169.jpg 300w, https:\/\/www.tgrthaber.com\/mavikadin\/wp-content\/uploads\/2026\/01\/Esref-Ruya-11-2-1024x576.jpg 1024w, https:\/\/www.tgrthaber.com\/mavikadin\/wp-content\/uploads\/2026\/01\/Esref-Ruya-11-2-768x432.jpg 768w\" sizes=\"(max-width: 1208px) 100vw, 1208px\" \/><\/p>\n<hr \/>\n<h3>E\u015eREF R\u00dcYA D\u0130Z\u0130S\u0130NDE E\u015eREF TEK R\u00dcYA\u2019NIN N\u0130SAN OLDU\u011eUNU \u00d6\u011eREN\u0130NCE NE OLACAK?<\/h3>\n<p><a href=\"https:\/\/www.tgrthaber.com\/mavikadin\/esref-ruyada-nisan-gercekle-yuzlesiyor-ben-ruyayim-esref-ruya-dizisi-yeni-bolum-ne-zaman-son-bolumde-ne-oldu\/\">E\u015fref R\u00fcya<\/a> dizisi, yay\u0131nland\u0131\u011f\u0131 g\u00fcnden bu yana hem etkileyici hikayesi hem de g\u00fc\u00e7l\u00fc oyuncu kadrosuyla izleyici taraf\u0131ndan b\u00fcy\u00fck ilgi g\u00f6r\u00fcyor. Hik\u00e2yenin ba\u015f\u0131ndan bu yana E\u015fref\u2019in R\u00fcya\u2019ya duydu\u011fu \u00f6zlem ve a\u015fk da dikkat \u00e7ekiyor. Dizinin ilk b\u00f6l\u00fcm\u00fcnden itibaren en dikkat \u00e7eken karakterlerden biri olan R\u00fcya\u2019n\u0131n asl\u0131nda Nisan olmas\u0131 ise fenomen dizinin k\u0131r\u0131lma noktalar\u0131ndan biri olarak kar\u015f\u0131m\u0131za \u00e7\u0131k\u0131yor.<\/p>\n<p><img loading=\"lazy\" decoding=\"async\" class=\"size-full wp-image-294884\" src=\"https:\/\/www.tgrthaber.com\/mavikadin\/wp-content\/uploads\/2026\/01\/Esref-Ruya-13-3.jpg\" alt=\"Demet \u00d6zdemir E\u015fref R\u00fcya dizisinden ayr\u0131l\u0131yor mu? E\u015fref Tek R\u00fcya\u2019y\u0131 \u00f6\u011frenince ne olacak?\" width=\"1208\" height=\"680\" title=\"\" srcset=\"https:\/\/www.tgrthaber.com\/mavikadin\/wp-content\/uploads\/2026\/01\/Esref-Ruya-13-3.jpg 1208w, https:\/\/www.tgrthaber.com\/mavikadin\/wp-content\/uploads\/2026\/01\/Esref-Ruya-13-3-300x169.jpg 300w, https:\/\/www.tgrthaber.com\/mavikadin\/wp-content\/uploads\/2026\/01\/Esref-Ruya-13-3-1024x576.jpg 1024w, https:\/\/www.tgrthaber.com\/mavikadin\/wp-content\/uploads\/2026\/01\/Esref-Ruya-13-3-768x432.jpg 768w\" sizes=\"(max-width: 1208px) 100vw, 1208px\" \/><\/p>\n<hr \/>\n<p>E\u015fref\u2019in, Nisan\u2019\u0131n R\u00fcya oldu\u011funu bilmeden ona yeniden \u00e2\u015f\u0131k olmas\u0131 ve onun i\u00e7in t\u00fcrl\u00fc sava\u015flar vermesi dizinin en etkileyici sahneleri aras\u0131nda yer al\u0131yor. E\u015fref R\u00fcya dizinin 30. b\u00f6l\u00fcm 2. fragman\u0131nda Nisan\u2019\u0131n kendisinin R\u00fcya oldu\u011funu \u00f6\u011frenmesi izleyiciden tam not ald\u0131. Di\u011fer yandan ise E\u015fref Tek\u2019in R\u00fcya\u2019n\u0131n Nisan oldu\u011funu \u00f6\u011frenince nas\u0131l tepki verece\u011fi ise merakla ara\u015ft\u0131r\u0131lmaya ba\u015fland\u0131.<\/p>\n<p><img loading=\"lazy\" decoding=\"async\" class=\"size-full wp-image-294888\" src=\"https:\/\/www.tgrthaber.com\/mavikadin\/wp-content\/uploads\/2026\/01\/Esref-Ruya-9-2.jpg\" alt=\"Demet \u00d6zdemir E\u015fref R\u00fcya dizisinden ayr\u0131l\u0131yor mu? E\u015fref Tek R\u00fcya\u2019y\u0131 \u00f6\u011frenince ne olacak?\" width=\"1208\" height=\"680\" title=\"\" srcset=\"https:\/\/www.tgrthaber.com\/mavikadin\/wp-content\/uploads\/2026\/01\/Esref-Ruya-9-2.jpg 1208w, https:\/\/www.tgrthaber.com\/mavikadin\/wp-content\/uploads\/2026\/01\/Esref-Ruya-9-2-300x169.jpg 300w, https:\/\/www.tgrthaber.com\/mavikadin\/wp-content\/uploads\/2026\/01\/Esref-Ruya-9-2-1024x576.jpg 1024w, https:\/\/www.tgrthaber.com\/mavikadin\/wp-content\/uploads\/2026\/01\/Esref-Ruya-9-2-768x432.jpg 768w\" sizes=\"(max-width: 1208px) 100vw, 1208px\" \/><\/p>\n<hr \/>\n<p>E\u015fref\u2019in Nisan\u2019\u0131n R\u00fcya oldu\u011funu \u00f6\u011frenip \u00f6\u011frenmeyece\u011fi merak edilirken, dizinin ilerleyen b\u00f6l\u00fcmlerinde Nisan ve E\u015fref aras\u0131ndaki hik\u00e2yenin nas\u0131l ilerleyece\u011fi ise dizinin s\u0131k\u0131 takip\u00e7ileri taraf\u0131ndan ara\u015ft\u0131r\u0131l\u0131yor. Reyting rekorlar\u0131 k\u0131ran E\u015fref R\u00fcya dizisinin 30. B\u00f6l\u00fcm\u00fc, 28 Ocak \u00c7ar\u015famba g\u00fcn\u00fc Kanal D ekranlar\u0131nda izleyicisiyle bulu\u015facak. Dizinin yay\u0131nlanan yeni b\u00f6l\u00fcm\u00fcnde E\u015fref\u2019in ger\u00e7ekleri \u00f6\u011frenip \u00f6\u011frenmeyece\u011fi ortaya \u00e7\u0131kacak.<\/p>\n","protected":false},"excerpt":{"rendered":"<p>Demet \u00d6zdemir\u2019in E\u015fref R\u00fcya dizisinden ayr\u0131l\u0131p ayr\u0131lmayaca\u011f\u0131 merakla ara\u015ft\u0131r\u0131l\u0131yor. Peki, Demet \u00d6zdemir E\u015fref R\u00fcya dizisinden ayr\u0131l\u0131yor mu? E\u015fref Tek R\u00fcya\u2019y\u0131 \u00f6\u011frenince ne olacak? \u0130\u015fte detaylar\u2026<\/p>\n","protected":false},"author":26,"featured_media":294881,"comment_status":"closed","ping_status":"closed","sticky":false,"template":"","format":"standard","meta":{"rank_math_lock_modified_date":false,"footnotes":""},"categories":[602],"tags":[2570,32159,2628,3602,4755,71413,4756],"class_list":["post-294880","post","type-post","status-publish","format-standard","has-post-thumbnail","hentry","category-diziler","tag-demet-ozdemir","tag-dizi","tag-dizi-haberleri","tag-diziler","tag-esref-ruya","tag-esref-ruya-30-bolum","tag-esref-ruya-dizisi"],"_links":{"self":[{"href":"https:\/\/www.tgrthaber.com\/mavikadin\/wp-json\/wp\/v2\/posts\/294880"}],"collection":[{"href":"https:\/\/www.tgrthaber.com\/mavikadin\/wp-json\/wp\/v2\/posts"}],"about":[{"href":"https:\/\/www.tgrthaber.com\/mavikadin\/wp-json\/wp\/v2\/types\/post"}],"author":[{"embeddable":true,"href":"https:\/\/www.tgrthaber.com\/mavikadin\/wp-json\/wp\/v2\/users\/26"}],"replies":[{"embeddable":true,"href":"https:\/\/www.tgrthaber.com\/mavikadin\/wp-json\/wp\/v2\/comments?post=294880"}],"version-history":[{"count":2,"href":"https:\/\/www.tgrthaber.com\/mavikadin\/wp-json\/wp\/v2\/posts\/294880\/revisions"}],"predecessor-version":[{"id":294890,"href":"https:\/\/www.tgrthaber.com\/mavikadin\/wp-json\/wp\/v2\/posts\/294880\/revisions\/294890"}],"wp:featuredmedia":[{"embeddable":true,"href":"https:\/\/www.tgrthaber.com\/mavikadin\/wp-json\/wp\/v2\/media\/294881"}],"wp:attachment":[{"href":"https:\/\/www.tgrthaber.com\/mavikadin\/wp-json\/wp\/v2\/media?parent=294880"}],"wp:term":[{"taxonomy":"category","embeddable":true,"href":"https:\/\/www.tgrthaber.com\/mavikadin\/wp-json\/wp\/v2\/categories?post=294880"},{"taxonomy":"post_tag","embeddable":true,"href":"https:\/\/www.tgrthaber.com\/mavikadin\/wp-json\/wp\/v2\/tags?post=294880"}],"curies":[{"name":"wp","href":"https:\/\/api.w.org\/{rel}","templated":true}]}}