{"id":294899,"date":"2026-01-25T15:07:40","date_gmt":"2026-01-25T12:07:40","guid":{"rendered":"https:\/\/www.tgrthaber.com\/mavikadin\/?p=294899"},"modified":"2026-01-25T15:07:40","modified_gmt":"2026-01-25T12:07:40","slug":"yasemin-yalcindan-yaseminin-penceresine-ozel-yurek-burkan-itiraf-o-anlari-anlatirken-gozyaslarini-tutamadi","status":"publish","type":"post","link":"https:\/\/www.tgrthaber.com\/mavikadin\/yasemin-yalcindan-yaseminin-penceresine-ozel-yurek-burkan-itiraf-o-anlari-anlatirken-gozyaslarini-tutamadi\/","title":{"rendered":"Yasemin Yal\u00e7\u0131n\u2019dan Yasemin\u2019in Penceresi&#8217;ne \u00f6zel y\u00fcrek burkan itiraf! O anlar\u0131 anlat\u0131rken g\u00f6zya\u015flar\u0131n\u0131 tutamad\u0131"},"content":{"rendered":"<p>Milyonlar\u0131 g\u00fcld\u00fcren ve herkesin g\u00f6nl\u00fcnde taht kuran <a href=\"https:\/\/www.tgrthaber.com\/mavikadin\/yasemin-yalcin-kizi-eylul-atesler-kimdir-eylul-atesler-kac-yasinda-evli-mi\/\">Yasemin Yal\u00e7\u0131n<\/a>, Yaasemin&#8217;in Penceresi program\u0131na kat\u0131ld\u0131. Usta sanat\u00e7\u0131, daha \u00f6nce bilinmeyen aile ve \u00f6zel hayat\u0131na dair t\u00fcm ger\u00e7ekleri y\u00fcrek burkan s\u00f6zlerle a\u00e7\u0131klad\u0131. Usta oyuncunun samimi s\u00f6zleri ekran ba\u015f\u0131ndakileri duyguland\u0131r\u0131rken, Yasemin Yal\u00e7\u0131n\u00a0 o anlarda g\u00f6zya\u015flar\u0131n\u0131 tutamad\u0131. Detaylar haberimizde&#8230;<\/p>\n<h3>YASEM\u0130N YAL\u00c7IN&#8217;DAN YASEM\u0130N&#8217;\u0130N PENCERES\u0130&#8217;NE \u00d6ZEL Y\u00dcREK BURKAN \u0130T\u0130RAF!<\/h3>\n<p><a href=\"https:\/\/www.tgrthaber.com\/mavikadin\/yasemin-yalcinin-ilk-esi-kimdir-yasemin-yalcinin-kac-cocugu-var\/\">Yasemin Yal\u00e7\u0131n<\/a>, milyonlar\u0131 kahkahaya bo\u011fan ske\u00e7leriyle haf\u0131zalarda yer edinmeye devam ediyor. Son olarak TGRT Haber&#8217;de Yasemin&#8217;in Penceresi program\u0131na konuk olan Yal\u00e7\u0131n&#8217;\u0131n, an\u0131lar\u0131na dair yapt\u0131\u011f\u0131 samimi itiraflar geni\u015f yank\u0131 uyand\u0131rd\u0131. \u00d6zellikle anne ve babas\u0131na dair sorularda duygusal anlar ya\u015fayan Yasemin Yal\u00e7\u0131n, &#8216;Bana buradan gelme&#8217; diyerek g\u00f6zya\u015flar\u0131n\u0131 ak\u0131tt\u0131.<\/p>\n<p><img loading=\"lazy\" decoding=\"async\" class=\"alignnone wp-image-294917 \" src=\"https:\/\/www.tgrthaber.com\/mavikadin\/wp-content\/uploads\/2026\/01\/Ekran-goruntusu-2026-01-25-141855.png\" alt=\"\" width=\"1215\" height=\"672\" title=\"\" srcset=\"https:\/\/www.tgrthaber.com\/mavikadin\/wp-content\/uploads\/2026\/01\/Ekran-goruntusu-2026-01-25-141855.png 783w, https:\/\/www.tgrthaber.com\/mavikadin\/wp-content\/uploads\/2026\/01\/Ekran-goruntusu-2026-01-25-141855-300x166.png 300w, https:\/\/www.tgrthaber.com\/mavikadin\/wp-content\/uploads\/2026\/01\/Ekran-goruntusu-2026-01-25-141855-768x425.png 768w\" sizes=\"(max-width: 1215px) 100vw, 1215px\" \/><\/p>\n<hr \/>\n<p>90&#8217;l\u0131 y\u0131llarda \u0130nce \u0130nce Yasemince ile haf\u0131zalara kaz\u0131nan Yasemin Yal\u00e7\u0131n, \u015fimdilerde sahne \u00e7al\u0131\u015fmalar\u0131na a\u011f\u0131rl\u0131k vermekte. Ailesinin hayat\u0131ndaki de\u011ferinden ve yerinden bahseden Yal\u00e7\u0131n, sorulan sorulara kar\u015f\u0131 zor anlar ya\u015fad\u0131.<\/p>\n<p><img loading=\"lazy\" decoding=\"async\" class=\"alignnone wp-image-294919 size-full\" src=\"https:\/\/www.tgrthaber.com\/mavikadin\/wp-content\/uploads\/2026\/01\/Ekran-goruntusu-2026-01-25-142309.png\" alt=\"\" width=\"1120\" height=\"629\" title=\"\" srcset=\"https:\/\/www.tgrthaber.com\/mavikadin\/wp-content\/uploads\/2026\/01\/Ekran-goruntusu-2026-01-25-142309.png 1120w, https:\/\/www.tgrthaber.com\/mavikadin\/wp-content\/uploads\/2026\/01\/Ekran-goruntusu-2026-01-25-142309-300x168.png 300w, https:\/\/www.tgrthaber.com\/mavikadin\/wp-content\/uploads\/2026\/01\/Ekran-goruntusu-2026-01-25-142309-1024x575.png 1024w, https:\/\/www.tgrthaber.com\/mavikadin\/wp-content\/uploads\/2026\/01\/Ekran-goruntusu-2026-01-25-142309-768x431.png 768w\" sizes=\"(max-width: 1120px) 100vw, 1120px\" \/><\/p>\n<hr \/>\n<p>Babas\u0131n\u0131 esprili bir \u015fekilde anlatan Yal\u00e7\u0131n, kendisine babas\u0131ndan ince mizah\u0131 ve T\u00fcrk\u00e7esi gibi \u00e7ok \u00f6nemli miraslar\u0131n kald\u0131\u011f\u0131n\u0131 dile getirdi.\u00a0 Yasemin Yal\u00e7\u0131n ailede her zaman dik duran taraf oldu\u011funu da a\u00e7\u0131k\u00e7a dile getirdi.<\/p>\n<p><img loading=\"lazy\" decoding=\"async\" class=\"alignnone wp-image-294921 size-full\" src=\"https:\/\/www.tgrthaber.com\/mavikadin\/wp-content\/uploads\/2026\/01\/Ekran-goruntusu-2026-01-25-142345.png\" alt=\"\" width=\"1919\" height=\"979\" title=\"\" srcset=\"https:\/\/www.tgrthaber.com\/mavikadin\/wp-content\/uploads\/2026\/01\/Ekran-goruntusu-2026-01-25-142345.png 1919w, https:\/\/www.tgrthaber.com\/mavikadin\/wp-content\/uploads\/2026\/01\/Ekran-goruntusu-2026-01-25-142345-300x153.png 300w, https:\/\/www.tgrthaber.com\/mavikadin\/wp-content\/uploads\/2026\/01\/Ekran-goruntusu-2026-01-25-142345-1024x522.png 1024w, https:\/\/www.tgrthaber.com\/mavikadin\/wp-content\/uploads\/2026\/01\/Ekran-goruntusu-2026-01-25-142345-768x392.png 768w, https:\/\/www.tgrthaber.com\/mavikadin\/wp-content\/uploads\/2026\/01\/Ekran-goruntusu-2026-01-25-142345-1536x784.png 1536w\" sizes=\"(max-width: 1919px) 100vw, 1919px\" \/><\/p>\n<hr \/>\n<p>&nbsp;<\/p>\n<h3>O ANLARI ANLATIRKEN G\u00d6ZYA\u015eLARINI TUTAMADI<\/h3>\n<p><a href=\"https:\/\/www.tgrthaber.com\/mavikadin\/hamdi-alkan-en-iyi-oyuncusunu-soyledi-herkesi-sasirtan-oyuncu-bakin-kim-cikti\/\">Yasemin&#8217;in Penceresi<\/a> program\u0131n\u0131n ilerleyen zamanlar\u0131nda hayat\u0131ndaki kay\u0131plara da de\u011finen Yal\u00e7\u0131n, \u00f6zellikle 1 y\u0131l \u00f6nce kaybetti\u011fi ablas\u0131 Ne\u015fe&#8217;yi anlat\u0131rken de duygular\u0131 kabard\u0131. Ablas\u0131n\u0131 kanats\u0131z bir melek olarak tan\u0131mlayan Yasemin Yal\u00e7\u0131n, kalabal\u0131k ve mutlu bir ailede b\u00fcy\u00fcd\u00fc\u011f\u00fcn\u00fc de belirtti.<\/p>\n<p><img loading=\"lazy\" decoding=\"async\" class=\"alignnone wp-image-294916\" src=\"https:\/\/www.tgrthaber.com\/mavikadin\/wp-content\/uploads\/2026\/01\/Ekran-goruntusu-2026-01-25-141844-300x167.png\" alt=\"\" width=\"1208\" height=\"674\" title=\"\" srcset=\"https:\/\/www.tgrthaber.com\/mavikadin\/wp-content\/uploads\/2026\/01\/Ekran-goruntusu-2026-01-25-141844-300x167.png 300w, https:\/\/www.tgrthaber.com\/mavikadin\/wp-content\/uploads\/2026\/01\/Ekran-goruntusu-2026-01-25-141844-768x429.png 768w, https:\/\/www.tgrthaber.com\/mavikadin\/wp-content\/uploads\/2026\/01\/Ekran-goruntusu-2026-01-25-141844.png 785w\" sizes=\"(max-width: 1208px) 100vw, 1208px\" \/><\/p>\n<hr \/>\n<p>Ailesinden kendisine kalan en b\u00fcy\u00fck de\u011ferin ise merhamet ve c\u00f6mertlik oldu\u011funu vurgulayan Yasemin Yal\u00e7\u0131n, &#8216;Eski Ye\u015fil\u00e7am filmleri gibi bir aileydik. Birbirimizi \u00f6yle sevdik, aram\u0131zdaki bu ba\u011f hi\u00e7 kopmad\u0131&#8217; ifadelerini kulland\u0131. A\u011flamay\u0131 hi\u00e7 sevmedi\u011fini de dile getiren Yasemin Yal\u00e7\u0131n, an\u0131lar\u0131n\u0131 ve ailesini anlat\u0131rken hem ekran ba\u015f\u0131ndakileri a\u011flatt\u0131 hem de g\u00f6zya\u015flar\u0131n\u0131 tutamad\u0131.<\/p>\n<div style=\"width: 480px;\" class=\"wp-video\"><!--[if lt IE 9]><script>document.createElement('video');<\/script><![endif]-->\n<video class=\"wp-video-shortcode\" id=\"video-294899-1\" width=\"480\" height=\"848\" preload=\"metadata\" controls=\"controls\"><source type=\"video\/mp4\" src=\"https:\/\/www.tgrthaber.com\/mavikadin\/wp-content\/uploads\/2026\/01\/WhatsApp-Video-2026-01-25-at-14.33.23.mp4?_=1\" \/><a href=\"https:\/\/www.tgrthaber.com\/mavikadin\/wp-content\/uploads\/2026\/01\/WhatsApp-Video-2026-01-25-at-14.33.23.mp4\">https:\/\/www.tgrthaber.com\/mavikadin\/wp-content\/uploads\/2026\/01\/WhatsApp-Video-2026-01-25-at-14.33.23.mp4<\/a><\/video><\/div>\n<hr \/>\n<h3>YASEM\u0130N YAL\u00c7IN K\u0130MD\u0130R, K\u0130M\u0130NLE EVL\u0130?<\/h3>\n<p>Yasemin Yal\u00e7\u0131n 3 A\u011fustos 1964 y\u0131l\u0131nda \u0130stanbul&#8217;da do\u011fdu. \u0130stanbul Belediye Konservatuvar\u0131 e\u011fitimi alan Yal\u00e7\u0131n, hem tiyatroda hem de televizyonda yay\u0131nlad\u0131\u011f\u0131 ske\u00e7lerle herkesin sevgisini kazanm\u0131\u015ft\u0131r. Yasemin Yal\u00e7\u0131n ilk evlili\u011fini Halil Ate\u015fler ile yapm\u0131\u015ft\u0131r ve bu evlilikten Eyl\u00fcl Ate\u015fler ad\u0131nda bir k\u0131z\u0131 bulunmaktad\u0131r. \u0130kinci evlili\u011fini ise \u0130lyas \u0130lber ile yapan Yal\u00e7\u0131n&#8217;\u0131n bu evlilikten de Eda ad\u0131nda bir k\u0131z\u0131 bulunuyor.<\/p>\n<p><img loading=\"lazy\" decoding=\"async\" class=\"alignnone wp-image-294920 size-full\" src=\"https:\/\/www.tgrthaber.com\/mavikadin\/wp-content\/uploads\/2026\/01\/Ekran-goruntusu-2026-01-25-142326.png\" alt=\"\" width=\"1906\" height=\"971\" title=\"\" srcset=\"https:\/\/www.tgrthaber.com\/mavikadin\/wp-content\/uploads\/2026\/01\/Ekran-goruntusu-2026-01-25-142326.png 1906w, https:\/\/www.tgrthaber.com\/mavikadin\/wp-content\/uploads\/2026\/01\/Ekran-goruntusu-2026-01-25-142326-300x153.png 300w, https:\/\/www.tgrthaber.com\/mavikadin\/wp-content\/uploads\/2026\/01\/Ekran-goruntusu-2026-01-25-142326-1024x522.png 1024w, https:\/\/www.tgrthaber.com\/mavikadin\/wp-content\/uploads\/2026\/01\/Ekran-goruntusu-2026-01-25-142326-768x391.png 768w, https:\/\/www.tgrthaber.com\/mavikadin\/wp-content\/uploads\/2026\/01\/Ekran-goruntusu-2026-01-25-142326-1536x783.png 1536w\" sizes=\"(max-width: 1906px) 100vw, 1906px\" \/><\/p>\n<hr \/>\n<p>Yasemin Yal\u00e7\u0131n&#8217;\u0131n haf\u0131zalara kaz\u0131nan \u0130nce \u0130nce Yasemince&#8217;nin d\u0131\u015f\u0131nda \u00e7ok say\u0131da ekran ba\u015far\u0131s\u0131 bulunuyor. Ha\u015flama Ha\u015flama, Yaseminname, AB&#8217;nin Yollar\u0131 Ta\u015ftan, Aman Annem G\u00f6rmesin, Mihrap Yerinde gibi yap\u0131mlarda da boy g\u00f6steren Yasemin Yal\u00e7\u0131n ayn\u0131 zamanda \u00c7ok G\u00fczel Hareketler 2 ve G\u00fcld\u00fcr G\u00fcld\u00fcr programlar\u0131na konuk oyuncu olarak gelmi\u015f ve ad\u0131ndan s\u00f6z ettirmi\u015ftir.<\/p>\n","protected":false},"excerpt":{"rendered":"<p>Usta oyuncu Yasemin Yal\u00e7\u0131n, TGRT Haber ekranlar\u0131nda yay\u0131nlanan Yasemin&#8217;in Penceresi program\u0131na konuk oldu. Samimi a\u00e7\u0131klamalar yapan Yasemin Yal\u00e7\u0131n, ge\u00e7mi\u015fine ve ailesine y\u00f6nelik y\u00fcrek burkan itiraflar\u0131 pe\u015f pe\u015fe s\u0131ralarken, g\u00f6zya\u015flar\u0131n\u0131 da tutamad\u0131. \u0130\u015fte Yasemin Yal\u00e7\u0131n\u2019dan Yasemin\u2019in Penceresi&#8217;ne \u00f6zel y\u00fcrek burkan itiraflar&#8230;<\/p>\n","protected":false},"author":35,"featured_media":294913,"comment_status":"closed","ping_status":"closed","sticky":false,"template":"","format":"standard","meta":{"rank_math_lock_modified_date":false,"footnotes":""},"categories":[76],"tags":[133,2218,16853,71429,65567],"class_list":["post-294899","post","type-post","status-publish","format-standard","has-post-thumbnail","hentry","category-magazin","tag-magazin","tag-magazin-haberleri","tag-yasemin-yalcin","tag-yasemin-yalcin-kimdir","tag-yaseminin-penceresi"],"_links":{"self":[{"href":"https:\/\/www.tgrthaber.com\/mavikadin\/wp-json\/wp\/v2\/posts\/294899"}],"collection":[{"href":"https:\/\/www.tgrthaber.com\/mavikadin\/wp-json\/wp\/v2\/posts"}],"about":[{"href":"https:\/\/www.tgrthaber.com\/mavikadin\/wp-json\/wp\/v2\/types\/post"}],"author":[{"embeddable":true,"href":"https:\/\/www.tgrthaber.com\/mavikadin\/wp-json\/wp\/v2\/users\/35"}],"replies":[{"embeddable":true,"href":"https:\/\/www.tgrthaber.com\/mavikadin\/wp-json\/wp\/v2\/comments?post=294899"}],"version-history":[{"count":1,"href":"https:\/\/www.tgrthaber.com\/mavikadin\/wp-json\/wp\/v2\/posts\/294899\/revisions"}],"predecessor-version":[{"id":294923,"href":"https:\/\/www.tgrthaber.com\/mavikadin\/wp-json\/wp\/v2\/posts\/294899\/revisions\/294923"}],"wp:featuredmedia":[{"embeddable":true,"href":"https:\/\/www.tgrthaber.com\/mavikadin\/wp-json\/wp\/v2\/media\/294913"}],"wp:attachment":[{"href":"https:\/\/www.tgrthaber.com\/mavikadin\/wp-json\/wp\/v2\/media?parent=294899"}],"wp:term":[{"taxonomy":"category","embeddable":true,"href":"https:\/\/www.tgrthaber.com\/mavikadin\/wp-json\/wp\/v2\/categories?post=294899"},{"taxonomy":"post_tag","embeddable":true,"href":"https:\/\/www.tgrthaber.com\/mavikadin\/wp-json\/wp\/v2\/tags?post=294899"}],"curies":[{"name":"wp","href":"https:\/\/api.w.org\/{rel}","templated":true}]}}