{"id":294900,"date":"2026-01-25T14:18:42","date_gmt":"2026-01-25T11:18:42","guid":{"rendered":"https:\/\/www.tgrthaber.com\/mavikadin\/?p=294900"},"modified":"2026-01-25T14:18:43","modified_gmt":"2026-01-25T11:18:43","slug":"survivor-2026-yarismacisi-nefise-karatayin-degisimi-tepkilere-neden-oldu-yuzu-bambaska-biri","status":"publish","type":"post","link":"https:\/\/www.tgrthaber.com\/mavikadin\/survivor-2026-yarismacisi-nefise-karatayin-degisimi-tepkilere-neden-oldu-yuzu-bambaska-biri\/","title":{"rendered":"Survivor 2026 yar\u0131\u015fmac\u0131s\u0131 Nefise Karatay\u2019\u0131n de\u011fi\u015fimi tepkilere neden oldu! Y\u00fcz\u00fc bamba\u015fka biri"},"content":{"rendered":"<p><a href=\"https:\/\/www.tgrthaber.com\/mavikadin\/survivor-onur-alp-cam-gozyaslarina-boguldu-baris-murat-yagcidan-ozur-diledigi-anlar-gundemde\/\">Nefise Karatay<\/a>, Survivor 2026 yar\u0131\u015fmas\u0131na All Star adaylar\u0131ndan dahil oldu. Survivor kariyeri boyunca b\u00fcy\u00fck bir ba\u015far\u0131 yakalayan ve \u015fampiyonluk elde eden Nefise Karatay, bu kez de\u011fi\u015fimiyle g\u00fcndeme bomba gibi d\u00fc\u015ft\u00fc. Survivor 2023 ve Survivor 2024 All Star yar\u0131\u015fmas\u0131nda \u00fcst\u00fcn bir ba\u015far\u0131 sergileyen Nefise Karatay, y\u00fcz\u00fcndeki de\u011fi\u015fimlerle izleyicilerin dikkatini \u00e7ekti. Tamamen bamba\u015fka birine d\u00f6n\u00fc\u015ft\u00fc\u011f\u00fc konu\u015fulan Nefise Karatay, sosyal medyaya damga vurdu. De\u011fi\u015fimiyle ad\u0131ndan s\u00f6z ettiren Nefise Karatay, tepkilere neden oldu. \u0130\u015fte Nefise Karatay\u2019\u0131n herkesi \u015fa\u015fk\u0131na \u00e7eviren de\u011fi\u015fimi\u2026<\/p>\n<h3>SURV\u0130VOR 2026 YARI\u015eMACISI NEF\u0130SE KARATAY\u2019IN DE\u011e\u0130\u015e\u0130M\u0130 TEPK\u0130LERE NEDEN OLDU!<\/h3>\n<p>Survivor 2026 \u00dcnl\u00fcler ve G\u00f6n\u00fcll\u00fcler m\u00fccadelesi h\u0131z kesmeden devam ederken, fenomen yar\u0131\u015fmaya All Star adaylar\u0131ndan <a href=\"https:\/\/www.tgrthaber.com\/mavikadin\/survivor-nefise-karatayin-annesi-guner-karatay-mujdeli-haberi-duyurdu-survivor-2026-kadrosunda-nefise-karatay\/\">Nefise Karatay<\/a> dahil oldu. Survivor 2023 ve Survivor 2024 All Star yar\u0131\u015fmas\u0131nda \u00fcst\u00fcn bir ba\u015far\u0131 sergileyen Nefise Karatay, ikinci kad\u0131n Survivor \u015fampiyonu olarak ad\u0131n\u0131 alt\u0131n harflerle yazd\u0131rm\u0131\u015ft\u0131.<\/p>\n<p><img loading=\"lazy\" decoding=\"async\" class=\"size-full wp-image-294902\" src=\"https:\/\/www.tgrthaber.com\/mavikadin\/wp-content\/uploads\/2026\/01\/Nefise-Karatay-3.jpg\" alt=\"Survivor 2026 yar\u0131\u015fmac\u0131s\u0131 Nefise Karatay\u2019\u0131n de\u011fi\u015fimi tepkilere neden oldu! Y\u00fcz\u00fc bamba\u015fka biri\" width=\"1208\" height=\"680\" title=\"\" srcset=\"https:\/\/www.tgrthaber.com\/mavikadin\/wp-content\/uploads\/2026\/01\/Nefise-Karatay-3.jpg 1208w, https:\/\/www.tgrthaber.com\/mavikadin\/wp-content\/uploads\/2026\/01\/Nefise-Karatay-3-300x169.jpg 300w, https:\/\/www.tgrthaber.com\/mavikadin\/wp-content\/uploads\/2026\/01\/Nefise-Karatay-3-1024x576.jpg 1024w, https:\/\/www.tgrthaber.com\/mavikadin\/wp-content\/uploads\/2026\/01\/Nefise-Karatay-3-768x432.jpg 768w\" sizes=\"(max-width: 1208px) 100vw, 1208px\" \/><\/p>\n<hr \/>\n<p>Survivor 2023 yar\u0131\u015fmas\u0131nda sergiledi\u011fi \u00fcst\u00fcn performansla \u015fampiyon olmay\u0131 ba\u015faran Nefise Karatay, Survivor 2024\u2019te de ba\u015far\u0131s\u0131yla dikkatleri \u00fczerine \u00e7ekmi\u015fti. Oyunlardaki g\u00f6sterdi\u011fi \u00e7aba ve emekle bir\u00e7ok ki\u015fi taraf\u0131ndan be\u011feni toplayan Nefise Karatay, Survivor 2026 yar\u0131\u015fmas\u0131na dahil oldu.<\/p>\n<p><img loading=\"lazy\" decoding=\"async\" class=\"size-full wp-image-294910\" src=\"https:\/\/www.tgrthaber.com\/mavikadin\/wp-content\/uploads\/2026\/01\/Nefise-Karatay-11.jpg\" alt=\"Survivor 2026 yar\u0131\u015fmac\u0131s\u0131 Nefise Karatay\u2019\u0131n de\u011fi\u015fimi tepkilere neden oldu! Y\u00fcz\u00fc bamba\u015fka biri\" width=\"1208\" height=\"680\" title=\"\" srcset=\"https:\/\/www.tgrthaber.com\/mavikadin\/wp-content\/uploads\/2026\/01\/Nefise-Karatay-11.jpg 1208w, https:\/\/www.tgrthaber.com\/mavikadin\/wp-content\/uploads\/2026\/01\/Nefise-Karatay-11-300x169.jpg 300w, https:\/\/www.tgrthaber.com\/mavikadin\/wp-content\/uploads\/2026\/01\/Nefise-Karatay-11-1024x576.jpg 1024w, https:\/\/www.tgrthaber.com\/mavikadin\/wp-content\/uploads\/2026\/01\/Nefise-Karatay-11-768x432.jpg 768w\" sizes=\"(max-width: 1208px) 100vw, 1208px\" \/><\/p>\n<hr \/>\n<p>Survivor 2026 yar\u0131\u015fmas\u0131na eski All Star yar\u0131\u015fmac\u0131lar\u0131n\u0131n gelece\u011fi duyurulmu\u015ftu. Survivor yar\u0131\u015fmas\u0131ndaki ba\u015far\u0131s\u0131yla pop\u00fclerli\u011fini art\u0131ran Nefise Karatay ise izleyicilerin 2026 sezonunda g\u00f6rmek istedi\u011fi All Star yar\u0131\u015fmac\u0131lar\u0131 aras\u0131ndayd\u0131. \u00dcnl\u00fc yar\u0131\u015fmac\u0131 Nefise Karatay\u2019\u0131n annesi G\u00fcner Karatay, sosyal medya hesab\u0131ndan k\u0131z\u0131n\u0131n Survivor 2026 yar\u0131\u015fmas\u0131na kat\u0131ld\u0131\u011f\u0131n\u0131 a\u00e7\u0131klad\u0131.<\/p>\n<p><img loading=\"lazy\" decoding=\"async\" class=\"size-full wp-image-294908\" src=\"https:\/\/www.tgrthaber.com\/mavikadin\/wp-content\/uploads\/2026\/01\/Nefise-Karatay-9.jpg\" alt=\"Survivor 2026 yar\u0131\u015fmac\u0131s\u0131 Nefise Karatay\u2019\u0131n de\u011fi\u015fimi tepkilere neden oldu! Y\u00fcz\u00fc bamba\u015fka biri\" width=\"1208\" height=\"680\" title=\"\" srcset=\"https:\/\/www.tgrthaber.com\/mavikadin\/wp-content\/uploads\/2026\/01\/Nefise-Karatay-9.jpg 1208w, https:\/\/www.tgrthaber.com\/mavikadin\/wp-content\/uploads\/2026\/01\/Nefise-Karatay-9-300x169.jpg 300w, https:\/\/www.tgrthaber.com\/mavikadin\/wp-content\/uploads\/2026\/01\/Nefise-Karatay-9-1024x576.jpg 1024w, https:\/\/www.tgrthaber.com\/mavikadin\/wp-content\/uploads\/2026\/01\/Nefise-Karatay-9-768x432.jpg 768w\" sizes=\"(max-width: 1208px) 100vw, 1208px\" \/><\/p>\n<hr \/>\n<p>Survivor 2026 yar\u0131\u015fmas\u0131na All Star adaylar\u0131ndan dahil olan Nefise Karatay, y\u00fcz\u00fcndeki de\u011fi\u015fimlerle g\u00fcndem oldu. Yar\u0131\u015fmaya kat\u0131ld\u0131\u011f\u0131 andan itibaren dikkatleri \u00fczerine \u00e7eken Nefise Karatay\u2019\u0131n y\u00fcz\u00fcndeki de\u011fi\u015fimler seyircilerin tepkisine yol a\u00e7t\u0131. Ba\u015far\u0131l\u0131 yar\u0131\u015fmac\u0131n\u0131n dillere destan de\u011fi\u015fimi sosyal medyaya damga vurdu.<\/p>\n<p><img loading=\"lazy\" decoding=\"async\" class=\"size-full wp-image-294909\" src=\"https:\/\/www.tgrthaber.com\/mavikadin\/wp-content\/uploads\/2026\/01\/Nefise-Karatay-10.jpg\" alt=\"Survivor 2026 yar\u0131\u015fmac\u0131s\u0131 Nefise Karatay\u2019\u0131n de\u011fi\u015fimi tepkilere neden oldu! Y\u00fcz\u00fc bamba\u015fka biri\" width=\"1208\" height=\"680\" title=\"\" srcset=\"https:\/\/www.tgrthaber.com\/mavikadin\/wp-content\/uploads\/2026\/01\/Nefise-Karatay-10.jpg 1208w, https:\/\/www.tgrthaber.com\/mavikadin\/wp-content\/uploads\/2026\/01\/Nefise-Karatay-10-300x169.jpg 300w, https:\/\/www.tgrthaber.com\/mavikadin\/wp-content\/uploads\/2026\/01\/Nefise-Karatay-10-1024x576.jpg 1024w, https:\/\/www.tgrthaber.com\/mavikadin\/wp-content\/uploads\/2026\/01\/Nefise-Karatay-10-768x432.jpg 768w\" sizes=\"(max-width: 1208px) 100vw, 1208px\" \/><\/p>\n<hr \/>\n<h3>SURV\u0130VOR 2026 YARI\u015eMACISI NEF\u0130SE KARATAY\u2019IN Y\u00dcZ\u00dc BAMBA\u015eKA B\u0130R\u0130NE D\u00d6N\u00dc\u015eT\u00dc!<\/h3>\n<p>Daha \u00f6nce Survivor 2023 yar\u0131\u015fmas\u0131nda m\u00fccadele eden ve yar\u0131\u015fma tarihinin ikinci kad\u0131n \u015fampiyonu olan <a href=\"https:\/\/www.tgrthaber.com\/mavikadin\/survivor-24-ocak-2026-odul-oyununu-hangi-takim-kazandi-survivorda-ceza-odulunu-hangi-takim-aldi\/\">Nefise Karatay<\/a>, Survivor 2024 All Star yar\u0131\u015fmas\u0131na kat\u0131lm\u0131\u015f ve ad\u0131n\u0131 finale yazd\u0131rm\u0131\u015ft\u0131. Survivor parkurlar\u0131nda h\u0131z ve \u00e7abuklu\u011fuyla dikkat \u00e7eken yar\u0131\u015fmac\u0131 Nefise Karatay, h\u0131rsl\u0131 yap\u0131s\u0131 ve m\u00fccadeleci ruhuyla yar\u0131\u015fmaya damga vuran isimlerden olmu\u015ftu.<\/p>\n<p><img loading=\"lazy\" decoding=\"async\" class=\"size-full wp-image-294906\" src=\"https:\/\/www.tgrthaber.com\/mavikadin\/wp-content\/uploads\/2026\/01\/Nefise-Karatay-7.jpg\" alt=\"Survivor 2026 yar\u0131\u015fmac\u0131s\u0131 Nefise Karatay\u2019\u0131n de\u011fi\u015fimi tepkilere neden oldu! Y\u00fcz\u00fc bamba\u015fka biri\" width=\"1208\" height=\"680\" title=\"\" srcset=\"https:\/\/www.tgrthaber.com\/mavikadin\/wp-content\/uploads\/2026\/01\/Nefise-Karatay-7.jpg 1208w, https:\/\/www.tgrthaber.com\/mavikadin\/wp-content\/uploads\/2026\/01\/Nefise-Karatay-7-300x169.jpg 300w, https:\/\/www.tgrthaber.com\/mavikadin\/wp-content\/uploads\/2026\/01\/Nefise-Karatay-7-1024x576.jpg 1024w, https:\/\/www.tgrthaber.com\/mavikadin\/wp-content\/uploads\/2026\/01\/Nefise-Karatay-7-768x432.jpg 768w\" sizes=\"(max-width: 1208px) 100vw, 1208px\" \/><\/p>\n<hr \/>\n<p>\u015eimdilerde Survivor 2026 yar\u0131\u015fmas\u0131na All Star adaylar\u0131 aras\u0131ndan kat\u0131lan Nefise Karatay, y\u00fcz\u00fcndeki estetik i\u015flemlerle herkesi \u015foke etti. Uzun atlama ve engelli atlama dallar\u0131nda milli atlet olarak boy g\u00f6steren Nefise Karatay\u2019\u0131n y\u00fcz\u00fc adeta bamba\u015fka birine d\u00f6n\u00fc\u015ft\u00fc.<\/p>\n<p><img loading=\"lazy\" decoding=\"async\" class=\"size-full wp-image-294905\" src=\"https:\/\/www.tgrthaber.com\/mavikadin\/wp-content\/uploads\/2026\/01\/Nefise-Karatay-6.jpg\" alt=\"Survivor 2026 yar\u0131\u015fmac\u0131s\u0131 Nefise Karatay\u2019\u0131n de\u011fi\u015fimi tepkilere neden oldu! Y\u00fcz\u00fc bamba\u015fka biri\" width=\"1208\" height=\"680\" title=\"\" srcset=\"https:\/\/www.tgrthaber.com\/mavikadin\/wp-content\/uploads\/2026\/01\/Nefise-Karatay-6.jpg 1208w, https:\/\/www.tgrthaber.com\/mavikadin\/wp-content\/uploads\/2026\/01\/Nefise-Karatay-6-300x169.jpg 300w, https:\/\/www.tgrthaber.com\/mavikadin\/wp-content\/uploads\/2026\/01\/Nefise-Karatay-6-1024x576.jpg 1024w, https:\/\/www.tgrthaber.com\/mavikadin\/wp-content\/uploads\/2026\/01\/Nefise-Karatay-6-768x432.jpg 768w\" sizes=\"(max-width: 1208px) 100vw, 1208px\" \/><\/p>\n<hr \/>\n<p>Y\u00fcz\u00fcndeki inan\u0131lmaz de\u011fi\u015fimle g\u00fcndeme bomba gibi d\u00fc\u015fen Nefise Karatay, sosyal medya kullan\u0131c\u0131lar\u0131 taraf\u0131ndan \u00e7e\u015fitli ele\u015ftirilere maruz kald\u0131. Bir\u00e7ok sosyal medya kullan\u0131c\u0131s\u0131 ve Survivor 2026 izleyicisi \u00fcnl\u00fc yar\u0131\u015fmac\u0131n\u0131n \u201cbamba\u015fka birine d\u00f6n\u00fc\u015ft\u00fc\u011f\u00fcn\u00fc\u201d dile getirdi.<\/p>\n<p><img loading=\"lazy\" decoding=\"async\" class=\"size-full wp-image-294901\" src=\"https:\/\/www.tgrthaber.com\/mavikadin\/wp-content\/uploads\/2026\/01\/Nefise-Karatay-2.jpg\" alt=\"Survivor 2026 yar\u0131\u015fmac\u0131s\u0131 Nefise Karatay\u2019\u0131n de\u011fi\u015fimi tepkilere neden oldu! Y\u00fcz\u00fc bamba\u015fka biri\" width=\"1208\" height=\"680\" title=\"\" srcset=\"https:\/\/www.tgrthaber.com\/mavikadin\/wp-content\/uploads\/2026\/01\/Nefise-Karatay-2.jpg 1208w, https:\/\/www.tgrthaber.com\/mavikadin\/wp-content\/uploads\/2026\/01\/Nefise-Karatay-2-300x169.jpg 300w, https:\/\/www.tgrthaber.com\/mavikadin\/wp-content\/uploads\/2026\/01\/Nefise-Karatay-2-1024x576.jpg 1024w, https:\/\/www.tgrthaber.com\/mavikadin\/wp-content\/uploads\/2026\/01\/Nefise-Karatay-2-768x432.jpg 768w\" sizes=\"(max-width: 1208px) 100vw, 1208px\" \/><\/p>\n<hr \/>\n<p>Survivor 2026 yar\u0131\u015fmas\u0131na de\u011fi\u015fimiyle damga vuran Nefise Karatay, sosyal medyada; \u201cKad\u0131nlar\u0131n para harcayarak kendilerini k\u00f6t\u00fcle\u015ftirmesine anlam veremiyorum bu de\u011fi\u015fim ne\u201d yorumlar\u0131n\u0131 da beraberinde getirdi.<\/p>\n","protected":false},"excerpt":{"rendered":"<p>Survivor 2026 yar\u0131\u015fmas\u0131na All Star adaylar\u0131ndan dahil olan Nefise Karatay\u2019\u0131n de\u011fi\u015fimi sosyal medyaya damga vurdu. De\u011fi\u015fimiyle dikkatleri \u00fczerine \u00e7eken Nefise Karatay, tepkilere neden oldu. \u0130\u015fte detaylar\u2026<\/p>\n","protected":false},"author":26,"featured_media":294911,"comment_status":"closed","ping_status":"closed","sticky":false,"template":"","format":"standard","meta":{"rank_math_lock_modified_date":false,"footnotes":""},"categories":[76],"tags":[133,2218,4151,63785,71400,71428],"class_list":["post-294900","post","type-post","status-publish","format-standard","has-post-thumbnail","hentry","category-magazin","tag-magazin","tag-magazin-haberleri","tag-nefise-karatay","tag-survivor-2026","tag-survivor-nefise-karatay","tag-survivor-nefise-karatay-estetik"],"_links":{"self":[{"href":"https:\/\/www.tgrthaber.com\/mavikadin\/wp-json\/wp\/v2\/posts\/294900"}],"collection":[{"href":"https:\/\/www.tgrthaber.com\/mavikadin\/wp-json\/wp\/v2\/posts"}],"about":[{"href":"https:\/\/www.tgrthaber.com\/mavikadin\/wp-json\/wp\/v2\/types\/post"}],"author":[{"embeddable":true,"href":"https:\/\/www.tgrthaber.com\/mavikadin\/wp-json\/wp\/v2\/users\/26"}],"replies":[{"embeddable":true,"href":"https:\/\/www.tgrthaber.com\/mavikadin\/wp-json\/wp\/v2\/comments?post=294900"}],"version-history":[{"count":1,"href":"https:\/\/www.tgrthaber.com\/mavikadin\/wp-json\/wp\/v2\/posts\/294900\/revisions"}],"predecessor-version":[{"id":294912,"href":"https:\/\/www.tgrthaber.com\/mavikadin\/wp-json\/wp\/v2\/posts\/294900\/revisions\/294912"}],"wp:featuredmedia":[{"embeddable":true,"href":"https:\/\/www.tgrthaber.com\/mavikadin\/wp-json\/wp\/v2\/media\/294911"}],"wp:attachment":[{"href":"https:\/\/www.tgrthaber.com\/mavikadin\/wp-json\/wp\/v2\/media?parent=294900"}],"wp:term":[{"taxonomy":"category","embeddable":true,"href":"https:\/\/www.tgrthaber.com\/mavikadin\/wp-json\/wp\/v2\/categories?post=294900"},{"taxonomy":"post_tag","embeddable":true,"href":"https:\/\/www.tgrthaber.com\/mavikadin\/wp-json\/wp\/v2\/tags?post=294900"}],"curies":[{"name":"wp","href":"https:\/\/api.w.org\/{rel}","templated":true}]}}