{"id":294924,"date":"2026-01-25T15:33:01","date_gmt":"2026-01-25T12:33:01","guid":{"rendered":"https:\/\/www.tgrthaber.com\/mavikadin\/?p=294924"},"modified":"2026-01-25T15:33:02","modified_gmt":"2026-01-25T12:33:02","slug":"yaseminin-penceresi-programinda-yasemin-yalcin-ve-ilyas-ilbeye-kizlari-eylulden-surpriz-annem-karincaya-bile-su-kapaginda-su-tasir","status":"publish","type":"post","link":"https:\/\/www.tgrthaber.com\/mavikadin\/yaseminin-penceresi-programinda-yasemin-yalcin-ve-ilyas-ilbeye-kizlari-eylulden-surpriz-annem-karincaya-bile-su-kapaginda-su-tasir\/","title":{"rendered":"Yasemin&#8217;in Penceresi program\u0131nda Yasemin Yal\u00e7\u0131n ve \u0130lyas \u0130lbey&#8217;e k\u0131zlar\u0131 Eyl\u00fcl&#8217;den s\u00fcrpriz! \u201cAnnem, kar\u0131ncaya bile su kapa\u011f\u0131nda su ta\u015f\u0131r\u201d"},"content":{"rendered":"<p>&#8220;Kak\u0131lm\u0131\u015f ve \u0130tilmi\u015f&#8221; karakterleriyle milyonlar\u0131n g\u00f6nl\u00fcnde taht kuran <a href=\"https:\/\/www.tgrthaber.com\/mavikadin\/yasemin-yalcindan-yaseminin-penceresine-ozel-yurek-burkan-itiraf-o-anlari-anlatirken-gozyaslarini-tutamadi\/\">Yasemin Yal\u00e7\u0131n<\/a> ve \u0130lyas \u0130lbey \u00e7ifti, TGRT Haber ekranlar\u0131nda izleyici kar\u015f\u0131s\u0131na \u00e7\u0131kan \u2018Yasemin\u2019in Penceresi\u2019 program\u0131na konuk oldu. Programda \u00e7arp\u0131c\u0131 a\u00e7\u0131klamalara yer veren duayen sanat\u00e7\u0131lar, samimi a\u00e7\u0131klamalar\u0131 ve mutlu aile pozlar\u0131yla seyirciden b\u00fcy\u00fck ilgi g\u00f6rd\u00fc. Yasemin Yal\u00e7\u0131n ve \u0130lyas \u0130lbey \u00e7ifti programa birlikte kat\u0131l\u0131rken, k\u0131zlar\u0131 Eyl\u00fcl ise b\u00fcy\u00fck bir s\u00fcrpriz yaparak programa dahil oldu. Eyl\u00fcl Ate\u015fler\u2019in annesi Yasemin Yal\u00e7\u0131n hakk\u0131nda s\u00f6yledikleri ise dikkat \u00e7ekti.<\/p>\n<h3>YASEM\u0130N&#8217;\u0130N PENCERES\u0130 PROGRAMINDA YASEM\u0130N YAL\u00c7IN VE \u0130LYAS \u0130LBEY&#8217;E KIZLARI EYL\u00dcL&#8217;DEN S\u00dcRPR\u0130Z!<\/h3>\n<p><a href=\"https:\/\/www.tgrthaber.com\/mavikadin\/yasemin-yalcinin-ilk-esi-kimdir-yasemin-yalcinin-kac-cocugu-var\/\">Yasemin Yal\u00e7\u0131n<\/a> ve \u0130lyas \u0130lbey \u00e7ifti, &#8220;Kak\u0131lm\u0131\u015f ve \u0130tilmi\u015f&#8221; karakterleriyle milyonlar\u0131n g\u00f6nl\u00fcnde taht kurmu\u015ftu. Ekranlar\u0131n b\u00fcy\u00fck bir ilgiyle takip edilen usta oyuncular\u0131 aras\u0131nda yer alan Yasemin Yal\u00e7\u0131n ve \u0130lyas \u0130lbey ikilisi her pazar saat 13.00\u2019da TGRT Haber kanal\u0131nda izleyiciyle bulu\u015fan \u2018Yasemin\u2019in Penceresi\u2019 program\u0131na konuk oldu.<\/p>\n<p><img loading=\"lazy\" decoding=\"async\" class=\"size-full wp-image-294926\" src=\"https:\/\/www.tgrthaber.com\/mavikadin\/wp-content\/uploads\/2026\/01\/Yasemin-Yalcin-3.jpg\" alt=\"Yasemin&#039;in Penceresi program\u0131nda Yasemin Yal\u00e7\u0131n ve \u0130lyas \u0130lbey&#039;e k\u0131zlar\u0131 Eyl\u00fcl&#039;den s\u00fcrpriz! \u201cAnnem, kar\u0131ncaya bile su kapa\u011f\u0131nda su ta\u015f\u0131r\u201d\" width=\"1208\" height=\"680\" title=\"\" srcset=\"https:\/\/www.tgrthaber.com\/mavikadin\/wp-content\/uploads\/2026\/01\/Yasemin-Yalcin-3.jpg 1208w, https:\/\/www.tgrthaber.com\/mavikadin\/wp-content\/uploads\/2026\/01\/Yasemin-Yalcin-3-300x169.jpg 300w, https:\/\/www.tgrthaber.com\/mavikadin\/wp-content\/uploads\/2026\/01\/Yasemin-Yalcin-3-1024x576.jpg 1024w, https:\/\/www.tgrthaber.com\/mavikadin\/wp-content\/uploads\/2026\/01\/Yasemin-Yalcin-3-768x432.jpg 768w\" sizes=\"(max-width: 1208px) 100vw, 1208px\" \/><\/p>\n<hr \/>\n<p>Ba\u015far\u0131l\u0131 ve usta oyunculuklar\u0131n\u0131n yan\u0131 s\u0131ra uzun s\u00fcredir devam eden birliktelikleri ve mutlu aile tablosuyla adlar\u0131ndan s\u00f6z ettiren Yasemin Yal\u00e7\u0131n ve \u0130lyas \u0130lbey \u00e7ifti, Yasemin Bozkurt\u2019un sunuculu\u011funu yapt\u0131\u011f\u0131 \u2018Yasemin\u2019in Penceresi\u2019 program\u0131nda \u00f6nemli a\u00e7\u0131klamalarda bulundu.<\/p>\n<p><img loading=\"lazy\" decoding=\"async\" class=\"size-full wp-image-294935\" src=\"https:\/\/www.tgrthaber.com\/mavikadin\/wp-content\/uploads\/2026\/01\/Yasemin-Yalcin-1.jpg\" alt=\"Yasemin&#039;in Penceresi program\u0131nda Yasemin Yal\u00e7\u0131n ve \u0130lyas \u0130lbey&#039;e k\u0131zlar\u0131 Eyl\u00fcl&#039;den s\u00fcrpriz! \u201cAnnem, kar\u0131ncaya bile su kapa\u011f\u0131nda su ta\u015f\u0131r\u201d\" width=\"1208\" height=\"680\" title=\"\" srcset=\"https:\/\/www.tgrthaber.com\/mavikadin\/wp-content\/uploads\/2026\/01\/Yasemin-Yalcin-1.jpg 1208w, https:\/\/www.tgrthaber.com\/mavikadin\/wp-content\/uploads\/2026\/01\/Yasemin-Yalcin-1-300x169.jpg 300w, https:\/\/www.tgrthaber.com\/mavikadin\/wp-content\/uploads\/2026\/01\/Yasemin-Yalcin-1-1024x576.jpg 1024w, https:\/\/www.tgrthaber.com\/mavikadin\/wp-content\/uploads\/2026\/01\/Yasemin-Yalcin-1-768x432.jpg 768w\" sizes=\"(max-width: 1208px) 100vw, 1208px\" \/><\/p>\n<hr \/>\n<p>TGRT Haber ekranlar\u0131nda seyirciyle bulu\u015fan \u2018Yasemin\u2019in Penceresi\u2019 program\u0131n\u0131n bu haftaki konu\u011fu usta ve duayen oyuncu \u00e7ift Yasemin Yal\u00e7\u0131n ve \u0130lyas \u0130lbey oldu. \u00dcnl\u00fc \u00e7ift, kat\u0131ld\u0131klar\u0131 programda hem samimi a\u00e7\u0131klamalarda bulundu hem de duygusal anlar ya\u015fad\u0131.<\/p>\n<p><img loading=\"lazy\" decoding=\"async\" class=\"size-full wp-image-294927\" src=\"https:\/\/www.tgrthaber.com\/mavikadin\/wp-content\/uploads\/2026\/01\/Yasemin-Yalcin-4.jpg\" alt=\"Yasemin&#039;in Penceresi program\u0131nda Yasemin Yal\u00e7\u0131n ve \u0130lyas \u0130lbey&#039;e k\u0131zlar\u0131 Eyl\u00fcl&#039;den s\u00fcrpriz! \u201cAnnem, kar\u0131ncaya bile su kapa\u011f\u0131nda su ta\u015f\u0131r\u201d\" width=\"1208\" height=\"680\" title=\"\" srcset=\"https:\/\/www.tgrthaber.com\/mavikadin\/wp-content\/uploads\/2026\/01\/Yasemin-Yalcin-4.jpg 1208w, https:\/\/www.tgrthaber.com\/mavikadin\/wp-content\/uploads\/2026\/01\/Yasemin-Yalcin-4-300x169.jpg 300w, https:\/\/www.tgrthaber.com\/mavikadin\/wp-content\/uploads\/2026\/01\/Yasemin-Yalcin-4-1024x576.jpg 1024w, https:\/\/www.tgrthaber.com\/mavikadin\/wp-content\/uploads\/2026\/01\/Yasemin-Yalcin-4-768x432.jpg 768w\" sizes=\"(max-width: 1208px) 100vw, 1208px\" \/><\/p>\n<hr \/>\n<p>Ba\u015far\u0131l\u0131 oyunculuk kariyerleri kadar \u00f6zel hayatlar\u0131 ve uzun s\u00fcren mutlu beraberlikleriyle de adlar\u0131ndan s\u00f6z ettiren Yasemin Yal\u00e7\u0131n ve \u0130lyas \u0130lbey ikilisi, seyirci taraf\u0131ndan b\u00fcy\u00fck ilgi g\u00f6rd\u00fc. Yasemin Yal\u00e7\u0131n ve \u0130lyas \u0130lbey \u00e7ifti programa birlikte kat\u0131l\u0131rken, k\u0131zlar\u0131 Eyl\u00fcl ise b\u00fcy\u00fck bir s\u00fcrpriz yaparak programa dahil oldu.<\/p>\n<p><img loading=\"lazy\" decoding=\"async\" class=\"size-full wp-image-294932\" src=\"https:\/\/www.tgrthaber.com\/mavikadin\/wp-content\/uploads\/2026\/01\/Yasemin-Yalcin-8.jpg\" alt=\"Yasemin&#039;in Penceresi program\u0131nda Yasemin Yal\u00e7\u0131n ve \u0130lyas \u0130lbey&#039;e k\u0131zlar\u0131 Eyl\u00fcl&#039;den s\u00fcrpriz! \u201cAnnem, kar\u0131ncaya bile su kapa\u011f\u0131nda su ta\u015f\u0131r\u201d\" width=\"1208\" height=\"680\" title=\"\" srcset=\"https:\/\/www.tgrthaber.com\/mavikadin\/wp-content\/uploads\/2026\/01\/Yasemin-Yalcin-8.jpg 1208w, https:\/\/www.tgrthaber.com\/mavikadin\/wp-content\/uploads\/2026\/01\/Yasemin-Yalcin-8-300x169.jpg 300w, https:\/\/www.tgrthaber.com\/mavikadin\/wp-content\/uploads\/2026\/01\/Yasemin-Yalcin-8-1024x576.jpg 1024w, https:\/\/www.tgrthaber.com\/mavikadin\/wp-content\/uploads\/2026\/01\/Yasemin-Yalcin-8-768x432.jpg 768w\" sizes=\"(max-width: 1208px) 100vw, 1208px\" \/><\/p>\n<hr \/>\n<p>Programda dikkat \u00e7eken a\u00e7\u0131klamalarda ve samimi konu\u015fmalarda bulunan \u00fcnl\u00fc \u00e7ifte k\u0131zlar\u0131 Eyl\u00fcl Ate\u015fler\u2019den s\u00fcrpriz geldi. Eyl\u00fcl Ate\u015fler\u2019in annesi Yasemin Yal\u00e7\u0131n hakk\u0131nda s\u00f6yledikleri ise dikkat \u00e7ekti. \u0130\u015fte Yasemin Yal\u00e7\u0131n\u2019\u0131n k\u0131z\u0131 Eyl\u00fcl\u2019\u00fcn a\u00e7\u0131klamalar\u0131\u2026<\/p>\n<p><img loading=\"lazy\" decoding=\"async\" class=\"size-full wp-image-294925\" src=\"https:\/\/www.tgrthaber.com\/mavikadin\/wp-content\/uploads\/2026\/01\/Yasemin-Yalcin-2.jpg\" alt=\"Yasemin&#039;in Penceresi program\u0131nda Yasemin Yal\u00e7\u0131n ve \u0130lyas \u0130lbey&#039;e k\u0131zlar\u0131 Eyl\u00fcl&#039;den s\u00fcrpriz! \u201cAnnem, kar\u0131ncaya bile su kapa\u011f\u0131nda su ta\u015f\u0131r\u201d\" width=\"1208\" height=\"680\" title=\"\" srcset=\"https:\/\/www.tgrthaber.com\/mavikadin\/wp-content\/uploads\/2026\/01\/Yasemin-Yalcin-2.jpg 1208w, https:\/\/www.tgrthaber.com\/mavikadin\/wp-content\/uploads\/2026\/01\/Yasemin-Yalcin-2-300x169.jpg 300w, https:\/\/www.tgrthaber.com\/mavikadin\/wp-content\/uploads\/2026\/01\/Yasemin-Yalcin-2-1024x576.jpg 1024w, https:\/\/www.tgrthaber.com\/mavikadin\/wp-content\/uploads\/2026\/01\/Yasemin-Yalcin-2-768x432.jpg 768w\" sizes=\"(max-width: 1208px) 100vw, 1208px\" \/><\/p>\n<hr \/>\n<h3>EYL\u00dcL ATE\u015eLER\u2019DEN ANNES\u0130 YASEM\u0130N YAL\u00c7IN\u2019A \u00d6VG\u00dc DOLU S\u00d6ZLER!<\/h3>\n<p>Duayen tiyatro oyuncusu ve komedyen <a href=\"https:\/\/www.tgrthaber.com\/mavikadin\/yasemin-yalcin-kizi-eylul-atesler-kimdir-eylul-atesler-kac-yasinda-evli-mi\/\">Yasemin Yal\u00e7\u0131n<\/a>, kendisi gibi oyuncu ve komedyen olan e\u015fi \u0130lyas \u0130lbey ile \u2018Yasemin\u2019in Penceresi\u2019 program\u0131na konuk oldu. Uzun y\u0131llard\u0131r birlikte olan ikilinin evlili\u011finden 1998 y\u0131l\u0131nda \u2018Eda\u2019 ad\u0131n\u0131 verdikleri bir k\u0131z \u00e7ocuklar\u0131 d\u00fcnyaya gelmi\u015fti.<\/p>\n<p><img loading=\"lazy\" decoding=\"async\" class=\"size-full wp-image-294931\" src=\"https:\/\/www.tgrthaber.com\/mavikadin\/wp-content\/uploads\/2026\/01\/Yasemin-Yalcin-7.jpg\" alt=\"Yasemin&#039;in Penceresi program\u0131nda Yasemin Yal\u00e7\u0131n ve \u0130lyas \u0130lbey&#039;e k\u0131zlar\u0131 Eyl\u00fcl&#039;den s\u00fcrpriz! \u201cAnnem, kar\u0131ncaya bile su kapa\u011f\u0131nda su ta\u015f\u0131r\u201d\" width=\"1208\" height=\"680\" title=\"\" srcset=\"https:\/\/www.tgrthaber.com\/mavikadin\/wp-content\/uploads\/2026\/01\/Yasemin-Yalcin-7.jpg 1208w, https:\/\/www.tgrthaber.com\/mavikadin\/wp-content\/uploads\/2026\/01\/Yasemin-Yalcin-7-300x169.jpg 300w, https:\/\/www.tgrthaber.com\/mavikadin\/wp-content\/uploads\/2026\/01\/Yasemin-Yalcin-7-1024x576.jpg 1024w, https:\/\/www.tgrthaber.com\/mavikadin\/wp-content\/uploads\/2026\/01\/Yasemin-Yalcin-7-768x432.jpg 768w\" sizes=\"(max-width: 1208px) 100vw, 1208px\" \/><\/p>\n<hr \/>\n<p>Di\u011fer yandan Yasemin Yal\u00e7\u0131n\u2019\u0131n ilk e\u015finden hamile iken bo\u015fand\u0131\u011f\u0131, 1986 do\u011fumlu k\u0131z\u0131 Eyl\u00fcl ise 20 ya\u015f\u0131nda iken \u0130lbey soyad\u0131n\u0131 alm\u0131\u015ft\u0131. Kat\u0131ld\u0131\u011f\u0131 programda e\u015fi \u0130lyas \u0130lbey ile boy g\u00f6steren Yasemin Yal\u00e7\u0131n\u2019a k\u0131z\u0131 Eyl\u00fcl Ate\u015fler\u2019den s\u00fcrpriz geldi. Annesi hakk\u0131nda dikkat \u00e7eken a\u00e7\u0131klamalarda bulunan Eyl\u00fcl, \u00f6vg\u00fc dolu s\u00f6zler ya\u011fd\u0131rd\u0131.<\/p>\n<p><img loading=\"lazy\" decoding=\"async\" class=\"size-full wp-image-294930\" src=\"https:\/\/www.tgrthaber.com\/mavikadin\/wp-content\/uploads\/2026\/01\/Yasemin-Yalcin-6.jpg\" alt=\"Yasemin&#039;in Penceresi program\u0131nda Yasemin Yal\u00e7\u0131n ve \u0130lyas \u0130lbey&#039;e k\u0131zlar\u0131 Eyl\u00fcl&#039;den s\u00fcrpriz! \u201cAnnem, kar\u0131ncaya bile su kapa\u011f\u0131nda su ta\u015f\u0131r\u201d\" width=\"1208\" height=\"680\" title=\"\" srcset=\"https:\/\/www.tgrthaber.com\/mavikadin\/wp-content\/uploads\/2026\/01\/Yasemin-Yalcin-6.jpg 1208w, https:\/\/www.tgrthaber.com\/mavikadin\/wp-content\/uploads\/2026\/01\/Yasemin-Yalcin-6-300x169.jpg 300w, https:\/\/www.tgrthaber.com\/mavikadin\/wp-content\/uploads\/2026\/01\/Yasemin-Yalcin-6-1024x576.jpg 1024w, https:\/\/www.tgrthaber.com\/mavikadin\/wp-content\/uploads\/2026\/01\/Yasemin-Yalcin-6-768x432.jpg 768w\" sizes=\"(max-width: 1208px) 100vw, 1208px\" \/><\/p>\n<hr \/>\n<p>Eyl\u00fcl Ate\u015fler, \u2018Yasemin\u2019in Penceresi\u2019 program\u0131nda s\u00fcrpriz yapt\u0131\u011f\u0131 anne ve babas\u0131na olan sevgisiyle dikkatleri \u00fczerine \u00e7ekti. Oyunculuk kariyerinin yan\u0131 s\u0131ra \u00f6zellikle anneli\u011fiyle de ad\u0131ndan s\u00f6z ettiren Yasemin Yal\u00e7\u0131n, k\u0131z\u0131n\u0131n s\u00fcrprizi kar\u015f\u0131s\u0131nda sevincini gizleyemedi.<\/p>\n<p><img loading=\"lazy\" decoding=\"async\" class=\"size-full wp-image-294934\" src=\"https:\/\/www.tgrthaber.com\/mavikadin\/wp-content\/uploads\/2026\/01\/Yasemin-Yalcin-10.jpg\" alt=\"Yasemin&#039;in Penceresi program\u0131nda Yasemin Yal\u00e7\u0131n ve \u0130lyas \u0130lbey&#039;e k\u0131zlar\u0131 Eyl\u00fcl&#039;den s\u00fcrpriz! \u201cAnnem, kar\u0131ncaya bile su kapa\u011f\u0131nda su ta\u015f\u0131r\u201d\" width=\"1208\" height=\"680\" title=\"\" srcset=\"https:\/\/www.tgrthaber.com\/mavikadin\/wp-content\/uploads\/2026\/01\/Yasemin-Yalcin-10.jpg 1208w, https:\/\/www.tgrthaber.com\/mavikadin\/wp-content\/uploads\/2026\/01\/Yasemin-Yalcin-10-300x169.jpg 300w, https:\/\/www.tgrthaber.com\/mavikadin\/wp-content\/uploads\/2026\/01\/Yasemin-Yalcin-10-1024x576.jpg 1024w, https:\/\/www.tgrthaber.com\/mavikadin\/wp-content\/uploads\/2026\/01\/Yasemin-Yalcin-10-768x432.jpg 768w\" sizes=\"(max-width: 1208px) 100vw, 1208px\" \/><\/p>\n<hr \/>\n<p>Eyl\u00fcl Ate\u015fler, annesi Yasemin Yal\u00e7\u0131n hakk\u0131nda; \u201cBiz duygular\u0131m\u0131z\u0131 \u00e7ok payla\u015fan bir aileyiz. Sadece anneme kar\u015f\u0131 de\u011fil, babama ve karde\u015fime kar\u015f\u0131, birbirimize kar\u015f\u0131 duygular\u0131m\u0131z\u0131 payla\u015fan, her \u015feyi g\u00f6steren, temas eden bir aileyiz.\u201d ifadelerine yer verdi.<\/p>\n<div style=\"width: 640px;\" class=\"wp-video\"><!--[if lt IE 9]><script>document.createElement('video');<\/script><![endif]-->\n<video class=\"wp-video-shortcode\" id=\"video-294924-1\" width=\"640\" height=\"537\" preload=\"metadata\" controls=\"controls\"><source type=\"video\/mp4\" src=\"https:\/\/www.tgrthaber.com\/mavikadin\/wp-content\/uploads\/2026\/01\/Yasemin-Yalcin-1.mp4?_=1\" \/><a href=\"https:\/\/www.tgrthaber.com\/mavikadin\/wp-content\/uploads\/2026\/01\/Yasemin-Yalcin-1.mp4\">https:\/\/www.tgrthaber.com\/mavikadin\/wp-content\/uploads\/2026\/01\/Yasemin-Yalcin-1.mp4<\/a><\/video><\/div>\n<hr \/>\n<h3>\u201cANNEM, KARINCAYA B\u0130LE SU KAPA\u011eINDA SU TA\u015eIR\u201d<\/h3>\n<p>Oyuncu <a href=\"https:\/\/www.tgrthaber.com\/mavikadin\/yasemin-yalcin-kizi-eylul-atesler-kimdir-eylul-atesler-kac-yasinda-evli-mi\/\">Yasemin Yal\u00e7\u0131n\u2019\u0131<\/a> bir kenara koyarak annesi Yasemin\u2019den bahseden Eyl\u00fcl Ate\u015fler, \u201cAnnem hi\u00e7bir zaman \u2018Dersin nas\u0131l, s\u0131nav\u0131n nas\u0131l ge\u00e7ti? K\u0131z\u0131m okula git, \u00e7al\u0131\u015f, \u015fu testi \u00e7\u00f6z, \u015fu okula gir\u2019 ben hi\u00e7 b\u00f6yle bir \u00e7ocukluk, gen\u00e7 k\u0131zl\u0131k ya\u015famad\u0131m. Bize her zaman iyi, do\u011fru, d\u00fcr\u00fcst, vicdanl\u0131 ve merhametli insan olmay\u0131 \u00f6\u011fretti\u011fi i\u00e7in biz zaten sorumlulu\u011fumuz gere\u011fi ne olmas\u0131 gerekiyorsa o yoldan devam ettik. Ben anneme bakt\u0131\u011f\u0131mda d\u00fcnyadaki b\u00fct\u00fcn canl\u0131lara yard\u0131msever insan olan bir ki\u015fi g\u00f6r\u00fcyorum. Kar\u0131ncaya bile su kapa\u011f\u0131nda su ta\u015f\u0131yan, b\u00fct\u00fcn insanlara ve canl\u0131lara yard\u0131m eden, a\u011fa\u00e7lara dua okuyan bir insan benim annem\u2026\u201d<\/p>\n","protected":false},"excerpt":{"rendered":"<p>Sevilen duayen oyuncular Yasemin Yal\u00e7\u0131n ve \u0130lyas \u0130lbey \u00e7ifti, Yasemin&#8217;in Penceresi program\u0131na konuk oldu. Programda dikkat \u00e7eken a\u00e7\u0131klamalarda ve samimi konu\u015fmalarda bulunan \u00fcnl\u00fc \u00e7ifte k\u0131zlar\u0131 Eyl\u00fcl&#8217;den s\u00fcrpriz geldi. \u0130\u015fte detaylar\u2026<\/p>\n","protected":false},"author":26,"featured_media":294933,"comment_status":"closed","ping_status":"closed","sticky":false,"template":"","format":"standard","meta":{"rank_math_lock_modified_date":false,"footnotes":""},"categories":[76],"tags":[70036,27524,133,2218,16853,65567],"class_list":["post-294924","post","type-post","status-publish","format-standard","has-post-thumbnail","hentry","category-magazin","tag-eylul-atesler","tag-ilyas-ilbey","tag-magazin","tag-magazin-haberleri","tag-yasemin-yalcin","tag-yaseminin-penceresi"],"_links":{"self":[{"href":"https:\/\/www.tgrthaber.com\/mavikadin\/wp-json\/wp\/v2\/posts\/294924"}],"collection":[{"href":"https:\/\/www.tgrthaber.com\/mavikadin\/wp-json\/wp\/v2\/posts"}],"about":[{"href":"https:\/\/www.tgrthaber.com\/mavikadin\/wp-json\/wp\/v2\/types\/post"}],"author":[{"embeddable":true,"href":"https:\/\/www.tgrthaber.com\/mavikadin\/wp-json\/wp\/v2\/users\/26"}],"replies":[{"embeddable":true,"href":"https:\/\/www.tgrthaber.com\/mavikadin\/wp-json\/wp\/v2\/comments?post=294924"}],"version-history":[{"count":2,"href":"https:\/\/www.tgrthaber.com\/mavikadin\/wp-json\/wp\/v2\/posts\/294924\/revisions"}],"predecessor-version":[{"id":294937,"href":"https:\/\/www.tgrthaber.com\/mavikadin\/wp-json\/wp\/v2\/posts\/294924\/revisions\/294937"}],"wp:featuredmedia":[{"embeddable":true,"href":"https:\/\/www.tgrthaber.com\/mavikadin\/wp-json\/wp\/v2\/media\/294933"}],"wp:attachment":[{"href":"https:\/\/www.tgrthaber.com\/mavikadin\/wp-json\/wp\/v2\/media?parent=294924"}],"wp:term":[{"taxonomy":"category","embeddable":true,"href":"https:\/\/www.tgrthaber.com\/mavikadin\/wp-json\/wp\/v2\/categories?post=294924"},{"taxonomy":"post_tag","embeddable":true,"href":"https:\/\/www.tgrthaber.com\/mavikadin\/wp-json\/wp\/v2\/tags?post=294924"}],"curies":[{"name":"wp","href":"https:\/\/api.w.org\/{rel}","templated":true}]}}