{"id":294939,"date":"2026-01-25T17:56:55","date_gmt":"2026-01-25T14:56:55","guid":{"rendered":"https:\/\/www.tgrthaber.com\/mavikadin\/?p=294939"},"modified":"2026-01-25T17:59:43","modified_gmt":"2026-01-25T14:59:43","slug":"tasacak-bu-denizde-sirin-furtuna-oluyor-mu-sozleri-ayrilik-sinyallerini-ele-verdi-oyuncu-gamze-suner-atay-diziden-mi-ayriliyor","status":"publish","type":"post","link":"https:\/\/www.tgrthaber.com\/mavikadin\/tasacak-bu-denizde-sirin-furtuna-oluyor-mu-sozleri-ayrilik-sinyallerini-ele-verdi-oyuncu-gamze-suner-atay-diziden-mi-ayriliyor\/","title":{"rendered":"Ta\u015facak Bu Deniz&#8217;de \u015eirin Furtuna \u00f6l\u00fcyor mu? S\u00f6zleri, ayr\u0131l\u0131k sinyallerini ele verdi! Oyuncu Gamze S\u00fcner Atay, diziden mi ayr\u0131l\u0131yor?"},"content":{"rendered":"<p><a href=\"https:\/\/www.tgrthaber.com\/mavikadin\/tasacak-bu-deniz-15-bolum-2-fragmanda-bomba-gelisme-oruc-itirafiyla-tum-dengeyi-degistirecek-adil-eleniyi-mi-ogrenecek\/\">Ta\u015facak Bu Deniz<\/a> dizisi, yay\u0131nland\u0131\u011f\u0131 her b\u00f6l\u00fcm\u00fcyle izleyici taraf\u0131ndan b\u00fcy\u00fck bir ilgi g\u00f6rmeye devam ediyor. Karadeniz&#8217;in b\u00fcy\u00fcleyici g\u00fczelliklerinden biri olan Trabzon&#8217;da \u00e7ekimleri yap\u0131lan <a href=\"https:\/\/www.tgrthaber.com\/mavikadin\/reyting-yarisinda-zirvede-buyuk-degisiklik-kizilcik-serbeti-tasacak-bu-denizin-liderligini-elinden-aliyor\/\">Ta\u015facak Bu Deniz<\/a> dizisi, s\u00fcr\u00fckleyici hikayesi ve heyecan dolu sahneleriyle izleyicileri ekran ba\u015f\u0131ndan ay\u0131rm\u0131yor. Dizinin reyting s\u0131ralamas\u0131nda t\u00fcm kategorilerde birinci gelmeyi sa\u011flayarak zirvedeki yerini korumas\u0131n\u0131n en temel etkeninin ise; birbirinden g\u00fc\u00e7l\u00fc ve yetenekli isimlerin oldu\u011fu oyuncu kadrosu oldu\u011fu d\u00fc\u015f\u00fcn\u00fcl\u00fcyor.<\/p>\n<p>Ba\u015far\u0131l\u0131 isimlerin ekran \u00f6n\u00fcnde yer ald\u0131\u011f\u0131 Ta\u015facak Bu Deniz dizisinin 14. b\u00f6l\u00fcm\u00fcnde yay\u0131nlanan bir sahne izleyiciler aras\u0131nda kafa kar\u0131\u015f\u0131kl\u0131\u011f\u0131na sebep oldu.<strong><em> Peki Ta\u015facak Bu Deniz dizisinde \u015eirin karakterini oynayan Gamze S\u00fcner Atay&#8217;dan beklenmedik bir ayr\u0131l\u0131k m\u0131 geliyor? Ta\u015facak Bu Deniz dizisinin \u015eirin&#8217;i \u00f6l\u00fcyor mu? \u0130\u015fte, merak edilenler&#8230;<\/em><\/strong><\/p>\n<h3>TA\u015eACAK BU DEN\u0130Z D\u0130Z\u0130S\u0130N\u0130N \u015e\u0130R\u0130N&#8217;\u0130 VEDA MI ED\u0130YOR? \u015e\u0130R\u0130N FURTUNA \u00d6L\u00dcYOR MU?<\/h3>\n<p>\u0130so ve Fadime&#8217;nin evlili\u011finin perde arkas\u0131ndaki isim olan \u015eirin Furtuna&#8217;n\u0131n dizi s\u0131ras\u0131nda s\u00f6yledi\u011fi baz\u0131 s\u00f6zlerle beraber son birka\u00e7 sahnede \u015eirin&#8217;in fenala\u015fmas\u0131 \u00fcnl\u00fc oyuncunun diziden ayr\u0131labilece\u011fi y\u00f6n\u00fcndeki ku\u015fkular\u0131 da beraberinde getirdi.<\/p>\n<p><img loading=\"lazy\" decoding=\"async\" class=\"wp-image-294956\" src=\"https:\/\/www.tgrthaber.com\/mavikadin\/wp-content\/uploads\/2026\/01\/tasacak-bu-deniz-dizisi-sirin-furtunaya-ne-oluyor-Sirin-furtuna-oluyor-mu.png\" alt=\"ta\u015facak bu deniz dizisi \u015firine ne oldu? Ta\u015facak bu denizde \u015firin furtuna \u00f6l\u00fcyor mu\" width=\"1208\" height=\"666\" title=\"\" srcset=\"https:\/\/www.tgrthaber.com\/mavikadin\/wp-content\/uploads\/2026\/01\/tasacak-bu-deniz-dizisi-sirin-furtunaya-ne-oluyor-Sirin-furtuna-oluyor-mu.png 628w, https:\/\/www.tgrthaber.com\/mavikadin\/wp-content\/uploads\/2026\/01\/tasacak-bu-deniz-dizisi-sirin-furtunaya-ne-oluyor-Sirin-furtuna-oluyor-mu-300x165.png 300w\" sizes=\"(max-width: 1208px) 100vw, 1208px\" \/><\/p>\n<hr \/>\n<p>Ta\u015facak Bu Deniz dizisinin 14. b\u00f6l\u00fcm\u00fcnde \u0130so ve Fadime&#8217;nin evlili\u011fe ikna edilmeye \u00e7al\u0131\u015f\u0131ld\u0131\u011f\u0131 sahnede \u015eirin Furtuna&#8217;n\u0131n rahats\u0131zlanmas\u0131 ve <em><strong>&#8216;Allah s\u0131ral\u0131 \u00f6l\u00fcm versin, s\u0131radaki benim&#8217;<\/strong><\/em> demesi dikkatlerden ka\u00e7mad\u0131.<\/p>\n<div style=\"width: 640px;\" class=\"wp-video\"><!--[if lt IE 9]><script>document.createElement('video');<\/script><![endif]-->\n<video class=\"wp-video-shortcode\" id=\"video-294939-1\" width=\"640\" height=\"360\" preload=\"metadata\" controls=\"controls\"><source type=\"video\/mp4\" src=\"https:\/\/www.tgrthaber.com\/mavikadin\/wp-content\/uploads\/2026\/01\/Iso-ve-Fadime-nasil-evlendi.-Tasacak-Bu-Deniz-14.-Bolum-X-ETi-Browni.mp4?_=1\" \/><a href=\"https:\/\/www.tgrthaber.com\/mavikadin\/wp-content\/uploads\/2026\/01\/Iso-ve-Fadime-nasil-evlendi.-Tasacak-Bu-Deniz-14.-Bolum-X-ETi-Browni.mp4\">https:\/\/www.tgrthaber.com\/mavikadin\/wp-content\/uploads\/2026\/01\/Iso-ve-Fadime-nasil-evlendi.-Tasacak-Bu-Deniz-14.-Bolum-X-ETi-Browni.mp4<\/a><\/video><\/div>\n<h3>\u015e\u0130R\u0130N FURTUNA: BEN\u0130M DEVR\u0130M SONA ER\u0130YOR!<\/h3>\n<p>Dizinin 14. b\u00f6l\u00fcmde \u0130so ve Fadime&#8217;nin \u00e7ekildi\u011fi bir sahnede rahats\u0131zlanan \u015eirin Furtuna, Fadime&#8217;den hap\u0131n\u0131 isteyerek \u015fu ifadelerde bulunuyor:<\/p>\n<p><img loading=\"lazy\" decoding=\"async\" class=\"size-full wp-image-294957\" src=\"https:\/\/www.tgrthaber.com\/mavikadin\/wp-content\/uploads\/2026\/01\/sirin-furtuna.png\" alt=\"\u015firin furtuna\" width=\"630\" height=\"351\" title=\"\" srcset=\"https:\/\/www.tgrthaber.com\/mavikadin\/wp-content\/uploads\/2026\/01\/sirin-furtuna.png 630w, https:\/\/www.tgrthaber.com\/mavikadin\/wp-content\/uploads\/2026\/01\/sirin-furtuna-300x167.png 300w\" sizes=\"(max-width: 630px) 100vw, 630px\" \/><\/p>\n<hr \/>\n<p><strong>&#8220;Benim devrim sona eriyor art\u0131k \u00e7ocuklar, s\u0131ra bende art\u0131k. Rabbim s\u0131ral\u0131 als\u0131n hepimizi. Benim cenazemden ba\u015fka cenaze istemiyorum bu iki ailede.&#8221;<\/strong><\/p>\n<p><img loading=\"lazy\" decoding=\"async\" class=\"alignnone wp-image-260927 size-full\" src=\"https:\/\/www.tgrthaber.com\/mavikadin\/wp-content\/uploads\/Gamze-Suner-Atay-2.png\" alt=\"\" width=\"1208\" height=\"680\" title=\"\" srcset=\"https:\/\/www.tgrthaber.com\/mavikadin\/wp-content\/uploads\/Gamze-Suner-Atay-2.png 1208w, https:\/\/www.tgrthaber.com\/mavikadin\/wp-content\/uploads\/Gamze-Suner-Atay-2-300x169.png 300w, https:\/\/www.tgrthaber.com\/mavikadin\/wp-content\/uploads\/Gamze-Suner-Atay-2-1024x576.png 1024w, https:\/\/www.tgrthaber.com\/mavikadin\/wp-content\/uploads\/Gamze-Suner-Atay-2-768x432.png 768w\" sizes=\"(max-width: 1208px) 100vw, 1208px\" \/><\/p>\n<hr \/>\n<p>Dizinin gelecek hafta ki yay\u0131nlanan 15. b\u00f6l\u00fcm\u00fcnde ise; \u015eirin Furtuna, \u0130so ve Fadime&#8217;nin d\u00fc\u011f\u00fcn\u00fcnde \u00f6nce bir s\u00fcre kolu uyu\u015farak rahats\u0131zlan\u0131yor sonra ise, g\u00f6z\u00fc karar\u0131p yere y\u0131\u011f\u0131larak korku dolu anlar ya\u015fat\u0131yor.<\/p>\n<h3>TA\u015eACAK BU DEN\u0130Z D\u0130Z\u0130S\u0130 YEN\u0130 B\u00d6L\u00dcM FRAGMANI YAYINDA!<\/h3>\n<div style=\"width: 640px;\" class=\"wp-video\"><video class=\"wp-video-shortcode\" id=\"video-294939-2\" width=\"640\" height=\"360\" preload=\"metadata\" controls=\"controls\"><source type=\"video\/mp4\" src=\"https:\/\/www.tgrthaber.com\/mavikadin\/wp-content\/uploads\/2026\/01\/Tasacak-Bu-Deniz-16.-Bolum-Fragmani-@trt1.mp4?_=2\" \/><a href=\"https:\/\/www.tgrthaber.com\/mavikadin\/wp-content\/uploads\/2026\/01\/Tasacak-Bu-Deniz-16.-Bolum-Fragmani-@trt1.mp4\">https:\/\/www.tgrthaber.com\/mavikadin\/wp-content\/uploads\/2026\/01\/Tasacak-Bu-Deniz-16.-Bolum-Fragmani-@trt1.mp4<\/a><\/video><\/div>\n<h3>TA\u015eACAK BU DEN\u0130Z D\u0130Z\u0130S\u0130 GAMZE S\u00dcNER ATAY D\u0130Z\u0130DEN AYRILIYOR MU?<\/h3>\n<p>Ekranlar\u0131n en \u00e7ok izlenen dizisi Ta\u015facak Bu Deniz dizisinde &#8216;\u015eirin Furtuna&#8217; karakterini \u00fcstlenen oyuncu Gamze S\u00fcner Atay ve yap\u0131m ekibinden bu konuya y\u00f6nelik hen\u00fcz resmi bir a\u00e7\u0131klama ya da payla\u015f\u0131m gelmedi.<\/p>\n<p><img loading=\"lazy\" decoding=\"async\" class=\"alignnone wp-image-260924 size-full\" src=\"https:\/\/www.tgrthaber.com\/mavikadin\/wp-content\/uploads\/Gamze-Suner-Atay-3.png\" alt=\"\" width=\"1208\" height=\"680\" title=\"\" srcset=\"https:\/\/www.tgrthaber.com\/mavikadin\/wp-content\/uploads\/Gamze-Suner-Atay-3.png 1208w, https:\/\/www.tgrthaber.com\/mavikadin\/wp-content\/uploads\/Gamze-Suner-Atay-3-300x169.png 300w, https:\/\/www.tgrthaber.com\/mavikadin\/wp-content\/uploads\/Gamze-Suner-Atay-3-1024x576.png 1024w, https:\/\/www.tgrthaber.com\/mavikadin\/wp-content\/uploads\/Gamze-Suner-Atay-3-768x432.png 768w\" sizes=\"(max-width: 1208px) 100vw, 1208px\" \/><\/p>\n<hr \/>\n<p>&nbsp;<\/p>\n","protected":false},"excerpt":{"rendered":"<p>Ta\u015facak Bu Deniz dizisinde \u015eirin Furtuna&#8217;y\u0131 oynayan Gamze S\u00fcner Atay&#8217;\u0131n diziden ayr\u0131l\u0131p ayr\u0131lmayaca\u011f\u0131 izleyicileri sosyal medyada ikiye b\u00f6ld\u00fc. Ta\u015facak Bu Deniz&#8217;in 14. b\u00f6l\u00fcm\u00fcnde \u015eirin&#8217;in s\u00f6yledi\u011fi baz\u0131 s\u00f6zlerden sonra 15. b\u00f6l\u00fcmde tekrardan fenala\u015fmas\u0131, \u00fcnl\u00fc oyuncu Gamze S\u00fcner Atay&#8217;\u0131n diziden \u00e7\u0131kabilece\u011fi y\u00f6n\u00fcndeki sinyallere ye\u015fil \u0131\u015f\u0131k a\u00e7t\u0131. Ta\u015facak Bu Deniz dizisinde \u015eirin Furtuna&#8217;ya ne olacak, \u015eirin Furtuna \u00f6l\u00fcyor mu? \u00dcnl\u00fc oyuncudan a\u00e7\u0131klama geldi mi? \u0130\u015fte ayr\u0131nt\u0131lar&#8230;<\/p>\n","protected":false},"author":27,"featured_media":294955,"comment_status":"closed","ping_status":"closed","sticky":false,"template":"","format":"standard","meta":{"rank_math_lock_modified_date":false,"footnotes":""},"categories":[602],"tags":[66111,71433,66112,71434,71432,62935,71435,71089],"class_list":["post-294939","post","type-post","status-publish","format-standard","has-post-thumbnail","hentry","category-diziler","tag-gamze-suner-atay","tag-gamze-suner-atay-tasacak-bu-deniz-dizisinden-ayriliyor-mu","tag-sirin-furtuna","tag-sirin-furtuna-kimdir","tag-sirin-furtuna-oluyor-mu","tag-tasacak-bu-deniz-dizisi","tag-tasacak-bu-deniz-dizisi-oyunculari","tag-tasacak-bu-deniz-dizisi-yeni-bolum"],"_links":{"self":[{"href":"https:\/\/www.tgrthaber.com\/mavikadin\/wp-json\/wp\/v2\/posts\/294939"}],"collection":[{"href":"https:\/\/www.tgrthaber.com\/mavikadin\/wp-json\/wp\/v2\/posts"}],"about":[{"href":"https:\/\/www.tgrthaber.com\/mavikadin\/wp-json\/wp\/v2\/types\/post"}],"author":[{"embeddable":true,"href":"https:\/\/www.tgrthaber.com\/mavikadin\/wp-json\/wp\/v2\/users\/27"}],"replies":[{"embeddable":true,"href":"https:\/\/www.tgrthaber.com\/mavikadin\/wp-json\/wp\/v2\/comments?post=294939"}],"version-history":[{"count":3,"href":"https:\/\/www.tgrthaber.com\/mavikadin\/wp-json\/wp\/v2\/posts\/294939\/revisions"}],"predecessor-version":[{"id":294961,"href":"https:\/\/www.tgrthaber.com\/mavikadin\/wp-json\/wp\/v2\/posts\/294939\/revisions\/294961"}],"wp:featuredmedia":[{"embeddable":true,"href":"https:\/\/www.tgrthaber.com\/mavikadin\/wp-json\/wp\/v2\/media\/294955"}],"wp:attachment":[{"href":"https:\/\/www.tgrthaber.com\/mavikadin\/wp-json\/wp\/v2\/media?parent=294939"}],"wp:term":[{"taxonomy":"category","embeddable":true,"href":"https:\/\/www.tgrthaber.com\/mavikadin\/wp-json\/wp\/v2\/categories?post=294939"},{"taxonomy":"post_tag","embeddable":true,"href":"https:\/\/www.tgrthaber.com\/mavikadin\/wp-json\/wp\/v2\/tags?post=294939"}],"curies":[{"name":"wp","href":"https:\/\/api.w.org\/{rel}","templated":true}]}}