{"id":294962,"date":"2026-01-25T18:29:41","date_gmt":"2026-01-25T15:29:41","guid":{"rendered":"https:\/\/www.tgrthaber.com\/mavikadin\/?p=294962"},"modified":"2026-01-25T23:44:27","modified_gmt":"2026-01-25T20:44:27","slug":"25-ocak-survivor-odul-oyununu-hangi-takim-kazandi-cezayi-hangi-takim-aldi","status":"publish","type":"post","link":"https:\/\/www.tgrthaber.com\/mavikadin\/25-ocak-survivor-odul-oyununu-hangi-takim-kazandi-cezayi-hangi-takim-aldi\/","title":{"rendered":"25 Ocak Survivor \u00f6d\u00fcl oyununu hangi tak\u0131m kazand\u0131? Cezay\u0131 hangi tak\u0131m ald\u0131?"},"content":{"rendered":"<p><a href=\"https:\/\/www.tgrthaber.com\/mavikadin\/survivor-onur-alp-cam-gozyaslarina-boguldu-baris-murat-yagcidan-ozur-diledigi-anlar-gundemde\/\">Survivor<\/a> 2026\u2019da yar\u0131\u015fman\u0131n gidi\u015fat\u0131n\u0131 \u00f6nemli \u00f6l\u00e7\u00fcde etkileyecek olan kritik s\u00fcre\u00e7ten bahseden Acun Il\u0131cal\u0131, yaln\u0131zca yar\u0131\u015fmac\u0131lar\u0131 de\u011fil ekran ba\u015f\u0131ndaki izleyicilerin de heyecan\u0131n\u0131 zirveye ta\u015f\u0131d\u0131. Format de\u011fi\u015fikli\u011fine giderek rekabetin tavan yapaca\u011f\u0131<strong> Survivor 2026\u2019da; Mavi (G\u00f6n\u00fcll\u00fcler), K\u0131rm\u0131z\u0131 (\u00dcnl\u00fcler) ve Sar\u0131 (All Star) olmak \u00fczere \u00fc\u00e7 farkl\u0131 tak\u0131m halinde yar\u0131\u015facak.<\/strong><\/p>\n<p>20 y\u0131ldan sonra yepyeni bir deneyimin vuku bulaca\u011f\u0131 <a href=\"https:\/\/www.tgrthaber.com\/mavikadin\/survivor-2026-osman-can-ural-kimdir-kac-yasinda-survivor-2026-osman-can-ural-aslen-nereli-meslegi-ne\/\">Survivor<\/a> 25 Ocak 2026\u2019da \u00f6d\u00fcl oyununda hangi tak\u0131m galip geldi? 25 Ocak Survivor ceza \u00f6d\u00fcl\u00fc hangi tak\u0131ma gitti?<em><strong> \u0130\u015fte, detaylar&#8230;<\/strong><\/em><\/p>\n<h3>SURV\u0130VOR 25 OCAK 2026 \u00d6D\u00dcL OYUNUNU HANG\u0130 TAKIM KAZANDI?<\/h3>\n<p>Survivor 25 Ocak 2026 \u00f6d\u00fcl oyununun ilk etab\u0131nda<strong>K\u0131rm\u0131z\u0131lar 6, Maviler 9, Sar\u0131lar da 10 puan ald\u0131. <\/strong>Dolay\u0131s\u0131yla ilk etab\u0131n birincisi <strong>SARI TAKIM<\/strong> oldu. Sar\u0131 tak\u0131mda son oyunu alan isim ise <em><strong>Nagihan Karadere<\/strong><\/em> oldu.<\/p>\n<p><img loading=\"lazy\" decoding=\"async\" class=\"alignnone wp-image-294742 size-full\" src=\"https:\/\/www.tgrthaber.com\/mavikadin\/wp-content\/uploads\/2026\/01\/Survivorda-bir-ilk-yasanacak-3-takim-1-kupa.jpg\" alt=\"\" width=\"1208\" height=\"680\" title=\"\" srcset=\"https:\/\/www.tgrthaber.com\/mavikadin\/wp-content\/uploads\/2026\/01\/Survivorda-bir-ilk-yasanacak-3-takim-1-kupa.jpg 1208w, https:\/\/www.tgrthaber.com\/mavikadin\/wp-content\/uploads\/2026\/01\/Survivorda-bir-ilk-yasanacak-3-takim-1-kupa-300x169.jpg 300w, https:\/\/www.tgrthaber.com\/mavikadin\/wp-content\/uploads\/2026\/01\/Survivorda-bir-ilk-yasanacak-3-takim-1-kupa-1024x576.jpg 1024w, https:\/\/www.tgrthaber.com\/mavikadin\/wp-content\/uploads\/2026\/01\/Survivorda-bir-ilk-yasanacak-3-takim-1-kupa-768x432.jpg 768w\" sizes=\"(max-width: 1208px) 100vw, 1208px\" \/><\/p>\n<hr \/>\n<h3>SURV\u0130VOR 25 OCAK 2026 CEZA \u00d6D\u00dcL\u00dcN\u00dc HANG\u0130 TAKIM ALDI?<\/h3>\n<p>Survivor 25 Ocak 2026&#8217;da cezaya giden tak\u0131m <strong>KIRMIZILAR<\/strong> oldu.<\/p>\n<h3>SURV\u0130VOR SARI TAKIM&#8217;DA HANG\u0130 \u0130S\u0130MLER VAR? ALL STAR TAKIM YARI\u015eMACILARI K\u0130MLER?<\/h3>\n<p>Ge\u00e7ti\u011fimiz g\u00fcn Survivor&#8217;\u0131n yay\u0131nlanan yeni b\u00f6l\u00fcm\u00fcnde; Acun Il\u0131cal\u0131&#8217;n\u0131n a\u00e7\u0131klad\u0131\u011f\u0131 3. tak\u0131m olan sar\u0131 (All star) tak\u0131m\u0131nda dikkat \u00e7eken isimlerin bir arada topland\u0131\u011f\u0131 g\u00f6r\u00fcld\u00fc.<\/p>\n<p><img loading=\"lazy\" decoding=\"async\" class=\"wp-image-294963\" src=\"https:\/\/www.tgrthaber.com\/mavikadin\/wp-content\/uploads\/2026\/01\/25-ocak-survivor-odul-oyununu-hangi-takim-kazandi.png\" alt=\"25 ocak survivor \u00f6d\u00fcl oyununu hangi tak\u0131m kazand\u0131\" width=\"1208\" height=\"665\" title=\"\" srcset=\"https:\/\/www.tgrthaber.com\/mavikadin\/wp-content\/uploads\/2026\/01\/25-ocak-survivor-odul-oyununu-hangi-takim-kazandi.png 632w, https:\/\/www.tgrthaber.com\/mavikadin\/wp-content\/uploads\/2026\/01\/25-ocak-survivor-odul-oyununu-hangi-takim-kazandi-300x165.png 300w\" sizes=\"(max-width: 1208px) 100vw, 1208px\" \/><\/p>\n<hr \/>\n<p>Ge\u00e7mi\u015f sezonlarda parkurlardaki \u00fcst\u00fcn performanslar\u0131 ile kendilerinden bahsettiren ve olaylar\u0131 ile g\u00fcndemden d\u00fc\u015fmeyen isimlerin tek kanatta toplanmas\u0131 rekabeti ku\u015fkusuz daha da artt\u0131raca\u011f\u0131 y\u00f6n\u00fcnde. <strong>Peki, 2026 Survivor sar\u0131 tak\u0131m\u0131n yeni isimleri kimler?<\/strong><\/p>\n<p><img loading=\"lazy\" decoding=\"async\" class=\"alignnone wp-image-294390 size-full\" src=\"https:\/\/www.tgrthaber.com\/mavikadin\/wp-content\/uploads\/2026\/01\/22-Ocak-2026-SURVIVOR-YARISMASINA-VEDA-EDEN-KISI-KIM.jpg\" alt=\"\" width=\"1208\" height=\"680\" title=\"\" srcset=\"https:\/\/www.tgrthaber.com\/mavikadin\/wp-content\/uploads\/2026\/01\/22-Ocak-2026-SURVIVOR-YARISMASINA-VEDA-EDEN-KISI-KIM.jpg 1208w, https:\/\/www.tgrthaber.com\/mavikadin\/wp-content\/uploads\/2026\/01\/22-Ocak-2026-SURVIVOR-YARISMASINA-VEDA-EDEN-KISI-KIM-300x169.jpg 300w, https:\/\/www.tgrthaber.com\/mavikadin\/wp-content\/uploads\/2026\/01\/22-Ocak-2026-SURVIVOR-YARISMASINA-VEDA-EDEN-KISI-KIM-1024x576.jpg 1024w, https:\/\/www.tgrthaber.com\/mavikadin\/wp-content\/uploads\/2026\/01\/22-Ocak-2026-SURVIVOR-YARISMASINA-VEDA-EDEN-KISI-KIM-768x432.jpg 768w\" sizes=\"(max-width: 1208px) 100vw, 1208px\" \/><\/p>\n<hr \/>\n<p>Uzun zamand\u0131r ekranlarda yer almay\u0131p izleyicilerin \u00f6zledi\u011fi isimlerden olu\u015fan All Starlar tak\u0131m\u0131nda <em><strong>Do\u011fu\u015f, Bar\u0131\u015f Murat Ya\u011fc\u0131, Tu\u011f\u00e7e Melis Demir, B\u00fc\u015fra Yal\u00e7\u0131n, Sercan Y\u0131ld\u0131r\u0131m, Osman Can, Nagihan Karadere, Nefise Karatay<\/strong><\/em> yer al\u0131yor.<\/p>\n","protected":false},"excerpt":{"rendered":"<p>25 Ocak Survivor 2026&#8217;n\u0131n pazar ak\u015fam\u0131 TV8 ekranlar\u0131ndan yay\u0131nlanan b\u00f6l\u00fcm\u00fcnde \u00f6d\u00fcl ve ceza oyunu, izleyiciler aras\u0131nda ayr\u0131 bir heyecanla takip edildi. Peki Survivor 25 Ocak 2026 \u00f6d\u00fcl oyununda hangi tak\u0131m galip geldi? Ceza \u00f6d\u00fcl\u00fc hangi tak\u0131m\u0131n oldu?<\/p>\n","protected":false},"author":27,"featured_media":294964,"comment_status":"closed","ping_status":"closed","sticky":false,"template":"","format":"standard","meta":{"rank_math_lock_modified_date":false,"footnotes":""},"categories":[76],"tags":[71437,71436,133,2218,2366,63785],"class_list":["post-294962","post","type-post","status-publish","format-standard","has-post-thumbnail","hentry","category-magazin","tag-25-ocak-2026-survivor-odul-oyunu","tag-25-ocak-survivor-odul-oyununu-hangi-takim-kazandi","tag-magazin","tag-magazin-haberleri","tag-survivor","tag-survivor-2026"],"_links":{"self":[{"href":"https:\/\/www.tgrthaber.com\/mavikadin\/wp-json\/wp\/v2\/posts\/294962"}],"collection":[{"href":"https:\/\/www.tgrthaber.com\/mavikadin\/wp-json\/wp\/v2\/posts"}],"about":[{"href":"https:\/\/www.tgrthaber.com\/mavikadin\/wp-json\/wp\/v2\/types\/post"}],"author":[{"embeddable":true,"href":"https:\/\/www.tgrthaber.com\/mavikadin\/wp-json\/wp\/v2\/users\/27"}],"replies":[{"embeddable":true,"href":"https:\/\/www.tgrthaber.com\/mavikadin\/wp-json\/wp\/v2\/comments?post=294962"}],"version-history":[{"count":7,"href":"https:\/\/www.tgrthaber.com\/mavikadin\/wp-json\/wp\/v2\/posts\/294962\/revisions"}],"predecessor-version":[{"id":294995,"href":"https:\/\/www.tgrthaber.com\/mavikadin\/wp-json\/wp\/v2\/posts\/294962\/revisions\/294995"}],"wp:featuredmedia":[{"embeddable":true,"href":"https:\/\/www.tgrthaber.com\/mavikadin\/wp-json\/wp\/v2\/media\/294964"}],"wp:attachment":[{"href":"https:\/\/www.tgrthaber.com\/mavikadin\/wp-json\/wp\/v2\/media?parent=294962"}],"wp:term":[{"taxonomy":"category","embeddable":true,"href":"https:\/\/www.tgrthaber.com\/mavikadin\/wp-json\/wp\/v2\/categories?post=294962"},{"taxonomy":"post_tag","embeddable":true,"href":"https:\/\/www.tgrthaber.com\/mavikadin\/wp-json\/wp\/v2\/tags?post=294962"}],"curies":[{"name":"wp","href":"https:\/\/api.w.org\/{rel}","templated":true}]}}