{"id":294969,"date":"2026-01-25T20:50:00","date_gmt":"2026-01-25T17:50:00","guid":{"rendered":"https:\/\/www.tgrthaber.com\/mavikadin\/?p=294969"},"modified":"2026-01-25T20:50:01","modified_gmt":"2026-01-25T17:50:01","slug":"2026-survivor-kupasi-buyuk-odul-ne-kadar-2026-sampiyonluk-odulunun-rakami-belli-oldu-mu","status":"publish","type":"post","link":"https:\/\/www.tgrthaber.com\/mavikadin\/2026-survivor-kupasi-buyuk-odul-ne-kadar-2026-sampiyonluk-odulunun-rakami-belli-oldu-mu\/","title":{"rendered":"2026 Survivor Kupas\u0131 b\u00fcy\u00fck \u00f6d\u00fcl ne kadar? 2026 \u015eampiyonluk \u00f6d\u00fcl\u00fcn\u00fcn rakam\u0131 belli oldu mu?"},"content":{"rendered":"<p>TV8&#8217;in en \u00e7ok izlenen nefes kesici programlar\u0131ndan biri olan <a href=\"https:\/\/www.tgrthaber.com\/mavikadin\/25-ocak-survivor-odul-oyununu-hangi-takim-kazandi-cezayi-hangi-takim-aldi\/\">&#8216;Survivor&#8217;<\/a>da format de\u011fi\u015fikli\u011fine gidilerek maviler- k\u0131rm\u0131z\u0131lar tak\u0131m\u0131na ek bir de sar\u0131lar tak\u0131m\u0131 kuruldu. Parkurlarda \u00fc\u00e7 ayr\u0131 tak\u0131m\u0131n birden yar\u0131\u015faca\u011f\u0131 Survivor&#8217;da heyecan dolu anlar izleyicileri bekler iken rakipler aras\u0131ndaki rekabette zirveye \u00e7\u0131k\u0131yor.<\/p>\n<p>4 g\u00fcn boyunca s\u00fcrecek olan 2026 Survivor kupas\u0131 i\u00e7in m\u00fccadele edecek olan \u00fc\u00e7 tak\u0131mda yar\u0131\u015fmaya yeni kat\u0131lan yedek yar\u0131\u015fmac\u0131lar g\u00f6n\u00fcll\u00fcler ve \u00fcnl\u00fclerin adas\u0131nda de\u011fil farkl\u0131 bir bir kampta konaklayacak. Her g\u00fcn ayr\u0131 bir \u00f6d\u00fcl ve ceza oyununun olaca\u011f\u0131 <a href=\"https:\/\/www.tgrthaber.com\/mavikadin\/survivor-2026-yarismacisi-nefise-karatayin-degisimi-tepkilere-neden-oldu-yuzu-bambaska-biri\/\">Survivor&#8217;<\/a>da kupay\u0131 kimin alaca\u011f\u0131 \u015fimdiden merak konusu. <em><strong>Peki, \u015fampiyonlu\u011fu elde edecek olan ki\u015finin \u00f6d\u00fcl\u00fc tam olarak ne olacak? 2026 Survivor&#8217;da b\u00fcy\u00fck \u00f6d\u00fcl ne kadar?<\/strong><\/em><\/p>\n<h3>2026 SURV\u0130VOR KUPASI NE KADAR? 4 G\u00dcNL\u00dcK MARATONDA B\u00dcY\u00dcK \u00d6D\u00dcL M\u0130KTARI BELL\u0130 OLDU MU?<\/h3>\n<p>Parkurlarda tozu dumana katarak \u015fampiyonluk m\u00fccadelesi verecek olan yar\u0131\u015fmac\u0131lar, Survivor kupas\u0131 \u015fampiyonlu\u011fu i\u00e7in ba\u015fa ba\u015f m\u00fccadele edecek.<\/p>\n<figure id=\"attachment_294971\" aria-describedby=\"caption-attachment-294971\" style=\"width: 1208px\" class=\"wp-caption alignnone\"><img loading=\"lazy\" decoding=\"async\" class=\"wp-image-294971\" src=\"https:\/\/www.tgrthaber.com\/mavikadin\/wp-content\/uploads\/2026\/01\/2026-survivor-sampiyonlugu-odulu-ne-kadar-.png\" alt=\"2026 survivor \u015fampiyonlu\u011fu \u00f6d\u00fcl\u00fc ne kadar \" width=\"1208\" height=\"681\" title=\"\" srcset=\"https:\/\/www.tgrthaber.com\/mavikadin\/wp-content\/uploads\/2026\/01\/2026-survivor-sampiyonlugu-odulu-ne-kadar-.png 630w, https:\/\/www.tgrthaber.com\/mavikadin\/wp-content\/uploads\/2026\/01\/2026-survivor-sampiyonlugu-odulu-ne-kadar--300x169.png 300w\" sizes=\"(max-width: 1208px) 100vw, 1208px\" \/><figcaption id=\"caption-attachment-294971\" class=\"wp-caption-text\">\u00a0<\/figcaption><\/figure>\n<hr \/>\n<p>Survivor 2026 i\u00e7in geri say\u0131m s\u00fcrerken, \u00f6d\u00fcl\u00fc alacak olan \u015fampiyon i\u00e7in verilecek para miktar\u0131, Survivor&#8217;da en \u00e7ok merak edilenler aras\u0131nda oldu. Her sezonda oldu\u011fu gibi izleyiciler ve yar\u0131\u015fmac\u0131lar aras\u0131nda bu sezonunda \u015fampiyonluk \u00f6d\u00fcl\u00fcn\u00fcn ne olaca\u011f\u0131 merak edilir iken i\u015fin i\u00e7ine sar\u0131lar tak\u0131m\u0131 olan All Star&#8217;da girince rakipler bir hayli zorlanacak.<\/p>\n<p><img loading=\"lazy\" decoding=\"async\" class=\"wp-image-294964\" src=\"https:\/\/www.tgrthaber.com\/mavikadin\/wp-content\/uploads\/2026\/01\/25-ocak-survivor-2026-odul-oyununu-hangi-takim-kazandi.png\" alt=\"25 ocak survivor 2026 \u00f6d\u00fcl oyununu hangi tak\u0131m kazand\u0131\" width=\"1208\" height=\"678\" title=\"\" srcset=\"https:\/\/www.tgrthaber.com\/mavikadin\/wp-content\/uploads\/2026\/01\/25-ocak-survivor-2026-odul-oyununu-hangi-takim-kazandi.png 627w, https:\/\/www.tgrthaber.com\/mavikadin\/wp-content\/uploads\/2026\/01\/25-ocak-survivor-2026-odul-oyununu-hangi-takim-kazandi-300x168.png 300w\" sizes=\"(max-width: 1208px) 100vw, 1208px\" \/><\/p>\n<hr \/>\n<p>K\u0131ran k\u0131rana m\u00fccadelenin ger\u00e7ekle\u015fece\u011fi 4 g\u00fcnl\u00fck Survivor kupas\u0131 m\u00fccadelesi i\u00e7in sunucu Acun Il\u0131cal\u0131, her sezonda oldu\u011fu gibi bu sezon i\u00e7inde b\u00fcy\u00fck \u00f6d\u00fcl rakam\u0131n\u0131 gizli tutmay\u0131 tercih ediyor.\u00a0 Bu sebepten \u00f6t\u00fcr\u00fc Survivor kupas\u0131n\u0131n net rakam\u0131 final gecesi ya da \u015fampiyonun ilan edilmesi halinde ortaya \u00e7\u0131k\u0131yor.<\/p>\n<p><img loading=\"lazy\" decoding=\"async\" class=\"alignnone wp-image-294758 size-full\" src=\"https:\/\/www.tgrthaber.com\/mavikadin\/wp-content\/uploads\/2026\/01\/Survivor-24-Ocak-2026-odul-oyununu-hangi-takim-kazandi-Survivorda-ceza-odulunu-hangi-takim-aldi.jpg\" alt=\"\" width=\"1208\" height=\"680\" title=\"\" srcset=\"https:\/\/www.tgrthaber.com\/mavikadin\/wp-content\/uploads\/2026\/01\/Survivor-24-Ocak-2026-odul-oyununu-hangi-takim-kazandi-Survivorda-ceza-odulunu-hangi-takim-aldi.jpg 1208w, https:\/\/www.tgrthaber.com\/mavikadin\/wp-content\/uploads\/2026\/01\/Survivor-24-Ocak-2026-odul-oyununu-hangi-takim-kazandi-Survivorda-ceza-odulunu-hangi-takim-aldi-300x169.jpg 300w, https:\/\/www.tgrthaber.com\/mavikadin\/wp-content\/uploads\/2026\/01\/Survivor-24-Ocak-2026-odul-oyununu-hangi-takim-kazandi-Survivorda-ceza-odulunu-hangi-takim-aldi-1024x576.jpg 1024w, https:\/\/www.tgrthaber.com\/mavikadin\/wp-content\/uploads\/2026\/01\/Survivor-24-Ocak-2026-odul-oyununu-hangi-takim-kazandi-Survivorda-ceza-odulunu-hangi-takim-aldi-768x432.jpg 768w\" sizes=\"(max-width: 1208px) 100vw, 1208px\" \/><\/p>\n<hr \/>\n<p>Il\u0131cal\u0131, konseyde kupa i\u00e7in hen\u00fcz net bir rakam a\u00e7\u0131klamasa da kulislerden s\u0131zan iddialara g\u00f6re, \u00f6d\u00fcl\u00fcn <em>bu sene 2 milyon TL\u2019yi g\u00f6rebilece\u011fi konu\u015fuluyor.<\/em><\/p>\n<h3>SURV\u0130VOR \u015eAMP\u0130YONLUK \u00d6D\u00dcLLER\u0130 GE\u00c7T\u0130\u011e\u0130M\u0130Z SEZONLARDA NE KADARDI?<\/h3>\n<p>Survivor \u015fampiyonlar\u0131n\u0131n ald\u0131\u011f\u0131 \u00f6d\u00fcller resmi olarak a\u00e7\u0131klanmasa da yar\u0131\u015fmac\u0131lar\u0131n s\u00f6ylemleri ve bas\u0131nda ge\u00e7en ibarelere g\u00f6re b\u00fcy\u00fck \u00f6d\u00fcl i\u00e7in baz\u0131 tahmini rakamlar ge\u00e7ebilmektedir.<\/p>\n<p><img loading=\"lazy\" decoding=\"async\" class=\"alignnone wp-image-294974\" src=\"https:\/\/www.tgrthaber.com\/mavikadin\/wp-content\/uploads\/2026\/01\/survivor-2026.png\" alt=\"\" width=\"1208\" height=\"664\" title=\"\" srcset=\"https:\/\/www.tgrthaber.com\/mavikadin\/wp-content\/uploads\/2026\/01\/survivor-2026.png 646w, https:\/\/www.tgrthaber.com\/mavikadin\/wp-content\/uploads\/2026\/01\/survivor-2026-300x165.png 300w\" sizes=\"(max-width: 1208px) 100vw, 1208px\" \/><\/p>\n<hr \/>\n<p><strong>2023 \u015eampiyonu Nefise Karatay:<\/strong> \u00d6d\u00fcl\u00fcn 1 milyon TL oldu\u011fu iddia edildi.<\/p>\n<p><strong>2024 \u015eampiyonu Ogeday Giri\u015fken:<\/strong> Yakla\u015f\u0131k 1 milyon TL rakam\u0131nda oldu\u011fu \u00f6ne s\u00fcr\u00fcld\u00fc.<\/p>\n<p><strong>2025 Finali Adem K\u0131l\u0131\u00e7c\u0131 &amp; Batuhan Karacakaya:<\/strong> Zorlu ge\u00e7en bir m\u00fccadele sonras\u0131nda \u015fampiyonlu\u011fu alan taraf\u0131n 1 \u2013 1,5 milyon TL aral\u0131\u011f\u0131nda bir \u00f6d\u00fcl ald\u0131\u011f\u0131 konu\u015fuldu.<\/p>\n<p><img loading=\"lazy\" decoding=\"async\" class=\"alignnone wp-image-294973\" src=\"https:\/\/www.tgrthaber.com\/mavikadin\/wp-content\/uploads\/2026\/01\/ffff-2.png\" alt=\"\" width=\"1208\" height=\"670\" title=\"\" srcset=\"https:\/\/www.tgrthaber.com\/mavikadin\/wp-content\/uploads\/2026\/01\/ffff-2.png 635w, https:\/\/www.tgrthaber.com\/mavikadin\/wp-content\/uploads\/2026\/01\/ffff-2-300x166.png 300w\" sizes=\"(max-width: 1208px) 100vw, 1208px\" \/><\/p>\n<hr \/>\n<p>&nbsp;<\/p>\n","protected":false},"excerpt":{"rendered":"<p>4 g\u00fcnl\u00fck s\u00fcrecek olan 2026 Survivor kupas\u0131 m\u00fccadelesi, 24 Ocak Cumartesi ak\u015fam\u0131 TV8 ekran\u0131nda izleyicilerle bulu\u015ftu. K\u0131rm\u0131z\u0131, Mavi ve Sar\u0131 tak\u0131m olmak \u00fczere \u00fc\u00e7 farkl\u0131 tak\u0131m\u0131n yar\u0131\u015ft\u0131\u011f\u0131 Survivor parkurunda \u015fampiyonlu\u011fa ula\u015facak olan ki\u015finin kazanaca\u011f\u0131 b\u00fcy\u00fck \u00f6d\u00fcl merak edildi. Peki 2026 Survivor kupas\u0131 \u00f6d\u00fcl\u00fc ne kadar? 2026 Survivor \u015fampiyonluk \u00f6d\u00fcl\u00fc&#8230;<\/p>\n","protected":false},"author":27,"featured_media":294972,"comment_status":"closed","ping_status":"closed","sticky":false,"template":"","format":"standard","meta":{"rank_math_lock_modified_date":false,"footnotes":""},"categories":[76],"tags":[71438,71441,71439,71440,2218,63785],"class_list":["post-294969","post","type-post","status-publish","format-standard","has-post-thumbnail","hentry","category-magazin","tag-2026-survivor-kupasi","tag-2026-survivor-odulu","tag-2026-survivor-sampiyonluk-odulu","tag-2026-survivor-sampiyonu","tag-magazin-haberleri","tag-survivor-2026"],"_links":{"self":[{"href":"https:\/\/www.tgrthaber.com\/mavikadin\/wp-json\/wp\/v2\/posts\/294969"}],"collection":[{"href":"https:\/\/www.tgrthaber.com\/mavikadin\/wp-json\/wp\/v2\/posts"}],"about":[{"href":"https:\/\/www.tgrthaber.com\/mavikadin\/wp-json\/wp\/v2\/types\/post"}],"author":[{"embeddable":true,"href":"https:\/\/www.tgrthaber.com\/mavikadin\/wp-json\/wp\/v2\/users\/27"}],"replies":[{"embeddable":true,"href":"https:\/\/www.tgrthaber.com\/mavikadin\/wp-json\/wp\/v2\/comments?post=294969"}],"version-history":[{"count":2,"href":"https:\/\/www.tgrthaber.com\/mavikadin\/wp-json\/wp\/v2\/posts\/294969\/revisions"}],"predecessor-version":[{"id":294976,"href":"https:\/\/www.tgrthaber.com\/mavikadin\/wp-json\/wp\/v2\/posts\/294969\/revisions\/294976"}],"wp:featuredmedia":[{"embeddable":true,"href":"https:\/\/www.tgrthaber.com\/mavikadin\/wp-json\/wp\/v2\/media\/294972"}],"wp:attachment":[{"href":"https:\/\/www.tgrthaber.com\/mavikadin\/wp-json\/wp\/v2\/media?parent=294969"}],"wp:term":[{"taxonomy":"category","embeddable":true,"href":"https:\/\/www.tgrthaber.com\/mavikadin\/wp-json\/wp\/v2\/categories?post=294969"},{"taxonomy":"post_tag","embeddable":true,"href":"https:\/\/www.tgrthaber.com\/mavikadin\/wp-json\/wp\/v2\/tags?post=294969"}],"curies":[{"name":"wp","href":"https:\/\/api.w.org\/{rel}","templated":true}]}}