{"id":294977,"date":"2026-01-25T22:30:57","date_gmt":"2026-01-25T19:30:57","guid":{"rendered":"https:\/\/www.tgrthaber.com\/mavikadin\/?p=294977"},"modified":"2026-01-25T23:01:02","modified_gmt":"2026-01-25T20:01:02","slug":"survivor-lina-ile-onur-alp-arasinda-sarki-krizi-cikti","status":"publish","type":"post","link":"https:\/\/www.tgrthaber.com\/mavikadin\/survivor-lina-ile-onur-alp-arasinda-sarki-krizi-cikti\/","title":{"rendered":"Survivor Lina ile Onur Alp aras\u0131nda \u015fark\u0131 krizi \u00e7\u0131kt\u0131! Lina h\u0131\u00e7k\u0131r\u0131klara bo\u011fuldu"},"content":{"rendered":"<p>TV8&#8217;in severek takip edilen yar\u0131\u015fma programlar\u0131ndan olan <a href=\"https:\/\/www.tgrthaber.com\/mavikadin\/2026-survivor-kupasi-buyuk-odul-ne-kadar-2026-sampiyonluk-odulunun-rakami-belli-oldu-mu\/\">Survivor<\/a>&#8216;\u0131n 25 Ocak Pazar ak\u015famki b\u00f6l\u00fcm\u00fcnde cezay\u0131 alan Mavi tak\u0131m yar\u0131\u015fmac\u0131lar\u0131 ald\u0131klar\u0131 ceza kar\u015f\u0131s\u0131nda bir hayli zorland\u0131. \u00c7ama\u015f\u0131r \u00e7itileme cezas\u0131 alan mavi tak\u0131mda yar\u0131\u015fmac\u0131lar, binbir zorluklarla cezalar\u0131n\u0131 yerine getirir iken yar\u0131\u015fmac\u0131 <a href=\"https:\/\/www.tgrthaber.com\/mavikadin\/survivorda-unlulerden-linaya-gelen-balik-hediyesi-ramazanin-gururuna-dokundu-resmen-cileden-cikti\/\">Lina<\/a>&#8216;n\u0131n motivasyon ama\u00e7l\u0131 \u015fark\u0131 s\u00f6ylemesi krize yol a\u00e7t\u0131.<\/p>\n<h3>SURV\u0130VOR L\u0130NA&#8217;NIN \u015eARKI S\u00d6YLEMES\u0130 ONUR ALP&#8217;\u0130 KIZDIRDI!<\/h3>\n<p>Cezay\u0131 alan G\u00f6n\u00fcll\u00fcler tak\u0131m\u0131, Dominik halk\u0131n\u0131n kirli \u00e7ama\u015f\u0131rlar\u0131n\u0131 \u00e7itilerken Lina&#8217;n\u0131n o anlara biraz e\u011flence katmak maksad\u0131yla \u015fark\u0131 s\u00f6ylemeye ba\u015flamas\u0131 yar\u0131\u015fmac\u0131lar aras\u0131nda tepkilere neden oldu.<\/p>\n<p><img loading=\"lazy\" decoding=\"async\" class=\"alignnone wp-image-289601 size-full\" src=\"https:\/\/www.tgrthaber.com\/mavikadin\/wp-content\/uploads\/2026\/01\/ARZU-2026-01-13T111521.641.jpg\" alt=\"Survivor 2026 \u00fcnl\u00fcler tak\u0131m\u0131ndan, g\u00f6n\u00fcll\u00fcler tak\u0131m\u0131na b\u00fcy\u00fck jest! Serhan\u2019\u0131n hediyesi Lina\u2019y\u0131 a\u011flatt\u0131\" width=\"1208\" height=\"680\" title=\"\" srcset=\"https:\/\/www.tgrthaber.com\/mavikadin\/wp-content\/uploads\/2026\/01\/ARZU-2026-01-13T111521.641.jpg 1208w, https:\/\/www.tgrthaber.com\/mavikadin\/wp-content\/uploads\/2026\/01\/ARZU-2026-01-13T111521.641-300x169.jpg 300w, https:\/\/www.tgrthaber.com\/mavikadin\/wp-content\/uploads\/2026\/01\/ARZU-2026-01-13T111521.641-1024x576.jpg 1024w, https:\/\/www.tgrthaber.com\/mavikadin\/wp-content\/uploads\/2026\/01\/ARZU-2026-01-13T111521.641-768x432.jpg 768w\" sizes=\"(max-width: 1208px) 100vw, 1208px\" \/><\/p>\n<hr \/>\n<p>Lina&#8217;n\u0131n \u015fark\u0131 s\u00f6yledi\u011fi esnada birden<strong> &#8216;Nolur yapma Lina, yalvar\u0131r\u0131m&#8217;<\/strong> diyerek \u015fark\u0131 s\u00f6ylemesinden rahats\u0131z oldu\u011funu dile getiren Onur Alp kar\u015f\u0131s\u0131nda Lina da sessiz kalmad\u0131.<\/p>\n<p><strong>&#8216;Ben b\u00f6yle motive oluyorum arkada\u015f\u0131m sanane ya sanki ben mi getirdim size pis \u00e7ama\u015f\u0131rlar\u0131&#8217;<\/strong> s\u00f6zleriyle \u00e7\u0131k\u0131\u015fan Lina, rop\u00f6rtaj s\u0131ras\u0131nda h\u0131\u00e7k\u0131r\u0131klara bo\u011fularak \u015fark\u0131 s\u00f6yledi\u011fi i\u00e7in ba\u015fta Onur Alp olmak \u00fczere di\u011fer arkada\u015flar\u0131ndan da neden bu kadar tepki ald\u0131\u011f\u0131n\u0131 anlayamad\u0131\u011f\u0131ndan bahsetti. Survivor Lina verdi\u011fi rop\u00f6rtaj s\u0131ras\u0131nda g\u00f6zya\u015flar\u0131 i\u00e7inde duygular\u0131n\u0131 anlatt\u0131.<\/p>\n<p><img loading=\"lazy\" decoding=\"async\" class=\"alignnone wp-image-294986\" src=\"https:\/\/www.tgrthaber.com\/mavikadin\/wp-content\/uploads\/2026\/01\/sds.png\" alt=\"\" width=\"1208\" height=\"669\" title=\"\" srcset=\"https:\/\/www.tgrthaber.com\/mavikadin\/wp-content\/uploads\/2026\/01\/sds.png 641w, https:\/\/www.tgrthaber.com\/mavikadin\/wp-content\/uploads\/2026\/01\/sds-300x166.png 300w\" sizes=\"(max-width: 1208px) 100vw, 1208px\" \/><\/p>\n<hr \/>\n<p>Lina&#8217;n\u0131n rop\u00f6rtaj s\u0131ras\u0131ndaki konu\u015fmas\u0131n\u0131n bir k\u0131sm\u0131 ise \u015fu \u015fekilde oldu:<\/p>\n<p><strong>&#8220;Noluyor ki ya, birine k\u00f6t\u00fc bir s\u00f6z m\u00fc s\u00f6yledim. Cezadan kaytarmaya m\u0131 \u00e7al\u0131\u015ft\u0131m. Bir \u015fey mi yapt\u0131m \u015fark\u0131 s\u00f6yledim ya. Bu kadar m\u0131 ya, az keyif al. Alm\u0131yorsan da keyif alan\u0131n keyfini ka\u00e7\u0131rma. Kendi mutsuzlu\u011funuzla beni de bo\u011fmay\u0131n!&#8221;<\/strong><\/p>\n<div style=\"width: 360px;\" class=\"wp-video\"><!--[if lt IE 9]><script>document.createElement('video');<\/script><![endif]-->\n<video class=\"wp-video-shortcode\" id=\"video-294977-1\" width=\"360\" height=\"640\" preload=\"metadata\" controls=\"controls\"><source type=\"video\/mp4\" src=\"https:\/\/www.tgrthaber.com\/mavikadin\/wp-content\/uploads\/2026\/01\/Lina-Surekli-olarak-dislaniyorum.-Survivor2026-Survivor-TV8-ACUNMEDYA-Unluler-Gonulluler.mp4?_=1\" \/><a href=\"https:\/\/www.tgrthaber.com\/mavikadin\/wp-content\/uploads\/2026\/01\/Lina-Surekli-olarak-dislaniyorum.-Survivor2026-Survivor-TV8-ACUNMEDYA-Unluler-Gonulluler.mp4\">https:\/\/www.tgrthaber.com\/mavikadin\/wp-content\/uploads\/2026\/01\/Lina-Surekli-olarak-dislaniyorum.-Survivor2026-Survivor-TV8-ACUNMEDYA-Unluler-Gonulluler.mp4<\/a><\/video><\/div>\n<h3>SURV\u0130VOR L\u0130NA HOUR\u0130CH KISACA K\u0130MD\u0130R? L\u0130NA NEREL\u0130, T\u00dcRK M\u00dc?<\/h3>\n<p>1995 y\u0131l\u0131nda \u0130stanbul do\u011fumlu olan Survivor yar\u0131\u015fmac\u0131s\u0131 Lina Hourich&#8217;in baba taraf\u0131 Arap k\u00f6kenli anne taraf\u0131n\u0131n ise Makedonya g\u00f6\u00e7meni oldu\u011fu bilinmektedir. \u00dcniversite e\u011fitimini gazetecilik ve radyo-televizyon programc\u0131l\u0131\u011f\u0131 b\u00f6l\u00fcmlerinde lisans ve y\u00fcksek lisans derecesinde ba\u015far\u0131l\u0131 notlarla mezuniyetini tamamlam\u0131\u015ft\u0131r.<\/p>\n<p><img loading=\"lazy\" decoding=\"async\" class=\"size-full wp-image-289592\" src=\"https:\/\/www.tgrthaber.com\/mavikadin\/wp-content\/uploads\/2026\/01\/Survivor-Lina-5.jpg\" alt=\"Survivor 2026 Lina Hourich\u2019in boyu ka\u00e7? Survivor Lina Hourich\u2019in anne ve babas\u0131 kim?\" width=\"1208\" height=\"680\" title=\"\" srcset=\"https:\/\/www.tgrthaber.com\/mavikadin\/wp-content\/uploads\/2026\/01\/Survivor-Lina-5.jpg 1208w, https:\/\/www.tgrthaber.com\/mavikadin\/wp-content\/uploads\/2026\/01\/Survivor-Lina-5-300x169.jpg 300w, https:\/\/www.tgrthaber.com\/mavikadin\/wp-content\/uploads\/2026\/01\/Survivor-Lina-5-1024x576.jpg 1024w, https:\/\/www.tgrthaber.com\/mavikadin\/wp-content\/uploads\/2026\/01\/Survivor-Lina-5-768x432.jpg 768w\" sizes=\"(max-width: 1208px) 100vw, 1208px\" \/><\/p>\n<hr \/>\n<p>Lina&#8217;n\u0131n d\u00f6vme sanat\u00e7\u0131l\u0131\u011f\u0131, dijital i\u00e7erik \u00fcretimi ve podcast yay\u0131nc\u0131l\u0131\u011f\u0131 gibi birden fazla alanda aktif g\u00f6revler alarak kariyerindeki ba\u015far\u0131s\u0131n\u0131 artt\u0131rmaya devam ediyor.<\/p>\n","protected":false},"excerpt":{"rendered":"<p>Survivor&#8217;un 25 Ocak tarihindeki b\u00f6l\u00fcmde Lina ile Onur Alp aras\u0131nda tart\u0131\u015fma \u00e7\u0131kt\u0131. \u00c7ama\u015f\u0131r \u00e7itileme cezas\u0131 alan mavi tak\u0131m yar\u0131\u015fmac\u0131lar\u0131ndan Lina&#8217;n\u0131n sesli bir \u015fekilde \u015fark\u0131 s\u00f6ylemesi adada krize yol a\u00e7t\u0131. Onur Alp ile tart\u0131\u015fan Lina, h\u0131\u00e7k\u0131r\u0131klar i\u00e7inde adada nas\u0131l d\u0131\u015fland\u0131\u011f\u0131n\u0131 anlatt\u0131.<\/p>\n","protected":false},"author":27,"featured_media":294983,"comment_status":"closed","ping_status":"closed","sticky":false,"template":"","format":"standard","meta":{"rank_math_lock_modified_date":false,"footnotes":""},"categories":[76],"tags":[71443,69725,71444,71137,54819,2366,71442],"class_list":["post-294977","post","type-post","status-publish","format-standard","has-post-thumbnail","hentry","category-magazin","tag-25-ocak-survivor-2026","tag-lina-hourich","tag-lina-hourichten-aciklama","tag-onur-alp","tag-sarki-krizi","tag-survivor","tag-survivor-lina"],"_links":{"self":[{"href":"https:\/\/www.tgrthaber.com\/mavikadin\/wp-json\/wp\/v2\/posts\/294977"}],"collection":[{"href":"https:\/\/www.tgrthaber.com\/mavikadin\/wp-json\/wp\/v2\/posts"}],"about":[{"href":"https:\/\/www.tgrthaber.com\/mavikadin\/wp-json\/wp\/v2\/types\/post"}],"author":[{"embeddable":true,"href":"https:\/\/www.tgrthaber.com\/mavikadin\/wp-json\/wp\/v2\/users\/27"}],"replies":[{"embeddable":true,"href":"https:\/\/www.tgrthaber.com\/mavikadin\/wp-json\/wp\/v2\/comments?post=294977"}],"version-history":[{"count":10,"href":"https:\/\/www.tgrthaber.com\/mavikadin\/wp-json\/wp\/v2\/posts\/294977\/revisions"}],"predecessor-version":[{"id":294991,"href":"https:\/\/www.tgrthaber.com\/mavikadin\/wp-json\/wp\/v2\/posts\/294977\/revisions\/294991"}],"wp:featuredmedia":[{"embeddable":true,"href":"https:\/\/www.tgrthaber.com\/mavikadin\/wp-json\/wp\/v2\/media\/294983"}],"wp:attachment":[{"href":"https:\/\/www.tgrthaber.com\/mavikadin\/wp-json\/wp\/v2\/media?parent=294977"}],"wp:term":[{"taxonomy":"category","embeddable":true,"href":"https:\/\/www.tgrthaber.com\/mavikadin\/wp-json\/wp\/v2\/categories?post=294977"},{"taxonomy":"post_tag","embeddable":true,"href":"https:\/\/www.tgrthaber.com\/mavikadin\/wp-json\/wp\/v2\/tags?post=294977"}],"curies":[{"name":"wp","href":"https:\/\/api.w.org\/{rel}","templated":true}]}}