{"id":294992,"date":"2026-01-25T23:31:06","date_gmt":"2026-01-25T20:31:06","guid":{"rendered":"https:\/\/www.tgrthaber.com\/mavikadin\/?p=294992"},"modified":"2026-01-25T23:40:33","modified_gmt":"2026-01-25T20:40:33","slug":"yasakli-maddeden-gozaltina-alinan-timur-savcinin-ismi-teskilatin-jeneriginden-cikarildi-faturalar-artik-o-sirkete-kesilecek","status":"publish","type":"post","link":"https:\/\/www.tgrthaber.com\/mavikadin\/yasakli-maddeden-gozaltina-alinan-timur-savcinin-ismi-teskilatin-jeneriginden-cikarildi-faturalar-artik-o-sirkete-kesilecek\/","title":{"rendered":"Yasakl\u0131 maddeden g\u00f6zalt\u0131na al\u0131nan Timur Savc\u0131\u2019n\u0131n ismi Te\u015fkilat\u2019\u0131n jeneri\u011finden \u00e7\u0131kar\u0131ld\u0131! Faturalar art\u0131k o \u015firkete kesilecek"},"content":{"rendered":"<p>TRT1 ekranlar\u0131n\u0131n iddial\u0131 dizilerinden olan <a href=\"https:\/\/www.tgrthaber.com\/mavikadin\/teskilat-dizisinin-yapimcisi-kimdir-teskilat-dizisi-final-mi-yapacak\/\">&#8216;Te\u015fkilat&#8217;<\/a> dizisi g\u00fc\u00e7l\u00fc oyuncu kadrosu ile izleyenlerin be\u011fenisini kazan\u0131yor. Oyuncu kadrosunda Rabia Soyt\u00fcrk, Tolga Sar\u0131ta\u015f, Yunus Emre Y\u0131ld\u0131r\u0131mer, Bu\u00e7e Buse Kahraman,\u00a0 Melisa Akman, Erkan Petekkaya, Serdar Ye\u011fin, Erkan Bekta\u015f, B\u00fclent Polat, Murat Han ve Serhat Tutumluer gibi isimlerin oldu\u011fu Te\u015fkilat dizisinde ge\u00e7en haftaki yap\u0131lan de\u011fi\u015fiklik izleyicilerin g\u00f6z\u00fcnden ka\u00e7mad\u0131.<\/p>\n<h3><a href=\"https:\/\/www.tgrthaber.com\/mavikadin\/teskilat-ve-esref-ruyadan-radikal-karar-yapim-sirketinin-ismi-degisti\/\">TE\u015eK\u0130LAT<\/a> D\u0130Z\u0130S\u0130N\u0130N YAPIMCISI JENER\u0130KTEN \u00c7IKARTILDI!<\/h3>\n<p>Dizinin yap\u0131mc\u0131s\u0131 olan Burak Sa\u011fya\u015far ile Timur Savc\u0131&#8217;ya ve yap\u0131m \u015firketi olan TimsBi b\u00f6l\u00fcm\u00fcne jenerikte yer verilmemesi dizinin s\u0131k\u0131 takip\u00e7ileri taraf\u0131ndan fark edildi.<\/p>\n<p><img loading=\"lazy\" decoding=\"async\" class=\"wp-image-286210 size-full\" src=\"https:\/\/www.tgrthaber.com\/mavikadin\/wp-content\/uploads\/2026\/01\/Teskilat-dizi-8-1.jpg\" alt=\"Te\u015fkilat dizisinin yap\u0131mc\u0131s\u0131 kimdir? Te\u015fkilat dizisi final mi yapacak?\" width=\"1208\" height=\"680\" title=\"\" srcset=\"https:\/\/www.tgrthaber.com\/mavikadin\/wp-content\/uploads\/2026\/01\/Teskilat-dizi-8-1.jpg 1208w, https:\/\/www.tgrthaber.com\/mavikadin\/wp-content\/uploads\/2026\/01\/Teskilat-dizi-8-1-300x169.jpg 300w, https:\/\/www.tgrthaber.com\/mavikadin\/wp-content\/uploads\/2026\/01\/Teskilat-dizi-8-1-1024x576.jpg 1024w, https:\/\/www.tgrthaber.com\/mavikadin\/wp-content\/uploads\/2026\/01\/Teskilat-dizi-8-1-768x432.jpg 768w\" sizes=\"(max-width: 1208px) 100vw, 1208px\" \/><\/p>\n<hr \/>\n<p>163 b\u00f6l\u00fcmd\u00fcr TV ekranlar\u0131nda izleyicisiyle bulu\u015fan Te\u015fkilat dizisinin \u00f6n jeneri\u011finde y\u00f6netmenin ad\u0131 ge\u00e7meden hemen \u00f6nce yap\u0131mc\u0131 \u015firketi ve yap\u0131mc\u0131lar\u0131n ismi g\u00f6r\u00fcn\u00fcr bir halde iken fenomen dizinin yay\u0131nlanan bu haftaki yeni b\u00f6l\u00fcm\u00fcnde Timur Savc\u0131, orta\u011f\u0131 Burak Sa\u011fya\u015far\u2019\u0131n ve \u015firketin ismi ge\u00e7medi. Peki, Timur Savc\u0131 dizinin jeneri\u011finden neden \u00e7\u0131kar\u0131ld\u0131?<\/p>\n<h3>\u00dcNL\u00dc YAPIMCI T\u0130MUR SAVCI&#8217;NIN TE\u015eK\u0130LAT D\u0130Z\u0130S\u0130N\u0130N JENER\u0130\u011e\u0130NDEN \u00c7IKARILMA SEBEB\u0130 BELL\u0130 OLDU!<\/h3>\n<p>B\u00fcy\u00fck bir ilgi ile takip edilen Te\u015fkilat dizisinin yap\u0131mc\u0131s\u0131 Timur Savc\u0131, ge\u00e7ti\u011fimiz haftalarda yasakl\u0131 madde soru\u015fturmalar\u0131 kapsam\u0131nda y\u00fcr\u00fct\u00fclen soru\u015fturmada g\u00f6zalt\u0131na al\u0131nm\u0131\u015ft\u0131.<\/p>\n<p><img loading=\"lazy\" decoding=\"async\" class=\"alignnone wp-image-280412\" src=\"https:\/\/www.tgrthaber.com\/mavikadin\/wp-content\/uploads\/2025\/12\/1200x675-mehmet-akif-ersoy-sorusturmasi-derinlesiyor-yapimci-timur-savci-gozaltinda-1766572795459.webp\" alt=\"\" width=\"1208\" height=\"680\" title=\"\" srcset=\"https:\/\/www.tgrthaber.com\/mavikadin\/wp-content\/uploads\/2025\/12\/1200x675-mehmet-akif-ersoy-sorusturmasi-derinlesiyor-yapimci-timur-savci-gozaltinda-1766572795459.webp 1200w, https:\/\/www.tgrthaber.com\/mavikadin\/wp-content\/uploads\/2025\/12\/1200x675-mehmet-akif-ersoy-sorusturmasi-derinlesiyor-yapimci-timur-savci-gozaltinda-1766572795459-300x169.webp 300w, https:\/\/www.tgrthaber.com\/mavikadin\/wp-content\/uploads\/2025\/12\/1200x675-mehmet-akif-ersoy-sorusturmasi-derinlesiyor-yapimci-timur-savci-gozaltinda-1766572795459-1024x576.webp 1024w, https:\/\/www.tgrthaber.com\/mavikadin\/wp-content\/uploads\/2025\/12\/1200x675-mehmet-akif-ersoy-sorusturmasi-derinlesiyor-yapimci-timur-savci-gozaltinda-1766572795459-768x432.webp 768w\" sizes=\"(max-width: 1208px) 100vw, 1208px\" \/><\/p>\n<hr \/>\n<p>Yap\u0131mc\u0131 Timur Savc\u0131&#8217;n\u0131n vermi\u015f oldu\u011fu sa\u00e7 testinde yasakl\u0131 maddenin olumlu \u00e7\u0131kt\u0131\u00fc\u0131 bilgisine ula\u015f\u0131lm\u0131\u015ft\u0131.<\/p>\n<h3>TE\u015eK\u0130LAT D\u0130Z\u0130S\u0130NDE B\u00dcY\u00dcK DE\u011e\u0130\u015e\u0130KL\u0130K! FATURA ARTIK O \u015e\u0130RKETE KES\u0130LECEK<\/h3>\n<p>Birsen Altunta\u015f&#8217;\u0131n haberine g\u00f6re; kulislerden s\u0131zan bilgilere g\u00f6re toplamda 6 sezondur TRT1 ekranlar\u0131nda izleyicisiyle bulu\u015fan &#8220;Te\u015fkilat&#8221; dizisinin ekibi art\u0131k faturalar\u0131n\u0131 TimsBi \u015firketine de\u011fil, Double Click isimli yeni bir \u015firket \u00fczerinden kesecek.<\/p>\n<hr \/>\n<p><img loading=\"lazy\" decoding=\"async\" class=\"wp-image-286205 size-full\" src=\"https:\/\/www.tgrthaber.com\/mavikadin\/wp-content\/uploads\/2026\/01\/Teskilat-dizi-4-1.jpg\" alt=\"Te\u015fkilat dizisinin yap\u0131mc\u0131s\u0131 kimdir? Te\u015fkilat dizisi final mi yapacak?\" width=\"1208\" height=\"680\" title=\"\" srcset=\"https:\/\/www.tgrthaber.com\/mavikadin\/wp-content\/uploads\/2026\/01\/Teskilat-dizi-4-1.jpg 1208w, https:\/\/www.tgrthaber.com\/mavikadin\/wp-content\/uploads\/2026\/01\/Teskilat-dizi-4-1-300x169.jpg 300w, https:\/\/www.tgrthaber.com\/mavikadin\/wp-content\/uploads\/2026\/01\/Teskilat-dizi-4-1-1024x576.jpg 1024w, https:\/\/www.tgrthaber.com\/mavikadin\/wp-content\/uploads\/2026\/01\/Teskilat-dizi-4-1-768x432.jpg 768w\" sizes=\"(max-width: 1208px) 100vw, 1208px\" \/><\/p>\n<hr \/>\n<p>&nbsp;<\/p>\n","protected":false},"excerpt":{"rendered":"<p>TRT1 ekranlar\u0131n\u0131n iddial\u0131 dizisi olan Te\u015fkilat&#8217;\u0131n yap\u0131mc\u0131s\u0131 Timur Savc\u0131&#8217;n\u0131n ad\u0131 jenerikten \u00e7\u0131kar\u0131ld\u0131. &#8220;Te\u015fkilat&#8221; dizisi art\u0131k yeni faturalar\u0131n\u0131 Double Click \u015firketine kesecek.<\/p>\n","protected":false},"author":27,"featured_media":285363,"comment_status":"closed","ping_status":"closed","sticky":false,"template":"","format":"standard","meta":{"rank_math_lock_modified_date":false,"footnotes":""},"categories":[602],"tags":[133,5608,71447,71445,69959,71446],"class_list":["post-294992","post","type-post","status-publish","format-standard","has-post-thumbnail","hentry","category-diziler","tag-magazin","tag-teskilat-dizisi","tag-teskilat-dizisi-yapimcisi","tag-teskilat-dizisinin-jenerigi","tag-timur-savci","tag-timur-savci-neden-gozaltina-alindi"],"_links":{"self":[{"href":"https:\/\/www.tgrthaber.com\/mavikadin\/wp-json\/wp\/v2\/posts\/294992"}],"collection":[{"href":"https:\/\/www.tgrthaber.com\/mavikadin\/wp-json\/wp\/v2\/posts"}],"about":[{"href":"https:\/\/www.tgrthaber.com\/mavikadin\/wp-json\/wp\/v2\/types\/post"}],"author":[{"embeddable":true,"href":"https:\/\/www.tgrthaber.com\/mavikadin\/wp-json\/wp\/v2\/users\/27"}],"replies":[{"embeddable":true,"href":"https:\/\/www.tgrthaber.com\/mavikadin\/wp-json\/wp\/v2\/comments?post=294992"}],"version-history":[{"count":3,"href":"https:\/\/www.tgrthaber.com\/mavikadin\/wp-json\/wp\/v2\/posts\/294992\/revisions"}],"predecessor-version":[{"id":294997,"href":"https:\/\/www.tgrthaber.com\/mavikadin\/wp-json\/wp\/v2\/posts\/294992\/revisions\/294997"}],"wp:featuredmedia":[{"embeddable":true,"href":"https:\/\/www.tgrthaber.com\/mavikadin\/wp-json\/wp\/v2\/media\/285363"}],"wp:attachment":[{"href":"https:\/\/www.tgrthaber.com\/mavikadin\/wp-json\/wp\/v2\/media?parent=294992"}],"wp:term":[{"taxonomy":"category","embeddable":true,"href":"https:\/\/www.tgrthaber.com\/mavikadin\/wp-json\/wp\/v2\/categories?post=294992"},{"taxonomy":"post_tag","embeddable":true,"href":"https:\/\/www.tgrthaber.com\/mavikadin\/wp-json\/wp\/v2\/tags?post=294992"}],"curies":[{"name":"wp","href":"https:\/\/api.w.org\/{rel}","templated":true}]}}