{"id":295003,"date":"2026-01-26T20:23:32","date_gmt":"2026-01-26T17:23:32","guid":{"rendered":"https:\/\/www.tgrthaber.com\/mavikadin\/?p=295003"},"modified":"2026-01-26T20:23:33","modified_gmt":"2026-01-26T17:23:33","slug":"survivor-2026-sari-takim-kalici-mi-all-star-takimi-ne-zamana-kadar-yarisacak","status":"publish","type":"post","link":"https:\/\/www.tgrthaber.com\/mavikadin\/survivor-2026-sari-takim-kalici-mi-all-star-takimi-ne-zamana-kadar-yarisacak\/","title":{"rendered":"Survivor 2026 Sar\u0131 tak\u0131m kal\u0131c\u0131 m\u0131, All Star tak\u0131m\u0131 ne zamana kadar yar\u0131\u015facak?"},"content":{"rendered":"<p><a href=\"https:\/\/www.tgrthaber.com\/mavikadin\/survivor-24-ocak-2026-odul-oyununu-hangi-takim-kazandi-survivorda-ceza-odulunu-hangi-takim-aldi\/\">Survivor\u2019<\/a>un ge\u00e7ti\u011fimiz ak\u015fam ki yay\u0131nlanan b\u00f6l\u00fcm\u00fcnde, bu zamana kadar hi\u00e7 g\u00f6r\u00fclmemi\u015f bir olay ya\u015fand\u0131. Yar\u0131\u015fman\u0131n 20. y\u0131l\u0131 olmas\u0131 sebebiyle programa yeni bir soluk getirmek isteyen Acun Il\u0131cal\u0131, acil durum konseyinde yeni bir format de\u011fi\u015fikli\u011fine gidildi\u011fini ve \u00dcnl\u00fcler- G\u00f6n\u00fcll\u00fcler tak\u0131m\u0131na ek olarak bir de Sar\u0131 tak\u0131m olan (All Star)\u2019lar\u0131n yar\u0131\u015fmaya dahil etti\u011fini a\u00e7\u0131klad\u0131.<\/p>\n<p>Survivor\u2019a yedeklerden gelecek olan yeni isimlerin bu tak\u0131mlar\u0131n d\u0131\u015f\u0131nda kalaca\u011f\u0131n\u0131n da bilgisini veren Il\u0131cal\u0131, \u00fc\u00e7\u00fcnc\u00fc tak\u0131m\u0131n kuruldu\u011funu a\u00e7\u0131klayarak heyecan duygusunu doruklara \u00e7\u0131kard\u0131. Peki <a href=\"https:\/\/www.tgrthaber.com\/mavikadin\/survivor-lina-ile-onur-alp-arasinda-sarki-krizi-cikti\/\">Survivor\u2019da<\/a> Sar\u0131 tak\u0131m ne kadar kalacak? Survivor 2026\u2019da hangi isimler var? \u0130\u015fte, merak edilenler\u2026<\/p>\n<h3>SURV\u0130VOR\u2019UN YEN\u0130 \u00dc\u00c7\u00dcNC\u00dc TAKIMI: ALL STAR\u2019DA K\u0130MLER VAR?<\/h3>\n<p>24- 28 Ocak tarihleri aras\u0131nda \u00fc\u00e7 tak\u0131m\u0131nda Survivor kupas\u0131n\u0131 almak i\u00e7in yar\u0131\u015faca\u011f\u0131 bu zorlu maratonda; sunucu Acun Il\u0131cal\u0131, format\u0131n t\u00fcm ayr\u0131nt\u0131lar\u0131n\u0131 konseyde izleyenlere duyurdu. \u00dcnl\u00fcler ve G\u00f6n\u00fcll\u00fcler tak\u0131m\u0131ndan ayr\u0131 bir ada da konaklayarak yar\u0131\u015fmalara kat\u0131lacak olan sar\u0131 tak\u0131m (All Star) da yer alacak olan isimler netle\u015fti.<\/p>\n<p><img loading=\"lazy\" decoding=\"async\" class=\"wp-image-294221 size-full\" src=\"https:\/\/www.tgrthaber.com\/mavikadin\/wp-content\/uploads\/2026\/01\/Survivor-2026-7-1.jpg\" alt=\"Survivor 2026 elenen isim belli oldu! 22 Ocak Per\u015fembe adaya veda eden ki\u015fi a\u00e7\u0131kland\u0131\" width=\"1208\" height=\"680\" title=\"\" srcset=\"https:\/\/www.tgrthaber.com\/mavikadin\/wp-content\/uploads\/2026\/01\/Survivor-2026-7-1.jpg 1208w, https:\/\/www.tgrthaber.com\/mavikadin\/wp-content\/uploads\/2026\/01\/Survivor-2026-7-1-300x169.jpg 300w, https:\/\/www.tgrthaber.com\/mavikadin\/wp-content\/uploads\/2026\/01\/Survivor-2026-7-1-1024x576.jpg 1024w, https:\/\/www.tgrthaber.com\/mavikadin\/wp-content\/uploads\/2026\/01\/Survivor-2026-7-1-768x432.jpg 768w\" sizes=\"(max-width: 1208px) 100vw, 1208px\" \/><\/p>\n<hr \/>\n<p>Ge\u00e7mi\u015f sezonlarda ba\u015far\u0131l\u0131 ve g\u00fc\u00e7l\u00fc performanslar\u0131yla Survivor tarihinde iz b\u0131rakarak d\u00f6neminin en \u00e7ok konu\u015fulan isimlerinden olan Sar\u0131 Tak\u0131m Kadrosu i\u00e7in yar\u0131\u015fan isimler \u015funlar oldu:<\/p>\n<p><strong>-B\u00fc\u015fra Yal\u00e7\u0131n<\/strong><br \/>\n<strong>-Sercan Y\u0131ld\u0131r\u0131m<\/strong><br \/>\n<strong>-Do\u011fu\u015f<\/strong><br \/>\n<strong>-Bar\u0131\u015f Murat Ya\u011fc\u0131<\/strong><br \/>\n<strong>-Tu\u011f\u00e7e Melis Demir<\/strong><br \/>\n<strong>-Osman Can<\/strong><br \/>\n<strong>-Nagihan Karadere<\/strong><br \/>\n<strong>-Nefise Karatay<\/strong><\/p>\n<h3>ALL STAR SARI TAKIM KALICI MI, NE ZAMANA KADAR PARKURLARDA OLACAK?<\/h3>\n<p>TV8\u2019in b\u00fcy\u00fck bir merakla takip edilen ve yo\u011fun bir izleyici kitlesinin oldu\u011fu Survivor\u2019\u0131n bu yeni format\u0131nda izleyiciler sar\u0131 tak\u0131ma y\u00f6nelik ayr\u0131nt\u0131lar\u0131 ara\u015ft\u0131rmaya ba\u015flad\u0131. Yar\u0131\u015fmaya yeni bir soluk getirerek rakipler aras\u0131ndaki rekabeti y\u00fckseltecek olan bu geli\u015fme, izleyicileri \u015fimdiden heyecanland\u0131rmay\u0131 ba\u015fard\u0131.<\/p>\n<p><img loading=\"lazy\" decoding=\"async\" class=\"wp-image-294972\" src=\"https:\/\/www.tgrthaber.com\/mavikadin\/wp-content\/uploads\/2026\/01\/2026-Survivor-kupasi-odulu-ne-kadar-2026-sampiyonluk-odulu.png\" alt=\"2026 Survivor kupas\u0131 \u00f6d\u00fcl\u00fc ne kadar, 2026 \u015fampiyonluk \u00f6d\u00fcl\u00fc\" width=\"1208\" height=\"672\" title=\"\" srcset=\"https:\/\/www.tgrthaber.com\/mavikadin\/wp-content\/uploads\/2026\/01\/2026-Survivor-kupasi-odulu-ne-kadar-2026-sampiyonluk-odulu.png 642w, https:\/\/www.tgrthaber.com\/mavikadin\/wp-content\/uploads\/2026\/01\/2026-Survivor-kupasi-odulu-ne-kadar-2026-sampiyonluk-odulu-300x167.png 300w\" sizes=\"(max-width: 1208px) 100vw, 1208px\" \/><\/p>\n<hr \/>\n<p>Sar\u0131 tak\u0131m\u0131n, sezonun en g\u00fc\u00e7l\u00fc yar\u0131\u015fanlar\u0131ndan olmas\u0131 rekabeti artt\u0131raca\u011f\u0131 gibi adrenalin duygusunu da ar\u015fa \u00e7\u0131karacak. \u0130zleyicilerin bu geli\u015fme sonras\u0131nda en \u00e7ok merak etti\u011fi bir di\u011fer durum ise; yar\u0131\u015fmaya yeni dahil edilen sar\u0131 tak\u0131m\u0131n kal\u0131c\u0131 m\u0131 yoksa gidici mi oldu\u011fu konusu oldu.<\/p>\n<p><img loading=\"lazy\" decoding=\"async\" class=\"wp-image-294964\" src=\"https:\/\/www.tgrthaber.com\/mavikadin\/wp-content\/uploads\/2026\/01\/25-ocak-survivor-2026-odul-oyununu-hangi-takim-kazandi.png\" alt=\"25 ocak survivor 2026 \u00f6d\u00fcl oyununu hangi tak\u0131m kazand\u0131\" width=\"1208\" height=\"678\" title=\"\" srcset=\"https:\/\/www.tgrthaber.com\/mavikadin\/wp-content\/uploads\/2026\/01\/25-ocak-survivor-2026-odul-oyununu-hangi-takim-kazandi.png 627w, https:\/\/www.tgrthaber.com\/mavikadin\/wp-content\/uploads\/2026\/01\/25-ocak-survivor-2026-odul-oyununu-hangi-takim-kazandi-300x168.png 300w\" sizes=\"(max-width: 1208px) 100vw, 1208px\" \/><\/p>\n<hr \/>\n<p>Sunucu Il\u0131cal\u0131\u2019n\u0131n konseydeki bildirilerine g\u00f6re, Sar\u0131 tak\u0131m (All Star)\u2019lar\u0131n \u015fuan i\u00e7erisinde yaln\u0131zca 4 g\u00fcnl\u00fck olan &#8220;Survivor Kupas\u0131&#8221; kapsam\u0131nda olaca\u011f\u0131 biliniyor.<br \/>\nProgram\u0131n reyting sonucuna g\u00f6re ilerleyen g\u00fcnlerde sar\u0131 tak\u0131m\u0131n kal\u0131c\u0131 olup olmayaca\u011f\u0131 y\u00f6n\u00fcnde a\u00e7\u0131klamalar\u0131n yap\u0131laca\u011f\u0131 bekleniyor.<\/p>\n<h3>YEN\u0130 TAKIM OLAN SARI TAKIM \u2018ALL STAR\u2019LAR YARI\u015eMANIN FORMATINI NASIL ETK\u0130LEYECEK?<\/h3>\n<p>Toplamda 4 g\u00fcn i\u00e7erisinde olmak \u00fczere, her g\u00fcne \u00f6zel olarak \u00f6d\u00fcl ve cezalar\u0131n belirlendi\u011fi parkur oyunlar\u0131nda m\u00fccadele edecek olan Sar\u0131 tak\u0131m; \u00fcnl\u00fcler ve g\u00f6n\u00fcll\u00fcler tak\u0131m\u0131ndan ayr\u0131 bir adada konaklayacak.<\/p>\n<p><img loading=\"lazy\" decoding=\"async\" class=\"size-full wp-image-294220\" src=\"https:\/\/www.tgrthaber.com\/mavikadin\/wp-content\/uploads\/2026\/01\/Survivor-2026-9.jpg\" alt=\"Survivor 2026 elenen isim belli oldu! 22 Ocak Per\u015fembe adaya veda eden ki\u015fi a\u00e7\u0131kland\u0131\" width=\"1208\" height=\"680\" title=\"\" srcset=\"https:\/\/www.tgrthaber.com\/mavikadin\/wp-content\/uploads\/2026\/01\/Survivor-2026-9.jpg 1208w, https:\/\/www.tgrthaber.com\/mavikadin\/wp-content\/uploads\/2026\/01\/Survivor-2026-9-300x169.jpg 300w, https:\/\/www.tgrthaber.com\/mavikadin\/wp-content\/uploads\/2026\/01\/Survivor-2026-9-1024x576.jpg 1024w, https:\/\/www.tgrthaber.com\/mavikadin\/wp-content\/uploads\/2026\/01\/Survivor-2026-9-768x432.jpg 768w\" sizes=\"(max-width: 1208px) 100vw, 1208px\" \/><\/p>\n<hr \/>\n<p>Nefes kesici zorlu parkur oyunlar\u0131nda yar\u0131\u015fman\u0131n galibi olacak olan tak\u0131m \u00f6d\u00fcle lay\u0131k olacak iken, ikinci olan tak\u0131m ne \u00f6d\u00fclden yararlanacak ne de cezaya tabi tutulacak. \u00dc\u00e7\u00fcnc\u00fc tak\u0131m ise alaca\u011f\u0131 ceza ile kar\u015f\u0131 kar\u015f\u0131ya kalacak.<\/p>\n","protected":false},"excerpt":{"rendered":"<p>TV8&#8217;in iddial\u0131 yar\u0131\u015fma programlar\u0131ndan olan Survivor 2026&#8217;da son iki b\u00f6l\u00fcmd\u00fcr yar\u0131\u015fmaya dahil olup parkurlarda m\u00fccadele eden sar\u0131 tak\u0131m\u0131n ne kadar daha program\u0131n format\u0131nda yer alaca\u011f\u0131 izleyiciler taraf\u0131ndan ara\u015ft\u0131r\u0131l\u0131r oldu. Peki Survivor&#8217;da All star tak\u0131m\u0131 ne zamana kadar yar\u0131\u015facak, sar\u0131 tak\u0131m kal\u0131c\u0131 m\u0131 gidici mi?<\/p>\n","protected":false},"author":27,"featured_media":295004,"comment_status":"closed","ping_status":"closed","sticky":false,"template":"","format":"standard","meta":{"rank_math_lock_modified_date":false,"footnotes":""},"categories":[76],"tags":[133,2218,2366,63785,71293,71451],"class_list":["post-295003","post","type-post","status-publish","format-standard","has-post-thumbnail","hentry","category-magazin","tag-magazin","tag-magazin-haberleri","tag-survivor","tag-survivor-2026","tag-survivor-all-star-2026","tag-survivor-sari-takim"],"_links":{"self":[{"href":"https:\/\/www.tgrthaber.com\/mavikadin\/wp-json\/wp\/v2\/posts\/295003"}],"collection":[{"href":"https:\/\/www.tgrthaber.com\/mavikadin\/wp-json\/wp\/v2\/posts"}],"about":[{"href":"https:\/\/www.tgrthaber.com\/mavikadin\/wp-json\/wp\/v2\/types\/post"}],"author":[{"embeddable":true,"href":"https:\/\/www.tgrthaber.com\/mavikadin\/wp-json\/wp\/v2\/users\/27"}],"replies":[{"embeddable":true,"href":"https:\/\/www.tgrthaber.com\/mavikadin\/wp-json\/wp\/v2\/comments?post=295003"}],"version-history":[{"count":3,"href":"https:\/\/www.tgrthaber.com\/mavikadin\/wp-json\/wp\/v2\/posts\/295003\/revisions"}],"predecessor-version":[{"id":295355,"href":"https:\/\/www.tgrthaber.com\/mavikadin\/wp-json\/wp\/v2\/posts\/295003\/revisions\/295355"}],"wp:featuredmedia":[{"embeddable":true,"href":"https:\/\/www.tgrthaber.com\/mavikadin\/wp-json\/wp\/v2\/media\/295004"}],"wp:attachment":[{"href":"https:\/\/www.tgrthaber.com\/mavikadin\/wp-json\/wp\/v2\/media?parent=295003"}],"wp:term":[{"taxonomy":"category","embeddable":true,"href":"https:\/\/www.tgrthaber.com\/mavikadin\/wp-json\/wp\/v2\/categories?post=295003"},{"taxonomy":"post_tag","embeddable":true,"href":"https:\/\/www.tgrthaber.com\/mavikadin\/wp-json\/wp\/v2\/tags?post=295003"}],"curies":[{"name":"wp","href":"https:\/\/api.w.org\/{rel}","templated":true}]}}