{"id":295007,"date":"2026-01-26T08:40:31","date_gmt":"2026-01-26T05:40:31","guid":{"rendered":"https:\/\/www.tgrthaber.com\/mavikadin\/?p=295007"},"modified":"2026-01-26T08:41:47","modified_gmt":"2026-01-26T05:41:47","slug":"yasemin-yalcin-yillar-sonra-yaseminin-penceresinde-itiraf-etti-tansu-cillerle-karsilastiginda-tepkisi-dikkat-cekti","status":"publish","type":"post","link":"https:\/\/www.tgrthaber.com\/mavikadin\/yasemin-yalcin-yillar-sonra-yaseminin-penceresinde-itiraf-etti-tansu-cillerle-karsilastiginda-tepkisi-dikkat-cekti\/","title":{"rendered":"Yasemin Yal\u00e7\u0131n y\u0131llar sonra \u2018Yasemin&#8217;in Penceresi&#8217;nde\u2019 itiraf etti! Tansu \u00c7iller\u2019le kar\u015f\u0131la\u015ft\u0131\u011f\u0131nda tepkisi dikkat \u00e7ekti"},"content":{"rendered":"<p>\u00dcnl\u00fc Oyuncu <a href=\"https:\/\/www.tgrthaber.com\/mavikadin\/yaseminin-penceresi-programinda-yasemin-yalcin-ve-ilyas-ilbeye-kizlari-eylulden-surpriz-annem-karincaya-bile-su-kapaginda-su-tasir\/\">Yasemin Yal\u00e7\u0131n<\/a>, TGRT Haber&#8217;de yay\u0131nlanan Yasemin&#8217;in Penceresi&#8217;ne konuk oldu. Yal\u00e7\u0131n&#8217;a oynad\u0131\u011f\u0131 tiplemelerden biri olan \u2018Ba\u015fbayan\u2019 i\u00e7in d\u00f6nemin Ba\u015fbakan\u0131 Tansu \u00c7iller&#8217;den bir tepki gelip gelmedi\u011fi soruldu. Yal\u00e7\u0131n, &#8220;Biz siyasi espirilerimizi siyasetini al\u00e7altmadan, kimli\u011fini al\u00e7altmadan yapt\u0131k. Tansu \u00c7iller&#8217;den olumsuz tepki gelmedi. Kar\u015f\u0131la\u015ft\u0131\u011f\u0131m\u0131zda te\u015fekk\u00fcr etti.&#8221; dedi.<\/p>\n<h3>YASEM\u0130N YAL\u00c7IN YILLAR SONRA \u2018YASEM\u0130N&#8217;\u0130N PENCERES\u0130&#8217;NDE\u2019 \u0130T\u0130RAF ETT\u0130<\/h3>\n<p>Ba\u015far\u0131l\u0131 oyuncu <a href=\"https:\/\/www.tgrthaber.com\/mavikadin\/yasemin-yalcin-kizi-eylul-atesler-kimdir-eylul-atesler-kac-yasinda-evli-mi\/\">Yasemin Yal\u00e7\u0131n<\/a> \u2018Ba\u015fbayan\u2019 tiplemeleriyle Tansu \u00c7iller\u2019i taklit ederek b\u00fcy\u00fck ba\u015far\u0131lar elde etmi\u015fti. Ge\u00e7ti\u011fimiz g\u00fcn Yasemin\u2019in Penceresi\u2019ne kat\u0131lan \u00fcnl\u00fc oyuncu bir an\u0131s\u0131n\u0131 anlatt\u0131. Yal\u00e7\u0131n, \u00c7iller\u2019le bir restoranda kar\u015f\u0131la\u015ft\u0131klar\u0131n\u0131 ve kendisinin onu fark etti\u011fini s\u00f6yledi. Ard\u0131ndan selamla\u015ft\u0131klar\u0131n\u0131 da ekledi.<\/p>\n<div style=\"width: 480px;\" class=\"wp-video\"><!--[if lt IE 9]><script>document.createElement('video');<\/script><![endif]-->\n<video class=\"wp-video-shortcode\" id=\"video-295007-1\" width=\"480\" height=\"848\" preload=\"metadata\" controls=\"controls\"><source type=\"video\/mp4\" src=\"https:\/\/www.tgrthaber.com\/mavikadin\/wp-content\/uploads\/2026\/01\/Yasemin-Yalcin.mp4?_=1\" \/><a href=\"https:\/\/www.tgrthaber.com\/mavikadin\/wp-content\/uploads\/2026\/01\/Yasemin-Yalcin.mp4\">https:\/\/www.tgrthaber.com\/mavikadin\/wp-content\/uploads\/2026\/01\/Yasemin-Yalcin.mp4<\/a><\/video><\/div>\n<hr \/>\n<p>Yasemin Yal\u00e7\u0131n\u2019\u0131n Tansu \u00c7iller\u2019le ilgili &#8216;Ya ba\u015faraca\u011f\u0131z, ya da ba\u015faraca\u011f\u0131zd\u0131r&#8217; repli\u011fi ise haf\u0131zalardan silinmedi.<\/p>\n<h3>YASEM\u0130N YAL\u00c7IN K\u0130MD\u0130R?<\/h3>\n<p>Yasemin Yal\u00e7\u0131n, 3 A\u011fustos 1964\u2019te \u0130stanbul\u2019da, P\u00fct\u00fcrgeli bir ailenin k\u0131z\u0131 olarak d\u00fcnyaya geldi. Lise e\u011fitimini 1982 y\u0131l\u0131nda tamamlad\u0131ktan sonra ayn\u0131 y\u0131l \u0130stanbul Belediyesi Konservatuvar\u0131\u2019na girdi.<\/p>\n<p><img loading=\"lazy\" decoding=\"async\" class=\"aligncenter size-full wp-image-295010\" src=\"https:\/\/www.tgrthaber.com\/mavikadin\/wp-content\/uploads\/2026\/01\/Yasemin-Yalcin-2-1.jpg\" alt=\"\" width=\"616\" height=\"321\" title=\"\" srcset=\"https:\/\/www.tgrthaber.com\/mavikadin\/wp-content\/uploads\/2026\/01\/Yasemin-Yalcin-2-1.jpg 616w, https:\/\/www.tgrthaber.com\/mavikadin\/wp-content\/uploads\/2026\/01\/Yasemin-Yalcin-2-1-300x156.jpg 300w\" sizes=\"(max-width: 616px) 100vw, 616px\" \/><\/p>\n<hr \/>\n<p>Sanat ya\u015fam\u0131na tiyatro ile ad\u0131m atan Yal\u00e7\u0131n, 1988 y\u0131l\u0131nda Demet Akba\u011f ile birlikte rol ald\u0131\u011f\u0131 bir reklam filmiyle dikkat \u00e7ekti. Kenter Tiyatrosu\u2019nda sahne ald\u0131; tiyatro, sinema ve televizyon alanlar\u0131nda bir\u00e7ok projede yer ald\u0131. 2009 y\u0131l\u0131nda Suzan Karde\u015f\u2019in haz\u0131rlad\u0131\u011f\u0131 Makyaj Odas\u0131 \u015eark\u0131lar\u0131 alb\u00fcm\u00fcnde \u201cTaht Kurmu\u015fsun Kalbime\u201d adl\u0131 \u015fark\u0131y\u0131 seslendirdi.<\/p>\n<p><img loading=\"lazy\" decoding=\"async\" class=\"aligncenter size-full wp-image-295011\" src=\"https:\/\/www.tgrthaber.com\/mavikadin\/wp-content\/uploads\/2026\/01\/Yasemin-Yalcin-4.png\" alt=\"\" width=\"900\" height=\"645\" title=\"\" srcset=\"https:\/\/www.tgrthaber.com\/mavikadin\/wp-content\/uploads\/2026\/01\/Yasemin-Yalcin-4.png 900w, https:\/\/www.tgrthaber.com\/mavikadin\/wp-content\/uploads\/2026\/01\/Yasemin-Yalcin-4-300x215.png 300w, https:\/\/www.tgrthaber.com\/mavikadin\/wp-content\/uploads\/2026\/01\/Yasemin-Yalcin-4-768x550.png 768w\" sizes=\"(max-width: 900px) 100vw, 900px\" \/><\/p>\n<hr \/>\n<p>K\u0131z\u0131 Eda\u2019n\u0131n \u015feker hastal\u0131\u011f\u0131na yakalanmas\u0131n\u0131n ard\u0131ndan bir s\u00fcre tiyatroya ara veren Yal\u00e7\u0131n, daha sonra Oyunun Oyunu adl\u0131 tiyatro oyunuyla sahnelere geri d\u00f6nd\u00fc. 1991 y\u0131l\u0131nda \u201cEn \u0130yi Komedyen\u201d \u00f6d\u00fcl\u00fcne lay\u0131k g\u00f6r\u00fcld\u00fc. T\u00fcrk televizyon tarihinin k\u00fclt yap\u0131mlar\u0131ndan biri olan Yasemince program\u0131nda canland\u0131rd\u0131\u011f\u0131 farkl\u0131 karakterlerle geni\u015f kitlelerce tan\u0131nd\u0131.<\/p>\n<p><img loading=\"lazy\" decoding=\"async\" class=\"aligncenter size-full wp-image-295012\" src=\"https:\/\/www.tgrthaber.com\/mavikadin\/wp-content\/uploads\/2026\/01\/Yasemin-Yalcin-1.png\" alt=\"\" width=\"866\" height=\"645\" title=\"\" srcset=\"https:\/\/www.tgrthaber.com\/mavikadin\/wp-content\/uploads\/2026\/01\/Yasemin-Yalcin-1.png 866w, https:\/\/www.tgrthaber.com\/mavikadin\/wp-content\/uploads\/2026\/01\/Yasemin-Yalcin-1-300x223.png 300w, https:\/\/www.tgrthaber.com\/mavikadin\/wp-content\/uploads\/2026\/01\/Yasemin-Yalcin-1-768x572.png 768w\" sizes=\"(max-width: 866px) 100vw, 866px\" \/><\/p>\n<hr \/>\n<p>Yasemin Yal\u00e7\u0131n, tiyatro oyuncusu \u0130lyas \u0130lbey ile evlidir. Eyl\u00fcl ve Eda ad\u0131nda iki k\u0131z\u0131 vard\u0131r.<\/p>\n<h3>Yasemin Yal\u00e7\u0131n&#8217;\u0131n yer ald\u0131\u011f\u0131 projeler:<\/h3>\n<p>Televizyon (Dizi \/ Program)<\/p>\n<p>\u0130nce \u0130nce Yasemince<\/p>\n<p>Yasemince<\/p>\n<p>Yasemince 2000<\/p>\n<p><img loading=\"lazy\" decoding=\"async\" class=\"aligncenter size-full wp-image-295013\" src=\"https:\/\/www.tgrthaber.com\/mavikadin\/wp-content\/uploads\/2026\/01\/Yasemin-Yalcin-2.webp\" alt=\"\" width=\"674\" height=\"532\" title=\"\" srcset=\"https:\/\/www.tgrthaber.com\/mavikadin\/wp-content\/uploads\/2026\/01\/Yasemin-Yalcin-2.webp 674w, https:\/\/www.tgrthaber.com\/mavikadin\/wp-content\/uploads\/2026\/01\/Yasemin-Yalcin-2-300x237.webp 300w\" sizes=\"(max-width: 674px) 100vw, 674px\" \/><\/p>\n<hr \/>\n<p>Sana Bay\u0131l\u0131yorum<\/p>\n<p>AB\u2019nin Yollar\u0131 Ta\u015ftan<\/p>\n<p>Aman Annem G\u00f6rmesin<\/p>\n<p>Yasemin Yal\u00e7\u0131n ile<\/p>\n<p>Mihrap Yerinde<\/p>\n<p>Sinema Filmleri<\/p>\n<p>Talih Ku\u015fu<\/p>\n<p>Babam\u0131z E\u011fleniyor<\/p>\n<p>Varyemez<\/p>\n<p>Manda Yuvas\u0131<\/p>\n<p>Vezir Parma\u011f\u0131<\/p>\n<p><img loading=\"lazy\" decoding=\"async\" class=\"aligncenter size-full wp-image-295014\" src=\"https:\/\/www.tgrthaber.com\/mavikadin\/wp-content\/uploads\/2026\/01\/Yasemin-Yalcin-1.webp\" alt=\"\" width=\"2016\" height=\"1344\" title=\"\" srcset=\"https:\/\/www.tgrthaber.com\/mavikadin\/wp-content\/uploads\/2026\/01\/Yasemin-Yalcin-1.webp 2016w, https:\/\/www.tgrthaber.com\/mavikadin\/wp-content\/uploads\/2026\/01\/Yasemin-Yalcin-1-300x200.webp 300w, https:\/\/www.tgrthaber.com\/mavikadin\/wp-content\/uploads\/2026\/01\/Yasemin-Yalcin-1-1024x683.webp 1024w, https:\/\/www.tgrthaber.com\/mavikadin\/wp-content\/uploads\/2026\/01\/Yasemin-Yalcin-1-768x512.webp 768w, https:\/\/www.tgrthaber.com\/mavikadin\/wp-content\/uploads\/2026\/01\/Yasemin-Yalcin-1-1536x1024.webp 1536w\" sizes=\"(max-width: 2016px) 100vw, 2016px\" \/><\/p>\n<hr \/>\n<p>Cem Karaca\u2019n\u0131n G\u00f6zya\u015flar\u0131<\/p>\n<p>Tiyatro Oyunlar\u0131 (Se\u00e7me)<\/p>\n<p>Artiz Mektebi<\/p>\n<p>Kad\u0131nl\u0131k Bizde Kals\u0131n<\/p>\n<p>Ha\u015flama Ta\u015flama<\/p>\n<p>Oyunun Oyunu<\/p>\n<p>Han\u0131mhan\u0131mc\u0131klar<\/p>\n<p>Vee Perde<\/p>\n","protected":false},"excerpt":{"rendered":"<p>Ba\u015far\u0131l\u0131 oyuncu Yasemin Yal\u00e7\u0131n y\u0131llar sonra eski ba\u015fbakan Tansu \u00c7iller\u2019le ilgili bir itirafta bulundu. 1993-1996 y\u0131llar\u0131 aras\u0131nda Ba\u015fbakanl\u0131k g\u00f6revini \u00fcstlenen Tansu \u00c7iller\u2019in komik tiplemeleri Yasemin Yal\u00e7\u0131n taraf\u0131ndan ba\u015far\u0131yla yap\u0131ld\u0131. Peki ikili y\u0131llar sonra kar\u015f\u0131la\u015ft\u0131\u011f\u0131nda neler olmu\u015ftu?<\/p>\n","protected":false},"author":5,"featured_media":295008,"comment_status":"closed","ping_status":"closed","sticky":false,"template":"","format":"standard","meta":{"rank_math_lock_modified_date":false,"footnotes":""},"categories":[76],"tags":[133,52208,16853],"class_list":["post-295007","post","type-post","status-publish","format-standard","has-post-thumbnail","hentry","category-magazin","tag-magazin","tag-tansu-ciller","tag-yasemin-yalcin"],"_links":{"self":[{"href":"https:\/\/www.tgrthaber.com\/mavikadin\/wp-json\/wp\/v2\/posts\/295007"}],"collection":[{"href":"https:\/\/www.tgrthaber.com\/mavikadin\/wp-json\/wp\/v2\/posts"}],"about":[{"href":"https:\/\/www.tgrthaber.com\/mavikadin\/wp-json\/wp\/v2\/types\/post"}],"author":[{"embeddable":true,"href":"https:\/\/www.tgrthaber.com\/mavikadin\/wp-json\/wp\/v2\/users\/5"}],"replies":[{"embeddable":true,"href":"https:\/\/www.tgrthaber.com\/mavikadin\/wp-json\/wp\/v2\/comments?post=295007"}],"version-history":[{"count":2,"href":"https:\/\/www.tgrthaber.com\/mavikadin\/wp-json\/wp\/v2\/posts\/295007\/revisions"}],"predecessor-version":[{"id":295016,"href":"https:\/\/www.tgrthaber.com\/mavikadin\/wp-json\/wp\/v2\/posts\/295007\/revisions\/295016"}],"wp:featuredmedia":[{"embeddable":true,"href":"https:\/\/www.tgrthaber.com\/mavikadin\/wp-json\/wp\/v2\/media\/295008"}],"wp:attachment":[{"href":"https:\/\/www.tgrthaber.com\/mavikadin\/wp-json\/wp\/v2\/media?parent=295007"}],"wp:term":[{"taxonomy":"category","embeddable":true,"href":"https:\/\/www.tgrthaber.com\/mavikadin\/wp-json\/wp\/v2\/categories?post=295007"},{"taxonomy":"post_tag","embeddable":true,"href":"https:\/\/www.tgrthaber.com\/mavikadin\/wp-json\/wp\/v2\/tags?post=295007"}],"curies":[{"name":"wp","href":"https:\/\/api.w.org\/{rel}","templated":true}]}}