{"id":295017,"date":"2026-01-26T09:36:24","date_gmt":"2026-01-26T06:36:24","guid":{"rendered":"https:\/\/www.tgrthaber.com\/mavikadin\/?p=295017"},"modified":"2026-01-26T09:36:25","modified_gmt":"2026-01-26T06:36:25","slug":"timur-savci-ismi-teskilat-dizisinin-jeneriginden-cikarildi-testi-pozitif-cikinca-olanlar-oldu","status":"publish","type":"post","link":"https:\/\/www.tgrthaber.com\/mavikadin\/timur-savci-ismi-teskilat-dizisinin-jeneriginden-cikarildi-testi-pozitif-cikinca-olanlar-oldu\/","title":{"rendered":"Timur Savc\u0131 ismi Te\u015fkilat dizisinin jeneri\u011finden \u00e7\u0131kar\u0131ld\u0131! Testi pozitif \u00e7\u0131k\u0131nca olanlar oldu"},"content":{"rendered":"<p>TRT 1\u2019de alt\u0131 sezondur yay\u0131nlanan Te\u015fkilat dizisinin jeneri\u011finde dikkat \u00e7eken bir de\u011fi\u015fiklik ya\u015fand\u0131. Dizinin yap\u0131mc\u0131lar\u0131ndan <a href=\"https:\/\/www.tgrthaber.com\/mavikadin\/timur-savci-kimdir-kac-yasinda-timur-savci-nerenin-sahibi\/\">Timur Savc\u0131<\/a>\u2019n\u0131n ad\u0131 ile orta\u011f\u0131 oldu\u011fu TimsBi yap\u0131m \u015firketinin logosu dizinin yeni b\u00f6l\u00fcm\u00fcnde jenerikte yoktu.<\/p>\n<h3>T\u0130MUR SAVCI \u0130SM\u0130 TE\u015eK\u0130LAT D\u0130Z\u0130S\u0130N\u0130N JENER\u0130\u011e\u0130NDEN \u00c7IKARILDI<\/h3>\n<p>Yasakl\u0131 madde testinin pozitif \u00e7\u0131kt\u0131\u011f\u0131 iddialar\u0131yla g\u00fcndeme gelen Timur Savc\u0131\u2019n\u0131n k\u0131sa s\u00fcre \u00f6nce orta\u011f\u0131 oldu\u011fu yap\u0131m \u015firketinde de isim de\u011fi\u015fikli\u011fine gitti\u011fi \u00f6\u011frenildi.<\/p>\n<p><img loading=\"lazy\" decoding=\"async\" class=\"aligncenter size-full wp-image-295022\" src=\"https:\/\/www.tgrthaber.com\/mavikadin\/wp-content\/uploads\/2026\/01\/Timur-savci-2.jpg\" alt=\"\" width=\"1920\" height=\"1080\" title=\"\" srcset=\"https:\/\/www.tgrthaber.com\/mavikadin\/wp-content\/uploads\/2026\/01\/Timur-savci-2.jpg 1920w, https:\/\/www.tgrthaber.com\/mavikadin\/wp-content\/uploads\/2026\/01\/Timur-savci-2-300x169.jpg 300w, https:\/\/www.tgrthaber.com\/mavikadin\/wp-content\/uploads\/2026\/01\/Timur-savci-2-1024x576.jpg 1024w, https:\/\/www.tgrthaber.com\/mavikadin\/wp-content\/uploads\/2026\/01\/Timur-savci-2-768x432.jpg 768w, https:\/\/www.tgrthaber.com\/mavikadin\/wp-content\/uploads\/2026\/01\/Timur-savci-2-1536x864.jpg 1536w\" sizes=\"(max-width: 1920px) 100vw, 1920px\" \/><\/p>\n<hr \/>\n<p>Bu geli\u015fmelerin ard\u0131ndan, Te\u015fkilat\u2019\u0131n yeni b\u00f6l\u00fcm\u00fcnde yap\u0131mc\u0131lar Timur Savc\u0131 ve Burak Sa\u011fya\u015far\u2019\u0131n isimlerine ve TimsBi logosuna jenerikte yer verilmedi. Daha \u00f6nce 163 hafta boyunca yap\u0131mc\u0131 ve yap\u0131m \u015firketi bilgileri dizinin jeneri\u011finde bulunuyordu.<\/p>\n<p><img loading=\"lazy\" decoding=\"async\" class=\"aligncenter size-full wp-image-295019\" src=\"https:\/\/www.tgrthaber.com\/mavikadin\/wp-content\/uploads\/2026\/01\/Timur-savci-1.jpg\" alt=\"\" width=\"600\" height=\"337\" title=\"\" srcset=\"https:\/\/www.tgrthaber.com\/mavikadin\/wp-content\/uploads\/2026\/01\/Timur-savci-1.jpg 600w, https:\/\/www.tgrthaber.com\/mavikadin\/wp-content\/uploads\/2026\/01\/Timur-savci-1-300x169.jpg 300w\" sizes=\"(max-width: 600px) 100vw, 600px\" \/><\/p>\n<hr \/>\n<h3>FATURALAR YEN\u0130 \u015e\u0130RKET \u00dcZER\u0130NDEN KES\u0130LECEK<\/h3>\n<p>Birsen Altunta\u015f\u2019\u0131n haberine g\u00f6re, Te\u015fkilat dizisinin yap\u0131m ekibi bundan b\u00f6yle faturalar\u0131n\u0131 TimsBi yerine \u201cDouble Click\u201d adl\u0131 yeni bir \u015firket \u00fczerinden kesecek. TRT cephesinde bu y\u00f6nde de\u011fi\u015fiklikler ya\u015fan\u0131rken, Kanal D\u2019de yay\u0131nlanan ve ayn\u0131 yap\u0131m \u015firketine ait olan E\u015fref R\u00fcya dizisinde \u015fu ana kadar herhangi bir jenerik ya da yap\u0131mc\u0131 de\u011fi\u015fikli\u011fi yap\u0131lmad\u0131.<\/p>\n<p><img loading=\"lazy\" decoding=\"async\" class=\"aligncenter wp-image-275589 size-full\" src=\"https:\/\/www.tgrthaber.com\/mavikadin\/wp-content\/uploads\/Ela-Rumeysa-Cebeci-7-2.jpg\" alt=\"\" width=\"1208\" height=\"680\" title=\"\" srcset=\"https:\/\/www.tgrthaber.com\/mavikadin\/wp-content\/uploads\/Ela-Rumeysa-Cebeci-7-2.jpg 1208w, https:\/\/www.tgrthaber.com\/mavikadin\/wp-content\/uploads\/Ela-Rumeysa-Cebeci-7-2-300x169.jpg 300w, https:\/\/www.tgrthaber.com\/mavikadin\/wp-content\/uploads\/Ela-Rumeysa-Cebeci-7-2-1024x576.jpg 1024w, https:\/\/www.tgrthaber.com\/mavikadin\/wp-content\/uploads\/Ela-Rumeysa-Cebeci-7-2-768x432.jpg 768w\" sizes=\"(max-width: 1208px) 100vw, 1208px\" \/><\/p>\n<hr \/>\n<h3>ELA R\u00dcMEYSA CEBEC\u0130 \u0130LE YAZI\u015eTI\u011eI DOSYADA YER ALDI<\/h3>\n<p>Di\u011fer yandan, Timur Savc\u0131\u2019n\u0131n tutuklu eski Habert\u00fcrk spikeri Ela R\u00fcmeysa Cebeci ile 2024 y\u0131l\u0131nda yapt\u0131\u011f\u0131 yaz\u0131\u015fmalar\u0131n dosyaya girdi\u011fi belirtildi. S\u00f6z konusu mesajlar\u0131n \u201cyasakl\u0131 madde temini\u201d kapsam\u0131nda de\u011ferlendirildi\u011fi ve bu nedenle g\u00f6zalt\u0131 karar\u0131 verildi\u011fi \u00f6ne s\u00fcr\u00fcld\u00fc.<\/p>\n<p><img loading=\"lazy\" decoding=\"async\" class=\"aligncenter size-full wp-image-295020\" src=\"https:\/\/www.tgrthaber.com\/mavikadin\/wp-content\/uploads\/2026\/01\/Timur-savci-3.webp\" alt=\"\" width=\"1275\" height=\"675\" title=\"\" srcset=\"https:\/\/www.tgrthaber.com\/mavikadin\/wp-content\/uploads\/2026\/01\/Timur-savci-3.webp 1275w, https:\/\/www.tgrthaber.com\/mavikadin\/wp-content\/uploads\/2026\/01\/Timur-savci-3-300x159.webp 300w, https:\/\/www.tgrthaber.com\/mavikadin\/wp-content\/uploads\/2026\/01\/Timur-savci-3-1024x542.webp 1024w, https:\/\/www.tgrthaber.com\/mavikadin\/wp-content\/uploads\/2026\/01\/Timur-savci-3-768x407.webp 768w\" sizes=\"(max-width: 1275px) 100vw, 1275px\" \/><\/p>\n<hr \/>\n<p>\u0130kilinin konu\u015fmalar\u0131n\u0131n detaylar\u0131 ise payla\u015f\u0131lmad\u0131.<\/p>\n<p>\u0130stanbul Cumhuriyet Ba\u015fsavc\u0131l\u0131\u011f\u0131 taraf\u0131ndan y\u00fcr\u00fct\u00fclen soru\u015fturma kapsam\u0131nda \u00fcnl\u00fc yap\u0131mc\u0131 ve T\u0130MS&amp;B Prod\u00fcksiyon CEO\u2019su Timur Savc\u0131, \u201cyasakl\u0131 veya uyar\u0131c\u0131 madde kullan\u0131lmas\u0131n\u0131 kolayla\u015ft\u0131rmak\u201d, \u201ckullananlar\u0131n yakalanmas\u0131n\u0131 zorla\u015ft\u0131racak \u00f6nlemler almak\u201d ve \u201cyasakl\u0131 veya uyar\u0131c\u0131 madde sat\u0131n almak, kabul etmek, bulundurmak veya kullanmak\u201d iddialar\u0131yla g\u00f6zalt\u0131na al\u0131nd\u0131.<\/p>\n<p><img loading=\"lazy\" decoding=\"async\" class=\"aligncenter size-full wp-image-295021\" src=\"https:\/\/www.tgrthaber.com\/mavikadin\/wp-content\/uploads\/2026\/01\/Timur-savci-5.webp\" alt=\"\" width=\"1280\" height=\"720\" title=\"\" srcset=\"https:\/\/www.tgrthaber.com\/mavikadin\/wp-content\/uploads\/2026\/01\/Timur-savci-5.webp 1280w, https:\/\/www.tgrthaber.com\/mavikadin\/wp-content\/uploads\/2026\/01\/Timur-savci-5-300x169.webp 300w, https:\/\/www.tgrthaber.com\/mavikadin\/wp-content\/uploads\/2026\/01\/Timur-savci-5-1024x576.webp 1024w, https:\/\/www.tgrthaber.com\/mavikadin\/wp-content\/uploads\/2026\/01\/Timur-savci-5-768x432.webp 768w\" sizes=\"(max-width: 1280px) 100vw, 1280px\" \/><\/p>\n<hr \/>\n<p>Adli T\u0131p Kurumu\u2019nda sa\u00e7 ve kan \u00f6rne\u011fi al\u0131nan Savc\u0131, savc\u0131l\u0131k ifadesinin ard\u0131ndan adli kontrol uygulanmaks\u0131z\u0131n serbest b\u0131rak\u0131ld\u0131.<\/p>\n","protected":false},"excerpt":{"rendered":"<p>Timur Savc\u0131 ad\u0131 Te\u015fkilat dizisinin jeneri\u011finden \u00e7\u0131kar\u0131ld\u0131. Dizi yap\u0131mc\u0131lar\u0131ndan olan Timur Savc\u0131\u2019n\u0131n ad\u0131 ve orta\u011f\u0131 oldu\u011fu TimsBi yap\u0131m \u015firketinin logosu, Te\u015fkilat dizisinin yeni b\u00f6l\u00fcm\u00fcnde jenerikte yer almad\u0131.<\/p>\n","protected":false},"author":5,"featured_media":295018,"comment_status":"closed","ping_status":"closed","sticky":false,"template":"","format":"standard","meta":{"rank_math_lock_modified_date":false,"footnotes":""},"categories":[76],"tags":[133,840,69959,71452],"class_list":["post-295017","post","type-post","status-publish","format-standard","has-post-thumbnail","hentry","category-magazin","tag-magazin","tag-teskilat","tag-timur-savci","tag-yasakli-madde-timur-savci"],"_links":{"self":[{"href":"https:\/\/www.tgrthaber.com\/mavikadin\/wp-json\/wp\/v2\/posts\/295017"}],"collection":[{"href":"https:\/\/www.tgrthaber.com\/mavikadin\/wp-json\/wp\/v2\/posts"}],"about":[{"href":"https:\/\/www.tgrthaber.com\/mavikadin\/wp-json\/wp\/v2\/types\/post"}],"author":[{"embeddable":true,"href":"https:\/\/www.tgrthaber.com\/mavikadin\/wp-json\/wp\/v2\/users\/5"}],"replies":[{"embeddable":true,"href":"https:\/\/www.tgrthaber.com\/mavikadin\/wp-json\/wp\/v2\/comments?post=295017"}],"version-history":[{"count":2,"href":"https:\/\/www.tgrthaber.com\/mavikadin\/wp-json\/wp\/v2\/posts\/295017\/revisions"}],"predecessor-version":[{"id":295024,"href":"https:\/\/www.tgrthaber.com\/mavikadin\/wp-json\/wp\/v2\/posts\/295017\/revisions\/295024"}],"wp:featuredmedia":[{"embeddable":true,"href":"https:\/\/www.tgrthaber.com\/mavikadin\/wp-json\/wp\/v2\/media\/295018"}],"wp:attachment":[{"href":"https:\/\/www.tgrthaber.com\/mavikadin\/wp-json\/wp\/v2\/media?parent=295017"}],"wp:term":[{"taxonomy":"category","embeddable":true,"href":"https:\/\/www.tgrthaber.com\/mavikadin\/wp-json\/wp\/v2\/categories?post=295017"},{"taxonomy":"post_tag","embeddable":true,"href":"https:\/\/www.tgrthaber.com\/mavikadin\/wp-json\/wp\/v2\/tags?post=295017"}],"curies":[{"name":"wp","href":"https:\/\/api.w.org\/{rel}","templated":true}]}}