{"id":295032,"date":"2026-01-26T10:08:12","date_gmt":"2026-01-26T07:08:12","guid":{"rendered":"https:\/\/www.tgrthaber.com\/mavikadin\/?p=295032"},"modified":"2026-01-26T10:08:12","modified_gmt":"2026-01-26T07:08:12","slug":"alper-saldiran-kizilcik-serbeti-dizisine-mi-dahil-oluyor-alper-saldiran-kizilcik-serbetinin-yeni-fatihi-mi-olacak","status":"publish","type":"post","link":"https:\/\/www.tgrthaber.com\/mavikadin\/alper-saldiran-kizilcik-serbeti-dizisine-mi-dahil-oluyor-alper-saldiran-kizilcik-serbetinin-yeni-fatihi-mi-olacak\/","title":{"rendered":"Alper Sald\u0131ran K\u0131z\u0131lc\u0131k \u015eerbeti dizisine mi dahil oluyor? Alper Sald\u0131ran K\u0131z\u0131lc\u0131k \u015eerbeti\u2019nin yeni Fatih\u2019i mi olacak?"},"content":{"rendered":"<p><a href=\"https:\/\/www.tgrthaber.com\/mavikadin\/dogukan-gungor-kizilcik-serbeti-dizisinden-ayrildi-mi-akillara-feyza-civelek-geldi\/\">K\u0131z\u0131lc\u0131k \u015eerbeti<\/a> dizisinde 4 sezon boyunca \u2018Fatih\u2019 karakteriyle ekranlara gelen Do\u011fukan G\u00fcng\u00f6r\u2019\u00fcn diziden \u00e7\u0131kar\u0131lmas\u0131n\u0131n ard\u0131ndan yeni Fatih\u2019in Alper Sald\u0131ran olaca\u011f\u0131 konu\u015fuluyor. Yasakl\u0131 madde kullanmas\u0131 sebebiyle yap\u0131m \u015firketi taraf\u0131ndan K\u0131z\u0131lc\u0131k \u015eerbeti dizisinden \u00e7\u0131kar\u0131lan Do\u011fukan G\u00fcng\u00f6r\u2019\u00fcn yerine kimin gelece\u011fi merak ediliyor. Peki, K\u0131z\u0131lc\u0131k \u015eerbeti dizisinin yeni Fatih\u2019i belli oldu mu? Alper Sald\u0131ran K\u0131z\u0131lc\u0131k \u015eerbeti dizisine mi dahil oluyor? Alper Sald\u0131ran K\u0131z\u0131lc\u0131k \u015eerbeti\u2019nin yeni Fatih\u2019i mi olacak? K\u0131z\u0131lc\u0131k \u015eerbeti dizisine gelecek yeni Fatih hakk\u0131nda merak edilenleri sizin i\u00e7in ara\u015ft\u0131rd\u0131k. \u0130\u015fte K\u0131z\u0131lc\u0131k \u015eerbeti dizisinin yeni Fatih\u2019ine dair bilinmeyenler\u2026<\/p>\n<h3>ALPER SALDIRAN KIZILCIK \u015eERBET\u0130 D\u0130Z\u0130S\u0130NE M\u0130 DAH\u0130L OLUYOR?<\/h3>\n<p>Alper Sald\u0131ran\u2019\u0131n <a href=\"https:\/\/www.tgrthaber.com\/mavikadin\/reyting-yarisinda-zirvede-buyuk-degisiklik-kizilcik-serbeti-tasacak-bu-denizin-liderligini-elinden-aliyor\/\">K\u0131z\u0131lc\u0131k \u015eerbeti<\/a> dizisine dahil olaca\u011f\u0131 konu\u015fuluyor. Birbirinden ba\u015far\u0131l\u0131 bir\u00e7ok dizi ve film projesinde yer alan \u00fcnl\u00fc oyuncu Sald\u0131ran\u2019\u0131n \u015fimdilerde Show TV ekranlar\u0131n\u0131n fenomen dizisi K\u0131z\u0131lc\u0131k \u015eerbeti\u2019nde boy g\u00f6sterece\u011fi s\u00f6yleniyor.<\/p>\n<p><img loading=\"lazy\" decoding=\"async\" class=\"size-full wp-image-295034\" src=\"https:\/\/www.tgrthaber.com\/mavikadin\/wp-content\/uploads\/2026\/01\/Kizilcik-Serbeti-Fatih-3.jpg\" alt=\"Alper Sald\u0131ran K\u0131z\u0131lc\u0131k \u015eerbeti dizisine mi dahil oluyor? Alper Sald\u0131ran K\u0131z\u0131lc\u0131k \u015eerbeti\u2019nin yeni Fatih\u2019i mi olacak? \" width=\"1208\" height=\"680\" title=\"\" srcset=\"https:\/\/www.tgrthaber.com\/mavikadin\/wp-content\/uploads\/2026\/01\/Kizilcik-Serbeti-Fatih-3.jpg 1208w, https:\/\/www.tgrthaber.com\/mavikadin\/wp-content\/uploads\/2026\/01\/Kizilcik-Serbeti-Fatih-3-300x169.jpg 300w, https:\/\/www.tgrthaber.com\/mavikadin\/wp-content\/uploads\/2026\/01\/Kizilcik-Serbeti-Fatih-3-1024x576.jpg 1024w, https:\/\/www.tgrthaber.com\/mavikadin\/wp-content\/uploads\/2026\/01\/Kizilcik-Serbeti-Fatih-3-768x432.jpg 768w\" sizes=\"(max-width: 1208px) 100vw, 1208px\" \/><\/p>\n<hr \/>\n<p>Yeni sezonun ba\u015flamas\u0131ndan bu yana K\u0131z\u0131lc\u0131k \u015eerbeti dizisinin oyuncu kadrosunda bir\u00e7ok de\u011fi\u015fiklikler ya\u015fanm\u0131\u015ft\u0131. Ge\u00e7ti\u011fimiz aylarda K\u0131z\u0131lc\u0131k \u015eerbeti dizisinin oyuncu kadrosunda \u00e7e\u015fitli de\u011fi\u015fiklikler ya\u015fanm\u0131\u015f ve birbirinden ba\u015far\u0131l\u0131 oyuncular senaryo gere\u011fi diziye veda etmi\u015fti.<\/p>\n<p><img loading=\"lazy\" decoding=\"async\" class=\"size-full wp-image-295041\" src=\"https:\/\/www.tgrthaber.com\/mavikadin\/wp-content\/uploads\/2026\/01\/Kizilcik-Serbeti-Fatih-1.jpg\" alt=\"Alper Sald\u0131ran K\u0131z\u0131lc\u0131k \u015eerbeti dizisine mi dahil oluyor? Alper Sald\u0131ran K\u0131z\u0131lc\u0131k \u015eerbeti\u2019nin yeni Fatih\u2019i mi olacak? \" width=\"1208\" height=\"680\" title=\"\" srcset=\"https:\/\/www.tgrthaber.com\/mavikadin\/wp-content\/uploads\/2026\/01\/Kizilcik-Serbeti-Fatih-1.jpg 1208w, https:\/\/www.tgrthaber.com\/mavikadin\/wp-content\/uploads\/2026\/01\/Kizilcik-Serbeti-Fatih-1-300x169.jpg 300w, https:\/\/www.tgrthaber.com\/mavikadin\/wp-content\/uploads\/2026\/01\/Kizilcik-Serbeti-Fatih-1-1024x576.jpg 1024w, https:\/\/www.tgrthaber.com\/mavikadin\/wp-content\/uploads\/2026\/01\/Kizilcik-Serbeti-Fatih-1-768x432.jpg 768w\" sizes=\"(max-width: 1208px) 100vw, 1208px\" \/><\/p>\n<hr \/>\n<p>Oyuncu kadrosuna birbirinden ba\u015far\u0131l\u0131 isimleri dahil eden K\u0131z\u0131lc\u0131k \u015eerbeti\u2019nde, bu kez dizinin ba\u015frol oyuncular\u0131ndan \u2018Fatih\u2019 karakterini oynayan Do\u011fukan G\u00fcng\u00f6r, yasakl\u0131 madde kullanmas\u0131 sebebiyle yap\u0131m \u015firketi taraf\u0131ndan K\u0131z\u0131lc\u0131k \u015eerbeti dizisinden \u00e7\u0131kar\u0131lm\u0131\u015ft\u0131.<\/p>\n<p><img loading=\"lazy\" decoding=\"async\" class=\"size-full wp-image-295038\" src=\"https:\/\/www.tgrthaber.com\/mavikadin\/wp-content\/uploads\/2026\/01\/Kizilcik-Serbeti-Fatih-7.jpg\" alt=\"Alper Sald\u0131ran K\u0131z\u0131lc\u0131k \u015eerbeti dizisine mi dahil oluyor? Alper Sald\u0131ran K\u0131z\u0131lc\u0131k \u015eerbeti\u2019nin yeni Fatih\u2019i mi olacak? \" width=\"1208\" height=\"680\" title=\"\" srcset=\"https:\/\/www.tgrthaber.com\/mavikadin\/wp-content\/uploads\/2026\/01\/Kizilcik-Serbeti-Fatih-7.jpg 1208w, https:\/\/www.tgrthaber.com\/mavikadin\/wp-content\/uploads\/2026\/01\/Kizilcik-Serbeti-Fatih-7-300x169.jpg 300w, https:\/\/www.tgrthaber.com\/mavikadin\/wp-content\/uploads\/2026\/01\/Kizilcik-Serbeti-Fatih-7-1024x576.jpg 1024w, https:\/\/www.tgrthaber.com\/mavikadin\/wp-content\/uploads\/2026\/01\/Kizilcik-Serbeti-Fatih-7-768x432.jpg 768w\" sizes=\"(max-width: 1208px) 100vw, 1208px\" \/><\/p>\n<hr \/>\n<p>Do\u011fukan G\u00fcng\u00f6r\u2019\u00fcn yasakl\u0131 madde kulland\u0131\u011f\u0131na dair \u00e7\u0131kan haberler do\u011frulan\u0131nca, K\u0131z\u0131lc\u0131k \u015eerbeti dizisinin yap\u0131m \u015firketinden beklenmedik bir hareket gelmi\u015fti. Ge\u00e7ti\u011fimiz g\u00fcnlerde 4 sezon boyunca fenomen dizide \u2018Fatih\u2019 karakterini oynayan Do\u011fukan G\u00fcng\u00f6r\u2019\u00fcn diziden \u00e7\u0131kar\u0131ld\u0131\u011f\u0131 \u00f6\u011frenilmi\u015fti.<\/p>\n<p><img loading=\"lazy\" decoding=\"async\" class=\"size-full wp-image-295039\" src=\"https:\/\/www.tgrthaber.com\/mavikadin\/wp-content\/uploads\/2026\/01\/Kizilcik-Serbeti-Fatih-8.jpg\" alt=\"Alper Sald\u0131ran K\u0131z\u0131lc\u0131k \u015eerbeti dizisine mi dahil oluyor? Alper Sald\u0131ran K\u0131z\u0131lc\u0131k \u015eerbeti\u2019nin yeni Fatih\u2019i mi olacak? \" width=\"1208\" height=\"680\" title=\"\" srcset=\"https:\/\/www.tgrthaber.com\/mavikadin\/wp-content\/uploads\/2026\/01\/Kizilcik-Serbeti-Fatih-8.jpg 1208w, https:\/\/www.tgrthaber.com\/mavikadin\/wp-content\/uploads\/2026\/01\/Kizilcik-Serbeti-Fatih-8-300x169.jpg 300w, https:\/\/www.tgrthaber.com\/mavikadin\/wp-content\/uploads\/2026\/01\/Kizilcik-Serbeti-Fatih-8-1024x576.jpg 1024w, https:\/\/www.tgrthaber.com\/mavikadin\/wp-content\/uploads\/2026\/01\/Kizilcik-Serbeti-Fatih-8-768x432.jpg 768w\" sizes=\"(max-width: 1208px) 100vw, 1208px\" \/><\/p>\n<hr \/>\n<p>Ge\u00e7ti\u011fimiz haftalarda evinde yap\u0131lan arama sonucu yasakl\u0131 madde kulland\u0131\u011f\u0131 tespit edilen Do\u011fukan G\u00fcng\u00f6r, test sonu\u00e7lar\u0131n\u0131n da ortaya \u00e7\u0131kmas\u0131yla magazin g\u00fcndemine bomba gibi d\u00fc\u015ft\u00fc. K\u0131z\u0131lc\u0131k \u015eerbeti dizisindeki rol\u00fcnden de olan \u00fcnl\u00fc oyuncunun yerine kimin gelece\u011fi ise merak konusu oldu.<\/p>\n<p><img loading=\"lazy\" decoding=\"async\" class=\"size-full wp-image-295040\" src=\"https:\/\/www.tgrthaber.com\/mavikadin\/wp-content\/uploads\/2026\/01\/Kizilcik-Serbeti-Fatih-9.jpg\" alt=\"Alper Sald\u0131ran K\u0131z\u0131lc\u0131k \u015eerbeti dizisine mi dahil oluyor? Alper Sald\u0131ran K\u0131z\u0131lc\u0131k \u015eerbeti\u2019nin yeni Fatih\u2019i mi olacak? \" width=\"1208\" height=\"680\" title=\"\" srcset=\"https:\/\/www.tgrthaber.com\/mavikadin\/wp-content\/uploads\/2026\/01\/Kizilcik-Serbeti-Fatih-9.jpg 1208w, https:\/\/www.tgrthaber.com\/mavikadin\/wp-content\/uploads\/2026\/01\/Kizilcik-Serbeti-Fatih-9-300x169.jpg 300w, https:\/\/www.tgrthaber.com\/mavikadin\/wp-content\/uploads\/2026\/01\/Kizilcik-Serbeti-Fatih-9-1024x576.jpg 1024w, https:\/\/www.tgrthaber.com\/mavikadin\/wp-content\/uploads\/2026\/01\/Kizilcik-Serbeti-Fatih-9-768x432.jpg 768w\" sizes=\"(max-width: 1208px) 100vw, 1208px\" \/><\/p>\n<hr \/>\n<p>Sosyal medyada \u00e7e\u015fitli iddialar dolan\u0131rken, Do\u011fukan G\u00fcng\u00f6r\u2019e benzerli\u011fiyle dikkatleri \u00fczerine \u00e7eken ba\u015far\u0131l\u0131 oyuncu Alper Sald\u0131ran\u2019\u0131n K\u0131z\u0131lc\u0131k \u015eerbeti dizisinin yeni \u2018Fatih\u2019i olaca\u011f\u0131 iddia edildi. Dizinin s\u0131k\u0131 takip\u00e7ileri ise K\u0131z\u0131lc\u0131k \u015eerbeti dizisinin yeni Fatih\u2019inin belli olup olmad\u0131\u011f\u0131n\u0131 merakla ara\u015ft\u0131rmaya ba\u015flad\u0131.<\/p>\n<p><img loading=\"lazy\" decoding=\"async\" class=\"size-full wp-image-295033\" src=\"https:\/\/www.tgrthaber.com\/mavikadin\/wp-content\/uploads\/2026\/01\/Kizilcik-Serbeti-Fatih-2.jpg\" alt=\"Alper Sald\u0131ran K\u0131z\u0131lc\u0131k \u015eerbeti dizisine mi dahil oluyor? Alper Sald\u0131ran K\u0131z\u0131lc\u0131k \u015eerbeti\u2019nin yeni Fatih\u2019i mi olacak? \" width=\"1208\" height=\"680\" title=\"\" srcset=\"https:\/\/www.tgrthaber.com\/mavikadin\/wp-content\/uploads\/2026\/01\/Kizilcik-Serbeti-Fatih-2.jpg 1208w, https:\/\/www.tgrthaber.com\/mavikadin\/wp-content\/uploads\/2026\/01\/Kizilcik-Serbeti-Fatih-2-300x169.jpg 300w, https:\/\/www.tgrthaber.com\/mavikadin\/wp-content\/uploads\/2026\/01\/Kizilcik-Serbeti-Fatih-2-1024x576.jpg 1024w, https:\/\/www.tgrthaber.com\/mavikadin\/wp-content\/uploads\/2026\/01\/Kizilcik-Serbeti-Fatih-2-768x432.jpg 768w\" sizes=\"(max-width: 1208px) 100vw, 1208px\" \/><\/p>\n<hr \/>\n<h3>ALPER SALDIRAN KIZILCIK \u015eERBET\u0130\u2019N\u0130N YEN\u0130 FAT\u0130H\u2019\u0130 M\u0130 OLACAK?<\/h3>\n<p>Birbirinden ba\u015far\u0131l\u0131 bir\u00e7ok projede boy g\u00f6steren Alper Sald\u0131ran\u2019\u0131n <a href=\"https:\/\/www.tgrthaber.com\/mavikadin\/kizilcik-serbetinin-yeni-fatihi-kim-olacak-kizilcik-serbeti-fatihe-ne-oldu\/\">K\u0131z\u0131lc\u0131k \u015eerbeti<\/a> dizisinin yeni Fatih\u2019i olup olmayaca\u011f\u0131 merak ediliyor. Sosyal medyada ortaya at\u0131lan iddialara g\u00f6re fenomen dizinin yeni Fatih\u2019inin Alper Sald\u0131ran olaca\u011f\u0131 s\u00f6yleniyor.<\/p>\n<p><img loading=\"lazy\" decoding=\"async\" class=\"size-full wp-image-295036\" src=\"https:\/\/www.tgrthaber.com\/mavikadin\/wp-content\/uploads\/2026\/01\/Kizilcik-Serbeti-Fatih-5.jpg\" alt=\"Alper Sald\u0131ran K\u0131z\u0131lc\u0131k \u015eerbeti dizisine mi dahil oluyor? Alper Sald\u0131ran K\u0131z\u0131lc\u0131k \u015eerbeti\u2019nin yeni Fatih\u2019i mi olacak? \" width=\"1208\" height=\"680\" title=\"\" srcset=\"https:\/\/www.tgrthaber.com\/mavikadin\/wp-content\/uploads\/2026\/01\/Kizilcik-Serbeti-Fatih-5.jpg 1208w, https:\/\/www.tgrthaber.com\/mavikadin\/wp-content\/uploads\/2026\/01\/Kizilcik-Serbeti-Fatih-5-300x169.jpg 300w, https:\/\/www.tgrthaber.com\/mavikadin\/wp-content\/uploads\/2026\/01\/Kizilcik-Serbeti-Fatih-5-1024x576.jpg 1024w, https:\/\/www.tgrthaber.com\/mavikadin\/wp-content\/uploads\/2026\/01\/Kizilcik-Serbeti-Fatih-5-768x432.jpg 768w\" sizes=\"(max-width: 1208px) 100vw, 1208px\" \/><\/p>\n<hr \/>\n<p>Ancak ba\u015far\u0131l\u0131 oyuncunun K\u0131z\u0131lc\u0131k \u015eerbeti dizisine dahil olup olmad\u0131\u011f\u0131yla ilgili hen\u00fcz net ve do\u011frulu\u011fu kan\u0131tlanm\u0131\u015f bir bilgi bulunmuyor. \u00d6zellikle \u2018Beni B\u00f6yle Sev\u2019, \u2018Kalbim Ege\u2019de Kald\u0131\u2019 ve \u2018Masumlar Apartman\u0131\u2019 gibi fenomen dizilerle ad\u0131n\u0131 duyuran Alper Sald\u0131ran\u2019\u0131n hen\u00fcz K\u0131z\u0131lc\u0131k \u015eerbeti\u2019nin yeni Fatih\u2019i olup olmayaca\u011f\u0131 belirsizli\u011fini koruyor. Fakat sosyal medyada ortaya at\u0131lan iddialar yeni Fatih\u2019in Alper Sald\u0131ran oldu\u011funu g\u00f6zler \u00f6n\u00fcne seriyor.<\/p>\n","protected":false},"excerpt":{"rendered":"<p>Show TV ekranlar\u0131n\u0131n fenomen dizisi K\u0131z\u0131lc\u0131k \u015eerbeti dizisinde \u2018Fatih\u2019 karakteriyle izleyici kar\u015f\u0131s\u0131na \u00e7\u0131kan Do\u011fukan G\u00fcng\u00f6r\u2019\u00fcn yerine Alper Sald\u0131ran\u2019\u0131n gelip gelmedi\u011fi merak edildi. Peki, Alper Sald\u0131ran K\u0131z\u0131lc\u0131k \u015eerbeti dizisine mi dahil oluyor? Alper Sald\u0131ran K\u0131z\u0131lc\u0131k \u015eerbeti\u2019nin yeni Fatih\u2019i mi olacak? \u0130\u015fte detaylar\u2026<\/p>\n","protected":false},"author":26,"featured_media":295037,"comment_status":"closed","ping_status":"closed","sticky":false,"template":"","format":"standard","meta":{"rank_math_lock_modified_date":false,"footnotes":""},"categories":[602],"tags":[2692,2628,3602,4112,157,4276],"class_list":["post-295032","post","type-post","status-publish","format-standard","has-post-thumbnail","hentry","category-diziler","tag-alper-saldiran","tag-dizi-haberleri","tag-diziler","tag-dogukan-gungor","tag-kizilcik-serbeti","tag-kizilcik-serbeti-fatih"],"_links":{"self":[{"href":"https:\/\/www.tgrthaber.com\/mavikadin\/wp-json\/wp\/v2\/posts\/295032"}],"collection":[{"href":"https:\/\/www.tgrthaber.com\/mavikadin\/wp-json\/wp\/v2\/posts"}],"about":[{"href":"https:\/\/www.tgrthaber.com\/mavikadin\/wp-json\/wp\/v2\/types\/post"}],"author":[{"embeddable":true,"href":"https:\/\/www.tgrthaber.com\/mavikadin\/wp-json\/wp\/v2\/users\/26"}],"replies":[{"embeddable":true,"href":"https:\/\/www.tgrthaber.com\/mavikadin\/wp-json\/wp\/v2\/comments?post=295032"}],"version-history":[{"count":1,"href":"https:\/\/www.tgrthaber.com\/mavikadin\/wp-json\/wp\/v2\/posts\/295032\/revisions"}],"predecessor-version":[{"id":295042,"href":"https:\/\/www.tgrthaber.com\/mavikadin\/wp-json\/wp\/v2\/posts\/295032\/revisions\/295042"}],"wp:featuredmedia":[{"embeddable":true,"href":"https:\/\/www.tgrthaber.com\/mavikadin\/wp-json\/wp\/v2\/media\/295037"}],"wp:attachment":[{"href":"https:\/\/www.tgrthaber.com\/mavikadin\/wp-json\/wp\/v2\/media?parent=295032"}],"wp:term":[{"taxonomy":"category","embeddable":true,"href":"https:\/\/www.tgrthaber.com\/mavikadin\/wp-json\/wp\/v2\/categories?post=295032"},{"taxonomy":"post_tag","embeddable":true,"href":"https:\/\/www.tgrthaber.com\/mavikadin\/wp-json\/wp\/v2\/tags?post=295032"}],"curies":[{"name":"wp","href":"https:\/\/api.w.org\/{rel}","templated":true}]}}