{"id":295077,"date":"2026-01-26T11:37:00","date_gmt":"2026-01-26T08:37:00","guid":{"rendered":"https:\/\/www.tgrthaber.com\/mavikadin\/?p=295077"},"modified":"2026-01-26T14:49:42","modified_gmt":"2026-01-26T11:49:42","slug":"seha-okus-kimdir-kac-yasinda-seha-okus-neden-oldu","status":"publish","type":"post","link":"https:\/\/www.tgrthaber.com\/mavikadin\/seha-okus-kimdir-kac-yasinda-seha-okus-neden-oldu\/","title":{"rendered":"Seha Oku\u015f kimdir ka\u00e7 ya\u015f\u0131nda? Seha Oku\u015f neden \u00f6ld\u00fc?"},"content":{"rendered":"<p>T\u00fcrk Halk M\u00fczi\u011fi&#8217;nin ba\u015far\u0131l\u0131 ve usta sanat\u00e7\u0131lar\u0131ndan Seha Oku\u015f hayat\u0131n\u0131 kaybetti. Hasretinle Yand\u0131 G\u00f6nl\u00fcm eseriyle milyonlar\u0131n g\u00f6nl\u00fcnde taht kurmay\u0131 ba\u015faran <a href=\"https:\/\/www.tgrthaber.com\/mavikadin\/turk-halk-muziginin-usta-sanatcisi-neset-ertasin-12-olum-yil-donumu-sevgi-ve-saygiyla\/\">T\u00fcrk Halk<\/a> M\u00fczi\u011fi&#8217;nin usta isimlerinden Seha Oku\u015f\u2019un vefat haberi sonras\u0131, neden \u00f6ld\u00fc\u011f\u00fc, kim oldu\u011fu ve kariyeri merak edilerek ara\u015ft\u0131r\u0131lmaya ba\u015fland\u0131. \u0130\u015fte detaylar\u2026<\/p>\n<h3>SEHA OKU\u015e K\u0130MD\u0130R?<\/h3>\n<p><a href=\"http:\/\/tgrthaber.com\/mavikadin\/turk-halk-muziginin-oncu-isimlerinden-yavuz-top-75-yasinda-hayatini-kaybetti\/\" target=\"_blank\" rel=\"noopener\">T\u00fcrk Halk M\u00fczi\u011fi<\/a>\u2019nin duayen sevilen isimlerinden, m\u00fczik e\u011fitimcisi ve yorumcu olarak bilinen M\u00fcnevver Seha Oku\u015f \u00d6zveren, sanat d\u00fcnyas\u0131nda b\u0131rakt\u0131\u011f\u0131 derin izler ve yeti\u015ftirdi\u011fi \u00f6\u011frencilerle m\u00fczi\u011fimizin \u201csessiz devlerinden\u201d biri olarak kabul edilen ba\u015far\u0131l\u0131 sanat\u00e7\u0131lardan biridir. Sinema filmlerine verdi\u011fi ses ve m\u00fczi\u011fe olan akademik yakla\u015f\u0131m\u0131yla tan\u0131nan Oku\u015f, ayn\u0131 zamanda \u00fcnl\u00fc sanat\u00e7\u0131 M\u00fcjdat Gezen\u2019in halas\u0131d\u0131r.<\/p>\n<p><img loading=\"lazy\" decoding=\"async\" class=\"alignnone size-full wp-image-295079\" src=\"https:\/\/www.tgrthaber.com\/mavikadin\/wp-content\/uploads\/2026\/01\/Asli-2026-01-26T112631.865.png\" alt=\"\" width=\"1208\" height=\"680\" title=\"\" srcset=\"https:\/\/www.tgrthaber.com\/mavikadin\/wp-content\/uploads\/2026\/01\/Asli-2026-01-26T112631.865.png 1208w, https:\/\/www.tgrthaber.com\/mavikadin\/wp-content\/uploads\/2026\/01\/Asli-2026-01-26T112631.865-300x169.png 300w, https:\/\/www.tgrthaber.com\/mavikadin\/wp-content\/uploads\/2026\/01\/Asli-2026-01-26T112631.865-1024x576.png 1024w, https:\/\/www.tgrthaber.com\/mavikadin\/wp-content\/uploads\/2026\/01\/Asli-2026-01-26T112631.865-768x432.png 768w\" sizes=\"(max-width: 1208px) 100vw, 1208px\" \/><\/p>\n<hr \/>\n<h3>SEHA OKU\u015e NEDEN \u00d6LD\u00dc?<\/h3>\n<p>Uzun s\u00fcredir tedavi g\u00f6rd\u00fc\u011f\u00fc ve son g\u00fcnlerde yo\u011fun bak\u0131mda bulundu\u011fu \u00f6\u011frenilen sanat\u00e7\u0131n\u0131n, birka\u00e7 g\u00fcn \u00f6nce ent\u00fcbe edildi\u011fi bildirildi. Vefat haberi, Ya\u015fayan Ye\u015fil\u00e7am adl\u0131 sosyal medya hesab\u0131n\u0131n y\u00f6neticisi Emrah So\u011fukp\u0131nar taraf\u0131ndan duyuruldu. Sanat\u00e7\u0131n\u0131n cenaze program\u0131na ili\u015fkin hen\u00fcz resmi bir a\u00e7\u0131klama yap\u0131lmad\u0131.<\/p>\n<h3><img loading=\"lazy\" decoding=\"async\" class=\"alignnone size-full wp-image-295081\" src=\"https:\/\/www.tgrthaber.com\/mavikadin\/wp-content\/uploads\/2026\/01\/Asli-2026-01-26T112447.336.png\" alt=\"\" width=\"1208\" height=\"680\" title=\"\" srcset=\"https:\/\/www.tgrthaber.com\/mavikadin\/wp-content\/uploads\/2026\/01\/Asli-2026-01-26T112447.336.png 1208w, https:\/\/www.tgrthaber.com\/mavikadin\/wp-content\/uploads\/2026\/01\/Asli-2026-01-26T112447.336-300x169.png 300w, https:\/\/www.tgrthaber.com\/mavikadin\/wp-content\/uploads\/2026\/01\/Asli-2026-01-26T112447.336-1024x576.png 1024w, https:\/\/www.tgrthaber.com\/mavikadin\/wp-content\/uploads\/2026\/01\/Asli-2026-01-26T112447.336-768x432.png 768w\" sizes=\"(max-width: 1208px) 100vw, 1208px\" \/><\/h3>\n<hr \/>\n<h3>\u00c7OCUKLUK VE E\u011e\u0130T\u0130M HAYATI<\/h3>\n<p>7 Nisan 1928 (baz\u0131 kaynaklara g\u00f6re 1933) y\u0131l\u0131nda \u0130stanbul\u2019da do\u011fan Seha Oku\u015f, ilk ve orta \u00f6\u011frenimini yine bu \u015fehirde tamamlad\u0131. M\u00fczi\u011fe olan tutkusunu akademik bir zemine oturtmak amac\u0131yla \u0130stanbul Belediye Konservatuvar\u0131 T\u00fcrk M\u00fczi\u011fi B\u00f6l\u00fcm\u00fc\u2019ne girdi. Burada M\u00fcnir Nurettin Sel\u00e7uk\u2019tan Nevzat Atl\u0131\u011f\u2019a kadar d\u00f6nemin efsane hocalar\u0131ndan dersler alarak 1958 y\u0131l\u0131nda mezun olmu\u015ftur.<\/p>\n<p><img loading=\"lazy\" decoding=\"async\" class=\"alignnone size-full wp-image-295082\" src=\"https:\/\/www.tgrthaber.com\/mavikadin\/wp-content\/uploads\/2026\/01\/Asli-2026-01-26T112543.035.png\" alt=\"\" width=\"1208\" height=\"680\" title=\"\" srcset=\"https:\/\/www.tgrthaber.com\/mavikadin\/wp-content\/uploads\/2026\/01\/Asli-2026-01-26T112543.035.png 1208w, https:\/\/www.tgrthaber.com\/mavikadin\/wp-content\/uploads\/2026\/01\/Asli-2026-01-26T112543.035-300x169.png 300w, https:\/\/www.tgrthaber.com\/mavikadin\/wp-content\/uploads\/2026\/01\/Asli-2026-01-26T112543.035-1024x576.png 1024w, https:\/\/www.tgrthaber.com\/mavikadin\/wp-content\/uploads\/2026\/01\/Asli-2026-01-26T112543.035-768x432.png 768w\" sizes=\"(max-width: 1208px) 100vw, 1208px\" \/><\/p>\n<hr \/>\n<h3>SEHA OKU\u015e OPERADAN HALK M\u00dcZ\u0130\u011e\u0130NE KAR\u0130YER\u0130<\/h3>\n<p>Seha Oku\u015f\u2019un g\u00f6nl\u00fcnde yatan as\u0131l alan Klasik T\u00fcrk M\u00fczi\u011fi idi. Ancak o d\u00f6nemdeki kadro \u015fartlar\u0131 onu farkl\u0131 bir yola s\u00fcr\u00fckledi: Soprano Y\u0131llar\u0131: Konservatuvar\u0131n Bat\u0131 M\u00fczi\u011fi korosunda iki bu\u00e7uk y\u0131l soprano olarak g\u00f6rev yapt\u0131. T\u00fcrk\u00fcye D\u00f6n\u00fc\u015f: 1961 y\u0131l\u0131nda, hocalar\u0131n\u0131n te\u015fvikiyle Halk M\u00fczi\u011fi toplulu\u011funa ge\u00e7ti. Ba\u015fta mesafeli dursa da \u201cHalk m\u00fczi\u011fi halk\u0131n \u00f6z\u00fcd\u00fcr, ondaki toprak kokusu ba\u015fkad\u0131r\u201d diyerek bu t\u00fcre b\u00fcy\u00fck bir tutkuyla ba\u011fland\u0131.<\/p>\n<p><img loading=\"lazy\" decoding=\"async\" class=\"alignnone size-full wp-image-295084\" src=\"https:\/\/www.tgrthaber.com\/mavikadin\/wp-content\/uploads\/2026\/01\/Asli-2026-01-26T113311.557.png\" alt=\"\" width=\"1208\" height=\"680\" title=\"\" srcset=\"https:\/\/www.tgrthaber.com\/mavikadin\/wp-content\/uploads\/2026\/01\/Asli-2026-01-26T113311.557.png 1208w, https:\/\/www.tgrthaber.com\/mavikadin\/wp-content\/uploads\/2026\/01\/Asli-2026-01-26T113311.557-300x169.png 300w, https:\/\/www.tgrthaber.com\/mavikadin\/wp-content\/uploads\/2026\/01\/Asli-2026-01-26T113311.557-1024x576.png 1024w, https:\/\/www.tgrthaber.com\/mavikadin\/wp-content\/uploads\/2026\/01\/Asli-2026-01-26T113311.557-768x432.png 768w\" sizes=\"(max-width: 1208px) 100vw, 1208px\" \/><\/p>\n<hr \/>\n<h3>SEHA OKU\u015e&#8217;UN KAR\u0130YER HAYATI<\/h3>\n<p>Sadi Yaver Ataman\u2019\u0131n deste\u011fiyle halk m\u00fczi\u011finde uzmanla\u015fan Oku\u015f, Nida ve Neriman T\u00fcfek\u00e7i ekol\u00fcn\u00fcn ilk ku\u015fak temsilcilerinden biri oldu. \u0130stanbul Radyosu b\u00fcnyesinde kurulan Kad\u0131nlar Toplulu\u011fu\u2019nun s\u0131navlar\u0131n\u0131 kazanarak geni\u015f kitlelere ula\u015ft\u0131. Ahmet Yamac\u0131 y\u00f6netimindeki Yurttan Sesler toplulu\u011funda uzun y\u0131llar solistlik yapt\u0131. 35 y\u0131l boyunca hem konservatuvar hem de radyo b\u00fcnyesinde sanat\u0131n\u0131 icra etti.<\/p>\n<p><img loading=\"lazy\" decoding=\"async\" class=\"alignnone size-full wp-image-295083\" src=\"https:\/\/www.tgrthaber.com\/mavikadin\/wp-content\/uploads\/2026\/01\/Asli-2026-01-26T113254.955.png\" alt=\"\" width=\"1208\" height=\"680\" title=\"\" srcset=\"https:\/\/www.tgrthaber.com\/mavikadin\/wp-content\/uploads\/2026\/01\/Asli-2026-01-26T113254.955.png 1208w, https:\/\/www.tgrthaber.com\/mavikadin\/wp-content\/uploads\/2026\/01\/Asli-2026-01-26T113254.955-300x169.png 300w, https:\/\/www.tgrthaber.com\/mavikadin\/wp-content\/uploads\/2026\/01\/Asli-2026-01-26T113254.955-1024x576.png 1024w, https:\/\/www.tgrthaber.com\/mavikadin\/wp-content\/uploads\/2026\/01\/Asli-2026-01-26T113254.955-768x432.png 768w\" sizes=\"(max-width: 1208px) 100vw, 1208px\" \/><\/p>\n<h3>SEHA OKU\u015e &#8220;HASRET\u0130NLE YANDI G\u00d6NL\u00dcM&#8221; ALB\u00dcM\u00dc<\/h3>\n<p>Seha Oku\u015f, sadece radyo sanat\u00e7\u0131s\u0131 olarak kalmad\u0131; T\u00fcrk sinemas\u0131n\u0131n k\u00fcltle\u015fmi\u015f yap\u0131mlar\u0131na sesiyle can verdi. D\u00f6n\u00fc\u015f, Mahpus, Toprak Ana, A\u00e7l\u0131k ve Kuma gibi filmlerin m\u00fcziklerini seslendirdi. 2002 y\u0131l\u0131nda Kalan M\u00fczik taraf\u0131ndan yay\u0131mlanan \u201cHasretinle Yand\u0131 G\u00f6nl\u00fcm\u201d alb\u00fcm\u00fc, sanat\u00e7\u0131n\u0131n e\u015fsiz yorumunu yeni nesillerle bulu\u015fturdu.<\/p>\n","protected":false},"excerpt":{"rendered":"<p>Hasretinle Yand\u0131 G\u00f6nl\u00fcm \u015fark\u0131s\u0131yla g\u00f6n\u00fcllerde yer edinen T\u00fcrk Halk M\u00fczi\u011fi\u2019nin ba\u015far\u0131l\u0131 sanat\u00e7\u0131lar\u0131ndan Seha Oku\u015f, 97 ya\u015f\u0131nda hayat\u0131n\u0131 kaybetti.<\/p>\n","protected":false},"author":37,"featured_media":295078,"comment_status":"closed","ping_status":"closed","sticky":false,"template":"","format":"standard","meta":{"rank_math_lock_modified_date":false,"footnotes":""},"categories":[491],"tags":[3374,71458,71459],"class_list":["post-295077","post","type-post","status-publish","format-standard","has-post-thumbnail","hentry","category-biyografi","tag-biyografi","tag-seha","tag-seha-okus"],"_links":{"self":[{"href":"https:\/\/www.tgrthaber.com\/mavikadin\/wp-json\/wp\/v2\/posts\/295077"}],"collection":[{"href":"https:\/\/www.tgrthaber.com\/mavikadin\/wp-json\/wp\/v2\/posts"}],"about":[{"href":"https:\/\/www.tgrthaber.com\/mavikadin\/wp-json\/wp\/v2\/types\/post"}],"author":[{"embeddable":true,"href":"https:\/\/www.tgrthaber.com\/mavikadin\/wp-json\/wp\/v2\/users\/37"}],"replies":[{"embeddable":true,"href":"https:\/\/www.tgrthaber.com\/mavikadin\/wp-json\/wp\/v2\/comments?post=295077"}],"version-history":[{"count":4,"href":"https:\/\/www.tgrthaber.com\/mavikadin\/wp-json\/wp\/v2\/posts\/295077\/revisions"}],"predecessor-version":[{"id":295229,"href":"https:\/\/www.tgrthaber.com\/mavikadin\/wp-json\/wp\/v2\/posts\/295077\/revisions\/295229"}],"wp:featuredmedia":[{"embeddable":true,"href":"https:\/\/www.tgrthaber.com\/mavikadin\/wp-json\/wp\/v2\/media\/295078"}],"wp:attachment":[{"href":"https:\/\/www.tgrthaber.com\/mavikadin\/wp-json\/wp\/v2\/media?parent=295077"}],"wp:term":[{"taxonomy":"category","embeddable":true,"href":"https:\/\/www.tgrthaber.com\/mavikadin\/wp-json\/wp\/v2\/categories?post=295077"},{"taxonomy":"post_tag","embeddable":true,"href":"https:\/\/www.tgrthaber.com\/mavikadin\/wp-json\/wp\/v2\/tags?post=295077"}],"curies":[{"name":"wp","href":"https:\/\/api.w.org\/{rel}","templated":true}]}}